{"id":31162,"date":"2026-06-10T12:26:43","date_gmt":"2026-06-10T12:26:43","guid":{"rendered":"https:\/\/macite.tg\/?p=31162"},"modified":"2026-06-10T13:18:01","modified_gmt":"2026-06-10T13:18:01","slug":"usnwr-us-news-2026-le-maroc-33eme-mondial-et-1ere-nation-africaine-en-paix-et-securite","status":"publish","type":"post","link":"https:\/\/macite.tg\/?p=31162","title":{"rendered":"USNWR-US NEWS 2026\u00a0: Le Maroc, 33\u00e8me mondial et 1\u00e8re nation africaine en paix et s\u00e9curit\u00e9"},"content":{"rendered":"\n<p class=\"wp-block-paragraph\"><strong><em>Il y a des classements qui passent inaper\u00e7us. Celui-l\u00e0 ne devrait pas. Selon l\u2019\u00e9dition 2026 du palmar\u00e8s mondial publi\u00e9 par US News &amp; World Report (USNWR-US NEWS), le Maroc se hisse au 33e rang mondial en mati\u00e8re de paix et de stabilit\u00e9 politique, et surtout, il devance l\u2019ensemble du continent africain, loin devant les Seychelles (40e) et l\u2019Afrique du Sud (48e).<\/em><\/strong><\/p>\n\n\n\n<p class=\"wp-block-paragraph\">Une premi\u00e8re place continentale qui arrive \u00e0 un moment singulier pour le Royaume. Les observateurs y voient une reconnaissance ext\u00e9rieure de la trajectoire stabilisatrice du pays. Car c\u2019est bien un m\u00e9dia am\u00e9ricain de r\u00e9f\u00e9rence qui \u00e9tablit ce constat.<\/p>\n\n\n\n<p class=\"wp-block-paragraph\">Dans une Afrique travers\u00e9e par des turbulences politiques, des transitions militaires et des crises s\u00e9curitaires, le Maroc fait figure d\u2019exception mesurable. Le classement US News \u00e9value les pays \u00e0 partir d\u2019une combinaison de crit\u00e8res : s\u00e9curit\u00e9 int\u00e9rieure, coh\u00e9sion politique, risque de conflits et perception internationale de la stabilit\u00e9.<\/p>\n\n\n<div class=\"wp-block-image\">\n<figure class=\"aligncenter size-large\"><img loading=\"lazy\" decoding=\"async\" width=\"724\" height=\"1024\" src=\"https:\/\/macite.tg\/wp-content\/uploads\/2026\/06\/18d98b1d-0295-41c7-afab-fc9c13606bd0-724x1024.jpg\" alt=\"\" class=\"wp-image-31157\" srcset=\"https:\/\/macite.tg\/wp-content\/uploads\/2026\/06\/18d98b1d-0295-41c7-afab-fc9c13606bd0-724x1024.jpg 724w, https:\/\/macite.tg\/wp-content\/uploads\/2026\/06\/18d98b1d-0295-41c7-afab-fc9c13606bd0-212x300.jpg 212w, https:\/\/macite.tg\/wp-content\/uploads\/2026\/06\/18d98b1d-0295-41c7-afab-fc9c13606bd0-768x1086.jpg 768w, https:\/\/macite.tg\/wp-content\/uploads\/2026\/06\/18d98b1d-0295-41c7-afab-fc9c13606bd0-1086x1536.jpg 1086w, https:\/\/macite.tg\/wp-content\/uploads\/2026\/06\/18d98b1d-0295-41c7-afab-fc9c13606bd0.jpg 1131w\" sizes=\"auto, (max-width: 724px) 100vw, 724px\" \/><\/figure>\n<\/div>\n\n\n<p class=\"wp-block-paragraph\">Le 33e rang mondial place le Maroc dans le premier tiers des nations les plus stables de la plan\u00e8te, aux c\u00f4t\u00e9s d\u2019\u00c9tats europ\u00e9ens et asiatiques souvent cit\u00e9s en r\u00e9f\u00e9rence. La port\u00e9e de ce r\u00e9sultat d\u00e9passe le symbole.<\/p>\n\n\n\n<p class=\"wp-block-paragraph\">Dans un contexte o\u00f9 le Maroc intensifie ses relations avec l\u2019Afrique subsaharienne, renforce ses partenariats avec l\u2019Union europ\u00e9enne et pr\u00e9pare une vitrine mondiale avec la Coupe du Monde 2030, la stabilit\u00e9 devient un actif strat\u00e9gique concret. Les investisseurs \u00e9trangers, les organisations internationales, les entreprises qui cherchent une base r\u00e9gionale, int\u00e8grent ces indices dans leurs d\u00e9cisions.<\/p>\n\n\n<div class=\"wp-block-image\">\n<figure class=\"aligncenter size-large\"><img loading=\"lazy\" decoding=\"async\" width=\"724\" height=\"1024\" src=\"https:\/\/macite.tg\/wp-content\/uploads\/2026\/06\/image-30-724x1024.png\" alt=\"\" class=\"wp-image-31146\" srcset=\"https:\/\/macite.tg\/wp-content\/uploads\/2026\/06\/image-30-724x1024.png 724w, https:\/\/macite.tg\/wp-content\/uploads\/2026\/06\/image-30-212x300.png 212w, https:\/\/macite.tg\/wp-content\/uploads\/2026\/06\/image-30-768x1086.png 768w, https:\/\/macite.tg\/wp-content\/uploads\/2026\/06\/image-30-1086x1536.png 1086w, https:\/\/macite.tg\/wp-content\/uploads\/2026\/06\/image-30.png 1131w\" sizes=\"auto, (max-width: 724px) 100vw, 724px\" \/><\/figure>\n<\/div>\n\n\n<p class=\"wp-block-paragraph\">\u00c0 l\u2019approche du Mondial, coorganis\u00e9 avec le Portugal et l\u2019Espagne, la question de la s\u00e9curit\u00e9 du territoire sera scrut\u00e9e de pr\u00e8s par des millions de visiteurs et leurs gouvernements. Ce classement arrive donc au bon moment, ou plut\u00f4t, il confirme ce que le Maroc s\u2019emploie \u00e0 d\u00e9montrer depuis plusieurs ann\u00e9es.<\/p>\n\n\n\n<p class=\"wp-block-paragraph\"><strong>MSN<\/strong><\/p>\n\n\n\n<p class=\"wp-block-paragraph\"><a><strong><em>@macite.tg&nbsp;&nbsp;&nbsp;&nbsp;&nbsp;&nbsp;&nbsp;&nbsp;<\/em><\/strong><\/a><\/p>\n\n\n\n<p class=\"wp-block-paragraph\"><strong><em>E-mail&nbsp;: <\/em><\/strong><a href=\"mailto:maciteinfo@gmail.com\"><strong><em>maciteinfo@gmail.com<\/em><\/strong><\/a><strong><em>; <\/em><\/strong><a href=\"mailto:bawela1@gmail.com\"><strong><em>bawela1@gmail.com<\/em><\/strong><\/a><strong><em> <\/em><\/strong><strong><em><\/em><\/strong><\/p>\n\n\n\n<p class=\"wp-block-paragraph\"><strong><em>Pour vos annonces, publi-reportages, etc., joignez-nous au (00228)91515309\/<strong>79872224 <\/strong><strong><\/strong><\/em><\/strong><\/p>\n\n\n\n<p class=\"wp-block-paragraph\"><strong><em>www.macite.tg, L\u2019information, la bonne&nbsp;!<\/em><\/strong><\/p>\n\n\n\n<p class=\"wp-block-paragraph\"><\/p>\n","protected":false},"excerpt":{"rendered":"<p class=\"text-justify mb-2\" >Il y a des classements qui passent inaper\u00e7us. Celui-l\u00e0 ne devrait pas. Selon l\u2019\u00e9dition 2026 du palmar\u00e8s mondial publi\u00e9 par US News &amp; World Report (USNWR-US NEWS), le Maroc se hisse au 33e rang mondial en mati\u00e8re de paix et de stabilit\u00e9 politique, et surtout, [&hellip;]<\/p>\n","protected":false},"author":2,"featured_media":31164,"comment_status":"open","ping_status":"open","sticky":false,"template":"","format":"standard","meta":{"footnotes":""},"categories":[20,28],"tags":[],"class_list":["post-31162","post","type-post","status-publish","format-standard","has-post-thumbnail","hentry","category-actualite","category-securite"],"yoast_head":"<!-- This site is optimized with the Yoast SEO plugin v28.4 - https:\/\/yoast.com\/product\/yoast-seo-wordpress\/ -->\n<title>USNWR-US NEWS 2026\u00a0: Le Maroc, 33\u00e8me mondial et 1\u00e8re nation africaine en paix et s\u00e9curit\u00e9 -<\/title>\n<meta name=\"robots\" content=\"index, follow, max-snippet:-1, max-image-preview:large, max-video-preview:-1\" \/>\n<link rel=\"canonical\" href=\"https:\/\/macite.tg\/?p=31162\" \/>\n<meta property=\"og:locale\" content=\"fr_FR\" \/>\n<meta property=\"og:type\" content=\"article\" \/>\n<meta property=\"og:title\" content=\"USNWR-US NEWS 2026\u00a0: Le Maroc, 33\u00e8me mondial et 1\u00e8re nation africaine en paix et s\u00e9curit\u00e9 -\" \/>\n<meta property=\"og:description\" content=\"Il y a des classements qui passent inaper\u00e7us. Celui-l\u00e0 ne devrait pas. Selon l\u2019\u00e9dition 2026 du palmar\u00e8s mondial publi\u00e9 par US News &amp; World Report (USNWR-US NEWS), le Maroc se hisse au 33e rang mondial en mati\u00e8re de paix et de stabilit\u00e9 politique, et surtout, [&hellip;]\" \/>\n<meta property=\"og:url\" content=\"https:\/\/macite.tg\/?p=31162\" \/>\n<meta property=\"article:published_time\" content=\"2026-06-10T12:26:43+00:00\" \/>\n<meta property=\"article:modified_time\" content=\"2026-06-10T13:18:01+00:00\" \/>\n<meta property=\"og:image\" content=\"https:\/\/macite.tg\/wp-content\/uploads\/2026\/06\/image-34.png\" \/>\n\t<meta property=\"og:image:width\" content=\"534\" \/>\n\t<meta property=\"og:image:height\" content=\"356\" \/>\n\t<meta property=\"og:image:type\" content=\"image\/png\" \/>\n<meta name=\"author\" content=\"Jean Pierre BAWELA\" \/>\n<meta name=\"twitter:card\" content=\"summary_large_image\" \/>\n<meta name=\"twitter:label1\" content=\"\u00c9crit par\" \/>\n\t<meta name=\"twitter:data1\" content=\"Jean Pierre BAWELA\" \/>\n\t<meta name=\"twitter:label2\" content=\"Dur\u00e9e de lecture estim\u00e9e\" \/>\n\t<meta name=\"twitter:data2\" content=\"3 minutes\" \/>\n<script type=\"application\/ld+json\" class=\"yoast-schema-graph\">{\"@context\":\"https:\\\/\\\/schema.org\",\"@graph\":[{\"@type\":\"Article\",\"@id\":\"https:\\\/\\\/macite.tg\\\/?p=31162#article\",\"isPartOf\":{\"@id\":\"https:\\\/\\\/macite.tg\\\/?p=31162\"},\"author\":{\"name\":\"Jean Pierre BAWELA\",\"@id\":\"https:\\\/\\\/macite.tg\\\/#\\\/schema\\\/person\\\/e9f2de7e5dbbe7770a9402c7ce82f5c2\"},\"headline\":\"USNWR-US NEWS 2026\u00a0: Le Maroc, 33\u00e8me mondial et 1\u00e8re nation africaine en paix et s\u00e9curit\u00e9\",\"datePublished\":\"2026-06-10T12:26:43+00:00\",\"dateModified\":\"2026-06-10T13:18:01+00:00\",\"mainEntityOfPage\":{\"@id\":\"https:\\\/\\\/macite.tg\\\/?p=31162\"},\"wordCount\":380,\"commentCount\":0,\"image\":{\"@id\":\"https:\\\/\\\/macite.tg\\\/?p=31162#primaryimage\"},\"thumbnailUrl\":\"https:\\\/\\\/macite.tg\\\/wp-content\\\/uploads\\\/2026\\\/06\\\/image-34.png\",\"articleSection\":[\"ACTUALITE\",\"SECURITE\"],\"inLanguage\":\"fr-FR\",\"potentialAction\":[{\"@type\":\"CommentAction\",\"name\":\"Comment\",\"target\":[\"https:\\\/\\\/macite.tg\\\/?p=31162#respond\"]}]},{\"@type\":\"WebPage\",\"@id\":\"https:\\\/\\\/macite.tg\\\/?p=31162\",\"url\":\"https:\\\/\\\/macite.tg\\\/?p=31162\",\"name\":\"USNWR-US NEWS 2026\u00a0: Le Maroc, 33\u00e8me mondial et 1\u00e8re nation africaine en paix et s\u00e9curit\u00e9 -\",\"isPartOf\":{\"@id\":\"https:\\\/\\\/macite.tg\\\/#website\"},\"primaryImageOfPage\":{\"@id\":\"https:\\\/\\\/macite.tg\\\/?p=31162#primaryimage\"},\"image\":{\"@id\":\"https:\\\/\\\/macite.tg\\\/?p=31162#primaryimage\"},\"thumbnailUrl\":\"https:\\\/\\\/macite.tg\\\/wp-content\\\/uploads\\\/2026\\\/06\\\/image-34.png\",\"datePublished\":\"2026-06-10T12:26:43+00:00\",\"dateModified\":\"2026-06-10T13:18:01+00:00\",\"author\":{\"@id\":\"https:\\\/\\\/macite.tg\\\/#\\\/schema\\\/person\\\/e9f2de7e5dbbe7770a9402c7ce82f5c2\"},\"breadcrumb\":{\"@id\":\"https:\\\/\\\/macite.tg\\\/?p=31162#breadcrumb\"},\"inLanguage\":\"fr-FR\",\"potentialAction\":[{\"@type\":\"ReadAction\",\"target\":[\"https:\\\/\\\/macite.tg\\\/?p=31162\"]}]},{\"@type\":\"ImageObject\",\"inLanguage\":\"fr-FR\",\"@id\":\"https:\\\/\\\/macite.tg\\\/?p=31162#primaryimage\",\"url\":\"https:\\\/\\\/macite.tg\\\/wp-content\\\/uploads\\\/2026\\\/06\\\/image-34.png\",\"contentUrl\":\"https:\\\/\\\/macite.tg\\\/wp-content\\\/uploads\\\/2026\\\/06\\\/image-34.png\",\"width\":534,\"height\":356},{\"@type\":\"BreadcrumbList\",\"@id\":\"https:\\\/\\\/macite.tg\\\/?p=31162#breadcrumb\",\"itemListElement\":[{\"@type\":\"ListItem\",\"position\":1,\"name\":\"Accueil\",\"item\":\"https:\\\/\\\/macite.tg\\\/\"},{\"@type\":\"ListItem\",\"position\":2,\"name\":\"USNWR-US NEWS 2026\u00a0: Le Maroc, 33\u00e8me mondial et 1\u00e8re nation africaine en paix et s\u00e9curit\u00e9\"}]},{\"@type\":\"WebSite\",\"@id\":\"https:\\\/\\\/macite.tg\\\/#website\",\"url\":\"https:\\\/\\\/macite.tg\\\/\",\"name\":\"\",\"description\":\"L&#039;information, la bonne!!!\",\"potentialAction\":[{\"@type\":\"SearchAction\",\"target\":{\"@type\":\"EntryPoint\",\"urlTemplate\":\"https:\\\/\\\/macite.tg\\\/?s={search_term_string}\"},\"query-input\":{\"@type\":\"PropertyValueSpecification\",\"valueRequired\":true,\"valueName\":\"search_term_string\"}}],\"inLanguage\":\"fr-FR\"},{\"@type\":\"Person\",\"@id\":\"https:\\\/\\\/macite.tg\\\/#\\\/schema\\\/person\\\/e9f2de7e5dbbe7770a9402c7ce82f5c2\",\"name\":\"Jean Pierre BAWELA\",\"image\":{\"@type\":\"ImageObject\",\"inLanguage\":\"fr-FR\",\"@id\":\"https:\\\/\\\/macite.tg\\\/wp-content\\\/uploads\\\/2023\\\/09\\\/WhatsApp-Image-2023-09-19-at-14.44.41-122x122.jpeg\",\"url\":\"https:\\\/\\\/macite.tg\\\/wp-content\\\/uploads\\\/2023\\\/09\\\/WhatsApp-Image-2023-09-19-at-14.44.41-122x122.jpeg\",\"contentUrl\":\"https:\\\/\\\/macite.tg\\\/wp-content\\\/uploads\\\/2023\\\/09\\\/WhatsApp-Image-2023-09-19-at-14.44.41-122x122.jpeg\",\"caption\":\"Jean Pierre BAWELA\"},\"url\":\"https:\\\/\\\/macite.tg\\\/?author=2\"}]}<\/script>\n<!-- \/ Yoast SEO plugin. -->","yoast_head_json":{"title":"USNWR-US NEWS 2026\u00a0: Le Maroc, 33\u00e8me mondial et 1\u00e8re nation africaine en paix et s\u00e9curit\u00e9 -","robots":{"index":"index","follow":"follow","max-snippet":"max-snippet:-1","max-image-preview":"max-image-preview:large","max-video-preview":"max-video-preview:-1"},"canonical":"https:\/\/macite.tg\/?p=31162","og_locale":"fr_FR","og_type":"article","og_title":"USNWR-US NEWS 2026\u00a0: Le Maroc, 33\u00e8me mondial et 1\u00e8re nation africaine en paix et s\u00e9curit\u00e9 -","og_description":"Il y a des classements qui passent inaper\u00e7us. Celui-l\u00e0 ne devrait pas. Selon l\u2019\u00e9dition 2026 du palmar\u00e8s mondial publi\u00e9 par US News &amp; World Report (USNWR-US NEWS), le Maroc se hisse au 33e rang mondial en mati\u00e8re de paix et de stabilit\u00e9 politique, et surtout, [&hellip;]","og_url":"https:\/\/macite.tg\/?p=31162","article_published_time":"2026-06-10T12:26:43+00:00","article_modified_time":"2026-06-10T13:18:01+00:00","og_image":[{"width":534,"height":356,"url":"https:\/\/macite.tg\/wp-content\/uploads\/2026\/06\/image-34.png","type":"image\/png"}],"author":"Jean Pierre BAWELA","twitter_card":"summary_large_image","twitter_misc":{"\u00c9crit par":"Jean Pierre BAWELA","Dur\u00e9e de lecture estim\u00e9e":"3 minutes"},"schema":{"@context":"https:\/\/schema.org","@graph":[{"@type":"Article","@id":"https:\/\/macite.tg\/?p=31162#article","isPartOf":{"@id":"https:\/\/macite.tg\/?p=31162"},"author":{"name":"Jean Pierre BAWELA","@id":"https:\/\/macite.tg\/#\/schema\/person\/e9f2de7e5dbbe7770a9402c7ce82f5c2"},"headline":"USNWR-US NEWS 2026\u00a0: Le Maroc, 33\u00e8me mondial et 1\u00e8re nation africaine en paix et s\u00e9curit\u00e9","datePublished":"2026-06-10T12:26:43+00:00","dateModified":"2026-06-10T13:18:01+00:00","mainEntityOfPage":{"@id":"https:\/\/macite.tg\/?p=31162"},"wordCount":380,"commentCount":0,"image":{"@id":"https:\/\/macite.tg\/?p=31162#primaryimage"},"thumbnailUrl":"https:\/\/macite.tg\/wp-content\/uploads\/2026\/06\/image-34.png","articleSection":["ACTUALITE","SECURITE"],"inLanguage":"fr-FR","potentialAction":[{"@type":"CommentAction","name":"Comment","target":["https:\/\/macite.tg\/?p=31162#respond"]}]},{"@type":"WebPage","@id":"https:\/\/macite.tg\/?p=31162","url":"https:\/\/macite.tg\/?p=31162","name":"USNWR-US NEWS 2026\u00a0: Le Maroc, 33\u00e8me mondial et 1\u00e8re nation africaine en paix et s\u00e9curit\u00e9 -","isPartOf":{"@id":"https:\/\/macite.tg\/#website"},"primaryImageOfPage":{"@id":"https:\/\/macite.tg\/?p=31162#primaryimage"},"image":{"@id":"https:\/\/macite.tg\/?p=31162#primaryimage"},"thumbnailUrl":"https:\/\/macite.tg\/wp-content\/uploads\/2026\/06\/image-34.png","datePublished":"2026-06-10T12:26:43+00:00","dateModified":"2026-06-10T13:18:01+00:00","author":{"@id":"https:\/\/macite.tg\/#\/schema\/person\/e9f2de7e5dbbe7770a9402c7ce82f5c2"},"breadcrumb":{"@id":"https:\/\/macite.tg\/?p=31162#breadcrumb"},"inLanguage":"fr-FR","potentialAction":[{"@type":"ReadAction","target":["https:\/\/macite.tg\/?p=31162"]}]},{"@type":"ImageObject","inLanguage":"fr-FR","@id":"https:\/\/macite.tg\/?p=31162#primaryimage","url":"https:\/\/macite.tg\/wp-content\/uploads\/2026\/06\/image-34.png","contentUrl":"https:\/\/macite.tg\/wp-content\/uploads\/2026\/06\/image-34.png","width":534,"height":356},{"@type":"BreadcrumbList","@id":"https:\/\/macite.tg\/?p=31162#breadcrumb","itemListElement":[{"@type":"ListItem","position":1,"name":"Accueil","item":"https:\/\/macite.tg\/"},{"@type":"ListItem","position":2,"name":"USNWR-US NEWS 2026\u00a0: Le Maroc, 33\u00e8me mondial et 1\u00e8re nation africaine en paix et s\u00e9curit\u00e9"}]},{"@type":"WebSite","@id":"https:\/\/macite.tg\/#website","url":"https:\/\/macite.tg\/","name":"","description":"L&#039;information, la bonne!!!","potentialAction":[{"@type":"SearchAction","target":{"@type":"EntryPoint","urlTemplate":"https:\/\/macite.tg\/?s={search_term_string}"},"query-input":{"@type":"PropertyValueSpecification","valueRequired":true,"valueName":"search_term_string"}}],"inLanguage":"fr-FR"},{"@type":"Person","@id":"https:\/\/macite.tg\/#\/schema\/person\/e9f2de7e5dbbe7770a9402c7ce82f5c2","name":"Jean Pierre BAWELA","image":{"@type":"ImageObject","inLanguage":"fr-FR","@id":"https:\/\/macite.tg\/wp-content\/uploads\/2023\/09\/WhatsApp-Image-2023-09-19-at-14.44.41-122x122.jpeg","url":"https:\/\/macite.tg\/wp-content\/uploads\/2023\/09\/WhatsApp-Image-2023-09-19-at-14.44.41-122x122.jpeg","contentUrl":"https:\/\/macite.tg\/wp-content\/uploads\/2023\/09\/WhatsApp-Image-2023-09-19-at-14.44.41-122x122.jpeg","caption":"Jean Pierre BAWELA"},"url":"https:\/\/macite.tg\/?author=2"}]}},"_links":{"self":[{"href":"https:\/\/macite.tg\/index.php?rest_route=\/wp\/v2\/posts\/31162","targetHints":{"allow":["GET"]}}],"collection":[{"href":"https:\/\/macite.tg\/index.php?rest_route=\/wp\/v2\/posts"}],"about":[{"href":"https:\/\/macite.tg\/index.php?rest_route=\/wp\/v2\/types\/post"}],"author":[{"embeddable":true,"href":"https:\/\/macite.tg\/index.php?rest_route=\/wp\/v2\/users\/2"}],"replies":[{"embeddable":true,"href":"https:\/\/macite.tg\/index.php?rest_route=%2Fwp%2Fv2%2Fcomments&post=31162"}],"version-history":[{"count":0,"href":"https:\/\/macite.tg\/index.php?rest_route=\/wp\/v2\/posts\/31162\/revisions"}],"wp:featuredmedia":[{"embeddable":true,"href":"https:\/\/macite.tg\/index.php?rest_route=\/wp\/v2\/media\/31164"}],"wp:attachment":[{"href":"https:\/\/macite.tg\/index.php?rest_route=%2Fwp%2Fv2%2Fmedia&parent=31162"}],"wp:term":[{"taxonomy":"category","embeddable":true,"href":"https:\/\/macite.tg\/index.php?rest_route=%2Fwp%2Fv2%2Fcategories&post=31162"},{"taxonomy":"post_tag","embeddable":true,"href":"https:\/\/macite.tg\/index.php?rest_route=%2Fwp%2Fv2%2Ftags&post=31162"}],"curies":[{"name":"wp","href":"https:\/\/api.w.org\/{rel}","templated":true}]}}