{"id":31079,"date":"2026-06-05T17:39:56","date_gmt":"2026-06-05T17:39:56","guid":{"rendered":"https:\/\/macite.tg\/?p=31079"},"modified":"2026-06-05T17:54:35","modified_gmt":"2026-06-05T17:54:35","slug":"necrologie-rappel-a-dieu-du-reverend-pere-jean-bosco-tchagole","status":"publish","type":"post","link":"https:\/\/macite.tg\/?p=31079","title":{"rendered":"NECROLOGIE : Rappel \u00e0 Dieu du R\u00e9v\u00e9rend P\u00e8re Jean-Bosco TCHAGOLE"},"content":{"rendered":"\n<p class=\"wp-block-paragraph\"><strong><em>C\u2019est avec une profonde tristesse, et dans l&rsquo;esp\u00e9rance de la r\u00e9surrection, que nous apprenions le rappel au Cr\u00e9ateur du R\u00e9v\u00e9rend P\u00e8re Jean-Bosco Tchagol\u00e9, qui a consacr\u00e9 sa vie au service du Christ et de son prochain.<\/em><\/strong><\/p>\n\n\n\n<p class=\"wp-block-paragraph\">Le d\u00e9part de ce serviteur d\u00e9vou\u00e9, laisse un grand vide au sein de sa communaut\u00e9, de sa famille religieuse et de tous ceux qui ont crois\u00e9 son chemin de foi, d&rsquo;\u00e9coute et de bienveillance.<\/p>\n\n\n\n<p class=\"wp-block-paragraph\">En ces moments de douloureuse s\u00e9paration, nous sommes tous invit\u00e9s \u00e0 porter l&rsquo;\u00e2me du R\u00e9v\u00e9rend P\u00e8re Jean-Bosco Tchagol\u00e9 dans nos intentions de pri\u00e8re, afin que le Seigneur l&rsquo;accueille dans sa lumi\u00e8re et sa paix infinie.<\/p>\n\n\n<div class=\"wp-block-image\">\n<figure class=\"aligncenter size-large\"><img loading=\"lazy\" decoding=\"async\" width=\"683\" height=\"1024\" src=\"https:\/\/macite.tg\/wp-content\/uploads\/2026\/06\/bfec31dd-d839-43a8-8edd-5def3ada5765-683x1024.jpg\" alt=\"\" class=\"wp-image-31081\" srcset=\"https:\/\/macite.tg\/wp-content\/uploads\/2026\/06\/bfec31dd-d839-43a8-8edd-5def3ada5765-683x1024.jpg 683w, https:\/\/macite.tg\/wp-content\/uploads\/2026\/06\/bfec31dd-d839-43a8-8edd-5def3ada5765-200x300.jpg 200w, https:\/\/macite.tg\/wp-content\/uploads\/2026\/06\/bfec31dd-d839-43a8-8edd-5def3ada5765.jpg 720w\" sizes=\"auto, (max-width: 683px) 100vw, 683px\" \/><\/figure>\n<\/div>\n\n\n<p class=\"wp-block-paragraph\"><em>\u00ab Je suis la r\u00e9surrection et la vie. Celui qui croit en moi vivra, quand m\u00eame il serait mort. \u00bb<\/em> &nbsp;Jean 11:25.<\/p>\n\n\n\n<p class=\"wp-block-paragraph\"><em>Repose en paix, fid\u00e8le serviteur du Seigneur !<\/em><\/p>\n\n\n\n<p class=\"wp-block-paragraph\"><\/p>\n","protected":false},"excerpt":{"rendered":"<p class=\"text-justify mb-2\" >C\u2019est avec une profonde tristesse, et dans l&rsquo;esp\u00e9rance de la r\u00e9surrection, que nous apprenions le rappel au Cr\u00e9ateur du R\u00e9v\u00e9rend P\u00e8re Jean-Bosco Tchagol\u00e9, qui a consacr\u00e9 sa vie au service du Christ et de son prochain. Le d\u00e9part de ce serviteur d\u00e9vou\u00e9, laisse un grand [&hellip;]<\/p>\n","protected":false},"author":2,"featured_media":31084,"comment_status":"open","ping_status":"open","sticky":false,"template":"","format":"standard","meta":{"footnotes":""},"categories":[20,35],"tags":[],"class_list":["post-31079","post","type-post","status-publish","format-standard","has-post-thumbnail","hentry","category-actualite","category-necrologie"],"yoast_head":"<!-- This site is optimized with the Yoast SEO plugin v28.4 - https:\/\/yoast.com\/product\/yoast-seo-wordpress\/ -->\n<title>NECROLOGIE : Rappel \u00e0 Dieu du R\u00e9v\u00e9rend P\u00e8re Jean-Bosco TCHAGOLE -<\/title>\n<meta name=\"robots\" content=\"index, follow, max-snippet:-1, max-image-preview:large, max-video-preview:-1\" \/>\n<link rel=\"canonical\" href=\"https:\/\/macite.tg\/?p=31079\" \/>\n<meta property=\"og:locale\" content=\"fr_FR\" \/>\n<meta property=\"og:type\" content=\"article\" \/>\n<meta property=\"og:title\" content=\"NECROLOGIE : Rappel \u00e0 Dieu du R\u00e9v\u00e9rend P\u00e8re Jean-Bosco TCHAGOLE -\" \/>\n<meta property=\"og:description\" content=\"C\u2019est avec une profonde tristesse, et dans l&rsquo;esp\u00e9rance de la r\u00e9surrection, que nous apprenions le rappel au Cr\u00e9ateur du R\u00e9v\u00e9rend P\u00e8re Jean-Bosco Tchagol\u00e9, qui a consacr\u00e9 sa vie au service du Christ et de son prochain. Le d\u00e9part de ce serviteur d\u00e9vou\u00e9, laisse un grand [&hellip;]\" \/>\n<meta property=\"og:url\" content=\"https:\/\/macite.tg\/?p=31079\" \/>\n<meta property=\"article:published_time\" content=\"2026-06-05T17:39:56+00:00\" \/>\n<meta property=\"article:modified_time\" content=\"2026-06-05T17:54:35+00:00\" \/>\n<meta property=\"og:image\" content=\"https:\/\/macite.tg\/wp-content\/uploads\/2026\/06\/image-20.png\" \/>\n\t<meta property=\"og:image:width\" content=\"358\" \/>\n\t<meta property=\"og:image:height\" content=\"279\" \/>\n\t<meta property=\"og:image:type\" content=\"image\/png\" \/>\n<meta name=\"author\" content=\"Jean Pierre BAWELA\" \/>\n<meta name=\"twitter:card\" content=\"summary_large_image\" \/>\n<meta name=\"twitter:label1\" content=\"\u00c9crit par\" \/>\n\t<meta name=\"twitter:data1\" content=\"Jean Pierre BAWELA\" \/>\n\t<meta name=\"twitter:label2\" content=\"Dur\u00e9e de lecture estim\u00e9e\" \/>\n\t<meta name=\"twitter:data2\" content=\"2 minutes\" \/>\n<script type=\"application\/ld+json\" class=\"yoast-schema-graph\">{\"@context\":\"https:\\\/\\\/schema.org\",\"@graph\":[{\"@type\":\"Article\",\"@id\":\"https:\\\/\\\/macite.tg\\\/?p=31079#article\",\"isPartOf\":{\"@id\":\"https:\\\/\\\/macite.tg\\\/?p=31079\"},\"author\":{\"name\":\"Jean Pierre BAWELA\",\"@id\":\"https:\\\/\\\/macite.tg\\\/#\\\/schema\\\/person\\\/e9f2de7e5dbbe7770a9402c7ce82f5c2\"},\"headline\":\"NECROLOGIE : Rappel \u00e0 Dieu du R\u00e9v\u00e9rend P\u00e8re Jean-Bosco TCHAGOLE\",\"datePublished\":\"2026-06-05T17:39:56+00:00\",\"dateModified\":\"2026-06-05T17:54:35+00:00\",\"mainEntityOfPage\":{\"@id\":\"https:\\\/\\\/macite.tg\\\/?p=31079\"},\"wordCount\":165,\"commentCount\":0,\"image\":{\"@id\":\"https:\\\/\\\/macite.tg\\\/?p=31079#primaryimage\"},\"thumbnailUrl\":\"https:\\\/\\\/macite.tg\\\/wp-content\\\/uploads\\\/2026\\\/06\\\/image-20.png\",\"articleSection\":[\"ACTUALITE\",\"NECROLOGIE\"],\"inLanguage\":\"fr-FR\",\"potentialAction\":[{\"@type\":\"CommentAction\",\"name\":\"Comment\",\"target\":[\"https:\\\/\\\/macite.tg\\\/?p=31079#respond\"]}]},{\"@type\":\"WebPage\",\"@id\":\"https:\\\/\\\/macite.tg\\\/?p=31079\",\"url\":\"https:\\\/\\\/macite.tg\\\/?p=31079\",\"name\":\"NECROLOGIE : Rappel \u00e0 Dieu du R\u00e9v\u00e9rend P\u00e8re Jean-Bosco TCHAGOLE -\",\"isPartOf\":{\"@id\":\"https:\\\/\\\/macite.tg\\\/#website\"},\"primaryImageOfPage\":{\"@id\":\"https:\\\/\\\/macite.tg\\\/?p=31079#primaryimage\"},\"image\":{\"@id\":\"https:\\\/\\\/macite.tg\\\/?p=31079#primaryimage\"},\"thumbnailUrl\":\"https:\\\/\\\/macite.tg\\\/wp-content\\\/uploads\\\/2026\\\/06\\\/image-20.png\",\"datePublished\":\"2026-06-05T17:39:56+00:00\",\"dateModified\":\"2026-06-05T17:54:35+00:00\",\"author\":{\"@id\":\"https:\\\/\\\/macite.tg\\\/#\\\/schema\\\/person\\\/e9f2de7e5dbbe7770a9402c7ce82f5c2\"},\"breadcrumb\":{\"@id\":\"https:\\\/\\\/macite.tg\\\/?p=31079#breadcrumb\"},\"inLanguage\":\"fr-FR\",\"potentialAction\":[{\"@type\":\"ReadAction\",\"target\":[\"https:\\\/\\\/macite.tg\\\/?p=31079\"]}]},{\"@type\":\"ImageObject\",\"inLanguage\":\"fr-FR\",\"@id\":\"https:\\\/\\\/macite.tg\\\/?p=31079#primaryimage\",\"url\":\"https:\\\/\\\/macite.tg\\\/wp-content\\\/uploads\\\/2026\\\/06\\\/image-20.png\",\"contentUrl\":\"https:\\\/\\\/macite.tg\\\/wp-content\\\/uploads\\\/2026\\\/06\\\/image-20.png\",\"width\":358,\"height\":279},{\"@type\":\"BreadcrumbList\",\"@id\":\"https:\\\/\\\/macite.tg\\\/?p=31079#breadcrumb\",\"itemListElement\":[{\"@type\":\"ListItem\",\"position\":1,\"name\":\"Accueil\",\"item\":\"https:\\\/\\\/macite.tg\\\/\"},{\"@type\":\"ListItem\",\"position\":2,\"name\":\"NECROLOGIE : Rappel \u00e0 Dieu du R\u00e9v\u00e9rend P\u00e8re Jean-Bosco TCHAGOLE\"}]},{\"@type\":\"WebSite\",\"@id\":\"https:\\\/\\\/macite.tg\\\/#website\",\"url\":\"https:\\\/\\\/macite.tg\\\/\",\"name\":\"\",\"description\":\"L&#039;information, la bonne!!!\",\"potentialAction\":[{\"@type\":\"SearchAction\",\"target\":{\"@type\":\"EntryPoint\",\"urlTemplate\":\"https:\\\/\\\/macite.tg\\\/?s={search_term_string}\"},\"query-input\":{\"@type\":\"PropertyValueSpecification\",\"valueRequired\":true,\"valueName\":\"search_term_string\"}}],\"inLanguage\":\"fr-FR\"},{\"@type\":\"Person\",\"@id\":\"https:\\\/\\\/macite.tg\\\/#\\\/schema\\\/person\\\/e9f2de7e5dbbe7770a9402c7ce82f5c2\",\"name\":\"Jean Pierre BAWELA\",\"image\":{\"@type\":\"ImageObject\",\"inLanguage\":\"fr-FR\",\"@id\":\"https:\\\/\\\/macite.tg\\\/wp-content\\\/uploads\\\/2023\\\/09\\\/WhatsApp-Image-2023-09-19-at-14.44.41-122x122.jpeg\",\"url\":\"https:\\\/\\\/macite.tg\\\/wp-content\\\/uploads\\\/2023\\\/09\\\/WhatsApp-Image-2023-09-19-at-14.44.41-122x122.jpeg\",\"contentUrl\":\"https:\\\/\\\/macite.tg\\\/wp-content\\\/uploads\\\/2023\\\/09\\\/WhatsApp-Image-2023-09-19-at-14.44.41-122x122.jpeg\",\"caption\":\"Jean Pierre BAWELA\"},\"url\":\"https:\\\/\\\/macite.tg\\\/?author=2\"}]}<\/script>\n<!-- \/ Yoast SEO plugin. -->","yoast_head_json":{"title":"NECROLOGIE : Rappel \u00e0 Dieu du R\u00e9v\u00e9rend P\u00e8re Jean-Bosco TCHAGOLE -","robots":{"index":"index","follow":"follow","max-snippet":"max-snippet:-1","max-image-preview":"max-image-preview:large","max-video-preview":"max-video-preview:-1"},"canonical":"https:\/\/macite.tg\/?p=31079","og_locale":"fr_FR","og_type":"article","og_title":"NECROLOGIE : Rappel \u00e0 Dieu du R\u00e9v\u00e9rend P\u00e8re Jean-Bosco TCHAGOLE -","og_description":"C\u2019est avec une profonde tristesse, et dans l&rsquo;esp\u00e9rance de la r\u00e9surrection, que nous apprenions le rappel au Cr\u00e9ateur du R\u00e9v\u00e9rend P\u00e8re Jean-Bosco Tchagol\u00e9, qui a consacr\u00e9 sa vie au service du Christ et de son prochain. Le d\u00e9part de ce serviteur d\u00e9vou\u00e9, laisse un grand [&hellip;]","og_url":"https:\/\/macite.tg\/?p=31079","article_published_time":"2026-06-05T17:39:56+00:00","article_modified_time":"2026-06-05T17:54:35+00:00","og_image":[{"width":358,"height":279,"url":"https:\/\/macite.tg\/wp-content\/uploads\/2026\/06\/image-20.png","type":"image\/png"}],"author":"Jean Pierre BAWELA","twitter_card":"summary_large_image","twitter_misc":{"\u00c9crit par":"Jean Pierre BAWELA","Dur\u00e9e de lecture estim\u00e9e":"2 minutes"},"schema":{"@context":"https:\/\/schema.org","@graph":[{"@type":"Article","@id":"https:\/\/macite.tg\/?p=31079#article","isPartOf":{"@id":"https:\/\/macite.tg\/?p=31079"},"author":{"name":"Jean Pierre BAWELA","@id":"https:\/\/macite.tg\/#\/schema\/person\/e9f2de7e5dbbe7770a9402c7ce82f5c2"},"headline":"NECROLOGIE : Rappel \u00e0 Dieu du R\u00e9v\u00e9rend P\u00e8re Jean-Bosco TCHAGOLE","datePublished":"2026-06-05T17:39:56+00:00","dateModified":"2026-06-05T17:54:35+00:00","mainEntityOfPage":{"@id":"https:\/\/macite.tg\/?p=31079"},"wordCount":165,"commentCount":0,"image":{"@id":"https:\/\/macite.tg\/?p=31079#primaryimage"},"thumbnailUrl":"https:\/\/macite.tg\/wp-content\/uploads\/2026\/06\/image-20.png","articleSection":["ACTUALITE","NECROLOGIE"],"inLanguage":"fr-FR","potentialAction":[{"@type":"CommentAction","name":"Comment","target":["https:\/\/macite.tg\/?p=31079#respond"]}]},{"@type":"WebPage","@id":"https:\/\/macite.tg\/?p=31079","url":"https:\/\/macite.tg\/?p=31079","name":"NECROLOGIE : Rappel \u00e0 Dieu du R\u00e9v\u00e9rend P\u00e8re Jean-Bosco TCHAGOLE -","isPartOf":{"@id":"https:\/\/macite.tg\/#website"},"primaryImageOfPage":{"@id":"https:\/\/macite.tg\/?p=31079#primaryimage"},"image":{"@id":"https:\/\/macite.tg\/?p=31079#primaryimage"},"thumbnailUrl":"https:\/\/macite.tg\/wp-content\/uploads\/2026\/06\/image-20.png","datePublished":"2026-06-05T17:39:56+00:00","dateModified":"2026-06-05T17:54:35+00:00","author":{"@id":"https:\/\/macite.tg\/#\/schema\/person\/e9f2de7e5dbbe7770a9402c7ce82f5c2"},"breadcrumb":{"@id":"https:\/\/macite.tg\/?p=31079#breadcrumb"},"inLanguage":"fr-FR","potentialAction":[{"@type":"ReadAction","target":["https:\/\/macite.tg\/?p=31079"]}]},{"@type":"ImageObject","inLanguage":"fr-FR","@id":"https:\/\/macite.tg\/?p=31079#primaryimage","url":"https:\/\/macite.tg\/wp-content\/uploads\/2026\/06\/image-20.png","contentUrl":"https:\/\/macite.tg\/wp-content\/uploads\/2026\/06\/image-20.png","width":358,"height":279},{"@type":"BreadcrumbList","@id":"https:\/\/macite.tg\/?p=31079#breadcrumb","itemListElement":[{"@type":"ListItem","position":1,"name":"Accueil","item":"https:\/\/macite.tg\/"},{"@type":"ListItem","position":2,"name":"NECROLOGIE : Rappel \u00e0 Dieu du R\u00e9v\u00e9rend P\u00e8re Jean-Bosco TCHAGOLE"}]},{"@type":"WebSite","@id":"https:\/\/macite.tg\/#website","url":"https:\/\/macite.tg\/","name":"","description":"L&#039;information, la bonne!!!","potentialAction":[{"@type":"SearchAction","target":{"@type":"EntryPoint","urlTemplate":"https:\/\/macite.tg\/?s={search_term_string}"},"query-input":{"@type":"PropertyValueSpecification","valueRequired":true,"valueName":"search_term_string"}}],"inLanguage":"fr-FR"},{"@type":"Person","@id":"https:\/\/macite.tg\/#\/schema\/person\/e9f2de7e5dbbe7770a9402c7ce82f5c2","name":"Jean Pierre BAWELA","image":{"@type":"ImageObject","inLanguage":"fr-FR","@id":"https:\/\/macite.tg\/wp-content\/uploads\/2023\/09\/WhatsApp-Image-2023-09-19-at-14.44.41-122x122.jpeg","url":"https:\/\/macite.tg\/wp-content\/uploads\/2023\/09\/WhatsApp-Image-2023-09-19-at-14.44.41-122x122.jpeg","contentUrl":"https:\/\/macite.tg\/wp-content\/uploads\/2023\/09\/WhatsApp-Image-2023-09-19-at-14.44.41-122x122.jpeg","caption":"Jean Pierre BAWELA"},"url":"https:\/\/macite.tg\/?author=2"}]}},"_links":{"self":[{"href":"https:\/\/macite.tg\/index.php?rest_route=\/wp\/v2\/posts\/31079","targetHints":{"allow":["GET"]}}],"collection":[{"href":"https:\/\/macite.tg\/index.php?rest_route=\/wp\/v2\/posts"}],"about":[{"href":"https:\/\/macite.tg\/index.php?rest_route=\/wp\/v2\/types\/post"}],"author":[{"embeddable":true,"href":"https:\/\/macite.tg\/index.php?rest_route=\/wp\/v2\/users\/2"}],"replies":[{"embeddable":true,"href":"https:\/\/macite.tg\/index.php?rest_route=%2Fwp%2Fv2%2Fcomments&post=31079"}],"version-history":[{"count":0,"href":"https:\/\/macite.tg\/index.php?rest_route=\/wp\/v2\/posts\/31079\/revisions"}],"wp:featuredmedia":[{"embeddable":true,"href":"https:\/\/macite.tg\/index.php?rest_route=\/wp\/v2\/media\/31084"}],"wp:attachment":[{"href":"https:\/\/macite.tg\/index.php?rest_route=%2Fwp%2Fv2%2Fmedia&parent=31079"}],"wp:term":[{"taxonomy":"category","embeddable":true,"href":"https:\/\/macite.tg\/index.php?rest_route=%2Fwp%2Fv2%2Fcategories&post=31079"},{"taxonomy":"post_tag","embeddable":true,"href":"https:\/\/macite.tg\/index.php?rest_route=%2Fwp%2Fv2%2Ftags&post=31079"}],"curies":[{"name":"wp","href":"https:\/\/api.w.org\/{rel}","templated":true}]}}