{"id":31074,"date":"2026-06-05T13:43:22","date_gmt":"2026-06-05T13:43:22","guid":{"rendered":"https:\/\/macite.tg\/?p=31074"},"modified":"2026-06-05T13:43:47","modified_gmt":"2026-06-05T13:43:47","slug":"ecobank-bilan-de-lag-2025-et-les-perspectives-presentes-a-faure-gnassingbe","status":"publish","type":"post","link":"https:\/\/macite.tg\/?p=31074","title":{"rendered":"ECOBANK\u00a0: Bilan de l\u2019AG 2025 et les perspectives pr\u00e9sent\u00e9s \u00e0 Faure Gnassingb\u00e9"},"content":{"rendered":"\n<p class=\"wp-block-paragraph\"><strong><em>Le dynamisme de la place financi\u00e8re de Lom\u00e9 se confirme. Ce mercredi 3 juin 2026, le Pr\u00e9sident du conseil, Faure Essozimna Gnassingb\u00e9, s\u2019est entretenu avec le Pr\u00e9sident du Conseil d\u2019Administration d\u2019Ecobank Transnational Incorporated (ETI), Papa Madiaw Ndiaye. Une d\u00e9marche de transparence\u2026<\/em><\/strong><\/p>\n\n\n\n<p class=\"wp-block-paragraph\">Cette rencontre, qui intervient au lendemain de l\u2019Assembl\u00e9e G\u00e9n\u00e9rale de l\u2019institution, a \u00e9t\u00e9 une occasion pour la banque panafricaine de dresser le bilan de ses activit\u00e9s et d\u00e9voiler ses ambitions futures.<\/p>\n\n\n\n<p class=\"wp-block-paragraph\">Au cours de cette audience, Papa Madiaw Ndiaye a partag\u00e9 avec Faure Gnassingb\u00e9, les conclusions majeures de l\u2019assembl\u00e9e des actionnaires. Un accent particulier a \u00e9t\u00e9 mis sur la solidit\u00e9 des performances financi\u00e8res enregistr\u00e9es au cours de l&rsquo;exercice 2025 ainsi que sur le plan de croissance strat\u00e9gique du groupe.<\/p>\n\n\n\n<figure class=\"wp-block-image size-full\"><img loading=\"lazy\" decoding=\"async\" width=\"851\" height=\"315\" src=\"https:\/\/macite.tg\/wp-content\/uploads\/2026\/06\/OTR_Ferer-pour-batir-1.jpg\" alt=\"\" class=\"wp-image-31006\" srcset=\"https:\/\/macite.tg\/wp-content\/uploads\/2026\/06\/OTR_Ferer-pour-batir-1.jpg 851w, https:\/\/macite.tg\/wp-content\/uploads\/2026\/06\/OTR_Ferer-pour-batir-1-300x111.jpg 300w, https:\/\/macite.tg\/wp-content\/uploads\/2026\/06\/OTR_Ferer-pour-batir-1-768x284.jpg 768w\" sizes=\"auto, (max-width: 851px) 100vw, 851px\" \/><\/figure>\n\n\n\n<p class=\"wp-block-paragraph\">Cette d\u00e9marche de transparence, s&rsquo;inscrit dans le cadre des relations privil\u00e9gi\u00e9es qu&rsquo;entretiennent le Togo et le g\u00e9ant bancaire. <em>\u00ab Nous avons tenu aujourd\u2019hui notre Assembl\u00e9e g\u00e9n\u00e9rale avec nos actionnaires pour leur exposer notre performance financi\u00e8re de 2025 et nos perspectives. Le Togo nous a accord\u00e9 un statut sp\u00e9cial. Donc, nous nous devons de toujours rendre compte au Pr\u00e9sident du Conseil de nos avancements ainsi que de nos d\u00e9lib\u00e9rations avec nos actionnaires \u00bb,<\/em> a pr\u00e9cis\u00e9 Papa Madiaw Ndiaye \u00e0 l&rsquo;issue de l&rsquo;entretien.<\/p>\n\n\n\n<p class=\"wp-block-paragraph\">A travers cet exercice, Ecobank r\u00e9affirme ainsi son r\u00f4le de moteur du d\u00e9veloppement \u00e9conomique et de pionnier de l&rsquo;inclusion financi\u00e8re en Afrique<\/p>\n\n\n\n<p class=\"wp-block-paragraph\">Notons qu\u2019au-del\u00e0 des chiffres, cette rencontre a \u00e9t\u00e9 l&rsquo;occasion pour le PCA d&rsquo;ETI d&rsquo;exprimer sa profonde gratitude envers le Pr\u00e9sident du conseil. Papa Madiaw Ndiaye a salu\u00e9 la politique d\u2019int\u00e9gration africaine men\u00e9e par Lom\u00e9, et le leadership de Faure Gnassingb\u00e9 qui a profond\u00e9ment et positivement marqu\u00e9 le paysage financier du continent.<\/p>\n\n\n\n<figure class=\"wp-block-image size-large\"><img loading=\"lazy\" decoding=\"async\" width=\"1024\" height=\"723\" src=\"https:\/\/macite.tg\/wp-content\/uploads\/2026\/05\/image-115-1024x723.png\" alt=\"\" class=\"wp-image-30865\" srcset=\"https:\/\/macite.tg\/wp-content\/uploads\/2026\/05\/image-115-1024x723.png 1024w, https:\/\/macite.tg\/wp-content\/uploads\/2026\/05\/image-115-300x212.png 300w, https:\/\/macite.tg\/wp-content\/uploads\/2026\/05\/image-115-768x542.png 768w, https:\/\/macite.tg\/wp-content\/uploads\/2026\/05\/image-115-1536x1085.png 1536w, https:\/\/macite.tg\/wp-content\/uploads\/2026\/05\/image-115.png 1600w\" sizes=\"auto, (max-width: 1024px) 100vw, 1024px\" \/><\/figure>\n\n\n\n<p class=\"wp-block-paragraph\">En consolidant son ancrage \u00e0 Lom\u00e9 et en maintenant ce dialogue de confiance avec les autorit\u00e9s togolaises, Ecobank r\u00e9affirme son r\u00f4le de moteur du d\u00e9veloppement \u00e9conomique et de pionnier de l&rsquo;inclusion financi\u00e8re en Afrique.<\/p>\n\n\n\n<p class=\"wp-block-paragraph\"><strong>JPB<\/strong><\/p>\n\n\n\n<p class=\"wp-block-paragraph\"><a><strong><em>@macite.tg&nbsp;&nbsp;&nbsp;&nbsp;&nbsp;&nbsp;&nbsp;&nbsp;<\/em><\/strong><\/a><\/p>\n\n\n\n<p class=\"wp-block-paragraph\"><strong><em>E-mail&nbsp;: <\/em><\/strong><a href=\"mailto:maciteinfo@gmail.com\"><strong><em>maciteinfo@gmail.com<\/em><\/strong><\/a><strong><em>; <\/em><\/strong><a href=\"mailto:bawela1@gmail.com\"><strong><em>bawela1@gmail.com<\/em><\/strong><\/a><strong><em><\/em><\/strong><\/p>\n\n\n\n<p class=\"wp-block-paragraph\"><strong><em>Pour vos annonces, publi-reportages, etc., joignez-nous au (00228)91515309\/<strong>79872224 <\/strong><strong><\/strong><\/em><\/strong><\/p>\n\n\n\n<p class=\"wp-block-paragraph\"><strong><em>www.macite.tg, L\u2019information, la bonne&nbsp;!<\/em><\/strong><\/p>\n\n\n\n<p class=\"wp-block-paragraph\"><\/p>\n","protected":false},"excerpt":{"rendered":"<p class=\"text-justify mb-2\" >Le dynamisme de la place financi\u00e8re de Lom\u00e9 se confirme. Ce mercredi 3 juin 2026, le Pr\u00e9sident du conseil, Faure Essozimna Gnassingb\u00e9, s\u2019est entretenu avec le Pr\u00e9sident du Conseil d\u2019Administration d\u2019Ecobank Transnational Incorporated (ETI), Papa Madiaw Ndiaye. Une d\u00e9marche de transparence\u2026 Cette rencontre, qui intervient [&hellip;]<\/p>\n","protected":false},"author":2,"featured_media":31076,"comment_status":"open","ping_status":"open","sticky":false,"template":"","format":"standard","meta":{"footnotes":""},"categories":[20,3],"tags":[],"class_list":["post-31074","post","type-post","status-publish","format-standard","has-post-thumbnail","hentry","category-actualite","category-economie"],"yoast_head":"<!-- This site is optimized with the Yoast SEO plugin v28.4 - https:\/\/yoast.com\/product\/yoast-seo-wordpress\/ -->\n<title>ECOBANK\u00a0: Bilan de l\u2019AG 2025 et les perspectives pr\u00e9sent\u00e9s \u00e0 Faure Gnassingb\u00e9 -<\/title>\n<meta name=\"robots\" content=\"index, follow, max-snippet:-1, max-image-preview:large, max-video-preview:-1\" \/>\n<link rel=\"canonical\" href=\"https:\/\/macite.tg\/?p=31074\" \/>\n<meta property=\"og:locale\" content=\"fr_FR\" \/>\n<meta property=\"og:type\" content=\"article\" \/>\n<meta property=\"og:title\" content=\"ECOBANK\u00a0: Bilan de l\u2019AG 2025 et les perspectives pr\u00e9sent\u00e9s \u00e0 Faure Gnassingb\u00e9 -\" \/>\n<meta property=\"og:description\" content=\"Le dynamisme de la place financi\u00e8re de Lom\u00e9 se confirme. Ce mercredi 3 juin 2026, le Pr\u00e9sident du conseil, Faure Essozimna Gnassingb\u00e9, s\u2019est entretenu avec le Pr\u00e9sident du Conseil d\u2019Administration d\u2019Ecobank Transnational Incorporated (ETI), Papa Madiaw Ndiaye. Une d\u00e9marche de transparence\u2026 Cette rencontre, qui intervient [&hellip;]\" \/>\n<meta property=\"og:url\" content=\"https:\/\/macite.tg\/?p=31074\" \/>\n<meta property=\"article:published_time\" content=\"2026-06-05T13:43:22+00:00\" \/>\n<meta property=\"article:modified_time\" content=\"2026-06-05T13:43:47+00:00\" \/>\n<meta property=\"og:image\" content=\"https:\/\/macite.tg\/wp-content\/uploads\/2026\/06\/Ecobank.jpg\" \/>\n\t<meta property=\"og:image:width\" content=\"500\" \/>\n\t<meta property=\"og:image:height\" content=\"392\" \/>\n\t<meta property=\"og:image:type\" content=\"image\/jpeg\" \/>\n<meta name=\"author\" content=\"Jean Pierre BAWELA\" \/>\n<meta name=\"twitter:card\" content=\"summary_large_image\" \/>\n<meta name=\"twitter:label1\" content=\"\u00c9crit par\" \/>\n\t<meta name=\"twitter:data1\" content=\"Jean Pierre BAWELA\" \/>\n\t<meta name=\"twitter:label2\" content=\"Dur\u00e9e de lecture estim\u00e9e\" \/>\n\t<meta name=\"twitter:data2\" content=\"3 minutes\" \/>\n<script type=\"application\/ld+json\" class=\"yoast-schema-graph\">{\"@context\":\"https:\\\/\\\/schema.org\",\"@graph\":[{\"@type\":\"Article\",\"@id\":\"https:\\\/\\\/macite.tg\\\/?p=31074#article\",\"isPartOf\":{\"@id\":\"https:\\\/\\\/macite.tg\\\/?p=31074\"},\"author\":{\"name\":\"Jean Pierre BAWELA\",\"@id\":\"https:\\\/\\\/macite.tg\\\/#\\\/schema\\\/person\\\/e9f2de7e5dbbe7770a9402c7ce82f5c2\"},\"headline\":\"ECOBANK\u00a0: Bilan de l\u2019AG 2025 et les perspectives pr\u00e9sent\u00e9s \u00e0 Faure Gnassingb\u00e9\",\"datePublished\":\"2026-06-05T13:43:22+00:00\",\"dateModified\":\"2026-06-05T13:43:47+00:00\",\"mainEntityOfPage\":{\"@id\":\"https:\\\/\\\/macite.tg\\\/?p=31074\"},\"wordCount\":405,\"commentCount\":0,\"image\":{\"@id\":\"https:\\\/\\\/macite.tg\\\/?p=31074#primaryimage\"},\"thumbnailUrl\":\"https:\\\/\\\/macite.tg\\\/wp-content\\\/uploads\\\/2026\\\/06\\\/Ecobank.jpg\",\"articleSection\":[\"ACTUALITE\",\"ECONOMIE\"],\"inLanguage\":\"fr-FR\",\"potentialAction\":[{\"@type\":\"CommentAction\",\"name\":\"Comment\",\"target\":[\"https:\\\/\\\/macite.tg\\\/?p=31074#respond\"]}]},{\"@type\":\"WebPage\",\"@id\":\"https:\\\/\\\/macite.tg\\\/?p=31074\",\"url\":\"https:\\\/\\\/macite.tg\\\/?p=31074\",\"name\":\"ECOBANK\u00a0: Bilan de l\u2019AG 2025 et les perspectives pr\u00e9sent\u00e9s \u00e0 Faure Gnassingb\u00e9 -\",\"isPartOf\":{\"@id\":\"https:\\\/\\\/macite.tg\\\/#website\"},\"primaryImageOfPage\":{\"@id\":\"https:\\\/\\\/macite.tg\\\/?p=31074#primaryimage\"},\"image\":{\"@id\":\"https:\\\/\\\/macite.tg\\\/?p=31074#primaryimage\"},\"thumbnailUrl\":\"https:\\\/\\\/macite.tg\\\/wp-content\\\/uploads\\\/2026\\\/06\\\/Ecobank.jpg\",\"datePublished\":\"2026-06-05T13:43:22+00:00\",\"dateModified\":\"2026-06-05T13:43:47+00:00\",\"author\":{\"@id\":\"https:\\\/\\\/macite.tg\\\/#\\\/schema\\\/person\\\/e9f2de7e5dbbe7770a9402c7ce82f5c2\"},\"breadcrumb\":{\"@id\":\"https:\\\/\\\/macite.tg\\\/?p=31074#breadcrumb\"},\"inLanguage\":\"fr-FR\",\"potentialAction\":[{\"@type\":\"ReadAction\",\"target\":[\"https:\\\/\\\/macite.tg\\\/?p=31074\"]}]},{\"@type\":\"ImageObject\",\"inLanguage\":\"fr-FR\",\"@id\":\"https:\\\/\\\/macite.tg\\\/?p=31074#primaryimage\",\"url\":\"https:\\\/\\\/macite.tg\\\/wp-content\\\/uploads\\\/2026\\\/06\\\/Ecobank.jpg\",\"contentUrl\":\"https:\\\/\\\/macite.tg\\\/wp-content\\\/uploads\\\/2026\\\/06\\\/Ecobank.jpg\",\"width\":500,\"height\":392},{\"@type\":\"BreadcrumbList\",\"@id\":\"https:\\\/\\\/macite.tg\\\/?p=31074#breadcrumb\",\"itemListElement\":[{\"@type\":\"ListItem\",\"position\":1,\"name\":\"Accueil\",\"item\":\"https:\\\/\\\/macite.tg\\\/\"},{\"@type\":\"ListItem\",\"position\":2,\"name\":\"ECOBANK\u00a0: Bilan de l\u2019AG 2025 et les perspectives pr\u00e9sent\u00e9s \u00e0 Faure Gnassingb\u00e9\"}]},{\"@type\":\"WebSite\",\"@id\":\"https:\\\/\\\/macite.tg\\\/#website\",\"url\":\"https:\\\/\\\/macite.tg\\\/\",\"name\":\"\",\"description\":\"L&#039;information, la bonne!!!\",\"potentialAction\":[{\"@type\":\"SearchAction\",\"target\":{\"@type\":\"EntryPoint\",\"urlTemplate\":\"https:\\\/\\\/macite.tg\\\/?s={search_term_string}\"},\"query-input\":{\"@type\":\"PropertyValueSpecification\",\"valueRequired\":true,\"valueName\":\"search_term_string\"}}],\"inLanguage\":\"fr-FR\"},{\"@type\":\"Person\",\"@id\":\"https:\\\/\\\/macite.tg\\\/#\\\/schema\\\/person\\\/e9f2de7e5dbbe7770a9402c7ce82f5c2\",\"name\":\"Jean Pierre BAWELA\",\"image\":{\"@type\":\"ImageObject\",\"inLanguage\":\"fr-FR\",\"@id\":\"https:\\\/\\\/macite.tg\\\/wp-content\\\/uploads\\\/2023\\\/09\\\/WhatsApp-Image-2023-09-19-at-14.44.41-122x122.jpeg\",\"url\":\"https:\\\/\\\/macite.tg\\\/wp-content\\\/uploads\\\/2023\\\/09\\\/WhatsApp-Image-2023-09-19-at-14.44.41-122x122.jpeg\",\"contentUrl\":\"https:\\\/\\\/macite.tg\\\/wp-content\\\/uploads\\\/2023\\\/09\\\/WhatsApp-Image-2023-09-19-at-14.44.41-122x122.jpeg\",\"caption\":\"Jean Pierre BAWELA\"},\"url\":\"https:\\\/\\\/macite.tg\\\/?author=2\"}]}<\/script>\n<!-- \/ Yoast SEO plugin. -->","yoast_head_json":{"title":"ECOBANK\u00a0: Bilan de l\u2019AG 2025 et les perspectives pr\u00e9sent\u00e9s \u00e0 Faure Gnassingb\u00e9 -","robots":{"index":"index","follow":"follow","max-snippet":"max-snippet:-1","max-image-preview":"max-image-preview:large","max-video-preview":"max-video-preview:-1"},"canonical":"https:\/\/macite.tg\/?p=31074","og_locale":"fr_FR","og_type":"article","og_title":"ECOBANK\u00a0: Bilan de l\u2019AG 2025 et les perspectives pr\u00e9sent\u00e9s \u00e0 Faure Gnassingb\u00e9 -","og_description":"Le dynamisme de la place financi\u00e8re de Lom\u00e9 se confirme. Ce mercredi 3 juin 2026, le Pr\u00e9sident du conseil, Faure Essozimna Gnassingb\u00e9, s\u2019est entretenu avec le Pr\u00e9sident du Conseil d\u2019Administration d\u2019Ecobank Transnational Incorporated (ETI), Papa Madiaw Ndiaye. Une d\u00e9marche de transparence\u2026 Cette rencontre, qui intervient [&hellip;]","og_url":"https:\/\/macite.tg\/?p=31074","article_published_time":"2026-06-05T13:43:22+00:00","article_modified_time":"2026-06-05T13:43:47+00:00","og_image":[{"width":500,"height":392,"url":"https:\/\/macite.tg\/wp-content\/uploads\/2026\/06\/Ecobank.jpg","type":"image\/jpeg"}],"author":"Jean Pierre BAWELA","twitter_card":"summary_large_image","twitter_misc":{"\u00c9crit par":"Jean Pierre BAWELA","Dur\u00e9e de lecture estim\u00e9e":"3 minutes"},"schema":{"@context":"https:\/\/schema.org","@graph":[{"@type":"Article","@id":"https:\/\/macite.tg\/?p=31074#article","isPartOf":{"@id":"https:\/\/macite.tg\/?p=31074"},"author":{"name":"Jean Pierre BAWELA","@id":"https:\/\/macite.tg\/#\/schema\/person\/e9f2de7e5dbbe7770a9402c7ce82f5c2"},"headline":"ECOBANK\u00a0: Bilan de l\u2019AG 2025 et les perspectives pr\u00e9sent\u00e9s \u00e0 Faure Gnassingb\u00e9","datePublished":"2026-06-05T13:43:22+00:00","dateModified":"2026-06-05T13:43:47+00:00","mainEntityOfPage":{"@id":"https:\/\/macite.tg\/?p=31074"},"wordCount":405,"commentCount":0,"image":{"@id":"https:\/\/macite.tg\/?p=31074#primaryimage"},"thumbnailUrl":"https:\/\/macite.tg\/wp-content\/uploads\/2026\/06\/Ecobank.jpg","articleSection":["ACTUALITE","ECONOMIE"],"inLanguage":"fr-FR","potentialAction":[{"@type":"CommentAction","name":"Comment","target":["https:\/\/macite.tg\/?p=31074#respond"]}]},{"@type":"WebPage","@id":"https:\/\/macite.tg\/?p=31074","url":"https:\/\/macite.tg\/?p=31074","name":"ECOBANK\u00a0: Bilan de l\u2019AG 2025 et les perspectives pr\u00e9sent\u00e9s \u00e0 Faure Gnassingb\u00e9 -","isPartOf":{"@id":"https:\/\/macite.tg\/#website"},"primaryImageOfPage":{"@id":"https:\/\/macite.tg\/?p=31074#primaryimage"},"image":{"@id":"https:\/\/macite.tg\/?p=31074#primaryimage"},"thumbnailUrl":"https:\/\/macite.tg\/wp-content\/uploads\/2026\/06\/Ecobank.jpg","datePublished":"2026-06-05T13:43:22+00:00","dateModified":"2026-06-05T13:43:47+00:00","author":{"@id":"https:\/\/macite.tg\/#\/schema\/person\/e9f2de7e5dbbe7770a9402c7ce82f5c2"},"breadcrumb":{"@id":"https:\/\/macite.tg\/?p=31074#breadcrumb"},"inLanguage":"fr-FR","potentialAction":[{"@type":"ReadAction","target":["https:\/\/macite.tg\/?p=31074"]}]},{"@type":"ImageObject","inLanguage":"fr-FR","@id":"https:\/\/macite.tg\/?p=31074#primaryimage","url":"https:\/\/macite.tg\/wp-content\/uploads\/2026\/06\/Ecobank.jpg","contentUrl":"https:\/\/macite.tg\/wp-content\/uploads\/2026\/06\/Ecobank.jpg","width":500,"height":392},{"@type":"BreadcrumbList","@id":"https:\/\/macite.tg\/?p=31074#breadcrumb","itemListElement":[{"@type":"ListItem","position":1,"name":"Accueil","item":"https:\/\/macite.tg\/"},{"@type":"ListItem","position":2,"name":"ECOBANK\u00a0: Bilan de l\u2019AG 2025 et les perspectives pr\u00e9sent\u00e9s \u00e0 Faure Gnassingb\u00e9"}]},{"@type":"WebSite","@id":"https:\/\/macite.tg\/#website","url":"https:\/\/macite.tg\/","name":"","description":"L&#039;information, la bonne!!!","potentialAction":[{"@type":"SearchAction","target":{"@type":"EntryPoint","urlTemplate":"https:\/\/macite.tg\/?s={search_term_string}"},"query-input":{"@type":"PropertyValueSpecification","valueRequired":true,"valueName":"search_term_string"}}],"inLanguage":"fr-FR"},{"@type":"Person","@id":"https:\/\/macite.tg\/#\/schema\/person\/e9f2de7e5dbbe7770a9402c7ce82f5c2","name":"Jean Pierre BAWELA","image":{"@type":"ImageObject","inLanguage":"fr-FR","@id":"https:\/\/macite.tg\/wp-content\/uploads\/2023\/09\/WhatsApp-Image-2023-09-19-at-14.44.41-122x122.jpeg","url":"https:\/\/macite.tg\/wp-content\/uploads\/2023\/09\/WhatsApp-Image-2023-09-19-at-14.44.41-122x122.jpeg","contentUrl":"https:\/\/macite.tg\/wp-content\/uploads\/2023\/09\/WhatsApp-Image-2023-09-19-at-14.44.41-122x122.jpeg","caption":"Jean Pierre BAWELA"},"url":"https:\/\/macite.tg\/?author=2"}]}},"_links":{"self":[{"href":"https:\/\/macite.tg\/index.php?rest_route=\/wp\/v2\/posts\/31074","targetHints":{"allow":["GET"]}}],"collection":[{"href":"https:\/\/macite.tg\/index.php?rest_route=\/wp\/v2\/posts"}],"about":[{"href":"https:\/\/macite.tg\/index.php?rest_route=\/wp\/v2\/types\/post"}],"author":[{"embeddable":true,"href":"https:\/\/macite.tg\/index.php?rest_route=\/wp\/v2\/users\/2"}],"replies":[{"embeddable":true,"href":"https:\/\/macite.tg\/index.php?rest_route=%2Fwp%2Fv2%2Fcomments&post=31074"}],"version-history":[{"count":0,"href":"https:\/\/macite.tg\/index.php?rest_route=\/wp\/v2\/posts\/31074\/revisions"}],"wp:featuredmedia":[{"embeddable":true,"href":"https:\/\/macite.tg\/index.php?rest_route=\/wp\/v2\/media\/31076"}],"wp:attachment":[{"href":"https:\/\/macite.tg\/index.php?rest_route=%2Fwp%2Fv2%2Fmedia&parent=31074"}],"wp:term":[{"taxonomy":"category","embeddable":true,"href":"https:\/\/macite.tg\/index.php?rest_route=%2Fwp%2Fv2%2Fcategories&post=31074"},{"taxonomy":"post_tag","embeddable":true,"href":"https:\/\/macite.tg\/index.php?rest_route=%2Fwp%2Fv2%2Ftags&post=31074"}],"curies":[{"name":"wp","href":"https:\/\/api.w.org\/{rel}","templated":true}]}}