{"id":31065,"date":"2026-06-04T19:49:21","date_gmt":"2026-06-04T19:49:21","guid":{"rendered":"https:\/\/macite.tg\/?p=31065"},"modified":"2026-06-04T19:49:33","modified_gmt":"2026-06-04T19:49:33","slug":"zlecaf-le-togo-fait-le-point-a-aneho-sur-sa-mise-en-oeuvre-et-accelere-son-integration","status":"publish","type":"post","link":"https:\/\/macite.tg\/?p=31065","title":{"rendered":"ZLECAf : Le Togo fait le point \u00e0 An\u00e9ho sur sa mise en \u0153uvre et acc\u00e9l\u00e8re son int\u00e9gration"},"content":{"rendered":"\n<p class=\"wp-block-paragraph\"><strong><em>Le Togo passe en revue les avanc\u00e9es enregistr\u00e9es dans l\u2019un des plus grands projets commerciaux au monde. La ville d&rsquo;An\u00e9ho abrite, jusqu\u2019au vendredi 5 juin 2026, un atelier national crucial consacr\u00e9 \u00e0 l&rsquo;\u00e9valuation des progr\u00e8s du pays dans la mise en \u0153uvre de la Zone de libre-\u00e9change continentale africaine (ZLECAf).<\/em><\/strong><\/p>\n\n\n\n<p class=\"wp-block-paragraph\">Initi\u00e9 par le minist\u00e8re d\u00e9l\u00e9gu\u00e9 charg\u00e9 du Commerce et du contr\u00f4le de la qualit\u00e9, l\u2019\u00e9v\u00e9nement r\u00e9unit des cadres de l&rsquo;administration publique, des leaders du secteur priv\u00e9, des organisations professionnelles sans oublier les experts du commerce international.<\/p>\n\n\n\n<p class=\"wp-block-paragraph\">Cette rencontre vise \u00e0 examiner minutieusement les r\u00e9sultats pr\u00e9liminaires d&rsquo;une \u00e9tude d&rsquo;impact men\u00e9e \u00e0 l&rsquo;\u00e9chelle nationale. Les participants tablent sur plusieurs axes notamment, l\u2019identification des acquis majeurs enregistr\u00e9s par le Togo depuis le lancement de l\u2019accord, le ciblage des difficult\u00e9s et goulots d\u2019\u00e9tranglement rencontr\u00e9s par les op\u00e9rateurs \u00e9conomiques sur le terrain, et la d\u00e9finition des actions prioritaires dans l\u2019optique de booster l\u2019int\u00e9gration des produits togolais sur le march\u00e9 continental.<\/p>\n\n\n\n<figure class=\"wp-block-image size-full\"><img loading=\"lazy\" decoding=\"async\" width=\"851\" height=\"315\" src=\"https:\/\/macite.tg\/wp-content\/uploads\/2026\/06\/OTR_Ferer-pour-batir-1.jpg\" alt=\"\" class=\"wp-image-31006\" srcset=\"https:\/\/macite.tg\/wp-content\/uploads\/2026\/06\/OTR_Ferer-pour-batir-1.jpg 851w, https:\/\/macite.tg\/wp-content\/uploads\/2026\/06\/OTR_Ferer-pour-batir-1-300x111.jpg 300w, https:\/\/macite.tg\/wp-content\/uploads\/2026\/06\/OTR_Ferer-pour-batir-1-768x284.jpg 768w\" sizes=\"auto, (max-width: 851px) 100vw, 851px\" \/><\/figure>\n\n\n\n<p class=\"wp-block-paragraph\">A la fin des travaux, les r\u00e9sultats devront permettre d\u2019enrichir le rapport provisoire d&rsquo;\u00e9valuation et de formuler des recommandations strat\u00e9giques pour renforcer la comp\u00e9titivit\u00e9 des entreprises nationales face \u00e0 la concurrence africaine.<\/p>\n\n\n\n<p class=\"wp-block-paragraph\"><em>\u00ab Le gouvernement reste fermement engag\u00e9 \u00e0 promouvoir une mise en \u0153uvre efficace de la ZLECAf, en vue de favoriser la croissance \u00e9conomique, la cr\u00e9ation d\u2019emplois et le d\u00e9veloppement durable au b\u00e9n\u00e9fice direct de nos populations \u00bb,<\/em> a expliqu\u00e9 le Directeur de cabinet et repr\u00e9sentant du ministre en charge du commerce, Koffi Vinyo Mensah.<\/p>\n\n\n\n<p class=\"wp-block-paragraph\">Notons que pour mat\u00e9rialiser l\u2019engagement des plus hautes autorit\u00e9s togolaises de contribuer \u00e0 fluidifier le commerce des services et des affaires, Lom\u00e9 a r\u00e9cemment frapp\u00e9 un grand coup sur l&rsquo;\u00e9chiquier diplomatique africain.<\/p>\n\n\n\n<p class=\"wp-block-paragraph\">Lors du forum <em>Biashara Afrika 2026<\/em>, qui s&rsquo;est tenu du 18 au 20 mai 2026 \u00e0 Lom\u00e9, le Pr\u00e9sident du conseil, Faure Essozimna Gnassingb\u00e9, a annonc\u00e9 une mesure historique : l&rsquo;exemption totale de visa d&rsquo;entr\u00e9e et de s\u00e9jour pour tous les ressortissants des pays africains d\u00e9tenteurs d&rsquo;un passeport officiel. Une d\u00e9cision forte qui positionne Lom\u00e9 comme le hub incontournable du business continental.<\/p>\n\n\n<div class=\"wp-block-image\">\n<figure class=\"aligncenter size-large\"><img loading=\"lazy\" decoding=\"async\" width=\"1024\" height=\"723\" src=\"https:\/\/macite.tg\/wp-content\/uploads\/2026\/05\/image-115-1024x723.png\" alt=\"\" class=\"wp-image-30865\" srcset=\"https:\/\/macite.tg\/wp-content\/uploads\/2026\/05\/image-115-1024x723.png 1024w, https:\/\/macite.tg\/wp-content\/uploads\/2026\/05\/image-115-300x212.png 300w, https:\/\/macite.tg\/wp-content\/uploads\/2026\/05\/image-115-768x542.png 768w, https:\/\/macite.tg\/wp-content\/uploads\/2026\/05\/image-115-1536x1085.png 1536w, https:\/\/macite.tg\/wp-content\/uploads\/2026\/05\/image-115.png 1600w\" sizes=\"auto, (max-width: 1024px) 100vw, 1024px\" \/><\/figure>\n<\/div>\n\n\n<p class=\"wp-block-paragraph\">Pour rappel, la ZLECAf, officiellement lanc\u00e9e en 2019, est l\u2019initiative phare de l&rsquo;Union Africaine (Ua) qui ambitionne de briser les fronti\u00e8res \u00e9conomiques du continent.<\/p>\n\n\n\n<p class=\"wp-block-paragraph\"><strong>La R\u00e9daction<\/strong><\/p>\n\n\n\n<p class=\"wp-block-paragraph\"><a><strong><em>@macite.tg&nbsp;&nbsp;&nbsp;&nbsp;&nbsp;&nbsp;&nbsp;&nbsp;<\/em><\/strong><\/a><\/p>\n\n\n\n<p class=\"wp-block-paragraph\"><strong><em>E-mail&nbsp;: <\/em><\/strong><a href=\"mailto:maciteinfo@gmail.com\"><strong><em>maciteinfo@gmail.com<\/em><\/strong><\/a><strong><em>; <\/em><\/strong><a href=\"mailto:bawela1@gmail.com\"><strong><em>bawela1@gmail.com<\/em><\/strong><\/a><strong><em><\/em><\/strong><\/p>\n\n\n\n<p class=\"wp-block-paragraph\"><strong><em>Pour vos annonces, publi-reportages, etc., joignez-nous au (00228)91515309\/<strong>79872224 <\/strong><strong><\/strong><\/em><\/strong><\/p>\n\n\n\n<p class=\"wp-block-paragraph\"><strong><em>www.macite.tg, L\u2019information, la bonne&nbsp;!<\/em><\/strong><\/p>\n\n\n\n<p class=\"wp-block-paragraph\"><\/p>\n","protected":false},"excerpt":{"rendered":"<p class=\"text-justify mb-2\" >Le Togo passe en revue les avanc\u00e9es enregistr\u00e9es dans l\u2019un des plus grands projets commerciaux au monde. La ville d&rsquo;An\u00e9ho abrite, jusqu\u2019au vendredi 5 juin 2026, un atelier national crucial consacr\u00e9 \u00e0 l&rsquo;\u00e9valuation des progr\u00e8s du pays dans la mise en \u0153uvre de la Zone [&hellip;]<\/p>\n","protected":false},"author":2,"featured_media":31066,"comment_status":"open","ping_status":"open","sticky":false,"template":"","format":"standard","meta":{"footnotes":""},"categories":[20,3],"tags":[],"class_list":["post-31065","post","type-post","status-publish","format-standard","has-post-thumbnail","hentry","category-actualite","category-economie"],"yoast_head":"<!-- This site is optimized with the Yoast SEO plugin v28.4 - https:\/\/yoast.com\/product\/yoast-seo-wordpress\/ -->\n<title>ZLECAf : Le Togo fait le point \u00e0 An\u00e9ho sur sa mise en \u0153uvre et acc\u00e9l\u00e8re son int\u00e9gration -<\/title>\n<meta name=\"robots\" content=\"index, follow, max-snippet:-1, max-image-preview:large, max-video-preview:-1\" \/>\n<link rel=\"canonical\" href=\"https:\/\/macite.tg\/?p=31065\" \/>\n<meta property=\"og:locale\" content=\"fr_FR\" \/>\n<meta property=\"og:type\" content=\"article\" \/>\n<meta property=\"og:title\" content=\"ZLECAf : Le Togo fait le point \u00e0 An\u00e9ho sur sa mise en \u0153uvre et acc\u00e9l\u00e8re son int\u00e9gration -\" \/>\n<meta property=\"og:description\" content=\"Le Togo passe en revue les avanc\u00e9es enregistr\u00e9es dans l\u2019un des plus grands projets commerciaux au monde. La ville d&rsquo;An\u00e9ho abrite, jusqu\u2019au vendredi 5 juin 2026, un atelier national crucial consacr\u00e9 \u00e0 l&rsquo;\u00e9valuation des progr\u00e8s du pays dans la mise en \u0153uvre de la Zone [&hellip;]\" \/>\n<meta property=\"og:url\" content=\"https:\/\/macite.tg\/?p=31065\" \/>\n<meta property=\"article:published_time\" content=\"2026-06-04T19:49:21+00:00\" \/>\n<meta property=\"article:modified_time\" content=\"2026-06-04T19:49:33+00:00\" \/>\n<meta property=\"og:image\" content=\"https:\/\/macite.tg\/wp-content\/uploads\/2026\/06\/ZL2CAF-POINT.jpg\" \/>\n\t<meta property=\"og:image:width\" content=\"500\" \/>\n\t<meta property=\"og:image:height\" content=\"375\" \/>\n\t<meta property=\"og:image:type\" content=\"image\/jpeg\" \/>\n<meta name=\"author\" content=\"Jean Pierre BAWELA\" \/>\n<meta name=\"twitter:card\" content=\"summary_large_image\" \/>\n<meta name=\"twitter:label1\" content=\"\u00c9crit par\" \/>\n\t<meta name=\"twitter:data1\" content=\"Jean Pierre BAWELA\" \/>\n\t<meta name=\"twitter:label2\" content=\"Dur\u00e9e de lecture estim\u00e9e\" \/>\n\t<meta name=\"twitter:data2\" content=\"3 minutes\" \/>\n<script type=\"application\/ld+json\" class=\"yoast-schema-graph\">{\"@context\":\"https:\\\/\\\/schema.org\",\"@graph\":[{\"@type\":\"Article\",\"@id\":\"https:\\\/\\\/macite.tg\\\/?p=31065#article\",\"isPartOf\":{\"@id\":\"https:\\\/\\\/macite.tg\\\/?p=31065\"},\"author\":{\"name\":\"Jean Pierre BAWELA\",\"@id\":\"https:\\\/\\\/macite.tg\\\/#\\\/schema\\\/person\\\/e9f2de7e5dbbe7770a9402c7ce82f5c2\"},\"headline\":\"ZLECAf : Le Togo fait le point \u00e0 An\u00e9ho sur sa mise en \u0153uvre et acc\u00e9l\u00e8re son int\u00e9gration\",\"datePublished\":\"2026-06-04T19:49:21+00:00\",\"dateModified\":\"2026-06-04T19:49:33+00:00\",\"mainEntityOfPage\":{\"@id\":\"https:\\\/\\\/macite.tg\\\/?p=31065\"},\"wordCount\":461,\"commentCount\":0,\"image\":{\"@id\":\"https:\\\/\\\/macite.tg\\\/?p=31065#primaryimage\"},\"thumbnailUrl\":\"https:\\\/\\\/macite.tg\\\/wp-content\\\/uploads\\\/2026\\\/06\\\/ZL2CAF-POINT.jpg\",\"articleSection\":[\"ACTUALITE\",\"ECONOMIE\"],\"inLanguage\":\"fr-FR\",\"potentialAction\":[{\"@type\":\"CommentAction\",\"name\":\"Comment\",\"target\":[\"https:\\\/\\\/macite.tg\\\/?p=31065#respond\"]}]},{\"@type\":\"WebPage\",\"@id\":\"https:\\\/\\\/macite.tg\\\/?p=31065\",\"url\":\"https:\\\/\\\/macite.tg\\\/?p=31065\",\"name\":\"ZLECAf : Le Togo fait le point \u00e0 An\u00e9ho sur sa mise en \u0153uvre et acc\u00e9l\u00e8re son int\u00e9gration -\",\"isPartOf\":{\"@id\":\"https:\\\/\\\/macite.tg\\\/#website\"},\"primaryImageOfPage\":{\"@id\":\"https:\\\/\\\/macite.tg\\\/?p=31065#primaryimage\"},\"image\":{\"@id\":\"https:\\\/\\\/macite.tg\\\/?p=31065#primaryimage\"},\"thumbnailUrl\":\"https:\\\/\\\/macite.tg\\\/wp-content\\\/uploads\\\/2026\\\/06\\\/ZL2CAF-POINT.jpg\",\"datePublished\":\"2026-06-04T19:49:21+00:00\",\"dateModified\":\"2026-06-04T19:49:33+00:00\",\"author\":{\"@id\":\"https:\\\/\\\/macite.tg\\\/#\\\/schema\\\/person\\\/e9f2de7e5dbbe7770a9402c7ce82f5c2\"},\"breadcrumb\":{\"@id\":\"https:\\\/\\\/macite.tg\\\/?p=31065#breadcrumb\"},\"inLanguage\":\"fr-FR\",\"potentialAction\":[{\"@type\":\"ReadAction\",\"target\":[\"https:\\\/\\\/macite.tg\\\/?p=31065\"]}]},{\"@type\":\"ImageObject\",\"inLanguage\":\"fr-FR\",\"@id\":\"https:\\\/\\\/macite.tg\\\/?p=31065#primaryimage\",\"url\":\"https:\\\/\\\/macite.tg\\\/wp-content\\\/uploads\\\/2026\\\/06\\\/ZL2CAF-POINT.jpg\",\"contentUrl\":\"https:\\\/\\\/macite.tg\\\/wp-content\\\/uploads\\\/2026\\\/06\\\/ZL2CAF-POINT.jpg\",\"width\":500,\"height\":375},{\"@type\":\"BreadcrumbList\",\"@id\":\"https:\\\/\\\/macite.tg\\\/?p=31065#breadcrumb\",\"itemListElement\":[{\"@type\":\"ListItem\",\"position\":1,\"name\":\"Accueil\",\"item\":\"https:\\\/\\\/macite.tg\\\/\"},{\"@type\":\"ListItem\",\"position\":2,\"name\":\"ZLECAf : Le Togo fait le point \u00e0 An\u00e9ho sur sa mise en \u0153uvre et acc\u00e9l\u00e8re son int\u00e9gration\"}]},{\"@type\":\"WebSite\",\"@id\":\"https:\\\/\\\/macite.tg\\\/#website\",\"url\":\"https:\\\/\\\/macite.tg\\\/\",\"name\":\"\",\"description\":\"L&#039;information, la bonne!!!\",\"potentialAction\":[{\"@type\":\"SearchAction\",\"target\":{\"@type\":\"EntryPoint\",\"urlTemplate\":\"https:\\\/\\\/macite.tg\\\/?s={search_term_string}\"},\"query-input\":{\"@type\":\"PropertyValueSpecification\",\"valueRequired\":true,\"valueName\":\"search_term_string\"}}],\"inLanguage\":\"fr-FR\"},{\"@type\":\"Person\",\"@id\":\"https:\\\/\\\/macite.tg\\\/#\\\/schema\\\/person\\\/e9f2de7e5dbbe7770a9402c7ce82f5c2\",\"name\":\"Jean Pierre BAWELA\",\"image\":{\"@type\":\"ImageObject\",\"inLanguage\":\"fr-FR\",\"@id\":\"https:\\\/\\\/macite.tg\\\/wp-content\\\/uploads\\\/2023\\\/09\\\/WhatsApp-Image-2023-09-19-at-14.44.41-122x122.jpeg\",\"url\":\"https:\\\/\\\/macite.tg\\\/wp-content\\\/uploads\\\/2023\\\/09\\\/WhatsApp-Image-2023-09-19-at-14.44.41-122x122.jpeg\",\"contentUrl\":\"https:\\\/\\\/macite.tg\\\/wp-content\\\/uploads\\\/2023\\\/09\\\/WhatsApp-Image-2023-09-19-at-14.44.41-122x122.jpeg\",\"caption\":\"Jean Pierre BAWELA\"},\"url\":\"https:\\\/\\\/macite.tg\\\/?author=2\"}]}<\/script>\n<!-- \/ Yoast SEO plugin. -->","yoast_head_json":{"title":"ZLECAf : Le Togo fait le point \u00e0 An\u00e9ho sur sa mise en \u0153uvre et acc\u00e9l\u00e8re son int\u00e9gration -","robots":{"index":"index","follow":"follow","max-snippet":"max-snippet:-1","max-image-preview":"max-image-preview:large","max-video-preview":"max-video-preview:-1"},"canonical":"https:\/\/macite.tg\/?p=31065","og_locale":"fr_FR","og_type":"article","og_title":"ZLECAf : Le Togo fait le point \u00e0 An\u00e9ho sur sa mise en \u0153uvre et acc\u00e9l\u00e8re son int\u00e9gration -","og_description":"Le Togo passe en revue les avanc\u00e9es enregistr\u00e9es dans l\u2019un des plus grands projets commerciaux au monde. La ville d&rsquo;An\u00e9ho abrite, jusqu\u2019au vendredi 5 juin 2026, un atelier national crucial consacr\u00e9 \u00e0 l&rsquo;\u00e9valuation des progr\u00e8s du pays dans la mise en \u0153uvre de la Zone [&hellip;]","og_url":"https:\/\/macite.tg\/?p=31065","article_published_time":"2026-06-04T19:49:21+00:00","article_modified_time":"2026-06-04T19:49:33+00:00","og_image":[{"width":500,"height":375,"url":"https:\/\/macite.tg\/wp-content\/uploads\/2026\/06\/ZL2CAF-POINT.jpg","type":"image\/jpeg"}],"author":"Jean Pierre BAWELA","twitter_card":"summary_large_image","twitter_misc":{"\u00c9crit par":"Jean Pierre BAWELA","Dur\u00e9e de lecture estim\u00e9e":"3 minutes"},"schema":{"@context":"https:\/\/schema.org","@graph":[{"@type":"Article","@id":"https:\/\/macite.tg\/?p=31065#article","isPartOf":{"@id":"https:\/\/macite.tg\/?p=31065"},"author":{"name":"Jean Pierre BAWELA","@id":"https:\/\/macite.tg\/#\/schema\/person\/e9f2de7e5dbbe7770a9402c7ce82f5c2"},"headline":"ZLECAf : Le Togo fait le point \u00e0 An\u00e9ho sur sa mise en \u0153uvre et acc\u00e9l\u00e8re son int\u00e9gration","datePublished":"2026-06-04T19:49:21+00:00","dateModified":"2026-06-04T19:49:33+00:00","mainEntityOfPage":{"@id":"https:\/\/macite.tg\/?p=31065"},"wordCount":461,"commentCount":0,"image":{"@id":"https:\/\/macite.tg\/?p=31065#primaryimage"},"thumbnailUrl":"https:\/\/macite.tg\/wp-content\/uploads\/2026\/06\/ZL2CAF-POINT.jpg","articleSection":["ACTUALITE","ECONOMIE"],"inLanguage":"fr-FR","potentialAction":[{"@type":"CommentAction","name":"Comment","target":["https:\/\/macite.tg\/?p=31065#respond"]}]},{"@type":"WebPage","@id":"https:\/\/macite.tg\/?p=31065","url":"https:\/\/macite.tg\/?p=31065","name":"ZLECAf : Le Togo fait le point \u00e0 An\u00e9ho sur sa mise en \u0153uvre et acc\u00e9l\u00e8re son int\u00e9gration -","isPartOf":{"@id":"https:\/\/macite.tg\/#website"},"primaryImageOfPage":{"@id":"https:\/\/macite.tg\/?p=31065#primaryimage"},"image":{"@id":"https:\/\/macite.tg\/?p=31065#primaryimage"},"thumbnailUrl":"https:\/\/macite.tg\/wp-content\/uploads\/2026\/06\/ZL2CAF-POINT.jpg","datePublished":"2026-06-04T19:49:21+00:00","dateModified":"2026-06-04T19:49:33+00:00","author":{"@id":"https:\/\/macite.tg\/#\/schema\/person\/e9f2de7e5dbbe7770a9402c7ce82f5c2"},"breadcrumb":{"@id":"https:\/\/macite.tg\/?p=31065#breadcrumb"},"inLanguage":"fr-FR","potentialAction":[{"@type":"ReadAction","target":["https:\/\/macite.tg\/?p=31065"]}]},{"@type":"ImageObject","inLanguage":"fr-FR","@id":"https:\/\/macite.tg\/?p=31065#primaryimage","url":"https:\/\/macite.tg\/wp-content\/uploads\/2026\/06\/ZL2CAF-POINT.jpg","contentUrl":"https:\/\/macite.tg\/wp-content\/uploads\/2026\/06\/ZL2CAF-POINT.jpg","width":500,"height":375},{"@type":"BreadcrumbList","@id":"https:\/\/macite.tg\/?p=31065#breadcrumb","itemListElement":[{"@type":"ListItem","position":1,"name":"Accueil","item":"https:\/\/macite.tg\/"},{"@type":"ListItem","position":2,"name":"ZLECAf : Le Togo fait le point \u00e0 An\u00e9ho sur sa mise en \u0153uvre et acc\u00e9l\u00e8re son int\u00e9gration"}]},{"@type":"WebSite","@id":"https:\/\/macite.tg\/#website","url":"https:\/\/macite.tg\/","name":"","description":"L&#039;information, la bonne!!!","potentialAction":[{"@type":"SearchAction","target":{"@type":"EntryPoint","urlTemplate":"https:\/\/macite.tg\/?s={search_term_string}"},"query-input":{"@type":"PropertyValueSpecification","valueRequired":true,"valueName":"search_term_string"}}],"inLanguage":"fr-FR"},{"@type":"Person","@id":"https:\/\/macite.tg\/#\/schema\/person\/e9f2de7e5dbbe7770a9402c7ce82f5c2","name":"Jean Pierre BAWELA","image":{"@type":"ImageObject","inLanguage":"fr-FR","@id":"https:\/\/macite.tg\/wp-content\/uploads\/2023\/09\/WhatsApp-Image-2023-09-19-at-14.44.41-122x122.jpeg","url":"https:\/\/macite.tg\/wp-content\/uploads\/2023\/09\/WhatsApp-Image-2023-09-19-at-14.44.41-122x122.jpeg","contentUrl":"https:\/\/macite.tg\/wp-content\/uploads\/2023\/09\/WhatsApp-Image-2023-09-19-at-14.44.41-122x122.jpeg","caption":"Jean Pierre BAWELA"},"url":"https:\/\/macite.tg\/?author=2"}]}},"_links":{"self":[{"href":"https:\/\/macite.tg\/index.php?rest_route=\/wp\/v2\/posts\/31065","targetHints":{"allow":["GET"]}}],"collection":[{"href":"https:\/\/macite.tg\/index.php?rest_route=\/wp\/v2\/posts"}],"about":[{"href":"https:\/\/macite.tg\/index.php?rest_route=\/wp\/v2\/types\/post"}],"author":[{"embeddable":true,"href":"https:\/\/macite.tg\/index.php?rest_route=\/wp\/v2\/users\/2"}],"replies":[{"embeddable":true,"href":"https:\/\/macite.tg\/index.php?rest_route=%2Fwp%2Fv2%2Fcomments&post=31065"}],"version-history":[{"count":0,"href":"https:\/\/macite.tg\/index.php?rest_route=\/wp\/v2\/posts\/31065\/revisions"}],"wp:featuredmedia":[{"embeddable":true,"href":"https:\/\/macite.tg\/index.php?rest_route=\/wp\/v2\/media\/31066"}],"wp:attachment":[{"href":"https:\/\/macite.tg\/index.php?rest_route=%2Fwp%2Fv2%2Fmedia&parent=31065"}],"wp:term":[{"taxonomy":"category","embeddable":true,"href":"https:\/\/macite.tg\/index.php?rest_route=%2Fwp%2Fv2%2Fcategories&post=31065"},{"taxonomy":"post_tag","embeddable":true,"href":"https:\/\/macite.tg\/index.php?rest_route=%2Fwp%2Fv2%2Ftags&post=31065"}],"curies":[{"name":"wp","href":"https:\/\/api.w.org\/{rel}","templated":true}]}}