{"id":30892,"date":"2026-05-29T11:20:58","date_gmt":"2026-05-29T11:20:58","guid":{"rendered":"https:\/\/macite.tg\/?p=30892"},"modified":"2026-05-29T11:21:03","modified_gmt":"2026-05-29T11:21:03","slug":"aid-al-adha-le-souverain-marocain-a-accompli-sa-priere-a-la-mosquee-de-ahl-fes-et-procede-au-rituel-du-sacrifie","status":"publish","type":"post","link":"https:\/\/macite.tg\/?p=30892","title":{"rendered":"A\u00cfD AL-ADHA\u00a0: Le Souverain marocain a accompli sa pri\u00e8re \u00e0 la mosqu\u00e9e de \u00ab\u00a0Ahl F\u00e8s\u00a0\u00bb et proc\u00e9d\u00e9 au rituel du sacrifie"},"content":{"rendered":"\n<p class=\"wp-block-paragraph\"><strong><em>Le Roi Mohammed VI, Amir Al-Mouminine, accompagn\u00e9 du Prince H\u00e9ritier Moulay El Hassan, du Prince Moulay Rachid, et du Prince Moulay Ahmed, a accompli, le mercredi 10 Di Al Hijja 1447 de l\u2019H\u00e9gire, correspondant au 26 mai 2026, la pri\u00e8re de l\u2019A\u00efd Al-Adha b\u00e9ni \u00e0 la mosqu\u00e9e \u00ab\u00a0Ahl F\u00e8s\u00a0\u00bb au Mechouar \u00e0 Rabat.<\/em><\/strong><\/p>\n\n\n\n<p class=\"wp-block-paragraph\">De nombreux citoyens se sont mass\u00e9s tout au long de l\u2019itin\u00e9raire emprunt\u00e9 par le cort\u00e8ge royal pour partager avec le Roi, Amir Al-Mouminine, la joie de ce jour b\u00e9ni et souhaiter au Souverain bonne f\u00eate et longue vie.<\/p>\n\n\n\n<p class=\"wp-block-paragraph\">A son arriv\u00e9e \u00e0 la mosqu\u00e9e, le Souverain a pass\u00e9 en revue un d\u00e9tachement de la Garde Royale qui rendait les honneurs.<\/p>\n\n\n\n<figure class=\"wp-block-image size-full\"><img loading=\"lazy\" decoding=\"async\" width=\"851\" height=\"315\" src=\"https:\/\/macite.tg\/wp-content\/uploads\/2026\/05\/OTR_Bandeau-Renseignements.jpg\" alt=\"\" class=\"wp-image-30797\" srcset=\"https:\/\/macite.tg\/wp-content\/uploads\/2026\/05\/OTR_Bandeau-Renseignements.jpg 851w, https:\/\/macite.tg\/wp-content\/uploads\/2026\/05\/OTR_Bandeau-Renseignements-300x111.jpg 300w, https:\/\/macite.tg\/wp-content\/uploads\/2026\/05\/OTR_Bandeau-Renseignements-768x284.jpg 768w\" sizes=\"auto, (max-width: 851px) 100vw, 851px\" \/><\/figure>\n\n\n\n<p class=\"wp-block-paragraph\">Apr\u00e8s la pri\u00e8re de l\u2019A\u00efd, l\u2019Imam a soulign\u00e9 dans son pr\u00eache les significations profondes de l\u2019A\u00efd Al Adha qui couronne les dix premiers jours de Di Al Hijja durant lesquels les musulmans raffermissent leur foi en Dieu et Lui rendent gr\u00e2ce pour les nombreux bienfaits dont Il les a gratifi\u00e9s, notant que cette f\u00eate est un don du divin \u00e0 travers laquelle se manifestent l\u2019unit\u00e9, la fraternit\u00e9, l\u2019entraide et la solidarit\u00e9 entre musulmans.<\/p>\n\n\n\n<p class=\"wp-block-paragraph\">L\u2019Imam a, en outre, relev\u00e9 que le Roi veille avant toute chose \u00e0 l\u2019exercice du culte et \u00e0 la cons\u00e9cration de ses valeurs et pr\u00e9ceptes.<\/p>\n\n\n\n<p class=\"wp-block-paragraph\">L\u2019Imam a conclu en implorant le Tr\u00e8s-Haut de pr\u00e9server le Roi, Amir Al-Mouminine, de couronner de succ\u00e8s ses actions pour le bien de son peuple fid\u00e8le et de le combler en les personnes du Prince H\u00e9ritier Moulay El Hassan, du Prince Moulay Rachid et de l\u2019ensemble des membres de la famille royale.<\/p>\n\n\n\n<p class=\"wp-block-paragraph\">Il a \u00e9galement \u00e9lev\u00e9 des pri\u00e8res pour le repos de l\u2019\u00e2me des regrett\u00e9s Souverains, feu Mohammed V et feu Hassan II, que Dieu les accueille en Sa Sainte Mis\u00e9ricorde.<\/p>\n\n\n<div class=\"wp-block-image\">\n<figure class=\"aligncenter size-full\"><img loading=\"lazy\" decoding=\"async\" width=\"509\" height=\"720\" src=\"https:\/\/macite.tg\/wp-content\/uploads\/2026\/05\/OTR_Payez-la-TVM-simple-et-pratique.jpg\" alt=\"\" class=\"wp-image-30871\" srcset=\"https:\/\/macite.tg\/wp-content\/uploads\/2026\/05\/OTR_Payez-la-TVM-simple-et-pratique.jpg 509w, https:\/\/macite.tg\/wp-content\/uploads\/2026\/05\/OTR_Payez-la-TVM-simple-et-pratique-212x300.jpg 212w\" sizes=\"auto, (max-width: 509px) 100vw, 509px\" \/><\/figure>\n<\/div>\n\n\n<p class=\"wp-block-paragraph\">Par la suite, Amir Al-Mouminine, a proc\u00e9d\u00e9 au rituel du sacrifice, suivant en cela la tradition du Proph\u00e8te Sidna Mohammed, que la paix et la b\u00e9n\u00e9diction soient sur Lui. Sur ce, l\u2019Imam de la mosqu\u00e9e a proc\u00e9d\u00e9 \u00e0 l\u2019immolation du deuxi\u00e8me mouton.<\/p>\n\n\n\n<p class=\"wp-block-paragraph\">Le Roi a, ensuite, regagn\u00e9 le Palais Royal au milieu des acclamations des citoyens venus nombreux pour r\u00e9it\u00e9rer leur ind\u00e9fectible attachement au Tr\u00f4ne Alaouite et \u00e0 la personne du Souverain. En m\u00eame temps, des coups de canon retentissaient \u00e0 l\u2019occasion de ce jour de f\u00eate.<\/p>\n\n\n\n<p class=\"wp-block-paragraph\"><strong>MSN<\/strong><\/p>\n\n\n\n<p class=\"wp-block-paragraph\"><a><strong><em>@macite.tg&nbsp;&nbsp;&nbsp;&nbsp;&nbsp;&nbsp;&nbsp;&nbsp;<\/em><\/strong><\/a><\/p>\n\n\n\n<p class=\"wp-block-paragraph\"><strong><em>E-mail&nbsp;: <\/em><\/strong><a href=\"mailto:maciteinfo@gmail.com\"><strong><em>maciteinfo@gmail.com<\/em><\/strong><\/a><strong><em>; <\/em><\/strong><a href=\"mailto:bawela1@gmail.com\"><strong><em>bawela1@gmail.com<\/em><\/strong><\/a><strong><em><\/em><\/strong><\/p>\n\n\n\n<p class=\"wp-block-paragraph\"><strong><em>Pour vos annonces, publi-reportages, etc., joignez-nous au (00228)91515309\/<strong>79872224 <\/strong><strong><\/strong><\/em><\/strong><\/p>\n\n\n\n<p class=\"wp-block-paragraph\"><strong><em>www.macite.tg, L\u2019information, la bonne&nbsp;!<\/em><\/strong><\/p>\n\n\n\n<p class=\"wp-block-paragraph\"><\/p>\n","protected":false},"excerpt":{"rendered":"<p class=\"text-justify mb-2\" >Le Roi Mohammed VI, Amir Al-Mouminine, accompagn\u00e9 du Prince H\u00e9ritier Moulay El Hassan, du Prince Moulay Rachid, et du Prince Moulay Ahmed, a accompli, le mercredi 10 Di Al Hijja 1447 de l\u2019H\u00e9gire, correspondant au 26 mai 2026, la pri\u00e8re de l\u2019A\u00efd Al-Adha b\u00e9ni \u00e0 [&hellip;]<\/p>\n","protected":false},"author":2,"featured_media":30895,"comment_status":"open","ping_status":"open","sticky":false,"template":"","format":"standard","meta":{"footnotes":""},"categories":[20,6],"tags":[],"class_list":["post-30892","post","type-post","status-publish","format-standard","has-post-thumbnail","hentry","category-actualite","category-societe"],"yoast_head":"<!-- This site is optimized with the Yoast SEO plugin v28.4 - https:\/\/yoast.com\/product\/yoast-seo-wordpress\/ -->\n<title>A\u00cfD AL-ADHA\u00a0: Le Souverain marocain a accompli sa pri\u00e8re \u00e0 la mosqu\u00e9e de \u00ab\u00a0Ahl F\u00e8s\u00a0\u00bb et proc\u00e9d\u00e9 au rituel du sacrifie -<\/title>\n<meta name=\"robots\" content=\"index, follow, max-snippet:-1, max-image-preview:large, max-video-preview:-1\" \/>\n<link rel=\"canonical\" href=\"https:\/\/macite.tg\/?p=30892\" \/>\n<meta property=\"og:locale\" content=\"fr_FR\" \/>\n<meta property=\"og:type\" content=\"article\" \/>\n<meta property=\"og:title\" content=\"A\u00cfD AL-ADHA\u00a0: Le Souverain marocain a accompli sa pri\u00e8re \u00e0 la mosqu\u00e9e de \u00ab\u00a0Ahl F\u00e8s\u00a0\u00bb et proc\u00e9d\u00e9 au rituel du sacrifie -\" \/>\n<meta property=\"og:description\" content=\"Le Roi Mohammed VI, Amir Al-Mouminine, accompagn\u00e9 du Prince H\u00e9ritier Moulay El Hassan, du Prince Moulay Rachid, et du Prince Moulay Ahmed, a accompli, le mercredi 10 Di Al Hijja 1447 de l\u2019H\u00e9gire, correspondant au 26 mai 2026, la pri\u00e8re de l\u2019A\u00efd Al-Adha b\u00e9ni \u00e0 [&hellip;]\" \/>\n<meta property=\"og:url\" content=\"https:\/\/macite.tg\/?p=30892\" \/>\n<meta property=\"article:published_time\" content=\"2026-05-29T11:20:58+00:00\" \/>\n<meta property=\"article:modified_time\" content=\"2026-05-29T11:21:03+00:00\" \/>\n<meta property=\"og:image\" content=\"https:\/\/macite.tg\/wp-content\/uploads\/2026\/05\/image-120.png\" \/>\n\t<meta property=\"og:image:width\" content=\"534\" \/>\n\t<meta property=\"og:image:height\" content=\"356\" \/>\n\t<meta property=\"og:image:type\" content=\"image\/png\" \/>\n<meta name=\"author\" content=\"Jean Pierre BAWELA\" \/>\n<meta name=\"twitter:card\" content=\"summary_large_image\" \/>\n<meta name=\"twitter:label1\" content=\"\u00c9crit par\" \/>\n\t<meta name=\"twitter:data1\" content=\"Jean Pierre BAWELA\" \/>\n\t<meta name=\"twitter:label2\" content=\"Dur\u00e9e de lecture estim\u00e9e\" \/>\n\t<meta name=\"twitter:data2\" content=\"3 minutes\" \/>\n<script type=\"application\/ld+json\" class=\"yoast-schema-graph\">{\"@context\":\"https:\\\/\\\/schema.org\",\"@graph\":[{\"@type\":\"Article\",\"@id\":\"https:\\\/\\\/macite.tg\\\/?p=30892#article\",\"isPartOf\":{\"@id\":\"https:\\\/\\\/macite.tg\\\/?p=30892\"},\"author\":{\"name\":\"Jean Pierre BAWELA\",\"@id\":\"https:\\\/\\\/macite.tg\\\/#\\\/schema\\\/person\\\/e9f2de7e5dbbe7770a9402c7ce82f5c2\"},\"headline\":\"A\u00cfD AL-ADHA\u00a0: Le Souverain marocain a accompli sa pri\u00e8re \u00e0 la mosqu\u00e9e de \u00ab\u00a0Ahl F\u00e8s\u00a0\u00bb et proc\u00e9d\u00e9 au rituel du sacrifie\",\"datePublished\":\"2026-05-29T11:20:58+00:00\",\"dateModified\":\"2026-05-29T11:21:03+00:00\",\"mainEntityOfPage\":{\"@id\":\"https:\\\/\\\/macite.tg\\\/?p=30892\"},\"wordCount\":487,\"commentCount\":0,\"image\":{\"@id\":\"https:\\\/\\\/macite.tg\\\/?p=30892#primaryimage\"},\"thumbnailUrl\":\"https:\\\/\\\/macite.tg\\\/wp-content\\\/uploads\\\/2026\\\/05\\\/image-120.png\",\"articleSection\":[\"ACTUALITE\",\"SOCIETE\"],\"inLanguage\":\"fr-FR\",\"potentialAction\":[{\"@type\":\"CommentAction\",\"name\":\"Comment\",\"target\":[\"https:\\\/\\\/macite.tg\\\/?p=30892#respond\"]}]},{\"@type\":\"WebPage\",\"@id\":\"https:\\\/\\\/macite.tg\\\/?p=30892\",\"url\":\"https:\\\/\\\/macite.tg\\\/?p=30892\",\"name\":\"A\u00cfD AL-ADHA\u00a0: Le Souverain marocain a accompli sa pri\u00e8re \u00e0 la mosqu\u00e9e de \u00ab\u00a0Ahl F\u00e8s\u00a0\u00bb et proc\u00e9d\u00e9 au rituel du sacrifie -\",\"isPartOf\":{\"@id\":\"https:\\\/\\\/macite.tg\\\/#website\"},\"primaryImageOfPage\":{\"@id\":\"https:\\\/\\\/macite.tg\\\/?p=30892#primaryimage\"},\"image\":{\"@id\":\"https:\\\/\\\/macite.tg\\\/?p=30892#primaryimage\"},\"thumbnailUrl\":\"https:\\\/\\\/macite.tg\\\/wp-content\\\/uploads\\\/2026\\\/05\\\/image-120.png\",\"datePublished\":\"2026-05-29T11:20:58+00:00\",\"dateModified\":\"2026-05-29T11:21:03+00:00\",\"author\":{\"@id\":\"https:\\\/\\\/macite.tg\\\/#\\\/schema\\\/person\\\/e9f2de7e5dbbe7770a9402c7ce82f5c2\"},\"breadcrumb\":{\"@id\":\"https:\\\/\\\/macite.tg\\\/?p=30892#breadcrumb\"},\"inLanguage\":\"fr-FR\",\"potentialAction\":[{\"@type\":\"ReadAction\",\"target\":[\"https:\\\/\\\/macite.tg\\\/?p=30892\"]}]},{\"@type\":\"ImageObject\",\"inLanguage\":\"fr-FR\",\"@id\":\"https:\\\/\\\/macite.tg\\\/?p=30892#primaryimage\",\"url\":\"https:\\\/\\\/macite.tg\\\/wp-content\\\/uploads\\\/2026\\\/05\\\/image-120.png\",\"contentUrl\":\"https:\\\/\\\/macite.tg\\\/wp-content\\\/uploads\\\/2026\\\/05\\\/image-120.png\",\"width\":534,\"height\":356},{\"@type\":\"BreadcrumbList\",\"@id\":\"https:\\\/\\\/macite.tg\\\/?p=30892#breadcrumb\",\"itemListElement\":[{\"@type\":\"ListItem\",\"position\":1,\"name\":\"Accueil\",\"item\":\"https:\\\/\\\/macite.tg\\\/\"},{\"@type\":\"ListItem\",\"position\":2,\"name\":\"A\u00cfD AL-ADHA\u00a0: Le Souverain marocain a accompli sa pri\u00e8re \u00e0 la mosqu\u00e9e de \u00ab\u00a0Ahl F\u00e8s\u00a0\u00bb et proc\u00e9d\u00e9 au rituel du sacrifie\"}]},{\"@type\":\"WebSite\",\"@id\":\"https:\\\/\\\/macite.tg\\\/#website\",\"url\":\"https:\\\/\\\/macite.tg\\\/\",\"name\":\"\",\"description\":\"L&#039;information, la bonne!!!\",\"potentialAction\":[{\"@type\":\"SearchAction\",\"target\":{\"@type\":\"EntryPoint\",\"urlTemplate\":\"https:\\\/\\\/macite.tg\\\/?s={search_term_string}\"},\"query-input\":{\"@type\":\"PropertyValueSpecification\",\"valueRequired\":true,\"valueName\":\"search_term_string\"}}],\"inLanguage\":\"fr-FR\"},{\"@type\":\"Person\",\"@id\":\"https:\\\/\\\/macite.tg\\\/#\\\/schema\\\/person\\\/e9f2de7e5dbbe7770a9402c7ce82f5c2\",\"name\":\"Jean Pierre BAWELA\",\"image\":{\"@type\":\"ImageObject\",\"inLanguage\":\"fr-FR\",\"@id\":\"https:\\\/\\\/macite.tg\\\/wp-content\\\/uploads\\\/2023\\\/09\\\/WhatsApp-Image-2023-09-19-at-14.44.41-122x122.jpeg\",\"url\":\"https:\\\/\\\/macite.tg\\\/wp-content\\\/uploads\\\/2023\\\/09\\\/WhatsApp-Image-2023-09-19-at-14.44.41-122x122.jpeg\",\"contentUrl\":\"https:\\\/\\\/macite.tg\\\/wp-content\\\/uploads\\\/2023\\\/09\\\/WhatsApp-Image-2023-09-19-at-14.44.41-122x122.jpeg\",\"caption\":\"Jean Pierre BAWELA\"},\"url\":\"https:\\\/\\\/macite.tg\\\/?author=2\"}]}<\/script>\n<!-- \/ Yoast SEO plugin. -->","yoast_head_json":{"title":"A\u00cfD AL-ADHA\u00a0: Le Souverain marocain a accompli sa pri\u00e8re \u00e0 la mosqu\u00e9e de \u00ab\u00a0Ahl F\u00e8s\u00a0\u00bb et proc\u00e9d\u00e9 au rituel du sacrifie -","robots":{"index":"index","follow":"follow","max-snippet":"max-snippet:-1","max-image-preview":"max-image-preview:large","max-video-preview":"max-video-preview:-1"},"canonical":"https:\/\/macite.tg\/?p=30892","og_locale":"fr_FR","og_type":"article","og_title":"A\u00cfD AL-ADHA\u00a0: Le Souverain marocain a accompli sa pri\u00e8re \u00e0 la mosqu\u00e9e de \u00ab\u00a0Ahl F\u00e8s\u00a0\u00bb et proc\u00e9d\u00e9 au rituel du sacrifie -","og_description":"Le Roi Mohammed VI, Amir Al-Mouminine, accompagn\u00e9 du Prince H\u00e9ritier Moulay El Hassan, du Prince Moulay Rachid, et du Prince Moulay Ahmed, a accompli, le mercredi 10 Di Al Hijja 1447 de l\u2019H\u00e9gire, correspondant au 26 mai 2026, la pri\u00e8re de l\u2019A\u00efd Al-Adha b\u00e9ni \u00e0 [&hellip;]","og_url":"https:\/\/macite.tg\/?p=30892","article_published_time":"2026-05-29T11:20:58+00:00","article_modified_time":"2026-05-29T11:21:03+00:00","og_image":[{"width":534,"height":356,"url":"https:\/\/macite.tg\/wp-content\/uploads\/2026\/05\/image-120.png","type":"image\/png"}],"author":"Jean Pierre BAWELA","twitter_card":"summary_large_image","twitter_misc":{"\u00c9crit par":"Jean Pierre BAWELA","Dur\u00e9e de lecture estim\u00e9e":"3 minutes"},"schema":{"@context":"https:\/\/schema.org","@graph":[{"@type":"Article","@id":"https:\/\/macite.tg\/?p=30892#article","isPartOf":{"@id":"https:\/\/macite.tg\/?p=30892"},"author":{"name":"Jean Pierre BAWELA","@id":"https:\/\/macite.tg\/#\/schema\/person\/e9f2de7e5dbbe7770a9402c7ce82f5c2"},"headline":"A\u00cfD AL-ADHA\u00a0: Le Souverain marocain a accompli sa pri\u00e8re \u00e0 la mosqu\u00e9e de \u00ab\u00a0Ahl F\u00e8s\u00a0\u00bb et proc\u00e9d\u00e9 au rituel du sacrifie","datePublished":"2026-05-29T11:20:58+00:00","dateModified":"2026-05-29T11:21:03+00:00","mainEntityOfPage":{"@id":"https:\/\/macite.tg\/?p=30892"},"wordCount":487,"commentCount":0,"image":{"@id":"https:\/\/macite.tg\/?p=30892#primaryimage"},"thumbnailUrl":"https:\/\/macite.tg\/wp-content\/uploads\/2026\/05\/image-120.png","articleSection":["ACTUALITE","SOCIETE"],"inLanguage":"fr-FR","potentialAction":[{"@type":"CommentAction","name":"Comment","target":["https:\/\/macite.tg\/?p=30892#respond"]}]},{"@type":"WebPage","@id":"https:\/\/macite.tg\/?p=30892","url":"https:\/\/macite.tg\/?p=30892","name":"A\u00cfD AL-ADHA\u00a0: Le Souverain marocain a accompli sa pri\u00e8re \u00e0 la mosqu\u00e9e de \u00ab\u00a0Ahl F\u00e8s\u00a0\u00bb et proc\u00e9d\u00e9 au rituel du sacrifie -","isPartOf":{"@id":"https:\/\/macite.tg\/#website"},"primaryImageOfPage":{"@id":"https:\/\/macite.tg\/?p=30892#primaryimage"},"image":{"@id":"https:\/\/macite.tg\/?p=30892#primaryimage"},"thumbnailUrl":"https:\/\/macite.tg\/wp-content\/uploads\/2026\/05\/image-120.png","datePublished":"2026-05-29T11:20:58+00:00","dateModified":"2026-05-29T11:21:03+00:00","author":{"@id":"https:\/\/macite.tg\/#\/schema\/person\/e9f2de7e5dbbe7770a9402c7ce82f5c2"},"breadcrumb":{"@id":"https:\/\/macite.tg\/?p=30892#breadcrumb"},"inLanguage":"fr-FR","potentialAction":[{"@type":"ReadAction","target":["https:\/\/macite.tg\/?p=30892"]}]},{"@type":"ImageObject","inLanguage":"fr-FR","@id":"https:\/\/macite.tg\/?p=30892#primaryimage","url":"https:\/\/macite.tg\/wp-content\/uploads\/2026\/05\/image-120.png","contentUrl":"https:\/\/macite.tg\/wp-content\/uploads\/2026\/05\/image-120.png","width":534,"height":356},{"@type":"BreadcrumbList","@id":"https:\/\/macite.tg\/?p=30892#breadcrumb","itemListElement":[{"@type":"ListItem","position":1,"name":"Accueil","item":"https:\/\/macite.tg\/"},{"@type":"ListItem","position":2,"name":"A\u00cfD AL-ADHA\u00a0: Le Souverain marocain a accompli sa pri\u00e8re \u00e0 la mosqu\u00e9e de \u00ab\u00a0Ahl F\u00e8s\u00a0\u00bb et proc\u00e9d\u00e9 au rituel du sacrifie"}]},{"@type":"WebSite","@id":"https:\/\/macite.tg\/#website","url":"https:\/\/macite.tg\/","name":"","description":"L&#039;information, la bonne!!!","potentialAction":[{"@type":"SearchAction","target":{"@type":"EntryPoint","urlTemplate":"https:\/\/macite.tg\/?s={search_term_string}"},"query-input":{"@type":"PropertyValueSpecification","valueRequired":true,"valueName":"search_term_string"}}],"inLanguage":"fr-FR"},{"@type":"Person","@id":"https:\/\/macite.tg\/#\/schema\/person\/e9f2de7e5dbbe7770a9402c7ce82f5c2","name":"Jean Pierre BAWELA","image":{"@type":"ImageObject","inLanguage":"fr-FR","@id":"https:\/\/macite.tg\/wp-content\/uploads\/2023\/09\/WhatsApp-Image-2023-09-19-at-14.44.41-122x122.jpeg","url":"https:\/\/macite.tg\/wp-content\/uploads\/2023\/09\/WhatsApp-Image-2023-09-19-at-14.44.41-122x122.jpeg","contentUrl":"https:\/\/macite.tg\/wp-content\/uploads\/2023\/09\/WhatsApp-Image-2023-09-19-at-14.44.41-122x122.jpeg","caption":"Jean Pierre BAWELA"},"url":"https:\/\/macite.tg\/?author=2"}]}},"_links":{"self":[{"href":"https:\/\/macite.tg\/index.php?rest_route=\/wp\/v2\/posts\/30892","targetHints":{"allow":["GET"]}}],"collection":[{"href":"https:\/\/macite.tg\/index.php?rest_route=\/wp\/v2\/posts"}],"about":[{"href":"https:\/\/macite.tg\/index.php?rest_route=\/wp\/v2\/types\/post"}],"author":[{"embeddable":true,"href":"https:\/\/macite.tg\/index.php?rest_route=\/wp\/v2\/users\/2"}],"replies":[{"embeddable":true,"href":"https:\/\/macite.tg\/index.php?rest_route=%2Fwp%2Fv2%2Fcomments&post=30892"}],"version-history":[{"count":0,"href":"https:\/\/macite.tg\/index.php?rest_route=\/wp\/v2\/posts\/30892\/revisions"}],"wp:featuredmedia":[{"embeddable":true,"href":"https:\/\/macite.tg\/index.php?rest_route=\/wp\/v2\/media\/30895"}],"wp:attachment":[{"href":"https:\/\/macite.tg\/index.php?rest_route=%2Fwp%2Fv2%2Fmedia&parent=30892"}],"wp:term":[{"taxonomy":"category","embeddable":true,"href":"https:\/\/macite.tg\/index.php?rest_route=%2Fwp%2Fv2%2Fcategories&post=30892"},{"taxonomy":"post_tag","embeddable":true,"href":"https:\/\/macite.tg\/index.php?rest_route=%2Fwp%2Fv2%2Ftags&post=30892"}],"curies":[{"name":"wp","href":"https:\/\/api.w.org\/{rel}","templated":true}]}}