{"id":30882,"date":"2026-05-29T10:04:11","date_gmt":"2026-05-29T10:04:11","guid":{"rendered":"https:\/\/macite.tg\/?p=30882"},"modified":"2026-05-29T10:23:21","modified_gmt":"2026-05-29T10:23:21","slug":"environnement-vers-une-restructuration-du-corps-des-agents-des-eaux-et-forets","status":"publish","type":"post","link":"https:\/\/macite.tg\/?p=30882","title":{"rendered":"ENVIRONNEMENT : Vers une restructuration du corps des agents des eaux et for\u00eats"},"content":{"rendered":"\n<p class=\"wp-block-paragraph\"><strong><em>Face aux urgences \u00e9cologiques actuelles, l\u2019ex\u00e9cutif togolais passe \u00e0 la vitesse sup\u00e9rieure. R\u00e9uni en Conseil des ministres le mardi 26 mai 2026, le gouvernement a examin\u00e9, en premi\u00e8re lecture, un projet de d\u00e9cret visant la restructuration et la modernisation du corps des agents des eaux et for\u00eats.<\/em><\/strong><\/p>\n\n\n\n<p class=\"wp-block-paragraph\">Cette r\u00e9forme d&rsquo;envergure a pour objectif de red\u00e9finir les capacit\u00e9s d&rsquo;action de cette force paramilitaire, qui constitue le bras op\u00e9rationnel du minist\u00e8re de l\u2019Environnement et des Ressources foresti\u00e8res.<\/p>\n\n\n\n<p class=\"wp-block-paragraph\">Le Togo fait face, comme de nombreux pays, \u00e0 des menaces environnementales de plus en plus pressantes. Face aux nombreux d\u00e9fis, il \u00e9tait indispensable d\u2019op\u00e9rer cette r\u00e9forme pour y r\u00e9pondre efficacement. Au rang de ces d\u00e9fis, le changement climatique et l&rsquo;urgence d&rsquo;adapter les politiques de pr\u00e9servation, mais aussi la d\u00e9forestation et la d\u00e9gradation continue des terres arables. <\/p>\n\n\n\n<figure class=\"wp-block-image size-full\"><img loading=\"lazy\" decoding=\"async\" width=\"947\" height=\"202\" src=\"https:\/\/macite.tg\/wp-content\/uploads\/2026\/05\/zio-lodge.jpg\" alt=\"\" class=\"wp-image-30861\" srcset=\"https:\/\/macite.tg\/wp-content\/uploads\/2026\/05\/zio-lodge.jpg 947w, https:\/\/macite.tg\/wp-content\/uploads\/2026\/05\/zio-lodge-300x64.jpg 300w, https:\/\/macite.tg\/wp-content\/uploads\/2026\/05\/zio-lodge-768x164.jpg 768w\" sizes=\"auto, (max-width: 947px) 100vw, 947px\" \/><\/figure>\n\n\n\n<p class=\"wp-block-paragraph\">Il ne faut surtout pas ignorer le ph\u00e9nom\u00e8ne du braconnage et le commerce illicite de la faune sauvage, sans oublier l\u2019exploitation abusive et clandestine des ressources foresti\u00e8res pr\u00e9cieuses.<\/p>\n\n\n\n<p class=\"wp-block-paragraph\">L\u2019ambition pour l\u2019ex\u00e9cutif est d\u2019am\u00e9liorer l&rsquo;efficacit\u00e9 op\u00e9rationnelle des agents, renforcer leur maillage territorial (pr\u00e9sence sur le terrain) et doper leurs capacit\u00e9s de surveillance et d\u2019intervention face aux infractions environnementales.<\/p>\n\n\n\n<p class=\"wp-block-paragraph\"><strong>Les nouvelles missions de ce corps paramilitaire<\/strong><\/p>\n\n\n\n<p class=\"wp-block-paragraph\">Le d\u00e9cret tr\u00e8s attendu devra clarifier et structurer les comp\u00e9tences de cette entit\u00e9. Les agents des eaux et for\u00eats verront leurs actions renforc\u00e9es autour de quatre piliers strat\u00e9giques notamment &nbsp;la gestion durable \u00e0 travers la veille \u00e0 l&rsquo;exploitation raisonn\u00e9e des ressources foresti\u00e8res nationales&nbsp;; la conservation via la protection stricte des parcs nationaux et des aires prot\u00e9g\u00e9es&nbsp;; la restauration des sols par le pilotage et le suivi des grandes campagnes de reboisement&nbsp;; et enfin la sensibilisation et le contr\u00f4le en faisant respecter la loi tout en \u00e9duquant les populations locales aux \u00e9co-gestes.<\/p>\n\n\n<div class=\"wp-block-image\">\n<figure class=\"aligncenter size-full\"><img loading=\"lazy\" decoding=\"async\" width=\"509\" height=\"720\" src=\"https:\/\/macite.tg\/wp-content\/uploads\/2026\/05\/OTR_Payez-la-TVM-simple-et-pratique.jpg\" alt=\"\" class=\"wp-image-30871\" srcset=\"https:\/\/macite.tg\/wp-content\/uploads\/2026\/05\/OTR_Payez-la-TVM-simple-et-pratique.jpg 509w, https:\/\/macite.tg\/wp-content\/uploads\/2026\/05\/OTR_Payez-la-TVM-simple-et-pratique-212x300.jpg 212w\" sizes=\"auto, (max-width: 509px) 100vw, 509px\" \/><\/figure>\n<\/div>\n\n\n<p class=\"wp-block-paragraph\">Notons que cette restructuration globale n\u2019est pas ex nilo. Elle s&rsquo;inscrit dans la continuit\u00e9 des r\u00e9centes d\u00e9cisions strat\u00e9giques de l&rsquo;\u00c9tat. En effet, il y a quelques semaines, un premier jalon a \u00e9t\u00e9 franchi avec la nomination du Lieutenant-Colonel Tchangani Atafa\u00ef \u00e0 la direction de ce corps des agents des eaux et for\u00eats. C&rsquo;est \u00e0 lui que reviendra la charge de mener sur le terrain cette transition vers une force environnementale plus moderne et connect\u00e9e aux r\u00e9alit\u00e9s climatiques de 2026.<\/p>\n\n\n\n<p class=\"wp-block-paragraph\"><strong>MC<\/strong><\/p>\n\n\n\n<p class=\"wp-block-paragraph\"><a><strong><em>@macite.tg&nbsp;&nbsp;&nbsp;&nbsp;&nbsp;&nbsp;&nbsp;&nbsp;<\/em><\/strong><\/a><\/p>\n\n\n\n<p class=\"wp-block-paragraph\"><strong><em>E-mail&nbsp;: <\/em><\/strong><a href=\"mailto:maciteinfo@gmail.com\"><strong><em>maciteinfo@gmail.com<\/em><\/strong><\/a><strong><em>; <\/em><\/strong><a href=\"mailto:bawela1@gmail.com\"><strong><em>bawela1@gmail.com<\/em><\/strong><\/a><strong><em><\/em><\/strong><\/p>\n\n\n\n<p class=\"wp-block-paragraph\"><strong><em>Pour vos annonces, publi-reportages, etc., joignez-nous au (00228)91515309\/<strong>79872224 <\/strong><strong><\/strong><\/em><\/strong><\/p>\n\n\n\n<p class=\"wp-block-paragraph\"><strong><em>www.macite.tg, L\u2019information, la bonne&nbsp;!<\/em><\/strong><\/p>\n\n\n\n<p class=\"wp-block-paragraph\"><\/p>\n","protected":false},"excerpt":{"rendered":"<p class=\"text-justify mb-2\" >Face aux urgences \u00e9cologiques actuelles, l\u2019ex\u00e9cutif togolais passe \u00e0 la vitesse sup\u00e9rieure. R\u00e9uni en Conseil des ministres le mardi 26 mai 2026, le gouvernement a examin\u00e9, en premi\u00e8re lecture, un projet de d\u00e9cret visant la restructuration et la modernisation du corps des agents des eaux [&hellip;]<\/p>\n","protected":false},"author":2,"featured_media":30888,"comment_status":"open","ping_status":"open","sticky":false,"template":"","format":"standard","meta":{"footnotes":""},"categories":[20,19],"tags":[],"class_list":["post-30882","post","type-post","status-publish","format-standard","has-post-thumbnail","hentry","category-actualite","category-environnement"],"yoast_head":"<!-- This site is optimized with the Yoast SEO plugin v28.4 - https:\/\/yoast.com\/product\/yoast-seo-wordpress\/ -->\n<title>ENVIRONNEMENT : Vers une restructuration du corps des agents des eaux et for\u00eats -<\/title>\n<meta name=\"robots\" content=\"index, follow, max-snippet:-1, max-image-preview:large, max-video-preview:-1\" \/>\n<link rel=\"canonical\" href=\"https:\/\/macite.tg\/?p=30882\" \/>\n<meta property=\"og:locale\" content=\"fr_FR\" \/>\n<meta property=\"og:type\" content=\"article\" \/>\n<meta property=\"og:title\" content=\"ENVIRONNEMENT : Vers une restructuration du corps des agents des eaux et for\u00eats -\" \/>\n<meta property=\"og:description\" content=\"Face aux urgences \u00e9cologiques actuelles, l\u2019ex\u00e9cutif togolais passe \u00e0 la vitesse sup\u00e9rieure. R\u00e9uni en Conseil des ministres le mardi 26 mai 2026, le gouvernement a examin\u00e9, en premi\u00e8re lecture, un projet de d\u00e9cret visant la restructuration et la modernisation du corps des agents des eaux [&hellip;]\" \/>\n<meta property=\"og:url\" content=\"https:\/\/macite.tg\/?p=30882\" \/>\n<meta property=\"article:published_time\" content=\"2026-05-29T10:04:11+00:00\" \/>\n<meta property=\"article:modified_time\" content=\"2026-05-29T10:23:21+00:00\" \/>\n<meta property=\"og:image\" content=\"https:\/\/macite.tg\/wp-content\/uploads\/2026\/05\/Forestiers.jpg\" \/>\n\t<meta property=\"og:image:width\" content=\"500\" \/>\n\t<meta property=\"og:image:height\" content=\"281\" \/>\n\t<meta property=\"og:image:type\" content=\"image\/jpeg\" \/>\n<meta name=\"author\" content=\"Jean Pierre BAWELA\" \/>\n<meta name=\"twitter:card\" content=\"summary_large_image\" \/>\n<meta name=\"twitter:label1\" content=\"\u00c9crit par\" \/>\n\t<meta name=\"twitter:data1\" content=\"Jean Pierre BAWELA\" \/>\n\t<meta name=\"twitter:label2\" content=\"Dur\u00e9e de lecture estim\u00e9e\" \/>\n\t<meta name=\"twitter:data2\" content=\"3 minutes\" \/>\n<script type=\"application\/ld+json\" class=\"yoast-schema-graph\">{\"@context\":\"https:\\\/\\\/schema.org\",\"@graph\":[{\"@type\":\"Article\",\"@id\":\"https:\\\/\\\/macite.tg\\\/?p=30882#article\",\"isPartOf\":{\"@id\":\"https:\\\/\\\/macite.tg\\\/?p=30882\"},\"author\":{\"name\":\"Jean Pierre BAWELA\",\"@id\":\"https:\\\/\\\/macite.tg\\\/#\\\/schema\\\/person\\\/e9f2de7e5dbbe7770a9402c7ce82f5c2\"},\"headline\":\"ENVIRONNEMENT : Vers une restructuration du corps des agents des eaux et for\u00eats\",\"datePublished\":\"2026-05-29T10:04:11+00:00\",\"dateModified\":\"2026-05-29T10:23:21+00:00\",\"mainEntityOfPage\":{\"@id\":\"https:\\\/\\\/macite.tg\\\/?p=30882\"},\"wordCount\":473,\"commentCount\":0,\"image\":{\"@id\":\"https:\\\/\\\/macite.tg\\\/?p=30882#primaryimage\"},\"thumbnailUrl\":\"https:\\\/\\\/macite.tg\\\/wp-content\\\/uploads\\\/2026\\\/05\\\/Forestiers.jpg\",\"articleSection\":[\"ACTUALITE\",\"ENVIRONNEMENT\"],\"inLanguage\":\"fr-FR\",\"potentialAction\":[{\"@type\":\"CommentAction\",\"name\":\"Comment\",\"target\":[\"https:\\\/\\\/macite.tg\\\/?p=30882#respond\"]}]},{\"@type\":\"WebPage\",\"@id\":\"https:\\\/\\\/macite.tg\\\/?p=30882\",\"url\":\"https:\\\/\\\/macite.tg\\\/?p=30882\",\"name\":\"ENVIRONNEMENT : Vers une restructuration du corps des agents des eaux et for\u00eats -\",\"isPartOf\":{\"@id\":\"https:\\\/\\\/macite.tg\\\/#website\"},\"primaryImageOfPage\":{\"@id\":\"https:\\\/\\\/macite.tg\\\/?p=30882#primaryimage\"},\"image\":{\"@id\":\"https:\\\/\\\/macite.tg\\\/?p=30882#primaryimage\"},\"thumbnailUrl\":\"https:\\\/\\\/macite.tg\\\/wp-content\\\/uploads\\\/2026\\\/05\\\/Forestiers.jpg\",\"datePublished\":\"2026-05-29T10:04:11+00:00\",\"dateModified\":\"2026-05-29T10:23:21+00:00\",\"author\":{\"@id\":\"https:\\\/\\\/macite.tg\\\/#\\\/schema\\\/person\\\/e9f2de7e5dbbe7770a9402c7ce82f5c2\"},\"breadcrumb\":{\"@id\":\"https:\\\/\\\/macite.tg\\\/?p=30882#breadcrumb\"},\"inLanguage\":\"fr-FR\",\"potentialAction\":[{\"@type\":\"ReadAction\",\"target\":[\"https:\\\/\\\/macite.tg\\\/?p=30882\"]}]},{\"@type\":\"ImageObject\",\"inLanguage\":\"fr-FR\",\"@id\":\"https:\\\/\\\/macite.tg\\\/?p=30882#primaryimage\",\"url\":\"https:\\\/\\\/macite.tg\\\/wp-content\\\/uploads\\\/2026\\\/05\\\/Forestiers.jpg\",\"contentUrl\":\"https:\\\/\\\/macite.tg\\\/wp-content\\\/uploads\\\/2026\\\/05\\\/Forestiers.jpg\",\"width\":500,\"height\":281},{\"@type\":\"BreadcrumbList\",\"@id\":\"https:\\\/\\\/macite.tg\\\/?p=30882#breadcrumb\",\"itemListElement\":[{\"@type\":\"ListItem\",\"position\":1,\"name\":\"Accueil\",\"item\":\"https:\\\/\\\/macite.tg\\\/\"},{\"@type\":\"ListItem\",\"position\":2,\"name\":\"ENVIRONNEMENT : Vers une restructuration du corps des agents des eaux et for\u00eats\"}]},{\"@type\":\"WebSite\",\"@id\":\"https:\\\/\\\/macite.tg\\\/#website\",\"url\":\"https:\\\/\\\/macite.tg\\\/\",\"name\":\"\",\"description\":\"L&#039;information, la bonne!!!\",\"potentialAction\":[{\"@type\":\"SearchAction\",\"target\":{\"@type\":\"EntryPoint\",\"urlTemplate\":\"https:\\\/\\\/macite.tg\\\/?s={search_term_string}\"},\"query-input\":{\"@type\":\"PropertyValueSpecification\",\"valueRequired\":true,\"valueName\":\"search_term_string\"}}],\"inLanguage\":\"fr-FR\"},{\"@type\":\"Person\",\"@id\":\"https:\\\/\\\/macite.tg\\\/#\\\/schema\\\/person\\\/e9f2de7e5dbbe7770a9402c7ce82f5c2\",\"name\":\"Jean Pierre BAWELA\",\"image\":{\"@type\":\"ImageObject\",\"inLanguage\":\"fr-FR\",\"@id\":\"https:\\\/\\\/macite.tg\\\/wp-content\\\/uploads\\\/2023\\\/09\\\/WhatsApp-Image-2023-09-19-at-14.44.41-122x122.jpeg\",\"url\":\"https:\\\/\\\/macite.tg\\\/wp-content\\\/uploads\\\/2023\\\/09\\\/WhatsApp-Image-2023-09-19-at-14.44.41-122x122.jpeg\",\"contentUrl\":\"https:\\\/\\\/macite.tg\\\/wp-content\\\/uploads\\\/2023\\\/09\\\/WhatsApp-Image-2023-09-19-at-14.44.41-122x122.jpeg\",\"caption\":\"Jean Pierre BAWELA\"},\"url\":\"https:\\\/\\\/macite.tg\\\/?author=2\"}]}<\/script>\n<!-- \/ Yoast SEO plugin. -->","yoast_head_json":{"title":"ENVIRONNEMENT : Vers une restructuration du corps des agents des eaux et for\u00eats -","robots":{"index":"index","follow":"follow","max-snippet":"max-snippet:-1","max-image-preview":"max-image-preview:large","max-video-preview":"max-video-preview:-1"},"canonical":"https:\/\/macite.tg\/?p=30882","og_locale":"fr_FR","og_type":"article","og_title":"ENVIRONNEMENT : Vers une restructuration du corps des agents des eaux et for\u00eats -","og_description":"Face aux urgences \u00e9cologiques actuelles, l\u2019ex\u00e9cutif togolais passe \u00e0 la vitesse sup\u00e9rieure. R\u00e9uni en Conseil des ministres le mardi 26 mai 2026, le gouvernement a examin\u00e9, en premi\u00e8re lecture, un projet de d\u00e9cret visant la restructuration et la modernisation du corps des agents des eaux [&hellip;]","og_url":"https:\/\/macite.tg\/?p=30882","article_published_time":"2026-05-29T10:04:11+00:00","article_modified_time":"2026-05-29T10:23:21+00:00","og_image":[{"width":500,"height":281,"url":"https:\/\/macite.tg\/wp-content\/uploads\/2026\/05\/Forestiers.jpg","type":"image\/jpeg"}],"author":"Jean Pierre BAWELA","twitter_card":"summary_large_image","twitter_misc":{"\u00c9crit par":"Jean Pierre BAWELA","Dur\u00e9e de lecture estim\u00e9e":"3 minutes"},"schema":{"@context":"https:\/\/schema.org","@graph":[{"@type":"Article","@id":"https:\/\/macite.tg\/?p=30882#article","isPartOf":{"@id":"https:\/\/macite.tg\/?p=30882"},"author":{"name":"Jean Pierre BAWELA","@id":"https:\/\/macite.tg\/#\/schema\/person\/e9f2de7e5dbbe7770a9402c7ce82f5c2"},"headline":"ENVIRONNEMENT : Vers une restructuration du corps des agents des eaux et for\u00eats","datePublished":"2026-05-29T10:04:11+00:00","dateModified":"2026-05-29T10:23:21+00:00","mainEntityOfPage":{"@id":"https:\/\/macite.tg\/?p=30882"},"wordCount":473,"commentCount":0,"image":{"@id":"https:\/\/macite.tg\/?p=30882#primaryimage"},"thumbnailUrl":"https:\/\/macite.tg\/wp-content\/uploads\/2026\/05\/Forestiers.jpg","articleSection":["ACTUALITE","ENVIRONNEMENT"],"inLanguage":"fr-FR","potentialAction":[{"@type":"CommentAction","name":"Comment","target":["https:\/\/macite.tg\/?p=30882#respond"]}]},{"@type":"WebPage","@id":"https:\/\/macite.tg\/?p=30882","url":"https:\/\/macite.tg\/?p=30882","name":"ENVIRONNEMENT : Vers une restructuration du corps des agents des eaux et for\u00eats -","isPartOf":{"@id":"https:\/\/macite.tg\/#website"},"primaryImageOfPage":{"@id":"https:\/\/macite.tg\/?p=30882#primaryimage"},"image":{"@id":"https:\/\/macite.tg\/?p=30882#primaryimage"},"thumbnailUrl":"https:\/\/macite.tg\/wp-content\/uploads\/2026\/05\/Forestiers.jpg","datePublished":"2026-05-29T10:04:11+00:00","dateModified":"2026-05-29T10:23:21+00:00","author":{"@id":"https:\/\/macite.tg\/#\/schema\/person\/e9f2de7e5dbbe7770a9402c7ce82f5c2"},"breadcrumb":{"@id":"https:\/\/macite.tg\/?p=30882#breadcrumb"},"inLanguage":"fr-FR","potentialAction":[{"@type":"ReadAction","target":["https:\/\/macite.tg\/?p=30882"]}]},{"@type":"ImageObject","inLanguage":"fr-FR","@id":"https:\/\/macite.tg\/?p=30882#primaryimage","url":"https:\/\/macite.tg\/wp-content\/uploads\/2026\/05\/Forestiers.jpg","contentUrl":"https:\/\/macite.tg\/wp-content\/uploads\/2026\/05\/Forestiers.jpg","width":500,"height":281},{"@type":"BreadcrumbList","@id":"https:\/\/macite.tg\/?p=30882#breadcrumb","itemListElement":[{"@type":"ListItem","position":1,"name":"Accueil","item":"https:\/\/macite.tg\/"},{"@type":"ListItem","position":2,"name":"ENVIRONNEMENT : Vers une restructuration du corps des agents des eaux et for\u00eats"}]},{"@type":"WebSite","@id":"https:\/\/macite.tg\/#website","url":"https:\/\/macite.tg\/","name":"","description":"L&#039;information, la bonne!!!","potentialAction":[{"@type":"SearchAction","target":{"@type":"EntryPoint","urlTemplate":"https:\/\/macite.tg\/?s={search_term_string}"},"query-input":{"@type":"PropertyValueSpecification","valueRequired":true,"valueName":"search_term_string"}}],"inLanguage":"fr-FR"},{"@type":"Person","@id":"https:\/\/macite.tg\/#\/schema\/person\/e9f2de7e5dbbe7770a9402c7ce82f5c2","name":"Jean Pierre BAWELA","image":{"@type":"ImageObject","inLanguage":"fr-FR","@id":"https:\/\/macite.tg\/wp-content\/uploads\/2023\/09\/WhatsApp-Image-2023-09-19-at-14.44.41-122x122.jpeg","url":"https:\/\/macite.tg\/wp-content\/uploads\/2023\/09\/WhatsApp-Image-2023-09-19-at-14.44.41-122x122.jpeg","contentUrl":"https:\/\/macite.tg\/wp-content\/uploads\/2023\/09\/WhatsApp-Image-2023-09-19-at-14.44.41-122x122.jpeg","caption":"Jean Pierre BAWELA"},"url":"https:\/\/macite.tg\/?author=2"}]}},"_links":{"self":[{"href":"https:\/\/macite.tg\/index.php?rest_route=\/wp\/v2\/posts\/30882","targetHints":{"allow":["GET"]}}],"collection":[{"href":"https:\/\/macite.tg\/index.php?rest_route=\/wp\/v2\/posts"}],"about":[{"href":"https:\/\/macite.tg\/index.php?rest_route=\/wp\/v2\/types\/post"}],"author":[{"embeddable":true,"href":"https:\/\/macite.tg\/index.php?rest_route=\/wp\/v2\/users\/2"}],"replies":[{"embeddable":true,"href":"https:\/\/macite.tg\/index.php?rest_route=%2Fwp%2Fv2%2Fcomments&post=30882"}],"version-history":[{"count":0,"href":"https:\/\/macite.tg\/index.php?rest_route=\/wp\/v2\/posts\/30882\/revisions"}],"wp:featuredmedia":[{"embeddable":true,"href":"https:\/\/macite.tg\/index.php?rest_route=\/wp\/v2\/media\/30888"}],"wp:attachment":[{"href":"https:\/\/macite.tg\/index.php?rest_route=%2Fwp%2Fv2%2Fmedia&parent=30882"}],"wp:term":[{"taxonomy":"category","embeddable":true,"href":"https:\/\/macite.tg\/index.php?rest_route=%2Fwp%2Fv2%2Fcategories&post=30882"},{"taxonomy":"post_tag","embeddable":true,"href":"https:\/\/macite.tg\/index.php?rest_route=%2Fwp%2Fv2%2Ftags&post=30882"}],"curies":[{"name":"wp","href":"https:\/\/api.w.org\/{rel}","templated":true}]}}