{"id":30876,"date":"2026-05-28T17:46:09","date_gmt":"2026-05-28T17:46:09","guid":{"rendered":"https:\/\/macite.tg\/?p=30876"},"modified":"2026-05-28T17:46:17","modified_gmt":"2026-05-28T17:46:17","slug":"radiation-des-fonctionnaires-irreguliers-faure-gnassingne-pour-une-administration-de-probite","status":"publish","type":"post","link":"https:\/\/macite.tg\/?p=30876","title":{"rendered":"RADIATION DES FONCTIONNAIRES IRREGULIERS : Faure Gnassingn\u00e9 pour une administration de probit\u00e9"},"content":{"rendered":"\n<p class=\"wp-block-paragraph\"><strong><em>Le signal est d\u00e9sormais sans \u00e9quivoque : l\u2019administration togolaise entre dans une \u00e8re de rigueur, de contr\u00f4le et de responsabilit\u00e9. Depuis le rattachement du minist\u00e8re de la Fonction publique \u00e0 la Pr\u00e9sidence du Conseil, l\u2019\u00c9tat assume pleinement une exigence nouvelle\u00a0; celle d\u2019une fonction publique fond\u00e9e sur le m\u00e9rite et la probit\u00e9. Ce choix n\u2019est pas anodin : en pla\u00e7ant la Fonction publique au plus pr\u00e8s du sommet de l\u2019ex\u00e9cutif, le Pr\u00e9sident du Conseil a fait de sa r\u00e9forme une affaire d\u2019\u00c9tat, suivie au plus haut niveau.<\/em><\/strong><\/p>\n\n\n\n<p class=\"wp-block-paragraph\">Sous le leadership de Faure Gnassingb\u00e9, la Fonction publique est d\u00e9sormais au c\u0153ur d\u2019une r\u00e9forme de fond. Les pratiques longtemps tol\u00e9r\u00e9es n\u2019y ont plus leur place. Fraudes documentaires, fausses signatures, faux avancements, usage de faux dipl\u00f4mes, manipulations de dossiers administratifs : l\u2019\u00c9tat met fin aux zones d\u2019ombre. L\u00e0 o\u00f9 d\u2019autres se seraient accommod\u00e9s de l\u2019usage, le Pr\u00e9sident du Conseil a choisi le courage de la d\u00e9cision.<\/p>\n\n\n\n<p class=\"wp-block-paragraph\">L\u2019arr\u00eat\u00e9 n\u00b0 1010\/PC\/MFPTDS\/SG, portant licenciement de plus de cinquante fonctionnaires, constitue \u00e0 cet \u00e9gard un acte fondateur.<\/p>\n\n\n\n<figure class=\"wp-block-image size-full\"><img loading=\"lazy\" decoding=\"async\" width=\"851\" height=\"315\" src=\"https:\/\/macite.tg\/wp-content\/uploads\/2026\/05\/OTR_Bandeau-Renseignements.jpg\" alt=\"\" class=\"wp-image-30797\" srcset=\"https:\/\/macite.tg\/wp-content\/uploads\/2026\/05\/OTR_Bandeau-Renseignements.jpg 851w, https:\/\/macite.tg\/wp-content\/uploads\/2026\/05\/OTR_Bandeau-Renseignements-300x111.jpg 300w, https:\/\/macite.tg\/wp-content\/uploads\/2026\/05\/OTR_Bandeau-Renseignements-768x284.jpg 768w\" sizes=\"auto, (max-width: 851px) 100vw, 851px\" \/><\/figure>\n\n\n\n<p class=\"wp-block-paragraph\">Pris conform\u00e9ment \u00e0 l\u2019article 133 de la loi n\u00b0 2013-002 du 21 janvier 2013 portant statut g\u00e9n\u00e9ral de la fonction publique togolaise, et au regard du d\u00e9cret n\u00b0 2015-120\/PR du 14 d\u00e9cembre 2015 fixant les modalit\u00e9s communes d\u2019application de ce statut, il s\u2019inscrit dans la stricte l\u00e9galit\u00e9. Ce n\u2019est pas une mesure d\u2019opportunit\u00e9 : c\u2019est l\u2019application rigoureuse du droit. Et c\u2019est, plus encore, un marqueur de leadership. La d\u00e9cision confirme que l\u2019assainissement de l\u2019administration publique n\u2019est pas une promesse, mais une priorit\u00e9 assum\u00e9e et ex\u00e9cut\u00e9e au sommet de l\u2019\u00c9tat.<\/p>\n\n\n\n<p class=\"wp-block-paragraph\">Sa port\u00e9e est d\u2019autant plus significative qu\u2019elle ne vise pas seulement de nouveaux agents. Elle atteint \u00e9galement des fonctionnaires en poste depuis plusieurs ann\u00e9es&nbsp;; parfois depuis plus de vingt ans&nbsp;; dont les parcours sont entach\u00e9s d\u2019irr\u00e9gularit\u00e9s. Le message est clair : l\u2019anciennet\u00e9 ne prot\u00e8ge plus la fraude, et le temps ne blanchit pas les dossiers irr\u00e9guliers. Le statut de fonctionnaire n\u2019est ni un privil\u00e8ge acquis par complaisance, ni une couverture pour des situations indues.<\/p>\n\n\n\n<p class=\"wp-block-paragraph\">Depuis l\u2019av\u00e8nement de la Ve R\u00e9publique, le Togo a engag\u00e9 une trajectoire institutionnelle plus exigeante. Par cet acte, Faure Gnassingb\u00e9 imprime une m\u00e9thode et incarne une vision : remettre l\u2019ordre l\u00e0 o\u00f9 l\u2019habitude avait install\u00e9 la complaisance, prot\u00e9ger les agents honn\u00eates, restaurer le m\u00e9rite et r\u00e9affirmer que la Fonction publique n\u2019est pas un refuge pour les arrangements administratifs. C\u2019est la marque d\u2019un chef d\u2019\u00c9tat qui r\u00e9forme par l\u2019exemple et gouverne par le droit.<\/p>\n\n\n<div class=\"wp-block-image\">\n<figure class=\"aligncenter size-full\"><img loading=\"lazy\" decoding=\"async\" width=\"509\" height=\"720\" src=\"https:\/\/macite.tg\/wp-content\/uploads\/2026\/05\/OTR_Payez-la-TVM-simple-et-pratique.jpg\" alt=\"\" class=\"wp-image-30871\" srcset=\"https:\/\/macite.tg\/wp-content\/uploads\/2026\/05\/OTR_Payez-la-TVM-simple-et-pratique.jpg 509w, https:\/\/macite.tg\/wp-content\/uploads\/2026\/05\/OTR_Payez-la-TVM-simple-et-pratique-212x300.jpg 212w\" sizes=\"auto, (max-width: 509px) 100vw, 509px\" \/><\/figure>\n<\/div>\n\n\n<p class=\"wp-block-paragraph\">La fermet\u00e9 affich\u00e9e aujourd\u2019hui r\u00e9pond \u00e0 une d\u00e9rive qui, laiss\u00e9e sans r\u00e9ponse, aurait fini par fragiliser durablement l\u2019administration. En agissant, le Pr\u00e9sident du Conseil ne sanctionne pas seulement des fautes : il prot\u00e8ge l\u2019avenir du service public et l\u2019honneur de ceux qui le servent fid\u00e8lement.<\/p>\n\n\n\n<p class=\"wp-block-paragraph\">Le message envoy\u00e9 est limpide : le temps des arrangements administratifs, des protections occultes et des carri\u00e8res b\u00e2ties sur le faux est r\u00e9volu. Une nouvelle exigence s\u2019installe, port\u00e9e au plus haut sommet de l\u2019\u00c9tat. D\u00e9sormais, l\u2019\u00c9tat veille, le m\u00e9rite est prot\u00e9g\u00e9 et le droit s\u2019applique \u00e0 tous.<\/p>\n\n\n\n<p class=\"wp-block-paragraph\"><strong>La R\u00e9daction<\/strong><\/p>\n\n\n\n<p class=\"wp-block-paragraph\"><a><strong><em>@macite.tg&nbsp;&nbsp;&nbsp;&nbsp;&nbsp;&nbsp;&nbsp;&nbsp;<\/em><\/strong><\/a><\/p>\n\n\n\n<p class=\"wp-block-paragraph\"><strong><em>E-mail&nbsp;: <\/em><\/strong><a href=\"mailto:maciteinfo@gmail.com\"><strong><em>maciteinfo@gmail.com<\/em><\/strong><\/a><strong><em>; <\/em><\/strong><a href=\"mailto:bawela1@gmail.com\"><strong><em>bawela1@gmail.com<\/em><\/strong><\/a><strong><em><\/em><\/strong><\/p>\n\n\n\n<p class=\"wp-block-paragraph\"><strong><em>Pour vos annonces, publi-reportages, etc., joignez-nous au (00228)91515309\/<strong>79872224 <\/strong><strong><\/strong><\/em><\/strong><\/p>\n\n\n\n<p class=\"wp-block-paragraph\"><strong><em>www.macite.tg, L\u2019information, la bonne&nbsp;!<\/em><\/strong><\/p>\n\n\n\n<p class=\"wp-block-paragraph\"><\/p>\n","protected":false},"excerpt":{"rendered":"<p class=\"text-justify mb-2\" >Le signal est d\u00e9sormais sans \u00e9quivoque : l\u2019administration togolaise entre dans une \u00e8re de rigueur, de contr\u00f4le et de responsabilit\u00e9. Depuis le rattachement du minist\u00e8re de la Fonction publique \u00e0 la Pr\u00e9sidence du Conseil, l\u2019\u00c9tat assume pleinement une exigence nouvelle\u00a0; celle d\u2019une fonction publique fond\u00e9e [&hellip;]<\/p>\n","protected":false},"author":2,"featured_media":30877,"comment_status":"open","ping_status":"open","sticky":false,"template":"","format":"standard","meta":{"footnotes":""},"categories":[20,6],"tags":[],"class_list":["post-30876","post","type-post","status-publish","format-standard","has-post-thumbnail","hentry","category-actualite","category-societe"],"yoast_head":"<!-- This site is optimized with the Yoast SEO plugin v28.4 - https:\/\/yoast.com\/product\/yoast-seo-wordpress\/ -->\n<title>RADIATION DES FONCTIONNAIRES IRREGULIERS : Faure Gnassingn\u00e9 pour une administration de probit\u00e9 -<\/title>\n<meta name=\"robots\" content=\"index, follow, max-snippet:-1, max-image-preview:large, max-video-preview:-1\" \/>\n<link rel=\"canonical\" href=\"https:\/\/macite.tg\/?p=30876\" \/>\n<meta property=\"og:locale\" content=\"fr_FR\" \/>\n<meta property=\"og:type\" content=\"article\" \/>\n<meta property=\"og:title\" content=\"RADIATION DES FONCTIONNAIRES IRREGULIERS : Faure Gnassingn\u00e9 pour une administration de probit\u00e9 -\" \/>\n<meta property=\"og:description\" content=\"Le signal est d\u00e9sormais sans \u00e9quivoque : l\u2019administration togolaise entre dans une \u00e8re de rigueur, de contr\u00f4le et de responsabilit\u00e9. Depuis le rattachement du minist\u00e8re de la Fonction publique \u00e0 la Pr\u00e9sidence du Conseil, l\u2019\u00c9tat assume pleinement une exigence nouvelle\u00a0; celle d\u2019une fonction publique fond\u00e9e [&hellip;]\" \/>\n<meta property=\"og:url\" content=\"https:\/\/macite.tg\/?p=30876\" \/>\n<meta property=\"article:published_time\" content=\"2026-05-28T17:46:09+00:00\" \/>\n<meta property=\"article:modified_time\" content=\"2026-05-28T17:46:17+00:00\" \/>\n<meta property=\"og:image\" content=\"https:\/\/macite.tg\/wp-content\/uploads\/2026\/05\/image-117.png\" \/>\n\t<meta property=\"og:image:width\" content=\"305\" \/>\n\t<meta property=\"og:image:height\" content=\"234\" \/>\n\t<meta property=\"og:image:type\" content=\"image\/png\" \/>\n<meta name=\"author\" content=\"Jean Pierre BAWELA\" \/>\n<meta name=\"twitter:card\" content=\"summary_large_image\" \/>\n<meta name=\"twitter:label1\" content=\"\u00c9crit par\" \/>\n\t<meta name=\"twitter:data1\" content=\"Jean Pierre BAWELA\" \/>\n\t<meta name=\"twitter:label2\" content=\"Dur\u00e9e de lecture estim\u00e9e\" \/>\n\t<meta name=\"twitter:data2\" content=\"4 minutes\" \/>\n<script type=\"application\/ld+json\" class=\"yoast-schema-graph\">{\"@context\":\"https:\\\/\\\/schema.org\",\"@graph\":[{\"@type\":\"Article\",\"@id\":\"https:\\\/\\\/macite.tg\\\/?p=30876#article\",\"isPartOf\":{\"@id\":\"https:\\\/\\\/macite.tg\\\/?p=30876\"},\"author\":{\"name\":\"Jean Pierre BAWELA\",\"@id\":\"https:\\\/\\\/macite.tg\\\/#\\\/schema\\\/person\\\/e9f2de7e5dbbe7770a9402c7ce82f5c2\"},\"headline\":\"RADIATION DES FONCTIONNAIRES IRREGULIERS : Faure Gnassingn\u00e9 pour une administration de probit\u00e9\",\"datePublished\":\"2026-05-28T17:46:09+00:00\",\"dateModified\":\"2026-05-28T17:46:17+00:00\",\"mainEntityOfPage\":{\"@id\":\"https:\\\/\\\/macite.tg\\\/?p=30876\"},\"wordCount\":640,\"commentCount\":0,\"image\":{\"@id\":\"https:\\\/\\\/macite.tg\\\/?p=30876#primaryimage\"},\"thumbnailUrl\":\"https:\\\/\\\/macite.tg\\\/wp-content\\\/uploads\\\/2026\\\/05\\\/image-117.png\",\"articleSection\":[\"ACTUALITE\",\"SOCIETE\"],\"inLanguage\":\"fr-FR\",\"potentialAction\":[{\"@type\":\"CommentAction\",\"name\":\"Comment\",\"target\":[\"https:\\\/\\\/macite.tg\\\/?p=30876#respond\"]}]},{\"@type\":\"WebPage\",\"@id\":\"https:\\\/\\\/macite.tg\\\/?p=30876\",\"url\":\"https:\\\/\\\/macite.tg\\\/?p=30876\",\"name\":\"RADIATION DES FONCTIONNAIRES IRREGULIERS : Faure Gnassingn\u00e9 pour une administration de probit\u00e9 -\",\"isPartOf\":{\"@id\":\"https:\\\/\\\/macite.tg\\\/#website\"},\"primaryImageOfPage\":{\"@id\":\"https:\\\/\\\/macite.tg\\\/?p=30876#primaryimage\"},\"image\":{\"@id\":\"https:\\\/\\\/macite.tg\\\/?p=30876#primaryimage\"},\"thumbnailUrl\":\"https:\\\/\\\/macite.tg\\\/wp-content\\\/uploads\\\/2026\\\/05\\\/image-117.png\",\"datePublished\":\"2026-05-28T17:46:09+00:00\",\"dateModified\":\"2026-05-28T17:46:17+00:00\",\"author\":{\"@id\":\"https:\\\/\\\/macite.tg\\\/#\\\/schema\\\/person\\\/e9f2de7e5dbbe7770a9402c7ce82f5c2\"},\"breadcrumb\":{\"@id\":\"https:\\\/\\\/macite.tg\\\/?p=30876#breadcrumb\"},\"inLanguage\":\"fr-FR\",\"potentialAction\":[{\"@type\":\"ReadAction\",\"target\":[\"https:\\\/\\\/macite.tg\\\/?p=30876\"]}]},{\"@type\":\"ImageObject\",\"inLanguage\":\"fr-FR\",\"@id\":\"https:\\\/\\\/macite.tg\\\/?p=30876#primaryimage\",\"url\":\"https:\\\/\\\/macite.tg\\\/wp-content\\\/uploads\\\/2026\\\/05\\\/image-117.png\",\"contentUrl\":\"https:\\\/\\\/macite.tg\\\/wp-content\\\/uploads\\\/2026\\\/05\\\/image-117.png\",\"width\":305,\"height\":234},{\"@type\":\"BreadcrumbList\",\"@id\":\"https:\\\/\\\/macite.tg\\\/?p=30876#breadcrumb\",\"itemListElement\":[{\"@type\":\"ListItem\",\"position\":1,\"name\":\"Accueil\",\"item\":\"https:\\\/\\\/macite.tg\\\/\"},{\"@type\":\"ListItem\",\"position\":2,\"name\":\"RADIATION DES FONCTIONNAIRES IRREGULIERS : Faure Gnassingn\u00e9 pour une administration de probit\u00e9\"}]},{\"@type\":\"WebSite\",\"@id\":\"https:\\\/\\\/macite.tg\\\/#website\",\"url\":\"https:\\\/\\\/macite.tg\\\/\",\"name\":\"\",\"description\":\"L&#039;information, la bonne!!!\",\"potentialAction\":[{\"@type\":\"SearchAction\",\"target\":{\"@type\":\"EntryPoint\",\"urlTemplate\":\"https:\\\/\\\/macite.tg\\\/?s={search_term_string}\"},\"query-input\":{\"@type\":\"PropertyValueSpecification\",\"valueRequired\":true,\"valueName\":\"search_term_string\"}}],\"inLanguage\":\"fr-FR\"},{\"@type\":\"Person\",\"@id\":\"https:\\\/\\\/macite.tg\\\/#\\\/schema\\\/person\\\/e9f2de7e5dbbe7770a9402c7ce82f5c2\",\"name\":\"Jean Pierre BAWELA\",\"image\":{\"@type\":\"ImageObject\",\"inLanguage\":\"fr-FR\",\"@id\":\"https:\\\/\\\/macite.tg\\\/wp-content\\\/uploads\\\/2023\\\/09\\\/WhatsApp-Image-2023-09-19-at-14.44.41-122x122.jpeg\",\"url\":\"https:\\\/\\\/macite.tg\\\/wp-content\\\/uploads\\\/2023\\\/09\\\/WhatsApp-Image-2023-09-19-at-14.44.41-122x122.jpeg\",\"contentUrl\":\"https:\\\/\\\/macite.tg\\\/wp-content\\\/uploads\\\/2023\\\/09\\\/WhatsApp-Image-2023-09-19-at-14.44.41-122x122.jpeg\",\"caption\":\"Jean Pierre BAWELA\"},\"url\":\"https:\\\/\\\/macite.tg\\\/?author=2\"}]}<\/script>\n<!-- \/ Yoast SEO plugin. -->","yoast_head_json":{"title":"RADIATION DES FONCTIONNAIRES IRREGULIERS : Faure Gnassingn\u00e9 pour une administration de probit\u00e9 -","robots":{"index":"index","follow":"follow","max-snippet":"max-snippet:-1","max-image-preview":"max-image-preview:large","max-video-preview":"max-video-preview:-1"},"canonical":"https:\/\/macite.tg\/?p=30876","og_locale":"fr_FR","og_type":"article","og_title":"RADIATION DES FONCTIONNAIRES IRREGULIERS : Faure Gnassingn\u00e9 pour une administration de probit\u00e9 -","og_description":"Le signal est d\u00e9sormais sans \u00e9quivoque : l\u2019administration togolaise entre dans une \u00e8re de rigueur, de contr\u00f4le et de responsabilit\u00e9. Depuis le rattachement du minist\u00e8re de la Fonction publique \u00e0 la Pr\u00e9sidence du Conseil, l\u2019\u00c9tat assume pleinement une exigence nouvelle\u00a0; celle d\u2019une fonction publique fond\u00e9e [&hellip;]","og_url":"https:\/\/macite.tg\/?p=30876","article_published_time":"2026-05-28T17:46:09+00:00","article_modified_time":"2026-05-28T17:46:17+00:00","og_image":[{"width":305,"height":234,"url":"https:\/\/macite.tg\/wp-content\/uploads\/2026\/05\/image-117.png","type":"image\/png"}],"author":"Jean Pierre BAWELA","twitter_card":"summary_large_image","twitter_misc":{"\u00c9crit par":"Jean Pierre BAWELA","Dur\u00e9e de lecture estim\u00e9e":"4 minutes"},"schema":{"@context":"https:\/\/schema.org","@graph":[{"@type":"Article","@id":"https:\/\/macite.tg\/?p=30876#article","isPartOf":{"@id":"https:\/\/macite.tg\/?p=30876"},"author":{"name":"Jean Pierre BAWELA","@id":"https:\/\/macite.tg\/#\/schema\/person\/e9f2de7e5dbbe7770a9402c7ce82f5c2"},"headline":"RADIATION DES FONCTIONNAIRES IRREGULIERS : Faure Gnassingn\u00e9 pour une administration de probit\u00e9","datePublished":"2026-05-28T17:46:09+00:00","dateModified":"2026-05-28T17:46:17+00:00","mainEntityOfPage":{"@id":"https:\/\/macite.tg\/?p=30876"},"wordCount":640,"commentCount":0,"image":{"@id":"https:\/\/macite.tg\/?p=30876#primaryimage"},"thumbnailUrl":"https:\/\/macite.tg\/wp-content\/uploads\/2026\/05\/image-117.png","articleSection":["ACTUALITE","SOCIETE"],"inLanguage":"fr-FR","potentialAction":[{"@type":"CommentAction","name":"Comment","target":["https:\/\/macite.tg\/?p=30876#respond"]}]},{"@type":"WebPage","@id":"https:\/\/macite.tg\/?p=30876","url":"https:\/\/macite.tg\/?p=30876","name":"RADIATION DES FONCTIONNAIRES IRREGULIERS : Faure Gnassingn\u00e9 pour une administration de probit\u00e9 -","isPartOf":{"@id":"https:\/\/macite.tg\/#website"},"primaryImageOfPage":{"@id":"https:\/\/macite.tg\/?p=30876#primaryimage"},"image":{"@id":"https:\/\/macite.tg\/?p=30876#primaryimage"},"thumbnailUrl":"https:\/\/macite.tg\/wp-content\/uploads\/2026\/05\/image-117.png","datePublished":"2026-05-28T17:46:09+00:00","dateModified":"2026-05-28T17:46:17+00:00","author":{"@id":"https:\/\/macite.tg\/#\/schema\/person\/e9f2de7e5dbbe7770a9402c7ce82f5c2"},"breadcrumb":{"@id":"https:\/\/macite.tg\/?p=30876#breadcrumb"},"inLanguage":"fr-FR","potentialAction":[{"@type":"ReadAction","target":["https:\/\/macite.tg\/?p=30876"]}]},{"@type":"ImageObject","inLanguage":"fr-FR","@id":"https:\/\/macite.tg\/?p=30876#primaryimage","url":"https:\/\/macite.tg\/wp-content\/uploads\/2026\/05\/image-117.png","contentUrl":"https:\/\/macite.tg\/wp-content\/uploads\/2026\/05\/image-117.png","width":305,"height":234},{"@type":"BreadcrumbList","@id":"https:\/\/macite.tg\/?p=30876#breadcrumb","itemListElement":[{"@type":"ListItem","position":1,"name":"Accueil","item":"https:\/\/macite.tg\/"},{"@type":"ListItem","position":2,"name":"RADIATION DES FONCTIONNAIRES IRREGULIERS : Faure Gnassingn\u00e9 pour une administration de probit\u00e9"}]},{"@type":"WebSite","@id":"https:\/\/macite.tg\/#website","url":"https:\/\/macite.tg\/","name":"","description":"L&#039;information, la bonne!!!","potentialAction":[{"@type":"SearchAction","target":{"@type":"EntryPoint","urlTemplate":"https:\/\/macite.tg\/?s={search_term_string}"},"query-input":{"@type":"PropertyValueSpecification","valueRequired":true,"valueName":"search_term_string"}}],"inLanguage":"fr-FR"},{"@type":"Person","@id":"https:\/\/macite.tg\/#\/schema\/person\/e9f2de7e5dbbe7770a9402c7ce82f5c2","name":"Jean Pierre BAWELA","image":{"@type":"ImageObject","inLanguage":"fr-FR","@id":"https:\/\/macite.tg\/wp-content\/uploads\/2023\/09\/WhatsApp-Image-2023-09-19-at-14.44.41-122x122.jpeg","url":"https:\/\/macite.tg\/wp-content\/uploads\/2023\/09\/WhatsApp-Image-2023-09-19-at-14.44.41-122x122.jpeg","contentUrl":"https:\/\/macite.tg\/wp-content\/uploads\/2023\/09\/WhatsApp-Image-2023-09-19-at-14.44.41-122x122.jpeg","caption":"Jean Pierre BAWELA"},"url":"https:\/\/macite.tg\/?author=2"}]}},"_links":{"self":[{"href":"https:\/\/macite.tg\/index.php?rest_route=\/wp\/v2\/posts\/30876","targetHints":{"allow":["GET"]}}],"collection":[{"href":"https:\/\/macite.tg\/index.php?rest_route=\/wp\/v2\/posts"}],"about":[{"href":"https:\/\/macite.tg\/index.php?rest_route=\/wp\/v2\/types\/post"}],"author":[{"embeddable":true,"href":"https:\/\/macite.tg\/index.php?rest_route=\/wp\/v2\/users\/2"}],"replies":[{"embeddable":true,"href":"https:\/\/macite.tg\/index.php?rest_route=%2Fwp%2Fv2%2Fcomments&post=30876"}],"version-history":[{"count":0,"href":"https:\/\/macite.tg\/index.php?rest_route=\/wp\/v2\/posts\/30876\/revisions"}],"wp:featuredmedia":[{"embeddable":true,"href":"https:\/\/macite.tg\/index.php?rest_route=\/wp\/v2\/media\/30877"}],"wp:attachment":[{"href":"https:\/\/macite.tg\/index.php?rest_route=%2Fwp%2Fv2%2Fmedia&parent=30876"}],"wp:term":[{"taxonomy":"category","embeddable":true,"href":"https:\/\/macite.tg\/index.php?rest_route=%2Fwp%2Fv2%2Fcategories&post=30876"},{"taxonomy":"post_tag","embeddable":true,"href":"https:\/\/macite.tg\/index.php?rest_route=%2Fwp%2Fv2%2Ftags&post=30876"}],"curies":[{"name":"wp","href":"https:\/\/api.w.org\/{rel}","templated":true}]}}