{"id":30870,"date":"2026-05-29T09:06:23","date_gmt":"2026-05-29T09:06:23","guid":{"rendered":"https:\/\/macite.tg\/?p=30870"},"modified":"2026-05-29T09:06:30","modified_gmt":"2026-05-29T09:06:30","slug":"forum-politique-sur-les-odd-de-new-york-le-togo-presentera-son-5e-rapport","status":"publish","type":"post","link":"https:\/\/macite.tg\/?p=30870","title":{"rendered":"FORUM POLITIQUE SUR LES ODD DE NEW YORK\u00a0: Le Togo pr\u00e9sentera son 5\u00e8 rapport"},"content":{"rendered":"\n<p class=\"wp-block-paragraph\"><strong><em>Du 06 au 16 juillet, se tiendra \u00e0 New York, le Forum politique de haut niveau sur les ODD. Il sera plac\u00e9 sous le th\u00e8me&nbsp;: \u00ab Actions transformatrices, \u00e9quitables, innovantes et coordonn\u00e9es pour le Programme de d\u00e9veloppement durable \u00e0 l\u2019horizon 2030 et ses objectifs de d\u00e9veloppement durable pour un avenir durable pour tous \u00bb. Le Togo y sera.<\/em><\/strong><\/p>\n\n\n\n<p class=\"wp-block-paragraph\">Pour ce faire, un atelier de validation de la version provisoire du cinqui\u00e8me rapport du Togo sur la mise en \u0153uvre des Objectifs du d\u00e9veloppement durable (ODD)&nbsp;a \u00e9t\u00e9 organis\u00e9. Le document qui sera pr\u00e9sent\u00e9 au forum de New York va mettre en exergue les efforts r\u00e9alis\u00e9s et les actions men\u00e9es par le Togo dans le cadre de la mise en \u0153uvre des 17 ODD et plus particuli\u00e8rement des ODD focus ci-apr\u00e8s&nbsp;: l\u2019ODD 6 sur l\u2019eau potable et l\u2019assainissement, l\u2019ODD 7 sur l\u2019\u00e9nergie propre et \u00e0 co\u00fbt abordable, l\u2019ODD 9 sur l\u2019industrie, l\u2019innovation et les infrastructures, l\u2019ODD 11 sur les villes et communaut\u00e9s durables, et l\u2019ODD 17 sur les partenariats pour la r\u00e9alisation des objectifs.<\/p>\n\n\n\n<p class=\"wp-block-paragraph\">Au gouvernement, on rappelle que le Togo en tant que pays pilote dans la mise en \u0153uvre des ODD, a plac\u00e9 l\u2019agenda 2030 au c\u0153ur de ses actions de d\u00e9veloppement visant \u00e0 \u00e9radiquer l\u2019extr\u00eame pauvret\u00e9 et la faim auxquels font face les populations surtout vuln\u00e9rables conform\u00e9ment au principe de \u00ab&nbsp;ne laisser personne de c\u00f4t\u00e9&nbsp;\u00bb.<\/p>\n\n\n\n<figure class=\"wp-block-image size-full\"><img loading=\"lazy\" decoding=\"async\" width=\"851\" height=\"315\" src=\"https:\/\/macite.tg\/wp-content\/uploads\/2026\/05\/OTR_Bandeau-Renseignements.jpg\" alt=\"\" class=\"wp-image-30797\" srcset=\"https:\/\/macite.tg\/wp-content\/uploads\/2026\/05\/OTR_Bandeau-Renseignements.jpg 851w, https:\/\/macite.tg\/wp-content\/uploads\/2026\/05\/OTR_Bandeau-Renseignements-300x111.jpg 300w, https:\/\/macite.tg\/wp-content\/uploads\/2026\/05\/OTR_Bandeau-Renseignements-768x284.jpg 768w\" sizes=\"auto, (max-width: 851px) 100vw, 851px\" \/><\/figure>\n\n\n\n<p class=\"wp-block-paragraph\">Depuis le lancement du processus d\u2019\u00e9laboration du rapport national, les acteurs de d\u00e9veloppement ont \u0153uvr\u00e9 pour rassembler et analyser, chacun en ce qui le concerne, les informations n\u00e9cessaires ayant contribu\u00e9 \u00e0 produire le document. Ils ont \u00e9galement ressorti les d\u00e9fis majeurs que le Togo compte relever pour am\u00e9liorer les conditions de vie des laborieuses populations et consolider les acquis.<\/p>\n\n\n\n<p class=\"wp-block-paragraph\">Il est \u00e0 noter que pour honorer son engagement, le Togo a \u00e9labor\u00e9 et pr\u00e9sent\u00e9 ses rapports nationaux volontaires au Forum politique de haut niveau (FPHN) sur le d\u00e9veloppement durable \u00e0 New York en 2016, 2017, 2018 et 2022. \u00ab&nbsp;<em>Ces occasions ont permis, non seulement de mettre en lumi\u00e8re les progr\u00e8s enregistr\u00e9s et les difficult\u00e9s rencontr\u00e9es dans la mise en \u0153uvre des diff\u00e9rents objectifs, mais \u00e9galement de tirer des le\u00e7ons en termes de d\u00e9fis et d\u2019opportunit\u00e9s de mobilisation de ressources et de partenariats&nbsp;<\/em>\u00bb, d\u00e9clarent les autorit\u00e9s togolaises.<\/p>\n\n\n\n<p class=\"wp-block-paragraph\">En coh\u00e9rence avec les priorit\u00e9s nationales, notamment la Feuille de route gouvernementale 2020-2025, l\u2019ONU et ses partenaires au Togo ont \u0153uvr\u00e9, ces derni\u00e8res ann\u00e9es, \u00e0 la r\u00e9alisation des objectifs de d\u00e9veloppement durable (ODD) et visent \u00e0 la r\u00e9alisation de la vision nationale consistant \u00e0 jeter les bases politiques, \u00e9conomiques et sociales pour <em>\u00ab un Togo en paix, une nation moderne avec une croissance inclusive et durable \u00bb.<\/em><\/p>\n\n\n\n<p class=\"wp-block-paragraph\">Ainsi, au cours de la p\u00e9riode 2023-2026, le Syst\u00e8me des nations unies (SNU) accompagnera le Togo dans son processus de transformation \u00e9conomique inclusive, sensible \u00e0 la durabilit\u00e9 environnementale et cr\u00e9atrice d\u2019emplois d\u00e9cents, et de d\u00e9veloppement d\u2019un capital humain ad\u00e9quat pour une gouvernance participative et redevable, assurant un acc\u00e8s \u00e9quitable aux services sociaux de base dans un contexte de suret\u00e9.<\/p>\n\n\n<div class=\"wp-block-image\">\n<figure class=\"aligncenter size-full\"><img loading=\"lazy\" decoding=\"async\" width=\"509\" height=\"720\" src=\"https:\/\/macite.tg\/wp-content\/uploads\/2026\/05\/OTR_Payez-la-TVM-simple-et-pratique.jpg\" alt=\"\" class=\"wp-image-30871\" srcset=\"https:\/\/macite.tg\/wp-content\/uploads\/2026\/05\/OTR_Payez-la-TVM-simple-et-pratique.jpg 509w, https:\/\/macite.tg\/wp-content\/uploads\/2026\/05\/OTR_Payez-la-TVM-simple-et-pratique-212x300.jpg 212w\" sizes=\"auto, (max-width: 509px) 100vw, 509px\" \/><\/figure>\n<\/div>\n\n\n<p class=\"wp-block-paragraph\">Le Togo fait partie des 36 pays qui devront pr\u00e9senter leur rapport \u00e0 cette \u00e9dition 2026 du FPHN et devient ainsi le premier et seul pays d\u2019Afrique, aux c\u00f4t\u00e9s de l\u2019Uruguay, \u00e0 \u00e9laborer cinq rapports cons\u00e9cutifs pr\u00e9sent\u00e9s au FPHN sur la mise en \u0153uvre des ODD. Ces diff\u00e9rentes participations constituent une reconnaissance internationale de la volont\u00e9 politique et de l\u2019engagement du Pr\u00e9sident du Conseil et de la constance du Togo dans la r\u00e9alisation de l\u2019Agenda 2030.<\/p>\n\n\n\n<p class=\"wp-block-paragraph\"><strong>(In LE MEDIUM n\u00b0704 du 26 mai au 1<sup>er<\/sup> Juin 2026)<\/strong><\/p>\n\n\n\n<p class=\"wp-block-paragraph\"><strong><em>@macite.tg&nbsp;&nbsp;&nbsp;&nbsp;&nbsp;&nbsp;&nbsp;&nbsp;<\/em><\/strong><\/p>\n\n\n\n<p class=\"wp-block-paragraph\"><strong><em>E-mail&nbsp;: <\/em><\/strong><a href=\"mailto:maciteinfo@gmail.com\"><strong><em>maciteinfo@gmail.com<\/em><\/strong><\/a><strong><em>; <\/em><\/strong><a href=\"mailto:bawela1@gmail.com\"><strong><em>bawela1@gmail.com<\/em><\/strong><\/a><strong><em><\/em><\/strong><\/p>\n\n\n\n<p class=\"wp-block-paragraph\"><strong><em>Pour vos annonces, publi-reportages, etc., joignez-nous au (00228)91515309\/<strong>79872224 <\/strong><strong><\/strong><\/em><\/strong><\/p>\n\n\n\n<p class=\"wp-block-paragraph\"><strong><em>www.macite.tg, L\u2019information, la bonne&nbsp;!<\/em><\/strong><\/p>\n\n\n\n<p class=\"wp-block-paragraph\"><\/p>\n","protected":false},"excerpt":{"rendered":"<p class=\"text-justify mb-2\" >Du 06 au 16 juillet, se tiendra \u00e0 New York, le Forum politique de haut niveau sur les ODD. Il sera plac\u00e9 sous le th\u00e8me&nbsp;: \u00ab Actions transformatrices, \u00e9quitables, innovantes et coordonn\u00e9es pour le Programme de d\u00e9veloppement durable \u00e0 l\u2019horizon 2030 et ses objectifs de [&hellip;]<\/p>\n","protected":false},"author":2,"featured_media":30874,"comment_status":"open","ping_status":"open","sticky":false,"template":"","format":"standard","meta":{"footnotes":""},"categories":[20,15],"tags":[],"class_list":["post-30870","post","type-post","status-publish","format-standard","has-post-thumbnail","hentry","category-actualite","category-developpement"],"yoast_head":"<!-- This site is optimized with the Yoast SEO plugin v28.4 - https:\/\/yoast.com\/product\/yoast-seo-wordpress\/ -->\n<title>FORUM POLITIQUE SUR LES ODD DE NEW YORK\u00a0: Le Togo pr\u00e9sentera son 5\u00e8 rapport -<\/title>\n<meta name=\"robots\" content=\"index, follow, max-snippet:-1, max-image-preview:large, max-video-preview:-1\" \/>\n<link rel=\"canonical\" href=\"https:\/\/macite.tg\/?p=30870\" \/>\n<meta property=\"og:locale\" content=\"fr_FR\" \/>\n<meta property=\"og:type\" content=\"article\" \/>\n<meta property=\"og:title\" content=\"FORUM POLITIQUE SUR LES ODD DE NEW YORK\u00a0: Le Togo pr\u00e9sentera son 5\u00e8 rapport -\" \/>\n<meta property=\"og:description\" content=\"Du 06 au 16 juillet, se tiendra \u00e0 New York, le Forum politique de haut niveau sur les ODD. Il sera plac\u00e9 sous le th\u00e8me&nbsp;: \u00ab Actions transformatrices, \u00e9quitables, innovantes et coordonn\u00e9es pour le Programme de d\u00e9veloppement durable \u00e0 l\u2019horizon 2030 et ses objectifs de [&hellip;]\" \/>\n<meta property=\"og:url\" content=\"https:\/\/macite.tg\/?p=30870\" \/>\n<meta property=\"article:published_time\" content=\"2026-05-29T09:06:23+00:00\" \/>\n<meta property=\"article:modified_time\" content=\"2026-05-29T09:06:30+00:00\" \/>\n<meta property=\"og:image\" content=\"https:\/\/macite.tg\/wp-content\/uploads\/2026\/05\/ODD.jpg\" \/>\n\t<meta property=\"og:image:width\" content=\"500\" \/>\n\t<meta property=\"og:image:height\" content=\"301\" \/>\n\t<meta property=\"og:image:type\" content=\"image\/jpeg\" \/>\n<meta name=\"author\" content=\"Jean Pierre BAWELA\" \/>\n<meta name=\"twitter:card\" content=\"summary_large_image\" \/>\n<meta name=\"twitter:label1\" content=\"\u00c9crit par\" \/>\n\t<meta name=\"twitter:data1\" content=\"Jean Pierre BAWELA\" \/>\n\t<meta name=\"twitter:label2\" content=\"Dur\u00e9e de lecture estim\u00e9e\" \/>\n\t<meta name=\"twitter:data2\" content=\"4 minutes\" \/>\n<script type=\"application\/ld+json\" class=\"yoast-schema-graph\">{\"@context\":\"https:\\\/\\\/schema.org\",\"@graph\":[{\"@type\":\"Article\",\"@id\":\"https:\\\/\\\/macite.tg\\\/?p=30870#article\",\"isPartOf\":{\"@id\":\"https:\\\/\\\/macite.tg\\\/?p=30870\"},\"author\":{\"name\":\"Jean Pierre BAWELA\",\"@id\":\"https:\\\/\\\/macite.tg\\\/#\\\/schema\\\/person\\\/e9f2de7e5dbbe7770a9402c7ce82f5c2\"},\"headline\":\"FORUM POLITIQUE SUR LES ODD DE NEW YORK\u00a0: Le Togo pr\u00e9sentera son 5\u00e8 rapport\",\"datePublished\":\"2026-05-29T09:06:23+00:00\",\"dateModified\":\"2026-05-29T09:06:30+00:00\",\"mainEntityOfPage\":{\"@id\":\"https:\\\/\\\/macite.tg\\\/?p=30870\"},\"wordCount\":687,\"commentCount\":0,\"image\":{\"@id\":\"https:\\\/\\\/macite.tg\\\/?p=30870#primaryimage\"},\"thumbnailUrl\":\"https:\\\/\\\/macite.tg\\\/wp-content\\\/uploads\\\/2026\\\/05\\\/ODD.jpg\",\"articleSection\":[\"ACTUALITE\",\"DEVELOPPEMENT\"],\"inLanguage\":\"fr-FR\",\"potentialAction\":[{\"@type\":\"CommentAction\",\"name\":\"Comment\",\"target\":[\"https:\\\/\\\/macite.tg\\\/?p=30870#respond\"]}]},{\"@type\":\"WebPage\",\"@id\":\"https:\\\/\\\/macite.tg\\\/?p=30870\",\"url\":\"https:\\\/\\\/macite.tg\\\/?p=30870\",\"name\":\"FORUM POLITIQUE SUR LES ODD DE NEW YORK\u00a0: Le Togo pr\u00e9sentera son 5\u00e8 rapport -\",\"isPartOf\":{\"@id\":\"https:\\\/\\\/macite.tg\\\/#website\"},\"primaryImageOfPage\":{\"@id\":\"https:\\\/\\\/macite.tg\\\/?p=30870#primaryimage\"},\"image\":{\"@id\":\"https:\\\/\\\/macite.tg\\\/?p=30870#primaryimage\"},\"thumbnailUrl\":\"https:\\\/\\\/macite.tg\\\/wp-content\\\/uploads\\\/2026\\\/05\\\/ODD.jpg\",\"datePublished\":\"2026-05-29T09:06:23+00:00\",\"dateModified\":\"2026-05-29T09:06:30+00:00\",\"author\":{\"@id\":\"https:\\\/\\\/macite.tg\\\/#\\\/schema\\\/person\\\/e9f2de7e5dbbe7770a9402c7ce82f5c2\"},\"breadcrumb\":{\"@id\":\"https:\\\/\\\/macite.tg\\\/?p=30870#breadcrumb\"},\"inLanguage\":\"fr-FR\",\"potentialAction\":[{\"@type\":\"ReadAction\",\"target\":[\"https:\\\/\\\/macite.tg\\\/?p=30870\"]}]},{\"@type\":\"ImageObject\",\"inLanguage\":\"fr-FR\",\"@id\":\"https:\\\/\\\/macite.tg\\\/?p=30870#primaryimage\",\"url\":\"https:\\\/\\\/macite.tg\\\/wp-content\\\/uploads\\\/2026\\\/05\\\/ODD.jpg\",\"contentUrl\":\"https:\\\/\\\/macite.tg\\\/wp-content\\\/uploads\\\/2026\\\/05\\\/ODD.jpg\",\"width\":500,\"height\":301},{\"@type\":\"BreadcrumbList\",\"@id\":\"https:\\\/\\\/macite.tg\\\/?p=30870#breadcrumb\",\"itemListElement\":[{\"@type\":\"ListItem\",\"position\":1,\"name\":\"Accueil\",\"item\":\"https:\\\/\\\/macite.tg\\\/\"},{\"@type\":\"ListItem\",\"position\":2,\"name\":\"FORUM POLITIQUE SUR LES ODD DE NEW YORK\u00a0: Le Togo pr\u00e9sentera son 5\u00e8 rapport\"}]},{\"@type\":\"WebSite\",\"@id\":\"https:\\\/\\\/macite.tg\\\/#website\",\"url\":\"https:\\\/\\\/macite.tg\\\/\",\"name\":\"\",\"description\":\"L&#039;information, la bonne!!!\",\"potentialAction\":[{\"@type\":\"SearchAction\",\"target\":{\"@type\":\"EntryPoint\",\"urlTemplate\":\"https:\\\/\\\/macite.tg\\\/?s={search_term_string}\"},\"query-input\":{\"@type\":\"PropertyValueSpecification\",\"valueRequired\":true,\"valueName\":\"search_term_string\"}}],\"inLanguage\":\"fr-FR\"},{\"@type\":\"Person\",\"@id\":\"https:\\\/\\\/macite.tg\\\/#\\\/schema\\\/person\\\/e9f2de7e5dbbe7770a9402c7ce82f5c2\",\"name\":\"Jean Pierre BAWELA\",\"image\":{\"@type\":\"ImageObject\",\"inLanguage\":\"fr-FR\",\"@id\":\"https:\\\/\\\/macite.tg\\\/wp-content\\\/uploads\\\/2023\\\/09\\\/WhatsApp-Image-2023-09-19-at-14.44.41-122x122.jpeg\",\"url\":\"https:\\\/\\\/macite.tg\\\/wp-content\\\/uploads\\\/2023\\\/09\\\/WhatsApp-Image-2023-09-19-at-14.44.41-122x122.jpeg\",\"contentUrl\":\"https:\\\/\\\/macite.tg\\\/wp-content\\\/uploads\\\/2023\\\/09\\\/WhatsApp-Image-2023-09-19-at-14.44.41-122x122.jpeg\",\"caption\":\"Jean Pierre BAWELA\"},\"url\":\"https:\\\/\\\/macite.tg\\\/?author=2\"}]}<\/script>\n<!-- \/ Yoast SEO plugin. -->","yoast_head_json":{"title":"FORUM POLITIQUE SUR LES ODD DE NEW YORK\u00a0: Le Togo pr\u00e9sentera son 5\u00e8 rapport -","robots":{"index":"index","follow":"follow","max-snippet":"max-snippet:-1","max-image-preview":"max-image-preview:large","max-video-preview":"max-video-preview:-1"},"canonical":"https:\/\/macite.tg\/?p=30870","og_locale":"fr_FR","og_type":"article","og_title":"FORUM POLITIQUE SUR LES ODD DE NEW YORK\u00a0: Le Togo pr\u00e9sentera son 5\u00e8 rapport -","og_description":"Du 06 au 16 juillet, se tiendra \u00e0 New York, le Forum politique de haut niveau sur les ODD. Il sera plac\u00e9 sous le th\u00e8me&nbsp;: \u00ab Actions transformatrices, \u00e9quitables, innovantes et coordonn\u00e9es pour le Programme de d\u00e9veloppement durable \u00e0 l\u2019horizon 2030 et ses objectifs de [&hellip;]","og_url":"https:\/\/macite.tg\/?p=30870","article_published_time":"2026-05-29T09:06:23+00:00","article_modified_time":"2026-05-29T09:06:30+00:00","og_image":[{"width":500,"height":301,"url":"https:\/\/macite.tg\/wp-content\/uploads\/2026\/05\/ODD.jpg","type":"image\/jpeg"}],"author":"Jean Pierre BAWELA","twitter_card":"summary_large_image","twitter_misc":{"\u00c9crit par":"Jean Pierre BAWELA","Dur\u00e9e de lecture estim\u00e9e":"4 minutes"},"schema":{"@context":"https:\/\/schema.org","@graph":[{"@type":"Article","@id":"https:\/\/macite.tg\/?p=30870#article","isPartOf":{"@id":"https:\/\/macite.tg\/?p=30870"},"author":{"name":"Jean Pierre BAWELA","@id":"https:\/\/macite.tg\/#\/schema\/person\/e9f2de7e5dbbe7770a9402c7ce82f5c2"},"headline":"FORUM POLITIQUE SUR LES ODD DE NEW YORK\u00a0: Le Togo pr\u00e9sentera son 5\u00e8 rapport","datePublished":"2026-05-29T09:06:23+00:00","dateModified":"2026-05-29T09:06:30+00:00","mainEntityOfPage":{"@id":"https:\/\/macite.tg\/?p=30870"},"wordCount":687,"commentCount":0,"image":{"@id":"https:\/\/macite.tg\/?p=30870#primaryimage"},"thumbnailUrl":"https:\/\/macite.tg\/wp-content\/uploads\/2026\/05\/ODD.jpg","articleSection":["ACTUALITE","DEVELOPPEMENT"],"inLanguage":"fr-FR","potentialAction":[{"@type":"CommentAction","name":"Comment","target":["https:\/\/macite.tg\/?p=30870#respond"]}]},{"@type":"WebPage","@id":"https:\/\/macite.tg\/?p=30870","url":"https:\/\/macite.tg\/?p=30870","name":"FORUM POLITIQUE SUR LES ODD DE NEW YORK\u00a0: Le Togo pr\u00e9sentera son 5\u00e8 rapport -","isPartOf":{"@id":"https:\/\/macite.tg\/#website"},"primaryImageOfPage":{"@id":"https:\/\/macite.tg\/?p=30870#primaryimage"},"image":{"@id":"https:\/\/macite.tg\/?p=30870#primaryimage"},"thumbnailUrl":"https:\/\/macite.tg\/wp-content\/uploads\/2026\/05\/ODD.jpg","datePublished":"2026-05-29T09:06:23+00:00","dateModified":"2026-05-29T09:06:30+00:00","author":{"@id":"https:\/\/macite.tg\/#\/schema\/person\/e9f2de7e5dbbe7770a9402c7ce82f5c2"},"breadcrumb":{"@id":"https:\/\/macite.tg\/?p=30870#breadcrumb"},"inLanguage":"fr-FR","potentialAction":[{"@type":"ReadAction","target":["https:\/\/macite.tg\/?p=30870"]}]},{"@type":"ImageObject","inLanguage":"fr-FR","@id":"https:\/\/macite.tg\/?p=30870#primaryimage","url":"https:\/\/macite.tg\/wp-content\/uploads\/2026\/05\/ODD.jpg","contentUrl":"https:\/\/macite.tg\/wp-content\/uploads\/2026\/05\/ODD.jpg","width":500,"height":301},{"@type":"BreadcrumbList","@id":"https:\/\/macite.tg\/?p=30870#breadcrumb","itemListElement":[{"@type":"ListItem","position":1,"name":"Accueil","item":"https:\/\/macite.tg\/"},{"@type":"ListItem","position":2,"name":"FORUM POLITIQUE SUR LES ODD DE NEW YORK\u00a0: Le Togo pr\u00e9sentera son 5\u00e8 rapport"}]},{"@type":"WebSite","@id":"https:\/\/macite.tg\/#website","url":"https:\/\/macite.tg\/","name":"","description":"L&#039;information, la bonne!!!","potentialAction":[{"@type":"SearchAction","target":{"@type":"EntryPoint","urlTemplate":"https:\/\/macite.tg\/?s={search_term_string}"},"query-input":{"@type":"PropertyValueSpecification","valueRequired":true,"valueName":"search_term_string"}}],"inLanguage":"fr-FR"},{"@type":"Person","@id":"https:\/\/macite.tg\/#\/schema\/person\/e9f2de7e5dbbe7770a9402c7ce82f5c2","name":"Jean Pierre BAWELA","image":{"@type":"ImageObject","inLanguage":"fr-FR","@id":"https:\/\/macite.tg\/wp-content\/uploads\/2023\/09\/WhatsApp-Image-2023-09-19-at-14.44.41-122x122.jpeg","url":"https:\/\/macite.tg\/wp-content\/uploads\/2023\/09\/WhatsApp-Image-2023-09-19-at-14.44.41-122x122.jpeg","contentUrl":"https:\/\/macite.tg\/wp-content\/uploads\/2023\/09\/WhatsApp-Image-2023-09-19-at-14.44.41-122x122.jpeg","caption":"Jean Pierre BAWELA"},"url":"https:\/\/macite.tg\/?author=2"}]}},"_links":{"self":[{"href":"https:\/\/macite.tg\/index.php?rest_route=\/wp\/v2\/posts\/30870","targetHints":{"allow":["GET"]}}],"collection":[{"href":"https:\/\/macite.tg\/index.php?rest_route=\/wp\/v2\/posts"}],"about":[{"href":"https:\/\/macite.tg\/index.php?rest_route=\/wp\/v2\/types\/post"}],"author":[{"embeddable":true,"href":"https:\/\/macite.tg\/index.php?rest_route=\/wp\/v2\/users\/2"}],"replies":[{"embeddable":true,"href":"https:\/\/macite.tg\/index.php?rest_route=%2Fwp%2Fv2%2Fcomments&post=30870"}],"version-history":[{"count":0,"href":"https:\/\/macite.tg\/index.php?rest_route=\/wp\/v2\/posts\/30870\/revisions"}],"wp:featuredmedia":[{"embeddable":true,"href":"https:\/\/macite.tg\/index.php?rest_route=\/wp\/v2\/media\/30874"}],"wp:attachment":[{"href":"https:\/\/macite.tg\/index.php?rest_route=%2Fwp%2Fv2%2Fmedia&parent=30870"}],"wp:term":[{"taxonomy":"category","embeddable":true,"href":"https:\/\/macite.tg\/index.php?rest_route=%2Fwp%2Fv2%2Fcategories&post=30870"},{"taxonomy":"post_tag","embeddable":true,"href":"https:\/\/macite.tg\/index.php?rest_route=%2Fwp%2Fv2%2Ftags&post=30870"}],"curies":[{"name":"wp","href":"https:\/\/api.w.org\/{rel}","templated":true}]}}