{"id":30864,"date":"2026-05-28T15:25:28","date_gmt":"2026-05-28T15:25:28","guid":{"rendered":"https:\/\/macite.tg\/?p=30864"},"modified":"2026-05-28T15:25:34","modified_gmt":"2026-05-28T15:25:34","slug":"cinema-grande-premiere-du-film-imani-bounka-le-06-juin-a-lome","status":"publish","type":"post","link":"https:\/\/macite.tg\/?p=30864","title":{"rendered":"CINEMA: Grande premi\u00e8re du film \u00ab\u00a0IMANI BOUNKA\u00a0\u00bb le 06 juin \u00e0 Lom\u00e9"},"content":{"rendered":"\n<p class=\"wp-block-paragraph\"><strong><em>Le septi\u00e8me art togolais est en pleine \u00e9bullition ! Les amoureux du cin\u00e9ma et de la culture ont rendez-vous le samedi 06 juin prochain pour un \u00e9v\u00e9nement cin\u00e9matographique majeur : la projection officielle en grande premi\u00e8re du film \u00ab\u00a0IMANI BOUNKA\u00a0\u00bb.<\/em><\/strong><\/p>\n\n\n\n<p class=\"wp-block-paragraph\">Port\u00e9e par la maison de r\u00e9alisation TEVLO PRODUCTION, cette \u0153uvre locale s&rsquo;annonce d\u00e9j\u00e0 comme une production forte, poignante et profond\u00e9ment \u00e9mouvante. Une occasion r\u00eav\u00e9e de c\u00e9l\u00e9brer et de soutenir le talent des r\u00e9alisateurs et acteurs de chez nous.<\/p>\n\n\n\n<p class=\"wp-block-paragraph\">C&rsquo;est le Palais des Congr\u00e8s de Lom\u00e9 qui va accueillir cet \u00e9v\u00e9nement dont le top sera donn\u00e9 \u00e0 14h00 pr\u00e9cises.<\/p>\n\n\n\n<figure class=\"wp-block-image size-full\"><img loading=\"lazy\" decoding=\"async\" width=\"947\" height=\"202\" src=\"https:\/\/macite.tg\/wp-content\/uploads\/2026\/05\/zio-lodge.jpg\" alt=\"\" class=\"wp-image-30861\" srcset=\"https:\/\/macite.tg\/wp-content\/uploads\/2026\/05\/zio-lodge.jpg 947w, https:\/\/macite.tg\/wp-content\/uploads\/2026\/05\/zio-lodge-300x64.jpg 300w, https:\/\/macite.tg\/wp-content\/uploads\/2026\/05\/zio-lodge-768x164.jpg 768w\" sizes=\"auto, (max-width: 947px) 100vw, 947px\" \/><\/figure>\n\n\n\n<p class=\"wp-block-paragraph\">Au-del\u00e0 de la simple diffusion du film, cette grande premi\u00e8re se veut un v\u00e9ritable festival culturel. Pour marquer le coup et offrir une exp\u00e9rience m\u00e9morable aux spectateurs, la projection sera rythm\u00e9e par des prestations artistiques de haut niveau.<\/p>\n\n\n\n<p class=\"wp-block-paragraph\">Notons que la sc\u00e8ne sera anim\u00e9e par un line-up \u00e9clectique d&rsquo;artistes de renom et de figures montantes tels que Prince Hassan Mila, Payroll B, Ora Limde Kao, Papavi Jiva, Bibi Reine, Fayrouz Djibril, Finest DJ\u2026<\/p>\n\n\n\n<p class=\"wp-block-paragraph\">En plus de la musique, la tradition sera mise \u00e0 l&rsquo;honneur avec une d\u00e9monstration spectaculaire de la c\u00e9l\u00e8bre danse Adossa Gadao, promettant une immersion totale dans le patrimoine culturel togolais.<\/p>\n\n\n\n<p class=\"wp-block-paragraph\">Les tickets d&rsquo;entr\u00e9e (standards&nbsp;: 3.000 FCFA, et VIP&nbsp;: 5.000 FCFA) sont d&rsquo;ores et d\u00e9j\u00e0 disponibles et vous assureront une place de choix pour prendre part \u00e0 ce rendez-vous cin\u00e9matographique. Des lignes t\u00e9l\u00e9phoniques directes sont mises \u00e0 disposition du public pour l&rsquo;achat des billets et pour toute demande d&rsquo;information compl\u00e9mentaire <em>: +228 70 41 16 80 ou +228 99 32 95 92.<\/em><\/p>\n\n\n\n<figure class=\"wp-block-image size-full\"><img loading=\"lazy\" decoding=\"async\" width=\"851\" height=\"315\" src=\"https:\/\/macite.tg\/wp-content\/uploads\/2026\/05\/OTR_Bandeau-Renseignements.jpg\" alt=\"\" class=\"wp-image-30797\" srcset=\"https:\/\/macite.tg\/wp-content\/uploads\/2026\/05\/OTR_Bandeau-Renseignements.jpg 851w, https:\/\/macite.tg\/wp-content\/uploads\/2026\/05\/OTR_Bandeau-Renseignements-300x111.jpg 300w, https:\/\/macite.tg\/wp-content\/uploads\/2026\/05\/OTR_Bandeau-Renseignements-768x284.jpg 768w\" sizes=\"auto, (max-width: 851px) 100vw, 851px\" \/><\/figure>\n\n\n\n<p class=\"wp-block-paragraph\"><strong>Pourquoi faut-il aller voir \u00ab\u00a0IMANI BOUNKA\u00a0\u00bb ?<\/strong><\/p>\n\n\n\n<p class=\"wp-block-paragraph\">Soutenir les productions de <em>TEVLO PRODUCTION<\/em>, c&rsquo;est participer activement \u00e0 l&rsquo;\u00e9mergence de l&rsquo;industrie cin\u00e9matographique du Togo (Togowood). \u00ab\u00a0IMANI BOUNKA\u00a0\u00bb promet d&rsquo;aborder des th\u00e9matiques percutantes avec une sensibilit\u00e9 propre aux r\u00e9alit\u00e9s locales, port\u00e9e par une r\u00e9alisation moderne.<\/p>\n\n\n\n<p class=\"wp-block-paragraph\"><strong>MC<\/strong><\/p>\n\n\n\n<p class=\"wp-block-paragraph\"><a><strong><em>@macite.tg&nbsp;&nbsp;&nbsp;&nbsp;&nbsp;&nbsp;&nbsp;&nbsp;<\/em><\/strong><\/a><\/p>\n\n\n\n<p class=\"wp-block-paragraph\"><strong><em>E-mail&nbsp;: <\/em><\/strong><a href=\"mailto:maciteinfo@gmail.com\"><strong><em>maciteinfo@gmail.com<\/em><\/strong><\/a><strong><em>; <\/em><\/strong><a href=\"mailto:bawela1@gmail.com\"><strong><em>bawela1@gmail.com<\/em><\/strong><\/a><strong><em><\/em><\/strong><\/p>\n\n\n\n<p class=\"wp-block-paragraph\"><strong><em>Pour vos annonces, publi-reportages, etc., joignez-nous au (00228)91515309\/<strong>79872224 <\/strong><strong><\/strong><\/em><\/strong><\/p>\n\n\n\n<p class=\"wp-block-paragraph\"><strong><em>www.macite.tg, L\u2019information, la bonne&nbsp;!<\/em><\/strong><\/p>\n\n\n\n<p class=\"wp-block-paragraph\"><\/p>\n","protected":false},"excerpt":{"rendered":"<p class=\"text-justify mb-2\" >Le septi\u00e8me art togolais est en pleine \u00e9bullition ! Les amoureux du cin\u00e9ma et de la culture ont rendez-vous le samedi 06 juin prochain pour un \u00e9v\u00e9nement cin\u00e9matographique majeur : la projection officielle en grande premi\u00e8re du film \u00ab\u00a0IMANI BOUNKA\u00a0\u00bb. Port\u00e9e par la maison de [&hellip;]<\/p>\n","protected":false},"author":2,"featured_media":30867,"comment_status":"open","ping_status":"open","sticky":false,"template":"","format":"standard","meta":{"footnotes":""},"categories":[20,18],"tags":[],"class_list":["post-30864","post","type-post","status-publish","format-standard","has-post-thumbnail","hentry","category-actualite","category-culture"],"yoast_head":"<!-- This site is optimized with the Yoast SEO plugin v28.4 - https:\/\/yoast.com\/product\/yoast-seo-wordpress\/ -->\n<title>CINEMA: Grande premi\u00e8re du film &quot;IMANI BOUNKA&quot; le 06 juin \u00e0 Lom\u00e9 -<\/title>\n<meta name=\"robots\" content=\"index, follow, max-snippet:-1, max-image-preview:large, max-video-preview:-1\" \/>\n<link rel=\"canonical\" href=\"https:\/\/macite.tg\/?p=30864\" \/>\n<meta property=\"og:locale\" content=\"fr_FR\" \/>\n<meta property=\"og:type\" content=\"article\" \/>\n<meta property=\"og:title\" content=\"CINEMA: Grande premi\u00e8re du film &quot;IMANI BOUNKA&quot; le 06 juin \u00e0 Lom\u00e9 -\" \/>\n<meta property=\"og:description\" content=\"Le septi\u00e8me art togolais est en pleine \u00e9bullition ! Les amoureux du cin\u00e9ma et de la culture ont rendez-vous le samedi 06 juin prochain pour un \u00e9v\u00e9nement cin\u00e9matographique majeur : la projection officielle en grande premi\u00e8re du film \u00ab\u00a0IMANI BOUNKA\u00a0\u00bb. Port\u00e9e par la maison de [&hellip;]\" \/>\n<meta property=\"og:url\" content=\"https:\/\/macite.tg\/?p=30864\" \/>\n<meta property=\"article:published_time\" content=\"2026-05-28T15:25:28+00:00\" \/>\n<meta property=\"article:modified_time\" content=\"2026-05-28T15:25:34+00:00\" \/>\n<meta property=\"og:image\" content=\"https:\/\/macite.tg\/wp-content\/uploads\/2026\/05\/Imani-bounka-1.jpg\" \/>\n\t<meta property=\"og:image:width\" content=\"500\" \/>\n\t<meta property=\"og:image:height\" content=\"714\" \/>\n\t<meta property=\"og:image:type\" content=\"image\/jpeg\" \/>\n<meta name=\"author\" content=\"Jean Pierre BAWELA\" \/>\n<meta name=\"twitter:card\" content=\"summary_large_image\" \/>\n<meta name=\"twitter:label1\" content=\"\u00c9crit par\" \/>\n\t<meta name=\"twitter:data1\" content=\"Jean Pierre BAWELA\" \/>\n\t<meta name=\"twitter:label2\" content=\"Dur\u00e9e de lecture estim\u00e9e\" \/>\n\t<meta name=\"twitter:data2\" content=\"3 minutes\" \/>\n<script type=\"application\/ld+json\" class=\"yoast-schema-graph\">{\"@context\":\"https:\\\/\\\/schema.org\",\"@graph\":[{\"@type\":\"Article\",\"@id\":\"https:\\\/\\\/macite.tg\\\/?p=30864#article\",\"isPartOf\":{\"@id\":\"https:\\\/\\\/macite.tg\\\/?p=30864\"},\"author\":{\"name\":\"Jean Pierre BAWELA\",\"@id\":\"https:\\\/\\\/macite.tg\\\/#\\\/schema\\\/person\\\/e9f2de7e5dbbe7770a9402c7ce82f5c2\"},\"headline\":\"CINEMA: Grande premi\u00e8re du film \u00ab\u00a0IMANI BOUNKA\u00a0\u00bb le 06 juin \u00e0 Lom\u00e9\",\"datePublished\":\"2026-05-28T15:25:28+00:00\",\"dateModified\":\"2026-05-28T15:25:34+00:00\",\"mainEntityOfPage\":{\"@id\":\"https:\\\/\\\/macite.tg\\\/?p=30864\"},\"wordCount\":381,\"commentCount\":0,\"image\":{\"@id\":\"https:\\\/\\\/macite.tg\\\/?p=30864#primaryimage\"},\"thumbnailUrl\":\"https:\\\/\\\/macite.tg\\\/wp-content\\\/uploads\\\/2026\\\/05\\\/Imani-bounka-1.jpg\",\"articleSection\":[\"ACTUALITE\",\"CULTURE\"],\"inLanguage\":\"fr-FR\",\"potentialAction\":[{\"@type\":\"CommentAction\",\"name\":\"Comment\",\"target\":[\"https:\\\/\\\/macite.tg\\\/?p=30864#respond\"]}]},{\"@type\":\"WebPage\",\"@id\":\"https:\\\/\\\/macite.tg\\\/?p=30864\",\"url\":\"https:\\\/\\\/macite.tg\\\/?p=30864\",\"name\":\"CINEMA: Grande premi\u00e8re du film \\\"IMANI BOUNKA\\\" le 06 juin \u00e0 Lom\u00e9 -\",\"isPartOf\":{\"@id\":\"https:\\\/\\\/macite.tg\\\/#website\"},\"primaryImageOfPage\":{\"@id\":\"https:\\\/\\\/macite.tg\\\/?p=30864#primaryimage\"},\"image\":{\"@id\":\"https:\\\/\\\/macite.tg\\\/?p=30864#primaryimage\"},\"thumbnailUrl\":\"https:\\\/\\\/macite.tg\\\/wp-content\\\/uploads\\\/2026\\\/05\\\/Imani-bounka-1.jpg\",\"datePublished\":\"2026-05-28T15:25:28+00:00\",\"dateModified\":\"2026-05-28T15:25:34+00:00\",\"author\":{\"@id\":\"https:\\\/\\\/macite.tg\\\/#\\\/schema\\\/person\\\/e9f2de7e5dbbe7770a9402c7ce82f5c2\"},\"breadcrumb\":{\"@id\":\"https:\\\/\\\/macite.tg\\\/?p=30864#breadcrumb\"},\"inLanguage\":\"fr-FR\",\"potentialAction\":[{\"@type\":\"ReadAction\",\"target\":[\"https:\\\/\\\/macite.tg\\\/?p=30864\"]}]},{\"@type\":\"ImageObject\",\"inLanguage\":\"fr-FR\",\"@id\":\"https:\\\/\\\/macite.tg\\\/?p=30864#primaryimage\",\"url\":\"https:\\\/\\\/macite.tg\\\/wp-content\\\/uploads\\\/2026\\\/05\\\/Imani-bounka-1.jpg\",\"contentUrl\":\"https:\\\/\\\/macite.tg\\\/wp-content\\\/uploads\\\/2026\\\/05\\\/Imani-bounka-1.jpg\",\"width\":500,\"height\":714},{\"@type\":\"BreadcrumbList\",\"@id\":\"https:\\\/\\\/macite.tg\\\/?p=30864#breadcrumb\",\"itemListElement\":[{\"@type\":\"ListItem\",\"position\":1,\"name\":\"Accueil\",\"item\":\"https:\\\/\\\/macite.tg\\\/\"},{\"@type\":\"ListItem\",\"position\":2,\"name\":\"CINEMA: Grande premi\u00e8re du film \u00ab\u00a0IMANI BOUNKA\u00a0\u00bb le 06 juin \u00e0 Lom\u00e9\"}]},{\"@type\":\"WebSite\",\"@id\":\"https:\\\/\\\/macite.tg\\\/#website\",\"url\":\"https:\\\/\\\/macite.tg\\\/\",\"name\":\"\",\"description\":\"L&#039;information, la bonne!!!\",\"potentialAction\":[{\"@type\":\"SearchAction\",\"target\":{\"@type\":\"EntryPoint\",\"urlTemplate\":\"https:\\\/\\\/macite.tg\\\/?s={search_term_string}\"},\"query-input\":{\"@type\":\"PropertyValueSpecification\",\"valueRequired\":true,\"valueName\":\"search_term_string\"}}],\"inLanguage\":\"fr-FR\"},{\"@type\":\"Person\",\"@id\":\"https:\\\/\\\/macite.tg\\\/#\\\/schema\\\/person\\\/e9f2de7e5dbbe7770a9402c7ce82f5c2\",\"name\":\"Jean Pierre BAWELA\",\"image\":{\"@type\":\"ImageObject\",\"inLanguage\":\"fr-FR\",\"@id\":\"https:\\\/\\\/macite.tg\\\/wp-content\\\/uploads\\\/2023\\\/09\\\/WhatsApp-Image-2023-09-19-at-14.44.41-122x122.jpeg\",\"url\":\"https:\\\/\\\/macite.tg\\\/wp-content\\\/uploads\\\/2023\\\/09\\\/WhatsApp-Image-2023-09-19-at-14.44.41-122x122.jpeg\",\"contentUrl\":\"https:\\\/\\\/macite.tg\\\/wp-content\\\/uploads\\\/2023\\\/09\\\/WhatsApp-Image-2023-09-19-at-14.44.41-122x122.jpeg\",\"caption\":\"Jean Pierre BAWELA\"},\"url\":\"https:\\\/\\\/macite.tg\\\/?author=2\"}]}<\/script>\n<!-- \/ Yoast SEO plugin. -->","yoast_head_json":{"title":"CINEMA: Grande premi\u00e8re du film \"IMANI BOUNKA\" le 06 juin \u00e0 Lom\u00e9 -","robots":{"index":"index","follow":"follow","max-snippet":"max-snippet:-1","max-image-preview":"max-image-preview:large","max-video-preview":"max-video-preview:-1"},"canonical":"https:\/\/macite.tg\/?p=30864","og_locale":"fr_FR","og_type":"article","og_title":"CINEMA: Grande premi\u00e8re du film \"IMANI BOUNKA\" le 06 juin \u00e0 Lom\u00e9 -","og_description":"Le septi\u00e8me art togolais est en pleine \u00e9bullition ! Les amoureux du cin\u00e9ma et de la culture ont rendez-vous le samedi 06 juin prochain pour un \u00e9v\u00e9nement cin\u00e9matographique majeur : la projection officielle en grande premi\u00e8re du film \u00ab\u00a0IMANI BOUNKA\u00a0\u00bb. Port\u00e9e par la maison de [&hellip;]","og_url":"https:\/\/macite.tg\/?p=30864","article_published_time":"2026-05-28T15:25:28+00:00","article_modified_time":"2026-05-28T15:25:34+00:00","og_image":[{"width":500,"height":714,"url":"https:\/\/macite.tg\/wp-content\/uploads\/2026\/05\/Imani-bounka-1.jpg","type":"image\/jpeg"}],"author":"Jean Pierre BAWELA","twitter_card":"summary_large_image","twitter_misc":{"\u00c9crit par":"Jean Pierre BAWELA","Dur\u00e9e de lecture estim\u00e9e":"3 minutes"},"schema":{"@context":"https:\/\/schema.org","@graph":[{"@type":"Article","@id":"https:\/\/macite.tg\/?p=30864#article","isPartOf":{"@id":"https:\/\/macite.tg\/?p=30864"},"author":{"name":"Jean Pierre BAWELA","@id":"https:\/\/macite.tg\/#\/schema\/person\/e9f2de7e5dbbe7770a9402c7ce82f5c2"},"headline":"CINEMA: Grande premi\u00e8re du film \u00ab\u00a0IMANI BOUNKA\u00a0\u00bb le 06 juin \u00e0 Lom\u00e9","datePublished":"2026-05-28T15:25:28+00:00","dateModified":"2026-05-28T15:25:34+00:00","mainEntityOfPage":{"@id":"https:\/\/macite.tg\/?p=30864"},"wordCount":381,"commentCount":0,"image":{"@id":"https:\/\/macite.tg\/?p=30864#primaryimage"},"thumbnailUrl":"https:\/\/macite.tg\/wp-content\/uploads\/2026\/05\/Imani-bounka-1.jpg","articleSection":["ACTUALITE","CULTURE"],"inLanguage":"fr-FR","potentialAction":[{"@type":"CommentAction","name":"Comment","target":["https:\/\/macite.tg\/?p=30864#respond"]}]},{"@type":"WebPage","@id":"https:\/\/macite.tg\/?p=30864","url":"https:\/\/macite.tg\/?p=30864","name":"CINEMA: Grande premi\u00e8re du film \"IMANI BOUNKA\" le 06 juin \u00e0 Lom\u00e9 -","isPartOf":{"@id":"https:\/\/macite.tg\/#website"},"primaryImageOfPage":{"@id":"https:\/\/macite.tg\/?p=30864#primaryimage"},"image":{"@id":"https:\/\/macite.tg\/?p=30864#primaryimage"},"thumbnailUrl":"https:\/\/macite.tg\/wp-content\/uploads\/2026\/05\/Imani-bounka-1.jpg","datePublished":"2026-05-28T15:25:28+00:00","dateModified":"2026-05-28T15:25:34+00:00","author":{"@id":"https:\/\/macite.tg\/#\/schema\/person\/e9f2de7e5dbbe7770a9402c7ce82f5c2"},"breadcrumb":{"@id":"https:\/\/macite.tg\/?p=30864#breadcrumb"},"inLanguage":"fr-FR","potentialAction":[{"@type":"ReadAction","target":["https:\/\/macite.tg\/?p=30864"]}]},{"@type":"ImageObject","inLanguage":"fr-FR","@id":"https:\/\/macite.tg\/?p=30864#primaryimage","url":"https:\/\/macite.tg\/wp-content\/uploads\/2026\/05\/Imani-bounka-1.jpg","contentUrl":"https:\/\/macite.tg\/wp-content\/uploads\/2026\/05\/Imani-bounka-1.jpg","width":500,"height":714},{"@type":"BreadcrumbList","@id":"https:\/\/macite.tg\/?p=30864#breadcrumb","itemListElement":[{"@type":"ListItem","position":1,"name":"Accueil","item":"https:\/\/macite.tg\/"},{"@type":"ListItem","position":2,"name":"CINEMA: Grande premi\u00e8re du film \u00ab\u00a0IMANI BOUNKA\u00a0\u00bb le 06 juin \u00e0 Lom\u00e9"}]},{"@type":"WebSite","@id":"https:\/\/macite.tg\/#website","url":"https:\/\/macite.tg\/","name":"","description":"L&#039;information, la bonne!!!","potentialAction":[{"@type":"SearchAction","target":{"@type":"EntryPoint","urlTemplate":"https:\/\/macite.tg\/?s={search_term_string}"},"query-input":{"@type":"PropertyValueSpecification","valueRequired":true,"valueName":"search_term_string"}}],"inLanguage":"fr-FR"},{"@type":"Person","@id":"https:\/\/macite.tg\/#\/schema\/person\/e9f2de7e5dbbe7770a9402c7ce82f5c2","name":"Jean Pierre BAWELA","image":{"@type":"ImageObject","inLanguage":"fr-FR","@id":"https:\/\/macite.tg\/wp-content\/uploads\/2023\/09\/WhatsApp-Image-2023-09-19-at-14.44.41-122x122.jpeg","url":"https:\/\/macite.tg\/wp-content\/uploads\/2023\/09\/WhatsApp-Image-2023-09-19-at-14.44.41-122x122.jpeg","contentUrl":"https:\/\/macite.tg\/wp-content\/uploads\/2023\/09\/WhatsApp-Image-2023-09-19-at-14.44.41-122x122.jpeg","caption":"Jean Pierre BAWELA"},"url":"https:\/\/macite.tg\/?author=2"}]}},"_links":{"self":[{"href":"https:\/\/macite.tg\/index.php?rest_route=\/wp\/v2\/posts\/30864","targetHints":{"allow":["GET"]}}],"collection":[{"href":"https:\/\/macite.tg\/index.php?rest_route=\/wp\/v2\/posts"}],"about":[{"href":"https:\/\/macite.tg\/index.php?rest_route=\/wp\/v2\/types\/post"}],"author":[{"embeddable":true,"href":"https:\/\/macite.tg\/index.php?rest_route=\/wp\/v2\/users\/2"}],"replies":[{"embeddable":true,"href":"https:\/\/macite.tg\/index.php?rest_route=%2Fwp%2Fv2%2Fcomments&post=30864"}],"version-history":[{"count":0,"href":"https:\/\/macite.tg\/index.php?rest_route=\/wp\/v2\/posts\/30864\/revisions"}],"wp:featuredmedia":[{"embeddable":true,"href":"https:\/\/macite.tg\/index.php?rest_route=\/wp\/v2\/media\/30867"}],"wp:attachment":[{"href":"https:\/\/macite.tg\/index.php?rest_route=%2Fwp%2Fv2%2Fmedia&parent=30864"}],"wp:term":[{"taxonomy":"category","embeddable":true,"href":"https:\/\/macite.tg\/index.php?rest_route=%2Fwp%2Fv2%2Fcategories&post=30864"},{"taxonomy":"post_tag","embeddable":true,"href":"https:\/\/macite.tg\/index.php?rest_route=%2Fwp%2Fv2%2Ftags&post=30864"}],"curies":[{"name":"wp","href":"https:\/\/api.w.org\/{rel}","templated":true}]}}