{"id":30841,"date":"2026-05-28T12:47:09","date_gmt":"2026-05-28T12:47:09","guid":{"rendered":"https:\/\/macite.tg\/?p=30841"},"modified":"2026-05-28T13:01:56","modified_gmt":"2026-05-28T13:01:56","slug":"amenagement-troncon-wellcity-quand-conflit-de-territorialite-entre-les-mairies-dagoe-nyive-6-et-de-zio-1-sape-les-efforts-de-developpement","status":"publish","type":"post","link":"https:\/\/macite.tg\/?p=30841","title":{"rendered":"AMENAGEMENT TRONCON WELLCITY\u00a0: Quand le conflit de territorialit\u00e9 entre les mairies d\u2019Ago\u00e8-Nyiv\u00e9 6 et de Zio 1 sape les efforts de d\u00e9veloppement"},"content":{"rendered":"\n<p class=\"wp-block-paragraph\"><em><strong>L\u2019\u00e9tat d\u00e9gradant et difficilement praticable du tron\u00e7on Wellcity constitue aujourd\u2019hui une mis\u00e8re pour les riverains. A premi\u00e8re vue, on conclurait facilement \u00e0 une inactivit\u00e9 de la Mairie Ago\u00e8-Nyiv\u00e9 6. Cependant, le sujet est bien plus complexe et pose un souci d\u2019intercommunalit\u00e9 du tron\u00e7on entre Ago\u00e8-Nyiv\u00e9 6 et Zio 1. Ce qui signifie que pour esp\u00e9rer un jour voir cette voie am\u00e9nag\u00e9e, il faudra une action conjugu\u00e9e entre les deux communes et surtout un r\u00f4le pr\u00e9pond\u00e9rant du Conseil R\u00e9gional qui doit s\u2019investir afin de mettre fin au conflit de territorialit\u00e9 qui existe.<\/strong><\/em><\/p>\n\n\n\n<p class=\"wp-block-paragraph\">En effet, le statut de la voie Wellcity laisse \u00e0 d\u00e9sirer et constitue aujourd\u2019hui une r\u00e9elle difficult\u00e9.<\/p>\n\n\n\n<p class=\"wp-block-paragraph\">Pour le commun des mortels, cette responsabilit\u00e9 reviendrait \u00e0 la Mairie Ago\u00e8-Nyiv\u00e9 6. A priori, mais il sied de relever que la Mairie Zio 1 y joue \u00e9galement un grand r\u00f4le, sinon l\u2019essentiel, sans qu\u2019on le sache. D\u2019o\u00f9, le v\u00e9ritable conflit de territorialit\u00e9 qui se pose entre les deux communes.<\/p>\n\n\n\n<p class=\"wp-block-paragraph\">Comment comprendre que les taxes soient per\u00e7ues par la Commune Zio 1, sans v\u00e9ritables dividendes positives pour les populations, en termes d\u2019am\u00e9nagement de la voie intercommunale que constitue le tron\u00e7on Wellcity&nbsp;? En plus, il faut noter que la Commune d\u2019Ad\u00e9ticop\u00e9 (Ago\u00e8-Nyiv\u00e9 6) ne dispose d\u2019aucune carri\u00e8re. Ce qui veut dire que les camions de sable exploitant et d\u00e9gradant ce tron\u00e7on, \u00e0 longueur de journ\u00e9e, paient les textes \u00e0 la commune Zio 1.<\/p>\n\n\n<div class=\"wp-block-image\">\n<figure class=\"aligncenter size-full is-resized\"><img loading=\"lazy\" decoding=\"async\" width=\"500\" height=\"328\" src=\"https:\/\/macite.tg\/wp-content\/uploads\/2026\/05\/Route-dadde.jpg\" alt=\"\" class=\"wp-image-30849\" style=\"aspect-ratio:1.5244320145806491;width:646px;height:auto\" srcset=\"https:\/\/macite.tg\/wp-content\/uploads\/2026\/05\/Route-dadde.jpg 500w, https:\/\/macite.tg\/wp-content\/uploads\/2026\/05\/Route-dadde-300x197.jpg 300w\" sizes=\"auto, (max-width: 500px) 100vw, 500px\" \/><figcaption class=\"wp-element-caption\"><strong><em>L&rsquo;\u00e9tat de la voie apr\u00e8s la pluie de lundi 25 mai dernier<\/em><\/strong><\/figcaption><\/figure>\n<\/div>\n\n\n<p class=\"wp-block-paragraph\">Plus grave encore, selon nos informations, les initiatives de la Mairie Ago\u00e8-Nyiv\u00e9 6 se limiteraient uniquement \u00e0 des contr\u00f4les de routine, de sensibilisation et de rappels \u00e0 l\u2019ordre adress\u00e9s aux camionneurs de sable, qui d\u00e9gradent, tous les jours et en toute impunit\u00e9, cette voie intercommunale de Wellcity. M\u00eame \u00e0 ce niveau, il ne serait pas \u00e9tonnant que les initiatives se heurtent \u00e0 des contre-sensibilisations rendant ainsi difficiles les efforts consentis afin de soulager les riverains. Et justement dans ce cas d\u2019esp\u00e8ce, ce sont uniquement les riverains, qui paient le lourd tribut.<\/p>\n\n\n\n<p class=\"wp-block-paragraph\"><strong>Le Conseil R\u00e9gional interpell\u00e9<\/strong><\/p>\n\n\n\n<p class=\"wp-block-paragraph\">Aujourd\u2019hui, eu \u00e9gard au statut intercommunal du tron\u00e7on Wellcity, le r\u00f4le du Conseil R\u00e9gional est n\u00e9cessaire et bien utile. Il permettra de remettre les pendules \u00e0 l\u2019heure, de situer les responsabilit\u00e9s qui incombent aux communes Ago\u00e8 Nyiv\u00e9 6 et Zio 1, en termes d\u2019am\u00e9nagement du tron\u00e7on, et \u00e9galement de droits de regard sur les perceptions des taxes communales et leurs emplois au b\u00e9n\u00e9fice des riverains de cette voie intercommunale.<\/p>\n\n\n\n<p class=\"wp-block-paragraph\">L\u2019intervention responsable du Conseil R\u00e9gional permettra aussi de r\u00e9soudre l\u2019incivisme constat\u00e9 sur cette voie, \u0153uvre des camionneurs de sable qui stationnent en d\u00e9sordre sur ce tron\u00e7on, obstruant \u00e0 longueur de journ\u00e9e la voie \u00e0 l\u2019entr\u00e9e dudit tron\u00e7on notamment, et surtout la d\u00e9gradant impun\u00e9ment.<\/p>\n\n\n<div class=\"wp-block-image\">\n<figure class=\"aligncenter size-full\"><img loading=\"lazy\" decoding=\"async\" width=\"851\" height=\"315\" src=\"https:\/\/macite.tg\/wp-content\/uploads\/2026\/05\/OTR_Bandeau-Renseignements.jpg\" alt=\"\" class=\"wp-image-30797\" srcset=\"https:\/\/macite.tg\/wp-content\/uploads\/2026\/05\/OTR_Bandeau-Renseignements.jpg 851w, https:\/\/macite.tg\/wp-content\/uploads\/2026\/05\/OTR_Bandeau-Renseignements-300x111.jpg 300w, https:\/\/macite.tg\/wp-content\/uploads\/2026\/05\/OTR_Bandeau-Renseignements-768x284.jpg 768w\" sizes=\"auto, (max-width: 851px) 100vw, 851px\" \/><\/figure>\n<\/div>\n\n\n<p class=\"wp-block-paragraph\">En attendant donc que le Conseil R\u00e9gional joue v\u00e9ritablement son r\u00f4le, en situant les responsabilit\u00e9s entre les Communes Ago\u00e8 Nyiv\u00e9 6 et Zio 1, les riverains de la voie intercommunale sont oblig\u00e9s de poursuivre leur chemin de croix. M\u00eame apr\u00e8s les 14 stations r\u00e9guli\u00e8res. Le calvaire continue donc. Surtout en saison pluvieuse.<\/p>\n\n\n\n<p class=\"wp-block-paragraph\"><strong>A suivre\u2026&nbsp;<\/strong><\/p>\n\n\n\n<p class=\"wp-block-paragraph\"><strong>Cr\u00e9do TETTEH (In LE MEDIUM n\u00b0704 du 26 mai au 1<sup>er<\/sup> Juin 2026)<\/strong><\/p>\n\n\n\n<p class=\"wp-block-paragraph\"><strong><em>@macite.tg&nbsp;&nbsp;&nbsp;&nbsp;&nbsp;&nbsp;&nbsp;&nbsp;<\/em><\/strong><\/p>\n\n\n\n<p class=\"wp-block-paragraph\"><strong><em>E-mail&nbsp;: <\/em><\/strong><a href=\"mailto:maciteinfo@gmail.com\"><strong><em>maciteinfo@gmail.com<\/em><\/strong><\/a><strong><em>; <\/em><\/strong><a href=\"mailto:bawela1@gmail.com\"><strong><em>bawela1@gmail.com<\/em><\/strong><\/a><strong><em><\/em><\/strong><\/p>\n\n\n\n<p class=\"wp-block-paragraph\"><strong><em>Pour vos annonces, publi-reportages, etc., joignez-nous au (00228)91515309\/<strong>79872224 <\/strong><strong><\/strong><\/em><\/strong><\/p>\n\n\n\n<p class=\"wp-block-paragraph\"><strong><em>www.macite.tg, L\u2019information, la bonne&nbsp;!<\/em><\/strong><\/p>\n\n\n\n<p class=\"wp-block-paragraph\"><\/p>\n","protected":false},"excerpt":{"rendered":"<p class=\"text-justify mb-2\" >L\u2019\u00e9tat d\u00e9gradant et difficilement praticable du tron\u00e7on Wellcity constitue aujourd\u2019hui une mis\u00e8re pour les riverains. A premi\u00e8re vue, on conclurait facilement \u00e0 une inactivit\u00e9 de la Mairie Ago\u00e8-Nyiv\u00e9 6. Cependant, le sujet est bien plus complexe et pose un souci d\u2019intercommunalit\u00e9 du tron\u00e7on entre Ago\u00e8-Nyiv\u00e9 [&hellip;]<\/p>\n","protected":false},"author":2,"featured_media":30848,"comment_status":"open","ping_status":"open","sticky":false,"template":"","format":"standard","meta":{"footnotes":""},"categories":[20,15],"tags":[],"class_list":["post-30841","post","type-post","status-publish","format-standard","has-post-thumbnail","hentry","category-actualite","category-developpement"],"yoast_head":"<!-- This site is optimized with the Yoast SEO plugin v28.4 - https:\/\/yoast.com\/product\/yoast-seo-wordpress\/ -->\n<title>AMENAGEMENT TRONCON WELLCITY\u00a0: Quand le conflit de territorialit\u00e9 entre les mairies d\u2019Ago\u00e8-Nyiv\u00e9 6 et de Zio 1 sape les efforts de d\u00e9veloppement -<\/title>\n<meta name=\"robots\" content=\"index, follow, max-snippet:-1, max-image-preview:large, max-video-preview:-1\" \/>\n<link rel=\"canonical\" href=\"https:\/\/macite.tg\/?p=30841\" \/>\n<meta property=\"og:locale\" content=\"fr_FR\" \/>\n<meta property=\"og:type\" content=\"article\" \/>\n<meta property=\"og:title\" content=\"AMENAGEMENT TRONCON WELLCITY\u00a0: Quand le conflit de territorialit\u00e9 entre les mairies d\u2019Ago\u00e8-Nyiv\u00e9 6 et de Zio 1 sape les efforts de d\u00e9veloppement -\" \/>\n<meta property=\"og:description\" content=\"L\u2019\u00e9tat d\u00e9gradant et difficilement praticable du tron\u00e7on Wellcity constitue aujourd\u2019hui une mis\u00e8re pour les riverains. A premi\u00e8re vue, on conclurait facilement \u00e0 une inactivit\u00e9 de la Mairie Ago\u00e8-Nyiv\u00e9 6. Cependant, le sujet est bien plus complexe et pose un souci d\u2019intercommunalit\u00e9 du tron\u00e7on entre Ago\u00e8-Nyiv\u00e9 [&hellip;]\" \/>\n<meta property=\"og:url\" content=\"https:\/\/macite.tg\/?p=30841\" \/>\n<meta property=\"article:published_time\" content=\"2026-05-28T12:47:09+00:00\" \/>\n<meta property=\"article:modified_time\" content=\"2026-05-28T13:01:56+00:00\" \/>\n<meta property=\"og:image\" content=\"https:\/\/macite.tg\/wp-content\/uploads\/2026\/05\/Troncon-wellcity.jpg\" \/>\n\t<meta property=\"og:image:width\" content=\"500\" \/>\n\t<meta property=\"og:image:height\" content=\"294\" \/>\n\t<meta property=\"og:image:type\" content=\"image\/jpeg\" \/>\n<meta name=\"author\" content=\"Jean Pierre BAWELA\" \/>\n<meta name=\"twitter:card\" content=\"summary_large_image\" \/>\n<meta name=\"twitter:label1\" content=\"\u00c9crit par\" \/>\n\t<meta name=\"twitter:data1\" content=\"Jean Pierre BAWELA\" \/>\n\t<meta name=\"twitter:label2\" content=\"Dur\u00e9e de lecture estim\u00e9e\" \/>\n\t<meta name=\"twitter:data2\" content=\"4 minutes\" \/>\n<script type=\"application\/ld+json\" class=\"yoast-schema-graph\">{\"@context\":\"https:\\\/\\\/schema.org\",\"@graph\":[{\"@type\":\"Article\",\"@id\":\"https:\\\/\\\/macite.tg\\\/?p=30841#article\",\"isPartOf\":{\"@id\":\"https:\\\/\\\/macite.tg\\\/?p=30841\"},\"author\":{\"name\":\"Jean Pierre BAWELA\",\"@id\":\"https:\\\/\\\/macite.tg\\\/#\\\/schema\\\/person\\\/e9f2de7e5dbbe7770a9402c7ce82f5c2\"},\"headline\":\"AMENAGEMENT TRONCON WELLCITY\u00a0: Quand le conflit de territorialit\u00e9 entre les mairies d\u2019Ago\u00e8-Nyiv\u00e9 6 et de Zio 1 sape les efforts de d\u00e9veloppement\",\"datePublished\":\"2026-05-28T12:47:09+00:00\",\"dateModified\":\"2026-05-28T13:01:56+00:00\",\"mainEntityOfPage\":{\"@id\":\"https:\\\/\\\/macite.tg\\\/?p=30841\"},\"wordCount\":631,\"commentCount\":0,\"image\":{\"@id\":\"https:\\\/\\\/macite.tg\\\/?p=30841#primaryimage\"},\"thumbnailUrl\":\"https:\\\/\\\/macite.tg\\\/wp-content\\\/uploads\\\/2026\\\/05\\\/Troncon-wellcity.jpg\",\"articleSection\":[\"ACTUALITE\",\"DEVELOPPEMENT\"],\"inLanguage\":\"fr-FR\",\"potentialAction\":[{\"@type\":\"CommentAction\",\"name\":\"Comment\",\"target\":[\"https:\\\/\\\/macite.tg\\\/?p=30841#respond\"]}]},{\"@type\":\"WebPage\",\"@id\":\"https:\\\/\\\/macite.tg\\\/?p=30841\",\"url\":\"https:\\\/\\\/macite.tg\\\/?p=30841\",\"name\":\"AMENAGEMENT TRONCON WELLCITY\u00a0: Quand le conflit de territorialit\u00e9 entre les mairies d\u2019Ago\u00e8-Nyiv\u00e9 6 et de Zio 1 sape les efforts de d\u00e9veloppement -\",\"isPartOf\":{\"@id\":\"https:\\\/\\\/macite.tg\\\/#website\"},\"primaryImageOfPage\":{\"@id\":\"https:\\\/\\\/macite.tg\\\/?p=30841#primaryimage\"},\"image\":{\"@id\":\"https:\\\/\\\/macite.tg\\\/?p=30841#primaryimage\"},\"thumbnailUrl\":\"https:\\\/\\\/macite.tg\\\/wp-content\\\/uploads\\\/2026\\\/05\\\/Troncon-wellcity.jpg\",\"datePublished\":\"2026-05-28T12:47:09+00:00\",\"dateModified\":\"2026-05-28T13:01:56+00:00\",\"author\":{\"@id\":\"https:\\\/\\\/macite.tg\\\/#\\\/schema\\\/person\\\/e9f2de7e5dbbe7770a9402c7ce82f5c2\"},\"breadcrumb\":{\"@id\":\"https:\\\/\\\/macite.tg\\\/?p=30841#breadcrumb\"},\"inLanguage\":\"fr-FR\",\"potentialAction\":[{\"@type\":\"ReadAction\",\"target\":[\"https:\\\/\\\/macite.tg\\\/?p=30841\"]}]},{\"@type\":\"ImageObject\",\"inLanguage\":\"fr-FR\",\"@id\":\"https:\\\/\\\/macite.tg\\\/?p=30841#primaryimage\",\"url\":\"https:\\\/\\\/macite.tg\\\/wp-content\\\/uploads\\\/2026\\\/05\\\/Troncon-wellcity.jpg\",\"contentUrl\":\"https:\\\/\\\/macite.tg\\\/wp-content\\\/uploads\\\/2026\\\/05\\\/Troncon-wellcity.jpg\",\"width\":500,\"height\":294},{\"@type\":\"BreadcrumbList\",\"@id\":\"https:\\\/\\\/macite.tg\\\/?p=30841#breadcrumb\",\"itemListElement\":[{\"@type\":\"ListItem\",\"position\":1,\"name\":\"Accueil\",\"item\":\"https:\\\/\\\/macite.tg\\\/\"},{\"@type\":\"ListItem\",\"position\":2,\"name\":\"AMENAGEMENT TRONCON WELLCITY\u00a0: Quand le conflit de territorialit\u00e9 entre les mairies d\u2019Ago\u00e8-Nyiv\u00e9 6 et de Zio 1 sape les efforts de d\u00e9veloppement\"}]},{\"@type\":\"WebSite\",\"@id\":\"https:\\\/\\\/macite.tg\\\/#website\",\"url\":\"https:\\\/\\\/macite.tg\\\/\",\"name\":\"\",\"description\":\"L&#039;information, la bonne!!!\",\"potentialAction\":[{\"@type\":\"SearchAction\",\"target\":{\"@type\":\"EntryPoint\",\"urlTemplate\":\"https:\\\/\\\/macite.tg\\\/?s={search_term_string}\"},\"query-input\":{\"@type\":\"PropertyValueSpecification\",\"valueRequired\":true,\"valueName\":\"search_term_string\"}}],\"inLanguage\":\"fr-FR\"},{\"@type\":\"Person\",\"@id\":\"https:\\\/\\\/macite.tg\\\/#\\\/schema\\\/person\\\/e9f2de7e5dbbe7770a9402c7ce82f5c2\",\"name\":\"Jean Pierre BAWELA\",\"image\":{\"@type\":\"ImageObject\",\"inLanguage\":\"fr-FR\",\"@id\":\"https:\\\/\\\/macite.tg\\\/wp-content\\\/uploads\\\/2023\\\/09\\\/WhatsApp-Image-2023-09-19-at-14.44.41-122x122.jpeg\",\"url\":\"https:\\\/\\\/macite.tg\\\/wp-content\\\/uploads\\\/2023\\\/09\\\/WhatsApp-Image-2023-09-19-at-14.44.41-122x122.jpeg\",\"contentUrl\":\"https:\\\/\\\/macite.tg\\\/wp-content\\\/uploads\\\/2023\\\/09\\\/WhatsApp-Image-2023-09-19-at-14.44.41-122x122.jpeg\",\"caption\":\"Jean Pierre BAWELA\"},\"url\":\"https:\\\/\\\/macite.tg\\\/?author=2\"}]}<\/script>\n<!-- \/ Yoast SEO plugin. -->","yoast_head_json":{"title":"AMENAGEMENT TRONCON WELLCITY\u00a0: Quand le conflit de territorialit\u00e9 entre les mairies d\u2019Ago\u00e8-Nyiv\u00e9 6 et de Zio 1 sape les efforts de d\u00e9veloppement -","robots":{"index":"index","follow":"follow","max-snippet":"max-snippet:-1","max-image-preview":"max-image-preview:large","max-video-preview":"max-video-preview:-1"},"canonical":"https:\/\/macite.tg\/?p=30841","og_locale":"fr_FR","og_type":"article","og_title":"AMENAGEMENT TRONCON WELLCITY\u00a0: Quand le conflit de territorialit\u00e9 entre les mairies d\u2019Ago\u00e8-Nyiv\u00e9 6 et de Zio 1 sape les efforts de d\u00e9veloppement -","og_description":"L\u2019\u00e9tat d\u00e9gradant et difficilement praticable du tron\u00e7on Wellcity constitue aujourd\u2019hui une mis\u00e8re pour les riverains. A premi\u00e8re vue, on conclurait facilement \u00e0 une inactivit\u00e9 de la Mairie Ago\u00e8-Nyiv\u00e9 6. Cependant, le sujet est bien plus complexe et pose un souci d\u2019intercommunalit\u00e9 du tron\u00e7on entre Ago\u00e8-Nyiv\u00e9 [&hellip;]","og_url":"https:\/\/macite.tg\/?p=30841","article_published_time":"2026-05-28T12:47:09+00:00","article_modified_time":"2026-05-28T13:01:56+00:00","og_image":[{"width":500,"height":294,"url":"https:\/\/macite.tg\/wp-content\/uploads\/2026\/05\/Troncon-wellcity.jpg","type":"image\/jpeg"}],"author":"Jean Pierre BAWELA","twitter_card":"summary_large_image","twitter_misc":{"\u00c9crit par":"Jean Pierre BAWELA","Dur\u00e9e de lecture estim\u00e9e":"4 minutes"},"schema":{"@context":"https:\/\/schema.org","@graph":[{"@type":"Article","@id":"https:\/\/macite.tg\/?p=30841#article","isPartOf":{"@id":"https:\/\/macite.tg\/?p=30841"},"author":{"name":"Jean Pierre BAWELA","@id":"https:\/\/macite.tg\/#\/schema\/person\/e9f2de7e5dbbe7770a9402c7ce82f5c2"},"headline":"AMENAGEMENT TRONCON WELLCITY\u00a0: Quand le conflit de territorialit\u00e9 entre les mairies d\u2019Ago\u00e8-Nyiv\u00e9 6 et de Zio 1 sape les efforts de d\u00e9veloppement","datePublished":"2026-05-28T12:47:09+00:00","dateModified":"2026-05-28T13:01:56+00:00","mainEntityOfPage":{"@id":"https:\/\/macite.tg\/?p=30841"},"wordCount":631,"commentCount":0,"image":{"@id":"https:\/\/macite.tg\/?p=30841#primaryimage"},"thumbnailUrl":"https:\/\/macite.tg\/wp-content\/uploads\/2026\/05\/Troncon-wellcity.jpg","articleSection":["ACTUALITE","DEVELOPPEMENT"],"inLanguage":"fr-FR","potentialAction":[{"@type":"CommentAction","name":"Comment","target":["https:\/\/macite.tg\/?p=30841#respond"]}]},{"@type":"WebPage","@id":"https:\/\/macite.tg\/?p=30841","url":"https:\/\/macite.tg\/?p=30841","name":"AMENAGEMENT TRONCON WELLCITY\u00a0: Quand le conflit de territorialit\u00e9 entre les mairies d\u2019Ago\u00e8-Nyiv\u00e9 6 et de Zio 1 sape les efforts de d\u00e9veloppement -","isPartOf":{"@id":"https:\/\/macite.tg\/#website"},"primaryImageOfPage":{"@id":"https:\/\/macite.tg\/?p=30841#primaryimage"},"image":{"@id":"https:\/\/macite.tg\/?p=30841#primaryimage"},"thumbnailUrl":"https:\/\/macite.tg\/wp-content\/uploads\/2026\/05\/Troncon-wellcity.jpg","datePublished":"2026-05-28T12:47:09+00:00","dateModified":"2026-05-28T13:01:56+00:00","author":{"@id":"https:\/\/macite.tg\/#\/schema\/person\/e9f2de7e5dbbe7770a9402c7ce82f5c2"},"breadcrumb":{"@id":"https:\/\/macite.tg\/?p=30841#breadcrumb"},"inLanguage":"fr-FR","potentialAction":[{"@type":"ReadAction","target":["https:\/\/macite.tg\/?p=30841"]}]},{"@type":"ImageObject","inLanguage":"fr-FR","@id":"https:\/\/macite.tg\/?p=30841#primaryimage","url":"https:\/\/macite.tg\/wp-content\/uploads\/2026\/05\/Troncon-wellcity.jpg","contentUrl":"https:\/\/macite.tg\/wp-content\/uploads\/2026\/05\/Troncon-wellcity.jpg","width":500,"height":294},{"@type":"BreadcrumbList","@id":"https:\/\/macite.tg\/?p=30841#breadcrumb","itemListElement":[{"@type":"ListItem","position":1,"name":"Accueil","item":"https:\/\/macite.tg\/"},{"@type":"ListItem","position":2,"name":"AMENAGEMENT TRONCON WELLCITY\u00a0: Quand le conflit de territorialit\u00e9 entre les mairies d\u2019Ago\u00e8-Nyiv\u00e9 6 et de Zio 1 sape les efforts de d\u00e9veloppement"}]},{"@type":"WebSite","@id":"https:\/\/macite.tg\/#website","url":"https:\/\/macite.tg\/","name":"","description":"L&#039;information, la bonne!!!","potentialAction":[{"@type":"SearchAction","target":{"@type":"EntryPoint","urlTemplate":"https:\/\/macite.tg\/?s={search_term_string}"},"query-input":{"@type":"PropertyValueSpecification","valueRequired":true,"valueName":"search_term_string"}}],"inLanguage":"fr-FR"},{"@type":"Person","@id":"https:\/\/macite.tg\/#\/schema\/person\/e9f2de7e5dbbe7770a9402c7ce82f5c2","name":"Jean Pierre BAWELA","image":{"@type":"ImageObject","inLanguage":"fr-FR","@id":"https:\/\/macite.tg\/wp-content\/uploads\/2023\/09\/WhatsApp-Image-2023-09-19-at-14.44.41-122x122.jpeg","url":"https:\/\/macite.tg\/wp-content\/uploads\/2023\/09\/WhatsApp-Image-2023-09-19-at-14.44.41-122x122.jpeg","contentUrl":"https:\/\/macite.tg\/wp-content\/uploads\/2023\/09\/WhatsApp-Image-2023-09-19-at-14.44.41-122x122.jpeg","caption":"Jean Pierre BAWELA"},"url":"https:\/\/macite.tg\/?author=2"}]}},"_links":{"self":[{"href":"https:\/\/macite.tg\/index.php?rest_route=\/wp\/v2\/posts\/30841","targetHints":{"allow":["GET"]}}],"collection":[{"href":"https:\/\/macite.tg\/index.php?rest_route=\/wp\/v2\/posts"}],"about":[{"href":"https:\/\/macite.tg\/index.php?rest_route=\/wp\/v2\/types\/post"}],"author":[{"embeddable":true,"href":"https:\/\/macite.tg\/index.php?rest_route=\/wp\/v2\/users\/2"}],"replies":[{"embeddable":true,"href":"https:\/\/macite.tg\/index.php?rest_route=%2Fwp%2Fv2%2Fcomments&post=30841"}],"version-history":[{"count":0,"href":"https:\/\/macite.tg\/index.php?rest_route=\/wp\/v2\/posts\/30841\/revisions"}],"wp:featuredmedia":[{"embeddable":true,"href":"https:\/\/macite.tg\/index.php?rest_route=\/wp\/v2\/media\/30848"}],"wp:attachment":[{"href":"https:\/\/macite.tg\/index.php?rest_route=%2Fwp%2Fv2%2Fmedia&parent=30841"}],"wp:term":[{"taxonomy":"category","embeddable":true,"href":"https:\/\/macite.tg\/index.php?rest_route=%2Fwp%2Fv2%2Fcategories&post=30841"},{"taxonomy":"post_tag","embeddable":true,"href":"https:\/\/macite.tg\/index.php?rest_route=%2Fwp%2Fv2%2Ftags&post=30841"}],"curies":[{"name":"wp","href":"https:\/\/api.w.org\/{rel}","templated":true}]}}