{"id":30801,"date":"2026-05-27T07:54:30","date_gmt":"2026-05-27T07:54:30","guid":{"rendered":"https:\/\/macite.tg\/?p=30801"},"modified":"2026-05-27T08:02:20","modified_gmt":"2026-05-27T08:02:20","slug":"necrologie-un-dernier-voyage-pour-maman-ndafidina-katakpeda-mariella-nee-bamela","status":"publish","type":"post","link":"https:\/\/macite.tg\/?p=30801","title":{"rendered":"NECROLOGIE : Maman N\u2019DAFIDINA Katakp\u00e9da Mariella n\u00e9e BAMELA, &#8230;le dernier voyage"},"content":{"rendered":"\n<p class=\"wp-block-paragraph\"><strong><em>Rappel\u00e9e \u00e0 son Cr\u00e9ateur le 08 mai 2026 au CHR de Kara \u00e0 l\u2019\u00e2ge de 99 ans, Maman N\u2019DAFIDINA Katakp\u00e9da Mariella n\u00e9e BAMELA effectuera son dernier voyage terrestre le samedi 30 mai prochain, apr\u00e8s des hommages, recueillements et autres c\u00e9r\u00e9monies d\u2019honneur.<\/em><\/strong> <\/p>\n\n\n\n<p class=\"wp-block-paragraph\"><strong><em>Unions de pri\u00e8res pour le repos en Dieu de son \u00e2me&nbsp;!!!<\/em><\/strong><\/p>\n\n\n<div class=\"wp-block-image\">\n<figure class=\"aligncenter size-full is-resized\"><img loading=\"lazy\" decoding=\"async\" width=\"596\" height=\"832\" src=\"https:\/\/macite.tg\/wp-content\/uploads\/2026\/05\/image-104.png\" alt=\"\" class=\"wp-image-30814\" style=\"width:764px;height:auto\" srcset=\"https:\/\/macite.tg\/wp-content\/uploads\/2026\/05\/image-104.png 596w, https:\/\/macite.tg\/wp-content\/uploads\/2026\/05\/image-104-215x300.png 215w\" sizes=\"auto, (max-width: 596px) 100vw, 596px\" \/><\/figure>\n<\/div>\n\n<div class=\"wp-block-image\">\n<figure class=\"aligncenter size-full is-resized\"><img loading=\"lazy\" decoding=\"async\" width=\"607\" height=\"820\" src=\"https:\/\/macite.tg\/wp-content\/uploads\/2026\/05\/image-105.png\" alt=\"\" class=\"wp-image-30815\" style=\"width:761px;height:auto\" srcset=\"https:\/\/macite.tg\/wp-content\/uploads\/2026\/05\/image-105.png 607w, https:\/\/macite.tg\/wp-content\/uploads\/2026\/05\/image-105-222x300.png 222w\" sizes=\"auto, (max-width: 607px) 100vw, 607px\" \/><\/figure>\n<\/div>\n\n<div class=\"wp-block-image\">\n<figure class=\"aligncenter size-full\"><img loading=\"lazy\" decoding=\"async\" width=\"617\" height=\"870\" src=\"https:\/\/macite.tg\/wp-content\/uploads\/2026\/05\/image-106.png\" alt=\"\" class=\"wp-image-30816\" srcset=\"https:\/\/macite.tg\/wp-content\/uploads\/2026\/05\/image-106.png 617w, https:\/\/macite.tg\/wp-content\/uploads\/2026\/05\/image-106-213x300.png 213w\" sizes=\"auto, (max-width: 617px) 100vw, 617px\" \/><\/figure>\n<\/div>\n\n\n<p class=\"wp-block-paragraph\"><strong><em>\u00ab&nbsp;Je ne meurs pas, j\u2019entre dans la vie&nbsp;!&nbsp;\u00bb<\/em><\/strong> (Sainte Th\u00e9r\u00e8se de l\u2019Enfant J\u00e9sus)<\/p>\n\n\n\n<p class=\"wp-block-paragraph\"><\/p>\n","protected":false},"excerpt":{"rendered":"<p class=\"text-justify mb-2\" >Rappel\u00e9e \u00e0 son Cr\u00e9ateur le 08 mai 2026 au CHR de Kara \u00e0 l\u2019\u00e2ge de 99 ans, Maman N\u2019DAFIDINA Katakp\u00e9da Mariella n\u00e9e BAMELA effectuera son dernier voyage terrestre le samedi 30 mai prochain, apr\u00e8s des hommages, recueillements et autres c\u00e9r\u00e9monies d\u2019honneur. Unions de pri\u00e8res pour [&hellip;]<\/p>\n","protected":false},"author":2,"featured_media":30817,"comment_status":"open","ping_status":"open","sticky":false,"template":"","format":"standard","meta":{"footnotes":""},"categories":[20,35],"tags":[],"class_list":["post-30801","post","type-post","status-publish","format-standard","has-post-thumbnail","hentry","category-actualite","category-necrologie"],"yoast_head":"<!-- This site is optimized with the Yoast SEO plugin v28.4 - https:\/\/yoast.com\/product\/yoast-seo-wordpress\/ -->\n<title>NECROLOGIE : Maman N\u2019DAFIDINA Katakp\u00e9da Mariella n\u00e9e BAMELA, ...le dernier voyage -<\/title>\n<meta name=\"robots\" content=\"index, follow, max-snippet:-1, max-image-preview:large, max-video-preview:-1\" \/>\n<link rel=\"canonical\" href=\"https:\/\/macite.tg\/?p=30801\" \/>\n<meta property=\"og:locale\" content=\"fr_FR\" \/>\n<meta property=\"og:type\" content=\"article\" \/>\n<meta property=\"og:title\" content=\"NECROLOGIE : Maman N\u2019DAFIDINA Katakp\u00e9da Mariella n\u00e9e BAMELA, ...le dernier voyage -\" \/>\n<meta property=\"og:description\" content=\"Rappel\u00e9e \u00e0 son Cr\u00e9ateur le 08 mai 2026 au CHR de Kara \u00e0 l\u2019\u00e2ge de 99 ans, Maman N\u2019DAFIDINA Katakp\u00e9da Mariella n\u00e9e BAMELA effectuera son dernier voyage terrestre le samedi 30 mai prochain, apr\u00e8s des hommages, recueillements et autres c\u00e9r\u00e9monies d\u2019honneur. Unions de pri\u00e8res pour [&hellip;]\" \/>\n<meta property=\"og:url\" content=\"https:\/\/macite.tg\/?p=30801\" \/>\n<meta property=\"article:published_time\" content=\"2026-05-27T07:54:30+00:00\" \/>\n<meta property=\"article:modified_time\" content=\"2026-05-27T08:02:20+00:00\" \/>\n<meta property=\"og:image\" content=\"https:\/\/macite.tg\/wp-content\/uploads\/2026\/05\/image-107.png\" \/>\n\t<meta property=\"og:image:width\" content=\"530\" \/>\n\t<meta property=\"og:image:height\" content=\"482\" \/>\n\t<meta property=\"og:image:type\" content=\"image\/png\" \/>\n<meta name=\"author\" content=\"Jean Pierre BAWELA\" \/>\n<meta name=\"twitter:card\" content=\"summary_large_image\" \/>\n<meta name=\"twitter:label1\" content=\"\u00c9crit par\" \/>\n\t<meta name=\"twitter:data1\" content=\"Jean Pierre BAWELA\" \/>\n\t<meta name=\"twitter:label2\" content=\"Dur\u00e9e de lecture estim\u00e9e\" \/>\n\t<meta name=\"twitter:data2\" content=\"2 minutes\" \/>\n<script type=\"application\/ld+json\" class=\"yoast-schema-graph\">{\"@context\":\"https:\\\/\\\/schema.org\",\"@graph\":[{\"@type\":\"Article\",\"@id\":\"https:\\\/\\\/macite.tg\\\/?p=30801#article\",\"isPartOf\":{\"@id\":\"https:\\\/\\\/macite.tg\\\/?p=30801\"},\"author\":{\"name\":\"Jean Pierre BAWELA\",\"@id\":\"https:\\\/\\\/macite.tg\\\/#\\\/schema\\\/person\\\/e9f2de7e5dbbe7770a9402c7ce82f5c2\"},\"headline\":\"NECROLOGIE : Maman N\u2019DAFIDINA Katakp\u00e9da Mariella n\u00e9e BAMELA, &#8230;le dernier voyage\",\"datePublished\":\"2026-05-27T07:54:30+00:00\",\"dateModified\":\"2026-05-27T08:02:20+00:00\",\"mainEntityOfPage\":{\"@id\":\"https:\\\/\\\/macite.tg\\\/?p=30801\"},\"wordCount\":92,\"commentCount\":0,\"image\":{\"@id\":\"https:\\\/\\\/macite.tg\\\/?p=30801#primaryimage\"},\"thumbnailUrl\":\"https:\\\/\\\/macite.tg\\\/wp-content\\\/uploads\\\/2026\\\/05\\\/image-107.png\",\"articleSection\":[\"ACTUALITE\",\"NECROLOGIE\"],\"inLanguage\":\"fr-FR\",\"potentialAction\":[{\"@type\":\"CommentAction\",\"name\":\"Comment\",\"target\":[\"https:\\\/\\\/macite.tg\\\/?p=30801#respond\"]}]},{\"@type\":\"WebPage\",\"@id\":\"https:\\\/\\\/macite.tg\\\/?p=30801\",\"url\":\"https:\\\/\\\/macite.tg\\\/?p=30801\",\"name\":\"NECROLOGIE : Maman N\u2019DAFIDINA Katakp\u00e9da Mariella n\u00e9e BAMELA, ...le dernier voyage -\",\"isPartOf\":{\"@id\":\"https:\\\/\\\/macite.tg\\\/#website\"},\"primaryImageOfPage\":{\"@id\":\"https:\\\/\\\/macite.tg\\\/?p=30801#primaryimage\"},\"image\":{\"@id\":\"https:\\\/\\\/macite.tg\\\/?p=30801#primaryimage\"},\"thumbnailUrl\":\"https:\\\/\\\/macite.tg\\\/wp-content\\\/uploads\\\/2026\\\/05\\\/image-107.png\",\"datePublished\":\"2026-05-27T07:54:30+00:00\",\"dateModified\":\"2026-05-27T08:02:20+00:00\",\"author\":{\"@id\":\"https:\\\/\\\/macite.tg\\\/#\\\/schema\\\/person\\\/e9f2de7e5dbbe7770a9402c7ce82f5c2\"},\"breadcrumb\":{\"@id\":\"https:\\\/\\\/macite.tg\\\/?p=30801#breadcrumb\"},\"inLanguage\":\"fr-FR\",\"potentialAction\":[{\"@type\":\"ReadAction\",\"target\":[\"https:\\\/\\\/macite.tg\\\/?p=30801\"]}]},{\"@type\":\"ImageObject\",\"inLanguage\":\"fr-FR\",\"@id\":\"https:\\\/\\\/macite.tg\\\/?p=30801#primaryimage\",\"url\":\"https:\\\/\\\/macite.tg\\\/wp-content\\\/uploads\\\/2026\\\/05\\\/image-107.png\",\"contentUrl\":\"https:\\\/\\\/macite.tg\\\/wp-content\\\/uploads\\\/2026\\\/05\\\/image-107.png\",\"width\":530,\"height\":482},{\"@type\":\"BreadcrumbList\",\"@id\":\"https:\\\/\\\/macite.tg\\\/?p=30801#breadcrumb\",\"itemListElement\":[{\"@type\":\"ListItem\",\"position\":1,\"name\":\"Accueil\",\"item\":\"https:\\\/\\\/macite.tg\\\/\"},{\"@type\":\"ListItem\",\"position\":2,\"name\":\"NECROLOGIE : Maman N\u2019DAFIDINA Katakp\u00e9da Mariella n\u00e9e BAMELA, &#8230;le dernier voyage\"}]},{\"@type\":\"WebSite\",\"@id\":\"https:\\\/\\\/macite.tg\\\/#website\",\"url\":\"https:\\\/\\\/macite.tg\\\/\",\"name\":\"\",\"description\":\"L&#039;information, la bonne!!!\",\"potentialAction\":[{\"@type\":\"SearchAction\",\"target\":{\"@type\":\"EntryPoint\",\"urlTemplate\":\"https:\\\/\\\/macite.tg\\\/?s={search_term_string}\"},\"query-input\":{\"@type\":\"PropertyValueSpecification\",\"valueRequired\":true,\"valueName\":\"search_term_string\"}}],\"inLanguage\":\"fr-FR\"},{\"@type\":\"Person\",\"@id\":\"https:\\\/\\\/macite.tg\\\/#\\\/schema\\\/person\\\/e9f2de7e5dbbe7770a9402c7ce82f5c2\",\"name\":\"Jean Pierre BAWELA\",\"image\":{\"@type\":\"ImageObject\",\"inLanguage\":\"fr-FR\",\"@id\":\"https:\\\/\\\/macite.tg\\\/wp-content\\\/uploads\\\/2023\\\/09\\\/WhatsApp-Image-2023-09-19-at-14.44.41-122x122.jpeg\",\"url\":\"https:\\\/\\\/macite.tg\\\/wp-content\\\/uploads\\\/2023\\\/09\\\/WhatsApp-Image-2023-09-19-at-14.44.41-122x122.jpeg\",\"contentUrl\":\"https:\\\/\\\/macite.tg\\\/wp-content\\\/uploads\\\/2023\\\/09\\\/WhatsApp-Image-2023-09-19-at-14.44.41-122x122.jpeg\",\"caption\":\"Jean Pierre BAWELA\"},\"url\":\"https:\\\/\\\/macite.tg\\\/?author=2\"}]}<\/script>\n<!-- \/ Yoast SEO plugin. -->","yoast_head_json":{"title":"NECROLOGIE : Maman N\u2019DAFIDINA Katakp\u00e9da Mariella n\u00e9e BAMELA, ...le dernier voyage -","robots":{"index":"index","follow":"follow","max-snippet":"max-snippet:-1","max-image-preview":"max-image-preview:large","max-video-preview":"max-video-preview:-1"},"canonical":"https:\/\/macite.tg\/?p=30801","og_locale":"fr_FR","og_type":"article","og_title":"NECROLOGIE : Maman N\u2019DAFIDINA Katakp\u00e9da Mariella n\u00e9e BAMELA, ...le dernier voyage -","og_description":"Rappel\u00e9e \u00e0 son Cr\u00e9ateur le 08 mai 2026 au CHR de Kara \u00e0 l\u2019\u00e2ge de 99 ans, Maman N\u2019DAFIDINA Katakp\u00e9da Mariella n\u00e9e BAMELA effectuera son dernier voyage terrestre le samedi 30 mai prochain, apr\u00e8s des hommages, recueillements et autres c\u00e9r\u00e9monies d\u2019honneur. Unions de pri\u00e8res pour [&hellip;]","og_url":"https:\/\/macite.tg\/?p=30801","article_published_time":"2026-05-27T07:54:30+00:00","article_modified_time":"2026-05-27T08:02:20+00:00","og_image":[{"width":530,"height":482,"url":"https:\/\/macite.tg\/wp-content\/uploads\/2026\/05\/image-107.png","type":"image\/png"}],"author":"Jean Pierre BAWELA","twitter_card":"summary_large_image","twitter_misc":{"\u00c9crit par":"Jean Pierre BAWELA","Dur\u00e9e de lecture estim\u00e9e":"2 minutes"},"schema":{"@context":"https:\/\/schema.org","@graph":[{"@type":"Article","@id":"https:\/\/macite.tg\/?p=30801#article","isPartOf":{"@id":"https:\/\/macite.tg\/?p=30801"},"author":{"name":"Jean Pierre BAWELA","@id":"https:\/\/macite.tg\/#\/schema\/person\/e9f2de7e5dbbe7770a9402c7ce82f5c2"},"headline":"NECROLOGIE : Maman N\u2019DAFIDINA Katakp\u00e9da Mariella n\u00e9e BAMELA, &#8230;le dernier voyage","datePublished":"2026-05-27T07:54:30+00:00","dateModified":"2026-05-27T08:02:20+00:00","mainEntityOfPage":{"@id":"https:\/\/macite.tg\/?p=30801"},"wordCount":92,"commentCount":0,"image":{"@id":"https:\/\/macite.tg\/?p=30801#primaryimage"},"thumbnailUrl":"https:\/\/macite.tg\/wp-content\/uploads\/2026\/05\/image-107.png","articleSection":["ACTUALITE","NECROLOGIE"],"inLanguage":"fr-FR","potentialAction":[{"@type":"CommentAction","name":"Comment","target":["https:\/\/macite.tg\/?p=30801#respond"]}]},{"@type":"WebPage","@id":"https:\/\/macite.tg\/?p=30801","url":"https:\/\/macite.tg\/?p=30801","name":"NECROLOGIE : Maman N\u2019DAFIDINA Katakp\u00e9da Mariella n\u00e9e BAMELA, ...le dernier voyage -","isPartOf":{"@id":"https:\/\/macite.tg\/#website"},"primaryImageOfPage":{"@id":"https:\/\/macite.tg\/?p=30801#primaryimage"},"image":{"@id":"https:\/\/macite.tg\/?p=30801#primaryimage"},"thumbnailUrl":"https:\/\/macite.tg\/wp-content\/uploads\/2026\/05\/image-107.png","datePublished":"2026-05-27T07:54:30+00:00","dateModified":"2026-05-27T08:02:20+00:00","author":{"@id":"https:\/\/macite.tg\/#\/schema\/person\/e9f2de7e5dbbe7770a9402c7ce82f5c2"},"breadcrumb":{"@id":"https:\/\/macite.tg\/?p=30801#breadcrumb"},"inLanguage":"fr-FR","potentialAction":[{"@type":"ReadAction","target":["https:\/\/macite.tg\/?p=30801"]}]},{"@type":"ImageObject","inLanguage":"fr-FR","@id":"https:\/\/macite.tg\/?p=30801#primaryimage","url":"https:\/\/macite.tg\/wp-content\/uploads\/2026\/05\/image-107.png","contentUrl":"https:\/\/macite.tg\/wp-content\/uploads\/2026\/05\/image-107.png","width":530,"height":482},{"@type":"BreadcrumbList","@id":"https:\/\/macite.tg\/?p=30801#breadcrumb","itemListElement":[{"@type":"ListItem","position":1,"name":"Accueil","item":"https:\/\/macite.tg\/"},{"@type":"ListItem","position":2,"name":"NECROLOGIE : Maman N\u2019DAFIDINA Katakp\u00e9da Mariella n\u00e9e BAMELA, &#8230;le dernier voyage"}]},{"@type":"WebSite","@id":"https:\/\/macite.tg\/#website","url":"https:\/\/macite.tg\/","name":"","description":"L&#039;information, la bonne!!!","potentialAction":[{"@type":"SearchAction","target":{"@type":"EntryPoint","urlTemplate":"https:\/\/macite.tg\/?s={search_term_string}"},"query-input":{"@type":"PropertyValueSpecification","valueRequired":true,"valueName":"search_term_string"}}],"inLanguage":"fr-FR"},{"@type":"Person","@id":"https:\/\/macite.tg\/#\/schema\/person\/e9f2de7e5dbbe7770a9402c7ce82f5c2","name":"Jean Pierre BAWELA","image":{"@type":"ImageObject","inLanguage":"fr-FR","@id":"https:\/\/macite.tg\/wp-content\/uploads\/2023\/09\/WhatsApp-Image-2023-09-19-at-14.44.41-122x122.jpeg","url":"https:\/\/macite.tg\/wp-content\/uploads\/2023\/09\/WhatsApp-Image-2023-09-19-at-14.44.41-122x122.jpeg","contentUrl":"https:\/\/macite.tg\/wp-content\/uploads\/2023\/09\/WhatsApp-Image-2023-09-19-at-14.44.41-122x122.jpeg","caption":"Jean Pierre BAWELA"},"url":"https:\/\/macite.tg\/?author=2"}]}},"_links":{"self":[{"href":"https:\/\/macite.tg\/index.php?rest_route=\/wp\/v2\/posts\/30801","targetHints":{"allow":["GET"]}}],"collection":[{"href":"https:\/\/macite.tg\/index.php?rest_route=\/wp\/v2\/posts"}],"about":[{"href":"https:\/\/macite.tg\/index.php?rest_route=\/wp\/v2\/types\/post"}],"author":[{"embeddable":true,"href":"https:\/\/macite.tg\/index.php?rest_route=\/wp\/v2\/users\/2"}],"replies":[{"embeddable":true,"href":"https:\/\/macite.tg\/index.php?rest_route=%2Fwp%2Fv2%2Fcomments&post=30801"}],"version-history":[{"count":0,"href":"https:\/\/macite.tg\/index.php?rest_route=\/wp\/v2\/posts\/30801\/revisions"}],"wp:featuredmedia":[{"embeddable":true,"href":"https:\/\/macite.tg\/index.php?rest_route=\/wp\/v2\/media\/30817"}],"wp:attachment":[{"href":"https:\/\/macite.tg\/index.php?rest_route=%2Fwp%2Fv2%2Fmedia&parent=30801"}],"wp:term":[{"taxonomy":"category","embeddable":true,"href":"https:\/\/macite.tg\/index.php?rest_route=%2Fwp%2Fv2%2Fcategories&post=30801"},{"taxonomy":"post_tag","embeddable":true,"href":"https:\/\/macite.tg\/index.php?rest_route=%2Fwp%2Fv2%2Ftags&post=30801"}],"curies":[{"name":"wp","href":"https:\/\/api.w.org\/{rel}","templated":true}]}}