{"id":30796,"date":"2026-05-27T07:21:24","date_gmt":"2026-05-27T07:21:24","guid":{"rendered":"https:\/\/macite.tg\/?p=30796"},"modified":"2026-05-27T07:21:32","modified_gmt":"2026-05-27T07:21:32","slug":"mondial-2026-les-10-equipes-africaines-qualifiees-a-la-loupe","status":"publish","type":"post","link":"https:\/\/macite.tg\/?p=30796","title":{"rendered":"MONDIAL 2026 : les 10 \u00e9quipes africaines qualifi\u00e9es \u00e0 la loupe"},"content":{"rendered":"\n<p class=\"wp-block-paragraph\"><strong><em>Pour la premi\u00e8re fois de son histoire, l\u2019Afrique comptera dix repr\u00e9sentants \u00e0 la Coupe du monde 2026 gr\u00e2ce \u00e0 l\u2019\u00e9largissement du tournoi \u00e0 48 \u00e9quipes. Entre nations historiques et nouveaux venus, les s\u00e9lections africaines esp\u00e8rent marquer cette \u00e9dition organis\u00e9e aux \u00c9tats-Unis, au Canada et au Mexique.<\/em><\/strong><em><\/em><\/p>\n\n\n\n<p class=\"wp-block-paragraph\"><strong>Maroc : l\u2019Afrique vise encore plus haut<\/strong><\/p>\n\n\n<div class=\"wp-block-image\">\n<figure class=\"alignleft size-full\"><img loading=\"lazy\" decoding=\"async\" width=\"357\" height=\"234\" src=\"https:\/\/macite.tg\/wp-content\/uploads\/2026\/05\/image-94.png\" alt=\"\" class=\"wp-image-30803\" srcset=\"https:\/\/macite.tg\/wp-content\/uploads\/2026\/05\/image-94.png 357w, https:\/\/macite.tg\/wp-content\/uploads\/2026\/05\/image-94-300x197.png 300w\" sizes=\"auto, (max-width: 357px) 100vw, 357px\" \/><\/figure>\n<\/div>\n\n\n<p class=\"wp-block-paragraph\">Demi-finaliste historique du Mondial 2022, le Maroc arrive avec le statut de locomotive du football africain. Les Lions de l\u2019Atlas participeront \u00e0 leur septi\u00e8me Coupe du monde apr\u00e8s les \u00e9ditions 1970, 1986, 1994, 1998, 2018 et 2022.<\/p>\n\n\n\n<p class=\"wp-block-paragraph\">Plac\u00e9s dans&nbsp;<strong>le groupe C<\/strong>&nbsp;avec le Br\u00e9sil, l\u2019\u00c9cosse et Ha\u00efti, les Marocains devront rapidement confirmer leur nouveau statut international.<\/p>\n\n\n\n<p class=\"wp-block-paragraph\">Avec Achraf Hakimi, Yassine Bounou, Brahim Diaz ou encore Sofyan Amrabat, le Maroc poss\u00e8de l\u2019un des effectifs africains les plus complets du tournoi.<\/p>\n\n\n\n<p class=\"wp-block-paragraph\"><strong>S\u00e9n\u00e9gal : l\u2019exp\u00e9rience des grands rendez-vous<\/strong><\/p>\n\n\n<div class=\"wp-block-image\">\n<figure class=\"alignright size-full is-resized\"><img loading=\"lazy\" decoding=\"async\" width=\"325\" height=\"234\" src=\"https:\/\/macite.tg\/wp-content\/uploads\/2026\/05\/image-95.png\" alt=\"\" class=\"wp-image-30804\" style=\"width:352px;height:auto\" srcset=\"https:\/\/macite.tg\/wp-content\/uploads\/2026\/05\/image-95.png 325w, https:\/\/macite.tg\/wp-content\/uploads\/2026\/05\/image-95-300x216.png 300w\" sizes=\"auto, (max-width: 325px) 100vw, 325px\" \/><\/figure>\n<\/div>\n\n\n<p class=\"wp-block-paragraph\">Le S\u00e9n\u00e9gal disputera sa quatri\u00e8me Coupe du monde apr\u00e8s 2002, 2018 et 2022. Les Lions de la Teranga restent marqu\u00e9s par leur parcours jusqu\u2019en quarts de finale en 2002.<\/p>\n\n\n\n<p class=\"wp-block-paragraph\">Dans&nbsp;<strong>le groupe F<\/strong>, les S\u00e9n\u00e9galais affronteront les Pays-Bas, le Japon et le Costa Rica. Une poule \u00e9quilibr\u00e9e o\u00f9 les hommes de Sadio Man\u00e9 peuvent viser les huiti\u00e8mes de finale.<\/p>\n\n\n\n<p class=\"wp-block-paragraph\">Kalidou Koulibaly, Nicolas Jackson et Isma\u00efla Sarr seront \u00e9galement tr\u00e8s attendus.<\/p>\n\n\n\n<p class=\"wp-block-paragraph\"><strong>C\u00f4te d\u2019Ivoire : enfin d\u00e9passer le premier tour ?<\/strong><\/p>\n\n\n<div class=\"wp-block-image\">\n<figure class=\"alignleft size-full is-resized\"><img loading=\"lazy\" decoding=\"async\" width=\"386\" height=\"257\" src=\"https:\/\/macite.tg\/wp-content\/uploads\/2026\/05\/image-96.png\" alt=\"\" class=\"wp-image-30805\" style=\"width:417px;height:auto\" srcset=\"https:\/\/macite.tg\/wp-content\/uploads\/2026\/05\/image-96.png 386w, https:\/\/macite.tg\/wp-content\/uploads\/2026\/05\/image-96-300x200.png 300w, https:\/\/macite.tg\/wp-content\/uploads\/2026\/05\/image-96-112x75.png 112w\" sizes=\"auto, (max-width: 386px) 100vw, 386px\" \/><\/figure>\n<\/div>\n\n\n<p class=\"wp-block-paragraph\">Championne d\u2019Afrique en titre, la C\u00f4te d\u2019Ivoire participera \u00e0 sa quatri\u00e8me Coupe du monde apr\u00e8s 2006, 2010 et 2014.<\/p>\n\n\n\n<p class=\"wp-block-paragraph\">Les \u00c9l\u00e9phants \u00e9volueront dans&nbsp;<strong>le groupe H<\/strong>&nbsp;avec le Portugal, les \u00c9tats-Unis et la Cor\u00e9e du Sud. Un groupe relev\u00e9 mais accessible pour une \u00e9quipe ambitieuse.<\/p>\n\n\n\n<p class=\"wp-block-paragraph\">S\u00e9bastien Haller, Franck Kessi\u00e9, Simon Adingra et Evan Ndicka devront porter les Ivoiriens vers une qualification historique en phase finale.<\/p>\n\n\n\n<p class=\"wp-block-paragraph\"><strong>\u00c9gypte : Mohamed Salah en mission<\/strong><\/p>\n\n\n<div class=\"wp-block-image\">\n<figure class=\"alignright size-full is-resized\"><img loading=\"lazy\" decoding=\"async\" width=\"347\" height=\"234\" src=\"https:\/\/macite.tg\/wp-content\/uploads\/2026\/05\/image-97.png\" alt=\"\" class=\"wp-image-30806\" style=\"width:393px;height:auto\" srcset=\"https:\/\/macite.tg\/wp-content\/uploads\/2026\/05\/image-97.png 347w, https:\/\/macite.tg\/wp-content\/uploads\/2026\/05\/image-97-300x202.png 300w, https:\/\/macite.tg\/wp-content\/uploads\/2026\/05\/image-97-112x75.png 112w\" sizes=\"auto, (max-width: 347px) 100vw, 347px\" \/><\/figure>\n<\/div>\n\n\n<p class=\"wp-block-paragraph\">L\u2019\u00c9gypte disputera sa quatri\u00e8me Coupe du monde apr\u00e8s 1934, 1990 et 2018. Les Pharaons n\u2019ont encore jamais r\u00e9ussi \u00e0 d\u00e9passer la phase de groupes.<\/p>\n\n\n\n<p class=\"wp-block-paragraph\">Dans&nbsp;<strong>le groupe G<\/strong>, ils affronteront la Belgique, l\u2019Iran et la Nouvelle-Z\u00e9lande.<\/p>\n\n\n\n<p class=\"wp-block-paragraph\">Toute l\u2019attention sera tourn\u00e9e vers Mohamed Salah, star de Liverpool et principal espoir d\u2019une s\u00e9lection \u00e9gyptienne qui r\u00eave enfin d\u2019un grand parcours mondial.<\/p>\n\n\n\n<p class=\"wp-block-paragraph\"><strong>Alg\u00e9rie : le retour des Fennecs<\/strong><\/p>\n\n\n<div class=\"wp-block-image\">\n<figure class=\"alignleft size-full is-resized\"><img loading=\"lazy\" decoding=\"async\" width=\"357\" height=\"239\" src=\"https:\/\/macite.tg\/wp-content\/uploads\/2026\/05\/image-98.png\" alt=\"\" class=\"wp-image-30807\" style=\"width:426px;height:auto\" srcset=\"https:\/\/macite.tg\/wp-content\/uploads\/2026\/05\/image-98.png 357w, https:\/\/macite.tg\/wp-content\/uploads\/2026\/05\/image-98-300x201.png 300w, https:\/\/macite.tg\/wp-content\/uploads\/2026\/05\/image-98-112x75.png 112w\" sizes=\"auto, (max-width: 357px) 100vw, 357px\" \/><\/figure>\n<\/div>\n\n\n<p class=\"wp-block-paragraph\">Absente du Mondial 2022, l\u2019Alg\u00e9rie retrouvera la comp\u00e9tition pour une cinqui\u00e8me participation apr\u00e8s 1982, 1986, 2010 et 2014.<\/p>\n\n\n\n<p class=\"wp-block-paragraph\">Les Fennecs seront oppos\u00e9s \u00e0 l\u2019Angleterre, au Mexique et \u00e0 la Norv\u00e8ge dans&nbsp;<strong>le groupe D<\/strong>.<\/p>\n\n\n\n<p class=\"wp-block-paragraph\">Riyad Mahrez, Isma\u00ebl Bennacer, Amine Gouiri et Houssem Aouar tenteront de ramener l\u2019Alg\u00e9rie en huiti\u00e8mes de finale, comme en 2014 au Br\u00e9sil.<\/p>\n\n\n\n<p class=\"wp-block-paragraph\"><strong>Ghana : retrouver l\u2019esprit de 2010<\/strong><\/p>\n\n\n<div class=\"wp-block-image\">\n<figure class=\"alignright size-full is-resized\"><img loading=\"lazy\" decoding=\"async\" width=\"369\" height=\"234\" src=\"https:\/\/macite.tg\/wp-content\/uploads\/2026\/05\/image-99.png\" alt=\"\" class=\"wp-image-30808\" style=\"width:466px;height:auto\" srcset=\"https:\/\/macite.tg\/wp-content\/uploads\/2026\/05\/image-99.png 369w, https:\/\/macite.tg\/wp-content\/uploads\/2026\/05\/image-99-300x190.png 300w\" sizes=\"auto, (max-width: 369px) 100vw, 369px\" \/><\/figure>\n<\/div>\n\n\n<p class=\"wp-block-paragraph\">Le Ghana participera \u00e0 sa cinqui\u00e8me Coupe du monde apr\u00e8s 2006, 2010, 2014 et 2022.<\/p>\n\n\n\n<p class=\"wp-block-paragraph\">Les Black Stars \u00e9volueront dans&nbsp;<strong>le groupe B<\/strong>&nbsp;avec l\u2019Argentine, la Suisse et l\u2019Australie.<\/p>\n\n\n\n<p class=\"wp-block-paragraph\">Mohammed Kudus, Thomas Partey et Inaki Williams devront permettre au Ghana de retrouver le niveau affich\u00e9 lors du Mondial 2010, o\u00f9 les Ghan\u00e9ens avaient atteint les quarts de finale.<\/p>\n\n\n\n<p class=\"wp-block-paragraph\"><strong>Tunisie : l\u2019espoir d\u2019un cap historique<\/strong><\/p>\n\n\n<div class=\"wp-block-image\">\n<figure class=\"alignleft size-full is-resized\"><img loading=\"lazy\" decoding=\"async\" width=\"399\" height=\"227\" src=\"https:\/\/macite.tg\/wp-content\/uploads\/2026\/05\/image-100.png\" alt=\"\" class=\"wp-image-30809\" style=\"width:456px;height:auto\" srcset=\"https:\/\/macite.tg\/wp-content\/uploads\/2026\/05\/image-100.png 399w, https:\/\/macite.tg\/wp-content\/uploads\/2026\/05\/image-100-300x171.png 300w\" sizes=\"auto, (max-width: 399px) 100vw, 399px\" \/><\/figure>\n<\/div>\n\n\n<p class=\"wp-block-paragraph\">La Tunisie jouera sa septi\u00e8me Coupe du monde apr\u00e8s 1978, 1998, 2002, 2006, 2018 et 2022.<\/p>\n\n\n\n<p class=\"wp-block-paragraph\">Les Aigles de Carthage seront oppos\u00e9s \u00e0 la France, au Danemark et au Panama dans&nbsp;<strong>le groupe E<\/strong>.<\/p>\n\n\n\n<p class=\"wp-block-paragraph\">Avec Hannibal Mejbri, Ellyes Skhiri et Youssef Msakni, les Tunisiens esp\u00e8rent enfin d\u00e9passer le premier tour pour la premi\u00e8re fois de leur histoire.<\/p>\n\n\n\n<p class=\"wp-block-paragraph\"><strong>Afrique du Sud : le retour des Bafana Bafana<\/strong><\/p>\n\n\n<div class=\"wp-block-image\">\n<figure class=\"alignright size-full is-resized\"><img loading=\"lazy\" decoding=\"async\" width=\"364\" height=\"234\" src=\"https:\/\/macite.tg\/wp-content\/uploads\/2026\/05\/image-101.png\" alt=\"\" class=\"wp-image-30810\" style=\"width:465px;height:auto\" srcset=\"https:\/\/macite.tg\/wp-content\/uploads\/2026\/05\/image-101.png 364w, https:\/\/macite.tg\/wp-content\/uploads\/2026\/05\/image-101-300x193.png 300w\" sizes=\"auto, (max-width: 364px) 100vw, 364px\" \/><\/figure>\n<\/div>\n\n\n<p class=\"wp-block-paragraph\">L\u2019Afrique du Sud retrouvera la Coupe du monde apr\u00e8s les \u00e9ditions 1998, 2002 et 2010.<\/p>\n\n\n\n<p class=\"wp-block-paragraph\">Les Bafana Bafana \u00e9volueront dans&nbsp;<strong>le groupe A<\/strong>&nbsp;avec les \u00c9tats-Unis, la Croatie et le Honduras.<\/p>\n\n\n\n<p class=\"wp-block-paragraph\">Percy Tau et Ronwen Williams seront les principales armes d\u2019une \u00e9quipe sud-africaine qui tentera de cr\u00e9er la surprise.<\/p>\n\n\n\n<p class=\"wp-block-paragraph\"><strong>Cap-Vert : une premi\u00e8re historique<\/strong><\/p>\n\n\n<div class=\"wp-block-image\">\n<figure class=\"alignleft size-full is-resized\"><img loading=\"lazy\" decoding=\"async\" width=\"345\" height=\"234\" src=\"https:\/\/macite.tg\/wp-content\/uploads\/2026\/05\/image-102.png\" alt=\"\" class=\"wp-image-30811\" style=\"width:405px;height:auto\" srcset=\"https:\/\/macite.tg\/wp-content\/uploads\/2026\/05\/image-102.png 345w, https:\/\/macite.tg\/wp-content\/uploads\/2026\/05\/image-102-300x203.png 300w, https:\/\/macite.tg\/wp-content\/uploads\/2026\/05\/image-102-112x75.png 112w\" sizes=\"auto, (max-width: 345px) 100vw, 345px\" \/><\/figure>\n<\/div>\n\n\n<p class=\"wp-block-paragraph\">Le Cap-Vert disputera la premi\u00e8re Coupe du monde de son histoire. Une qualification d\u00e9j\u00e0 consid\u00e9r\u00e9e comme un immense exploit pour les Requins Bleus.<\/p>\n\n\n\n<p class=\"wp-block-paragraph\">Les Cap-Verdiens \u00e9volueront dans&nbsp;<strong>le groupe J<\/strong>&nbsp;avec l\u2019Espagne, l\u2019Uruguay et l\u2019Arabie saoudite.<\/p>\n\n\n\n<p class=\"wp-block-paragraph\">Ryan Mendes, Bebe et Kevin Pina seront les joueurs \u00e0 suivre dans cette aventure historique.<\/p>\n\n\n\n<p class=\"wp-block-paragraph\"><strong>RDC : le grand retour des L\u00e9opards<\/strong><\/p>\n\n\n<div class=\"wp-block-image\">\n<figure class=\"alignright size-full is-resized\"><img loading=\"lazy\" decoding=\"async\" width=\"349\" height=\"234\" src=\"https:\/\/macite.tg\/wp-content\/uploads\/2026\/05\/image-103.png\" alt=\"\" class=\"wp-image-30812\" style=\"width:444px;height:auto\" srcset=\"https:\/\/macite.tg\/wp-content\/uploads\/2026\/05\/image-103.png 349w, https:\/\/macite.tg\/wp-content\/uploads\/2026\/05\/image-103-300x201.png 300w, https:\/\/macite.tg\/wp-content\/uploads\/2026\/05\/image-103-112x75.png 112w\" sizes=\"auto, (max-width: 349px) 100vw, 349px\" \/><\/figure>\n<\/div>\n\n\n<p class=\"wp-block-paragraph\">La R\u00e9publique d\u00e9mocratique du Congo retrouvera enfin la Coupe du monde pour la premi\u00e8re fois depuis 1974, \u00e0 l\u2019\u00e9poque du Za\u00efre.<\/p>\n\n\n\n<p class=\"wp-block-paragraph\">Les L\u00e9opards \u00e9volueront dans&nbsp;<strong>le groupe I<\/strong>&nbsp;avec l\u2019Allemagne, la Colombie et le Canada.<\/p>\n\n\n\n<p class=\"wp-block-paragraph\">Avec Chancel Mbemba, Yoane Wissa, C\u00e9dric Bakambu et Aaron Wan-Bissaka, la RDC esp\u00e8re r\u00e9ussir son retour sur la sc\u00e8ne mondiale apr\u00e8s plus de cinquante ans d\u2019absence.<\/p>\n\n\n\n<p class=\"wp-block-paragraph\"><strong>MSN<\/strong><\/p>\n\n\n\n<p class=\"wp-block-paragraph\"><a><strong><em>@macite.tg&nbsp;&nbsp;&nbsp;&nbsp;&nbsp;&nbsp;&nbsp;&nbsp;<\/em><\/strong><\/a><\/p>\n\n\n\n<p class=\"wp-block-paragraph\"><strong><em>E-mail&nbsp;: <\/em><\/strong><a href=\"mailto:maciteinfo@gmail.com\"><strong><em>maciteinfo@gmail.com<\/em><\/strong><\/a><strong><em>; <\/em><\/strong><a href=\"mailto:bawela1@gmail.com\"><strong><em>bawela1@gmail.com<\/em><\/strong><\/a><strong><em><\/em><\/strong><\/p>\n\n\n\n<p class=\"wp-block-paragraph\"><strong><em>Pour vos annonces, publi-reportages, etc., joignez-nous au (00228)91515309\/<strong>79872224 <\/strong><strong><\/strong><\/em><\/strong><\/p>\n\n\n\n<p class=\"wp-block-paragraph\"><strong><em>www.macite.tg, L\u2019information, la bonne&nbsp;!<\/em><\/strong><\/p>\n\n\n\n<p class=\"wp-block-paragraph\"><\/p>\n","protected":false},"excerpt":{"rendered":"<p class=\"text-justify mb-2\" >Pour la premi\u00e8re fois de son histoire, l\u2019Afrique comptera dix repr\u00e9sentants \u00e0 la Coupe du monde 2026 gr\u00e2ce \u00e0 l\u2019\u00e9largissement du tournoi \u00e0 48 \u00e9quipes. Entre nations historiques et nouveaux venus, les s\u00e9lections africaines esp\u00e8rent marquer cette \u00e9dition organis\u00e9e aux \u00c9tats-Unis, au Canada et au [&hellip;]<\/p>\n","protected":false},"author":2,"featured_media":30802,"comment_status":"open","ping_status":"open","sticky":false,"template":"","format":"standard","meta":{"footnotes":""},"categories":[20,63,7],"tags":[],"class_list":["post-30796","post","type-post","status-publish","format-standard","has-post-thumbnail","hentry","category-actualite","category-football","category-sports"],"yoast_head":"<!-- This site is optimized with the Yoast SEO plugin v28.4 - https:\/\/yoast.com\/product\/yoast-seo-wordpress\/ -->\n<title>MONDIAL 2026 : les 10 \u00e9quipes africaines qualifi\u00e9es \u00e0 la loupe -<\/title>\n<meta name=\"robots\" content=\"index, follow, max-snippet:-1, max-image-preview:large, max-video-preview:-1\" \/>\n<link rel=\"canonical\" href=\"https:\/\/macite.tg\/?p=30796\" \/>\n<meta property=\"og:locale\" content=\"fr_FR\" \/>\n<meta property=\"og:type\" content=\"article\" \/>\n<meta property=\"og:title\" content=\"MONDIAL 2026 : les 10 \u00e9quipes africaines qualifi\u00e9es \u00e0 la loupe -\" \/>\n<meta property=\"og:description\" content=\"Pour la premi\u00e8re fois de son histoire, l\u2019Afrique comptera dix repr\u00e9sentants \u00e0 la Coupe du monde 2026 gr\u00e2ce \u00e0 l\u2019\u00e9largissement du tournoi \u00e0 48 \u00e9quipes. Entre nations historiques et nouveaux venus, les s\u00e9lections africaines esp\u00e8rent marquer cette \u00e9dition organis\u00e9e aux \u00c9tats-Unis, au Canada et au [&hellip;]\" \/>\n<meta property=\"og:url\" content=\"https:\/\/macite.tg\/?p=30796\" \/>\n<meta property=\"article:published_time\" content=\"2026-05-27T07:21:24+00:00\" \/>\n<meta property=\"article:modified_time\" content=\"2026-05-27T07:21:32+00:00\" \/>\n<meta property=\"og:image\" content=\"https:\/\/macite.tg\/wp-content\/uploads\/2026\/05\/CM.jpg\" \/>\n\t<meta property=\"og:image:width\" content=\"534\" \/>\n\t<meta property=\"og:image:height\" content=\"300\" \/>\n\t<meta property=\"og:image:type\" content=\"image\/jpeg\" \/>\n<meta name=\"author\" content=\"Jean Pierre BAWELA\" \/>\n<meta name=\"twitter:card\" content=\"summary_large_image\" \/>\n<meta name=\"twitter:label1\" content=\"\u00c9crit par\" \/>\n\t<meta name=\"twitter:data1\" content=\"Jean Pierre BAWELA\" \/>\n\t<meta name=\"twitter:label2\" content=\"Dur\u00e9e de lecture estim\u00e9e\" \/>\n\t<meta name=\"twitter:data2\" content=\"6 minutes\" \/>\n<script type=\"application\/ld+json\" class=\"yoast-schema-graph\">{\"@context\":\"https:\\\/\\\/schema.org\",\"@graph\":[{\"@type\":\"Article\",\"@id\":\"https:\\\/\\\/macite.tg\\\/?p=30796#article\",\"isPartOf\":{\"@id\":\"https:\\\/\\\/macite.tg\\\/?p=30796\"},\"author\":{\"name\":\"Jean Pierre BAWELA\",\"@id\":\"https:\\\/\\\/macite.tg\\\/#\\\/schema\\\/person\\\/e9f2de7e5dbbe7770a9402c7ce82f5c2\"},\"headline\":\"MONDIAL 2026 : les 10 \u00e9quipes africaines qualifi\u00e9es \u00e0 la loupe\",\"datePublished\":\"2026-05-27T07:21:24+00:00\",\"dateModified\":\"2026-05-27T07:21:32+00:00\",\"mainEntityOfPage\":{\"@id\":\"https:\\\/\\\/macite.tg\\\/?p=30796\"},\"wordCount\":826,\"commentCount\":0,\"image\":{\"@id\":\"https:\\\/\\\/macite.tg\\\/?p=30796#primaryimage\"},\"thumbnailUrl\":\"https:\\\/\\\/macite.tg\\\/wp-content\\\/uploads\\\/2026\\\/05\\\/CM.jpg\",\"articleSection\":[\"ACTUALITE\",\"FOOTBALL\",\"SPORTS\"],\"inLanguage\":\"fr-FR\",\"potentialAction\":[{\"@type\":\"CommentAction\",\"name\":\"Comment\",\"target\":[\"https:\\\/\\\/macite.tg\\\/?p=30796#respond\"]}]},{\"@type\":\"WebPage\",\"@id\":\"https:\\\/\\\/macite.tg\\\/?p=30796\",\"url\":\"https:\\\/\\\/macite.tg\\\/?p=30796\",\"name\":\"MONDIAL 2026 : les 10 \u00e9quipes africaines qualifi\u00e9es \u00e0 la loupe -\",\"isPartOf\":{\"@id\":\"https:\\\/\\\/macite.tg\\\/#website\"},\"primaryImageOfPage\":{\"@id\":\"https:\\\/\\\/macite.tg\\\/?p=30796#primaryimage\"},\"image\":{\"@id\":\"https:\\\/\\\/macite.tg\\\/?p=30796#primaryimage\"},\"thumbnailUrl\":\"https:\\\/\\\/macite.tg\\\/wp-content\\\/uploads\\\/2026\\\/05\\\/CM.jpg\",\"datePublished\":\"2026-05-27T07:21:24+00:00\",\"dateModified\":\"2026-05-27T07:21:32+00:00\",\"author\":{\"@id\":\"https:\\\/\\\/macite.tg\\\/#\\\/schema\\\/person\\\/e9f2de7e5dbbe7770a9402c7ce82f5c2\"},\"breadcrumb\":{\"@id\":\"https:\\\/\\\/macite.tg\\\/?p=30796#breadcrumb\"},\"inLanguage\":\"fr-FR\",\"potentialAction\":[{\"@type\":\"ReadAction\",\"target\":[\"https:\\\/\\\/macite.tg\\\/?p=30796\"]}]},{\"@type\":\"ImageObject\",\"inLanguage\":\"fr-FR\",\"@id\":\"https:\\\/\\\/macite.tg\\\/?p=30796#primaryimage\",\"url\":\"https:\\\/\\\/macite.tg\\\/wp-content\\\/uploads\\\/2026\\\/05\\\/CM.jpg\",\"contentUrl\":\"https:\\\/\\\/macite.tg\\\/wp-content\\\/uploads\\\/2026\\\/05\\\/CM.jpg\",\"width\":534,\"height\":300},{\"@type\":\"BreadcrumbList\",\"@id\":\"https:\\\/\\\/macite.tg\\\/?p=30796#breadcrumb\",\"itemListElement\":[{\"@type\":\"ListItem\",\"position\":1,\"name\":\"Accueil\",\"item\":\"https:\\\/\\\/macite.tg\\\/\"},{\"@type\":\"ListItem\",\"position\":2,\"name\":\"MONDIAL 2026 : les 10 \u00e9quipes africaines qualifi\u00e9es \u00e0 la loupe\"}]},{\"@type\":\"WebSite\",\"@id\":\"https:\\\/\\\/macite.tg\\\/#website\",\"url\":\"https:\\\/\\\/macite.tg\\\/\",\"name\":\"\",\"description\":\"L&#039;information, la bonne!!!\",\"potentialAction\":[{\"@type\":\"SearchAction\",\"target\":{\"@type\":\"EntryPoint\",\"urlTemplate\":\"https:\\\/\\\/macite.tg\\\/?s={search_term_string}\"},\"query-input\":{\"@type\":\"PropertyValueSpecification\",\"valueRequired\":true,\"valueName\":\"search_term_string\"}}],\"inLanguage\":\"fr-FR\"},{\"@type\":\"Person\",\"@id\":\"https:\\\/\\\/macite.tg\\\/#\\\/schema\\\/person\\\/e9f2de7e5dbbe7770a9402c7ce82f5c2\",\"name\":\"Jean Pierre BAWELA\",\"image\":{\"@type\":\"ImageObject\",\"inLanguage\":\"fr-FR\",\"@id\":\"https:\\\/\\\/macite.tg\\\/wp-content\\\/uploads\\\/2023\\\/09\\\/WhatsApp-Image-2023-09-19-at-14.44.41-122x122.jpeg\",\"url\":\"https:\\\/\\\/macite.tg\\\/wp-content\\\/uploads\\\/2023\\\/09\\\/WhatsApp-Image-2023-09-19-at-14.44.41-122x122.jpeg\",\"contentUrl\":\"https:\\\/\\\/macite.tg\\\/wp-content\\\/uploads\\\/2023\\\/09\\\/WhatsApp-Image-2023-09-19-at-14.44.41-122x122.jpeg\",\"caption\":\"Jean Pierre BAWELA\"},\"url\":\"https:\\\/\\\/macite.tg\\\/?author=2\"}]}<\/script>\n<!-- \/ Yoast SEO plugin. -->","yoast_head_json":{"title":"MONDIAL 2026 : les 10 \u00e9quipes africaines qualifi\u00e9es \u00e0 la loupe -","robots":{"index":"index","follow":"follow","max-snippet":"max-snippet:-1","max-image-preview":"max-image-preview:large","max-video-preview":"max-video-preview:-1"},"canonical":"https:\/\/macite.tg\/?p=30796","og_locale":"fr_FR","og_type":"article","og_title":"MONDIAL 2026 : les 10 \u00e9quipes africaines qualifi\u00e9es \u00e0 la loupe -","og_description":"Pour la premi\u00e8re fois de son histoire, l\u2019Afrique comptera dix repr\u00e9sentants \u00e0 la Coupe du monde 2026 gr\u00e2ce \u00e0 l\u2019\u00e9largissement du tournoi \u00e0 48 \u00e9quipes. Entre nations historiques et nouveaux venus, les s\u00e9lections africaines esp\u00e8rent marquer cette \u00e9dition organis\u00e9e aux \u00c9tats-Unis, au Canada et au [&hellip;]","og_url":"https:\/\/macite.tg\/?p=30796","article_published_time":"2026-05-27T07:21:24+00:00","article_modified_time":"2026-05-27T07:21:32+00:00","og_image":[{"width":534,"height":300,"url":"https:\/\/macite.tg\/wp-content\/uploads\/2026\/05\/CM.jpg","type":"image\/jpeg"}],"author":"Jean Pierre BAWELA","twitter_card":"summary_large_image","twitter_misc":{"\u00c9crit par":"Jean Pierre BAWELA","Dur\u00e9e de lecture estim\u00e9e":"6 minutes"},"schema":{"@context":"https:\/\/schema.org","@graph":[{"@type":"Article","@id":"https:\/\/macite.tg\/?p=30796#article","isPartOf":{"@id":"https:\/\/macite.tg\/?p=30796"},"author":{"name":"Jean Pierre BAWELA","@id":"https:\/\/macite.tg\/#\/schema\/person\/e9f2de7e5dbbe7770a9402c7ce82f5c2"},"headline":"MONDIAL 2026 : les 10 \u00e9quipes africaines qualifi\u00e9es \u00e0 la loupe","datePublished":"2026-05-27T07:21:24+00:00","dateModified":"2026-05-27T07:21:32+00:00","mainEntityOfPage":{"@id":"https:\/\/macite.tg\/?p=30796"},"wordCount":826,"commentCount":0,"image":{"@id":"https:\/\/macite.tg\/?p=30796#primaryimage"},"thumbnailUrl":"https:\/\/macite.tg\/wp-content\/uploads\/2026\/05\/CM.jpg","articleSection":["ACTUALITE","FOOTBALL","SPORTS"],"inLanguage":"fr-FR","potentialAction":[{"@type":"CommentAction","name":"Comment","target":["https:\/\/macite.tg\/?p=30796#respond"]}]},{"@type":"WebPage","@id":"https:\/\/macite.tg\/?p=30796","url":"https:\/\/macite.tg\/?p=30796","name":"MONDIAL 2026 : les 10 \u00e9quipes africaines qualifi\u00e9es \u00e0 la loupe -","isPartOf":{"@id":"https:\/\/macite.tg\/#website"},"primaryImageOfPage":{"@id":"https:\/\/macite.tg\/?p=30796#primaryimage"},"image":{"@id":"https:\/\/macite.tg\/?p=30796#primaryimage"},"thumbnailUrl":"https:\/\/macite.tg\/wp-content\/uploads\/2026\/05\/CM.jpg","datePublished":"2026-05-27T07:21:24+00:00","dateModified":"2026-05-27T07:21:32+00:00","author":{"@id":"https:\/\/macite.tg\/#\/schema\/person\/e9f2de7e5dbbe7770a9402c7ce82f5c2"},"breadcrumb":{"@id":"https:\/\/macite.tg\/?p=30796#breadcrumb"},"inLanguage":"fr-FR","potentialAction":[{"@type":"ReadAction","target":["https:\/\/macite.tg\/?p=30796"]}]},{"@type":"ImageObject","inLanguage":"fr-FR","@id":"https:\/\/macite.tg\/?p=30796#primaryimage","url":"https:\/\/macite.tg\/wp-content\/uploads\/2026\/05\/CM.jpg","contentUrl":"https:\/\/macite.tg\/wp-content\/uploads\/2026\/05\/CM.jpg","width":534,"height":300},{"@type":"BreadcrumbList","@id":"https:\/\/macite.tg\/?p=30796#breadcrumb","itemListElement":[{"@type":"ListItem","position":1,"name":"Accueil","item":"https:\/\/macite.tg\/"},{"@type":"ListItem","position":2,"name":"MONDIAL 2026 : les 10 \u00e9quipes africaines qualifi\u00e9es \u00e0 la loupe"}]},{"@type":"WebSite","@id":"https:\/\/macite.tg\/#website","url":"https:\/\/macite.tg\/","name":"","description":"L&#039;information, la bonne!!!","potentialAction":[{"@type":"SearchAction","target":{"@type":"EntryPoint","urlTemplate":"https:\/\/macite.tg\/?s={search_term_string}"},"query-input":{"@type":"PropertyValueSpecification","valueRequired":true,"valueName":"search_term_string"}}],"inLanguage":"fr-FR"},{"@type":"Person","@id":"https:\/\/macite.tg\/#\/schema\/person\/e9f2de7e5dbbe7770a9402c7ce82f5c2","name":"Jean Pierre BAWELA","image":{"@type":"ImageObject","inLanguage":"fr-FR","@id":"https:\/\/macite.tg\/wp-content\/uploads\/2023\/09\/WhatsApp-Image-2023-09-19-at-14.44.41-122x122.jpeg","url":"https:\/\/macite.tg\/wp-content\/uploads\/2023\/09\/WhatsApp-Image-2023-09-19-at-14.44.41-122x122.jpeg","contentUrl":"https:\/\/macite.tg\/wp-content\/uploads\/2023\/09\/WhatsApp-Image-2023-09-19-at-14.44.41-122x122.jpeg","caption":"Jean Pierre BAWELA"},"url":"https:\/\/macite.tg\/?author=2"}]}},"_links":{"self":[{"href":"https:\/\/macite.tg\/index.php?rest_route=\/wp\/v2\/posts\/30796","targetHints":{"allow":["GET"]}}],"collection":[{"href":"https:\/\/macite.tg\/index.php?rest_route=\/wp\/v2\/posts"}],"about":[{"href":"https:\/\/macite.tg\/index.php?rest_route=\/wp\/v2\/types\/post"}],"author":[{"embeddable":true,"href":"https:\/\/macite.tg\/index.php?rest_route=\/wp\/v2\/users\/2"}],"replies":[{"embeddable":true,"href":"https:\/\/macite.tg\/index.php?rest_route=%2Fwp%2Fv2%2Fcomments&post=30796"}],"version-history":[{"count":0,"href":"https:\/\/macite.tg\/index.php?rest_route=\/wp\/v2\/posts\/30796\/revisions"}],"wp:featuredmedia":[{"embeddable":true,"href":"https:\/\/macite.tg\/index.php?rest_route=\/wp\/v2\/media\/30802"}],"wp:attachment":[{"href":"https:\/\/macite.tg\/index.php?rest_route=%2Fwp%2Fv2%2Fmedia&parent=30796"}],"wp:term":[{"taxonomy":"category","embeddable":true,"href":"https:\/\/macite.tg\/index.php?rest_route=%2Fwp%2Fv2%2Fcategories&post=30796"},{"taxonomy":"post_tag","embeddable":true,"href":"https:\/\/macite.tg\/index.php?rest_route=%2Fwp%2Fv2%2Ftags&post=30796"}],"curies":[{"name":"wp","href":"https:\/\/api.w.org\/{rel}","templated":true}]}}