{"id":30777,"date":"2026-05-26T18:42:54","date_gmt":"2026-05-26T18:42:54","guid":{"rendered":"https:\/\/macite.tg\/?p=30777"},"modified":"2026-05-26T18:49:00","modified_gmt":"2026-05-26T18:49:00","slug":"senegal-les-4-lecons-majeures-apres-le-limogeage-dousmane-sonko","status":"publish","type":"post","link":"https:\/\/macite.tg\/?p=30777","title":{"rendered":"SENEGAL \/FIN BRUTALE DU \u00ab\u00a0REGIME BICEPHALE\u00a0\u00bb : Les 4 enseignements majeurs"},"content":{"rendered":"\n<p class=\"wp-block-paragraph\"><strong><em>Le S\u00e9n\u00e9gal vient de vivre un s\u00e9isme politique sans pr\u00e9c\u00e9dent. Le 22 mai dernier, le Pr\u00e9sident Bassirou Diomaye Faye a sign\u00e9 le d\u00e9cret n\u00b0 2026-128 mettant fin aux fonctions de son Premier ministre, Ousmane Sonko. Cette s\u00e9paration brutale de l&rsquo;axe central du pouvoir, suivie deux jours plus tard par la d\u00e9mission strat\u00e9gique du pr\u00e9sident de l&rsquo;Assembl\u00e9e nationale, El Malick Ndiaye, propulsant Ousmane Sonko au perchoir, redistribue totalement les cartes de la gouvernance.<\/em><\/strong><\/p>\n\n\n\n<p class=\"wp-block-paragraph\">Au-del\u00e0 de la surprise, cette rupture historique livre des enseignements fondamentaux sur le fonctionnement de l&rsquo;\u00c9tat et l&rsquo;avenir de la d\u00e9mocratie s\u00e9n\u00e9galaise.<\/p>\n\n\n\n<p class=\"wp-block-paragraph\"><strong>La fin de l\u2019illusion du \u00ab\u00a0r\u00e9gime bic\u00e9phale\u00a0\u00bb<\/strong><\/p>\n\n\n\n<p class=\"wp-block-paragraph\">Le premier grand enseignement de cette crise est la r\u00e9affirmation brutale de l&rsquo;hyper-pr\u00e9sidentialisme s\u00e9n\u00e9galais.<\/p>\n\n\n\n<p class=\"wp-block-paragraph\">Le slogan de campagne de 2024, <em>\u00ab Diomaye moy Sonko \u00bb<\/em> (Diomaye c&rsquo;est Sonko), laissait pr\u00e9sager un mod\u00e8le de gouvernance partag\u00e9, presque in\u00e9dit. En limogeant son mentor, Bassirou Diomaye Faye a rappel\u00e9 une r\u00e9alit\u00e9 institutionnelle intangible : au S\u00e9n\u00e9gal, l&rsquo;article 43 de la Constitution donne le dernier mot au Pr\u00e9sident de la R\u00e9publique.<\/p>\n\n\n<div class=\"wp-block-image\">\n<figure class=\"aligncenter size-large\"><img loading=\"lazy\" decoding=\"async\" width=\"733\" height=\"1024\" src=\"https:\/\/macite.tg\/wp-content\/uploads\/2026\/05\/image-60-733x1024.png\" alt=\"\" class=\"wp-image-30523\" srcset=\"https:\/\/macite.tg\/wp-content\/uploads\/2026\/05\/image-60-733x1024.png 733w, https:\/\/macite.tg\/wp-content\/uploads\/2026\/05\/image-60-215x300.png 215w, https:\/\/macite.tg\/wp-content\/uploads\/2026\/05\/image-60-768x1072.png 768w, https:\/\/macite.tg\/wp-content\/uploads\/2026\/05\/image-60-1100x1536.png 1100w, https:\/\/macite.tg\/wp-content\/uploads\/2026\/05\/image-60.png 1194w\" sizes=\"auto, (max-width: 733px) 100vw, 733px\" \/><\/figure>\n<\/div>\n\n\n<p class=\"wp-block-paragraph\">La cohabitation au sommet de l&rsquo;\u00c9tat entre un Pr\u00e9sident l\u00e9gitime par les urnes et un Premier ministre au leadership populaire ultra-dominant, a atteint ses limites structurelles. Le pouvoir ex\u00e9cutif tol\u00e8re mal le partage de la lumi\u00e8re.<\/p>\n\n\n\n<p class=\"wp-block-paragraph\"><strong>Le pragmatisme \u00e9conomique face au dogme politique<\/strong><\/p>\n\n\n\n<p class=\"wp-block-paragraph\">Le choix du successeur d&rsquo;Ousmane Sonko, Ahmadou Al Aminou L\u00f4, nomm\u00e9 le 25 mai 2026, en dit long sur les priorit\u00e9s du chef de l&rsquo;\u00c9tat.<\/p>\n\n\n\n<p class=\"wp-block-paragraph\">En installant, ce haut fonctionnaire et ancien cadre \u00e9m\u00e9rite de la BCEAO \u00e0 la Primature, le pr\u00e9sident Faye choisit la carte de la technocratie et du pragmatisme financier.<\/p>\n\n\n\n<p class=\"wp-block-paragraph\">Face \u00e0 une situation macro\u00e9conomique tendue, marqu\u00e9e par une dette publique h\u00e9rit\u00e9e lourde (estim\u00e9e \u00e0 pr\u00e8s de 132 % du PIB) et la suspension des programmes du FMI en 2024, le temps de la rh\u00e9torique souverainiste et des discours de rupture frontale se heurte \u00e0 la r\u00e9alit\u00e9 des march\u00e9s.<\/p>\n\n\n\n<p class=\"wp-block-paragraph\">Pour rassurer les investisseurs internationaux, notamment sur l&rsquo;exploitation p\u00e9troli\u00e8re de Sangomar et le plan \u00ab\u00a0S\u00e9n\u00e9gal 2050\u00a0\u00bb, l&rsquo;\u00c9tat a besoin de techniciens, pas de tribuns.<\/p>\n\n\n\n<p class=\"wp-block-paragraph\"><strong>Le d\u00e9placement du curseur vers le pouvoir l\u00e9gislatif<\/strong><\/p>\n\n\n\n<p class=\"wp-block-paragraph\">La destitution d\u2019Ousmane Sonko ne signifie en aucun cas sa mort politique. Au contraire, la d\u00e9mission imm\u00e9diate du pr\u00e9sident de l&rsquo;Assembl\u00e9e nationale El Malick Ndiaye dessine une contre-attaque \u00e9vidente. Et l\u2019\u00e9lection au perchoir d\u2019Ousmane Sonko est la preuve \u00e9vidente que l\u2019ex Premier ministre ne compte pas baisser les bras devant cet affront. Ce qui va v\u00e9ritablement r\u00e9orienter les d\u00e9bats politiques d\u00e9sormais au S\u00e9n\u00e9gal.<\/p>\n\n\n\n<figure class=\"wp-block-image size-full\"><img loading=\"lazy\" decoding=\"async\" width=\"851\" height=\"315\" src=\"https:\/\/macite.tg\/wp-content\/uploads\/2026\/05\/OTR_Ferer-pour-batir-1.jpg\" alt=\"\" class=\"wp-image-30339\" srcset=\"https:\/\/macite.tg\/wp-content\/uploads\/2026\/05\/OTR_Ferer-pour-batir-1.jpg 851w, https:\/\/macite.tg\/wp-content\/uploads\/2026\/05\/OTR_Ferer-pour-batir-1-300x111.jpg 300w, https:\/\/macite.tg\/wp-content\/uploads\/2026\/05\/OTR_Ferer-pour-batir-1-768x284.jpg 768w\" sizes=\"auto, (max-width: 851px) 100vw, 851px\" \/><\/figure>\n\n\n\n<p class=\"wp-block-paragraph\">Fort de la majorit\u00e9 absolue obtenue par le PASTEF aux l\u00e9gislatives de novembre 2024, le camp de l&rsquo;ex-Premier ministre a su bien pr\u00e9parer son retour en force par l&rsquo;h\u00e9micycle.<\/p>\n\n\n\n<p class=\"wp-block-paragraph\">La confrontation politique ne va plus se jouer au sein de l&rsquo;ex\u00e9cutif, mais dans un face-\u00e0-face in\u00e9dit entre le Palais pr\u00e9sidentiel et le Parlement. Le S\u00e9n\u00e9gal pourrait exp\u00e9rimenter une forme de conflit institutionnel direct, o\u00f9 le l\u00e9gislatif devient le principal laboratoire de l&rsquo;opposition interne et externe.<\/p>\n\n\n\n<p class=\"wp-block-paragraph\"><strong>La maturit\u00e9 d&rsquo;une d\u00e9mocratie qui institutionnalise ses crises<\/strong><\/p>\n\n\n\n<p class=\"wp-block-paragraph\">Malgr\u00e9 la violence symbolique de ce divorce au sommet de l\u2019Etat, un constat s&rsquo;impose : la rue est rest\u00e9e calme.<\/p>\n\n\n\n<p class=\"wp-block-paragraph\">Contrairement aux crises de la p\u00e9riode 2021-2024, la rupture s&rsquo;est mat\u00e9rialis\u00e9e par des d\u00e9crets, des lettres de d\u00e9mission et des posts de r\u00e9actions mesur\u00e9es sur les r\u00e9seaux sociaux. Ousmane Sonko a lui-m\u00eame affirm\u00e9 sur sa page officielle <em>\u00ab\u00a0dormir le c\u0153ur l\u00e9ger\u00a0\u00bb<\/em>.<\/p>\n\n\n\n<p class=\"wp-block-paragraph\">Ce passage de t\u00e9moin institutionnel prouve que les m\u00e9canismes de l&rsquo;\u00c9tat s\u00e9n\u00e9galais sont solides. Les crises de leadership s&rsquo;articulent d\u00e9sormais \u00e0 l&rsquo;int\u00e9rieur du cadre constitutionnel et non plus \u00e0 travers des affrontements populaires violents.<\/p>\n\n\n<div class=\"wp-block-image\">\n<figure class=\"aligncenter size-large is-resized\"><img loading=\"lazy\" decoding=\"async\" width=\"765\" height=\"1024\" src=\"https:\/\/macite.tg\/wp-content\/uploads\/2026\/05\/OTR_Heures-de-services-765x1024.jpeg\" alt=\"\" class=\"wp-image-30734\" style=\"width:553px;height:auto\" srcset=\"https:\/\/macite.tg\/wp-content\/uploads\/2026\/05\/OTR_Heures-de-services-765x1024.jpeg 765w, https:\/\/macite.tg\/wp-content\/uploads\/2026\/05\/OTR_Heures-de-services-224x300.jpeg 224w, https:\/\/macite.tg\/wp-content\/uploads\/2026\/05\/OTR_Heures-de-services-768x1028.jpeg 768w, https:\/\/macite.tg\/wp-content\/uploads\/2026\/05\/OTR_Heures-de-services-1147x1536.jpeg 1147w, https:\/\/macite.tg\/wp-content\/uploads\/2026\/05\/OTR_Heures-de-services.jpeg 1242w\" sizes=\"auto, (max-width: 765px) 100vw, 765px\" \/><\/figure>\n<\/div>\n\n\n<p class=\"wp-block-paragraph\"><strong>Quel avenir pour le quinquennat de Diomaye Faye ?<\/strong><\/p>\n\n\n\n<p class=\"wp-block-paragraph\">En se lib\u00e9rant de la tutelle d&rsquo;Ousmane Sonko, le Pr\u00e9sident Bassirou Diomaye Faye s&rsquo;offre les pleins pouvoirs, mais endosse seul la responsabilit\u00e9 de la r\u00e9ussite ou de l&rsquo;\u00e9chec de son mandat. Lib\u00e9r\u00e9 des querelles id\u00e9ologiques, le nouveau gouvernement d&rsquo;Ahmadou Al Aminou L\u00f4 est attendu au tournant sur des questions cruciales telles que le co\u00fbt de la vie, la r\u00e9duction du d\u00e9ficit et l&#8217;emploi des jeunes.<\/p>\n\n\n\n<p class=\"wp-block-paragraph\">Le S\u00e9n\u00e9gal vient de prouver que sa d\u00e9mocratie sait muter rapidement, ouvrant une \u00e8re de clarification politique salutaire, mais terriblement risqu\u00e9e pour la stabilit\u00e9 des institutions.<\/p>\n\n\n\n<p class=\"wp-block-paragraph\"><strong>MC<\/strong><\/p>\n\n\n\n<p class=\"wp-block-paragraph\"><a><strong><em>@macite.tg&nbsp;&nbsp;&nbsp;&nbsp;&nbsp;&nbsp;&nbsp;&nbsp;<\/em><\/strong><\/a><\/p>\n\n\n\n<p class=\"wp-block-paragraph\"><strong><em>E-mail&nbsp;: <\/em><\/strong><a href=\"mailto:maciteinfo@gmail.com\"><strong><em>maciteinfo@gmail.com<\/em><\/strong><\/a><strong><em>; <\/em><\/strong><a href=\"mailto:bawela1@gmail.com\"><strong><em>bawela1@gmail.com<\/em><\/strong><\/a><strong><em><\/em><\/strong><\/p>\n\n\n\n<p class=\"wp-block-paragraph\"><strong><em>Pour vos annonces, publi-reportages, etc., joignez-nous au (00228)91515309\/<strong>79872224 <\/strong><strong><\/strong><\/em><\/strong><\/p>\n\n\n\n<p class=\"wp-block-paragraph\"><strong><em>www.macite.tg, L\u2019information, la bonne&nbsp;!<\/em><\/strong><\/p>\n\n\n\n<p class=\"wp-block-paragraph\"><\/p>\n","protected":false},"excerpt":{"rendered":"<p class=\"text-justify mb-2\" >Le S\u00e9n\u00e9gal vient de vivre un s\u00e9isme politique sans pr\u00e9c\u00e9dent. Le 22 mai dernier, le Pr\u00e9sident Bassirou Diomaye Faye a sign\u00e9 le d\u00e9cret n\u00b0 2026-128 mettant fin aux fonctions de son Premier ministre, Ousmane Sonko. Cette s\u00e9paration brutale de l&rsquo;axe central du pouvoir, suivie deux [&hellip;]<\/p>\n","protected":false},"author":2,"featured_media":30780,"comment_status":"open","ping_status":"open","sticky":false,"template":"","format":"standard","meta":{"footnotes":""},"categories":[20,1],"tags":[],"class_list":["post-30777","post","type-post","status-publish","format-standard","has-post-thumbnail","hentry","category-actualite","category-politique"],"yoast_head":"<!-- This site is optimized with the Yoast SEO plugin v28.4 - https:\/\/yoast.com\/product\/yoast-seo-wordpress\/ -->\n<title>SENEGAL \/FIN BRUTALE DU &quot;REGIME BICEPHALE&quot; : Les 4 enseignements majeurs -<\/title>\n<meta name=\"robots\" content=\"index, follow, max-snippet:-1, max-image-preview:large, max-video-preview:-1\" \/>\n<link rel=\"canonical\" href=\"https:\/\/macite.tg\/?p=30777\" \/>\n<meta property=\"og:locale\" content=\"fr_FR\" \/>\n<meta property=\"og:type\" content=\"article\" \/>\n<meta property=\"og:title\" content=\"SENEGAL \/FIN BRUTALE DU &quot;REGIME BICEPHALE&quot; : Les 4 enseignements majeurs -\" \/>\n<meta property=\"og:description\" content=\"Le S\u00e9n\u00e9gal vient de vivre un s\u00e9isme politique sans pr\u00e9c\u00e9dent. Le 22 mai dernier, le Pr\u00e9sident Bassirou Diomaye Faye a sign\u00e9 le d\u00e9cret n\u00b0 2026-128 mettant fin aux fonctions de son Premier ministre, Ousmane Sonko. Cette s\u00e9paration brutale de l&rsquo;axe central du pouvoir, suivie deux [&hellip;]\" \/>\n<meta property=\"og:url\" content=\"https:\/\/macite.tg\/?p=30777\" \/>\n<meta property=\"article:published_time\" content=\"2026-05-26T18:42:54+00:00\" \/>\n<meta property=\"article:modified_time\" content=\"2026-05-26T18:49:00+00:00\" \/>\n<meta property=\"og:image\" content=\"https:\/\/macite.tg\/wp-content\/uploads\/2026\/05\/1e24ab30-b002-40a5-a71e-15b25582e12d-2.jpg\" \/>\n\t<meta property=\"og:image:width\" content=\"500\" \/>\n\t<meta property=\"og:image:height\" content=\"180\" \/>\n\t<meta property=\"og:image:type\" content=\"image\/jpeg\" \/>\n<meta name=\"author\" content=\"Jean Pierre BAWELA\" \/>\n<meta name=\"twitter:card\" content=\"summary_large_image\" \/>\n<meta name=\"twitter:label1\" content=\"\u00c9crit par\" \/>\n\t<meta name=\"twitter:data1\" content=\"Jean Pierre BAWELA\" \/>\n\t<meta name=\"twitter:label2\" content=\"Dur\u00e9e de lecture estim\u00e9e\" \/>\n\t<meta name=\"twitter:data2\" content=\"5 minutes\" \/>\n<script type=\"application\/ld+json\" class=\"yoast-schema-graph\">{\"@context\":\"https:\\\/\\\/schema.org\",\"@graph\":[{\"@type\":\"Article\",\"@id\":\"https:\\\/\\\/macite.tg\\\/?p=30777#article\",\"isPartOf\":{\"@id\":\"https:\\\/\\\/macite.tg\\\/?p=30777\"},\"author\":{\"name\":\"Jean Pierre BAWELA\",\"@id\":\"https:\\\/\\\/macite.tg\\\/#\\\/schema\\\/person\\\/e9f2de7e5dbbe7770a9402c7ce82f5c2\"},\"headline\":\"SENEGAL \\\/FIN BRUTALE DU \u00ab\u00a0REGIME BICEPHALE\u00a0\u00bb : Les 4 enseignements majeurs\",\"datePublished\":\"2026-05-26T18:42:54+00:00\",\"dateModified\":\"2026-05-26T18:49:00+00:00\",\"mainEntityOfPage\":{\"@id\":\"https:\\\/\\\/macite.tg\\\/?p=30777\"},\"wordCount\":846,\"commentCount\":0,\"image\":{\"@id\":\"https:\\\/\\\/macite.tg\\\/?p=30777#primaryimage\"},\"thumbnailUrl\":\"https:\\\/\\\/macite.tg\\\/wp-content\\\/uploads\\\/2026\\\/05\\\/1e24ab30-b002-40a5-a71e-15b25582e12d-2.jpg\",\"articleSection\":[\"ACTUALITE\",\"POLITIQUE\"],\"inLanguage\":\"fr-FR\",\"potentialAction\":[{\"@type\":\"CommentAction\",\"name\":\"Comment\",\"target\":[\"https:\\\/\\\/macite.tg\\\/?p=30777#respond\"]}]},{\"@type\":\"WebPage\",\"@id\":\"https:\\\/\\\/macite.tg\\\/?p=30777\",\"url\":\"https:\\\/\\\/macite.tg\\\/?p=30777\",\"name\":\"SENEGAL \\\/FIN BRUTALE DU \\\"REGIME BICEPHALE\\\" : Les 4 enseignements majeurs -\",\"isPartOf\":{\"@id\":\"https:\\\/\\\/macite.tg\\\/#website\"},\"primaryImageOfPage\":{\"@id\":\"https:\\\/\\\/macite.tg\\\/?p=30777#primaryimage\"},\"image\":{\"@id\":\"https:\\\/\\\/macite.tg\\\/?p=30777#primaryimage\"},\"thumbnailUrl\":\"https:\\\/\\\/macite.tg\\\/wp-content\\\/uploads\\\/2026\\\/05\\\/1e24ab30-b002-40a5-a71e-15b25582e12d-2.jpg\",\"datePublished\":\"2026-05-26T18:42:54+00:00\",\"dateModified\":\"2026-05-26T18:49:00+00:00\",\"author\":{\"@id\":\"https:\\\/\\\/macite.tg\\\/#\\\/schema\\\/person\\\/e9f2de7e5dbbe7770a9402c7ce82f5c2\"},\"breadcrumb\":{\"@id\":\"https:\\\/\\\/macite.tg\\\/?p=30777#breadcrumb\"},\"inLanguage\":\"fr-FR\",\"potentialAction\":[{\"@type\":\"ReadAction\",\"target\":[\"https:\\\/\\\/macite.tg\\\/?p=30777\"]}]},{\"@type\":\"ImageObject\",\"inLanguage\":\"fr-FR\",\"@id\":\"https:\\\/\\\/macite.tg\\\/?p=30777#primaryimage\",\"url\":\"https:\\\/\\\/macite.tg\\\/wp-content\\\/uploads\\\/2026\\\/05\\\/1e24ab30-b002-40a5-a71e-15b25582e12d-2.jpg\",\"contentUrl\":\"https:\\\/\\\/macite.tg\\\/wp-content\\\/uploads\\\/2026\\\/05\\\/1e24ab30-b002-40a5-a71e-15b25582e12d-2.jpg\",\"width\":500,\"height\":180},{\"@type\":\"BreadcrumbList\",\"@id\":\"https:\\\/\\\/macite.tg\\\/?p=30777#breadcrumb\",\"itemListElement\":[{\"@type\":\"ListItem\",\"position\":1,\"name\":\"Accueil\",\"item\":\"https:\\\/\\\/macite.tg\\\/\"},{\"@type\":\"ListItem\",\"position\":2,\"name\":\"SENEGAL \\\/FIN BRUTALE DU \u00ab\u00a0REGIME BICEPHALE\u00a0\u00bb : Les 4 enseignements majeurs\"}]},{\"@type\":\"WebSite\",\"@id\":\"https:\\\/\\\/macite.tg\\\/#website\",\"url\":\"https:\\\/\\\/macite.tg\\\/\",\"name\":\"\",\"description\":\"L&#039;information, la bonne!!!\",\"potentialAction\":[{\"@type\":\"SearchAction\",\"target\":{\"@type\":\"EntryPoint\",\"urlTemplate\":\"https:\\\/\\\/macite.tg\\\/?s={search_term_string}\"},\"query-input\":{\"@type\":\"PropertyValueSpecification\",\"valueRequired\":true,\"valueName\":\"search_term_string\"}}],\"inLanguage\":\"fr-FR\"},{\"@type\":\"Person\",\"@id\":\"https:\\\/\\\/macite.tg\\\/#\\\/schema\\\/person\\\/e9f2de7e5dbbe7770a9402c7ce82f5c2\",\"name\":\"Jean Pierre BAWELA\",\"image\":{\"@type\":\"ImageObject\",\"inLanguage\":\"fr-FR\",\"@id\":\"https:\\\/\\\/macite.tg\\\/wp-content\\\/uploads\\\/2023\\\/09\\\/WhatsApp-Image-2023-09-19-at-14.44.41-122x122.jpeg\",\"url\":\"https:\\\/\\\/macite.tg\\\/wp-content\\\/uploads\\\/2023\\\/09\\\/WhatsApp-Image-2023-09-19-at-14.44.41-122x122.jpeg\",\"contentUrl\":\"https:\\\/\\\/macite.tg\\\/wp-content\\\/uploads\\\/2023\\\/09\\\/WhatsApp-Image-2023-09-19-at-14.44.41-122x122.jpeg\",\"caption\":\"Jean Pierre BAWELA\"},\"url\":\"https:\\\/\\\/macite.tg\\\/?author=2\"}]}<\/script>\n<!-- \/ Yoast SEO plugin. -->","yoast_head_json":{"title":"SENEGAL \/FIN BRUTALE DU \"REGIME BICEPHALE\" : Les 4 enseignements majeurs -","robots":{"index":"index","follow":"follow","max-snippet":"max-snippet:-1","max-image-preview":"max-image-preview:large","max-video-preview":"max-video-preview:-1"},"canonical":"https:\/\/macite.tg\/?p=30777","og_locale":"fr_FR","og_type":"article","og_title":"SENEGAL \/FIN BRUTALE DU \"REGIME BICEPHALE\" : Les 4 enseignements majeurs -","og_description":"Le S\u00e9n\u00e9gal vient de vivre un s\u00e9isme politique sans pr\u00e9c\u00e9dent. Le 22 mai dernier, le Pr\u00e9sident Bassirou Diomaye Faye a sign\u00e9 le d\u00e9cret n\u00b0 2026-128 mettant fin aux fonctions de son Premier ministre, Ousmane Sonko. Cette s\u00e9paration brutale de l&rsquo;axe central du pouvoir, suivie deux [&hellip;]","og_url":"https:\/\/macite.tg\/?p=30777","article_published_time":"2026-05-26T18:42:54+00:00","article_modified_time":"2026-05-26T18:49:00+00:00","og_image":[{"width":500,"height":180,"url":"https:\/\/macite.tg\/wp-content\/uploads\/2026\/05\/1e24ab30-b002-40a5-a71e-15b25582e12d-2.jpg","type":"image\/jpeg"}],"author":"Jean Pierre BAWELA","twitter_card":"summary_large_image","twitter_misc":{"\u00c9crit par":"Jean Pierre BAWELA","Dur\u00e9e de lecture estim\u00e9e":"5 minutes"},"schema":{"@context":"https:\/\/schema.org","@graph":[{"@type":"Article","@id":"https:\/\/macite.tg\/?p=30777#article","isPartOf":{"@id":"https:\/\/macite.tg\/?p=30777"},"author":{"name":"Jean Pierre BAWELA","@id":"https:\/\/macite.tg\/#\/schema\/person\/e9f2de7e5dbbe7770a9402c7ce82f5c2"},"headline":"SENEGAL \/FIN BRUTALE DU \u00ab\u00a0REGIME BICEPHALE\u00a0\u00bb : Les 4 enseignements majeurs","datePublished":"2026-05-26T18:42:54+00:00","dateModified":"2026-05-26T18:49:00+00:00","mainEntityOfPage":{"@id":"https:\/\/macite.tg\/?p=30777"},"wordCount":846,"commentCount":0,"image":{"@id":"https:\/\/macite.tg\/?p=30777#primaryimage"},"thumbnailUrl":"https:\/\/macite.tg\/wp-content\/uploads\/2026\/05\/1e24ab30-b002-40a5-a71e-15b25582e12d-2.jpg","articleSection":["ACTUALITE","POLITIQUE"],"inLanguage":"fr-FR","potentialAction":[{"@type":"CommentAction","name":"Comment","target":["https:\/\/macite.tg\/?p=30777#respond"]}]},{"@type":"WebPage","@id":"https:\/\/macite.tg\/?p=30777","url":"https:\/\/macite.tg\/?p=30777","name":"SENEGAL \/FIN BRUTALE DU \"REGIME BICEPHALE\" : Les 4 enseignements majeurs -","isPartOf":{"@id":"https:\/\/macite.tg\/#website"},"primaryImageOfPage":{"@id":"https:\/\/macite.tg\/?p=30777#primaryimage"},"image":{"@id":"https:\/\/macite.tg\/?p=30777#primaryimage"},"thumbnailUrl":"https:\/\/macite.tg\/wp-content\/uploads\/2026\/05\/1e24ab30-b002-40a5-a71e-15b25582e12d-2.jpg","datePublished":"2026-05-26T18:42:54+00:00","dateModified":"2026-05-26T18:49:00+00:00","author":{"@id":"https:\/\/macite.tg\/#\/schema\/person\/e9f2de7e5dbbe7770a9402c7ce82f5c2"},"breadcrumb":{"@id":"https:\/\/macite.tg\/?p=30777#breadcrumb"},"inLanguage":"fr-FR","potentialAction":[{"@type":"ReadAction","target":["https:\/\/macite.tg\/?p=30777"]}]},{"@type":"ImageObject","inLanguage":"fr-FR","@id":"https:\/\/macite.tg\/?p=30777#primaryimage","url":"https:\/\/macite.tg\/wp-content\/uploads\/2026\/05\/1e24ab30-b002-40a5-a71e-15b25582e12d-2.jpg","contentUrl":"https:\/\/macite.tg\/wp-content\/uploads\/2026\/05\/1e24ab30-b002-40a5-a71e-15b25582e12d-2.jpg","width":500,"height":180},{"@type":"BreadcrumbList","@id":"https:\/\/macite.tg\/?p=30777#breadcrumb","itemListElement":[{"@type":"ListItem","position":1,"name":"Accueil","item":"https:\/\/macite.tg\/"},{"@type":"ListItem","position":2,"name":"SENEGAL \/FIN BRUTALE DU \u00ab\u00a0REGIME BICEPHALE\u00a0\u00bb : Les 4 enseignements majeurs"}]},{"@type":"WebSite","@id":"https:\/\/macite.tg\/#website","url":"https:\/\/macite.tg\/","name":"","description":"L&#039;information, la bonne!!!","potentialAction":[{"@type":"SearchAction","target":{"@type":"EntryPoint","urlTemplate":"https:\/\/macite.tg\/?s={search_term_string}"},"query-input":{"@type":"PropertyValueSpecification","valueRequired":true,"valueName":"search_term_string"}}],"inLanguage":"fr-FR"},{"@type":"Person","@id":"https:\/\/macite.tg\/#\/schema\/person\/e9f2de7e5dbbe7770a9402c7ce82f5c2","name":"Jean Pierre BAWELA","image":{"@type":"ImageObject","inLanguage":"fr-FR","@id":"https:\/\/macite.tg\/wp-content\/uploads\/2023\/09\/WhatsApp-Image-2023-09-19-at-14.44.41-122x122.jpeg","url":"https:\/\/macite.tg\/wp-content\/uploads\/2023\/09\/WhatsApp-Image-2023-09-19-at-14.44.41-122x122.jpeg","contentUrl":"https:\/\/macite.tg\/wp-content\/uploads\/2023\/09\/WhatsApp-Image-2023-09-19-at-14.44.41-122x122.jpeg","caption":"Jean Pierre BAWELA"},"url":"https:\/\/macite.tg\/?author=2"}]}},"_links":{"self":[{"href":"https:\/\/macite.tg\/index.php?rest_route=\/wp\/v2\/posts\/30777","targetHints":{"allow":["GET"]}}],"collection":[{"href":"https:\/\/macite.tg\/index.php?rest_route=\/wp\/v2\/posts"}],"about":[{"href":"https:\/\/macite.tg\/index.php?rest_route=\/wp\/v2\/types\/post"}],"author":[{"embeddable":true,"href":"https:\/\/macite.tg\/index.php?rest_route=\/wp\/v2\/users\/2"}],"replies":[{"embeddable":true,"href":"https:\/\/macite.tg\/index.php?rest_route=%2Fwp%2Fv2%2Fcomments&post=30777"}],"version-history":[{"count":0,"href":"https:\/\/macite.tg\/index.php?rest_route=\/wp\/v2\/posts\/30777\/revisions"}],"wp:featuredmedia":[{"embeddable":true,"href":"https:\/\/macite.tg\/index.php?rest_route=\/wp\/v2\/media\/30780"}],"wp:attachment":[{"href":"https:\/\/macite.tg\/index.php?rest_route=%2Fwp%2Fv2%2Fmedia&parent=30777"}],"wp:term":[{"taxonomy":"category","embeddable":true,"href":"https:\/\/macite.tg\/index.php?rest_route=%2Fwp%2Fv2%2Fcategories&post=30777"},{"taxonomy":"post_tag","embeddable":true,"href":"https:\/\/macite.tg\/index.php?rest_route=%2Fwp%2Fv2%2Ftags&post=30777"}],"curies":[{"name":"wp","href":"https:\/\/api.w.org\/{rel}","templated":true}]}}