{"id":30768,"date":"2026-05-26T13:50:51","date_gmt":"2026-05-26T13:50:51","guid":{"rendered":"https:\/\/macite.tg\/?p=30768"},"modified":"2026-05-26T13:50:55","modified_gmt":"2026-05-26T13:50:55","slug":"placement-de-stagiaires-le-programme-aide-est-sur-une-tres-bonne-dynamique","status":"publish","type":"post","link":"https:\/\/macite.tg\/?p=30768","title":{"rendered":"PLACEMENT DE STAGIAIRES: Le programme Aide est sur une tr\u00e8s bonne dynamique"},"content":{"rendered":"\n<p class=\"wp-block-paragraph\"><strong><em>\u00c0 l&rsquo;heure o\u00f9 l&rsquo;acc\u00e8s \u00e0 un emploi d\u00e9cent s&rsquo;impose comme l&rsquo;un des facteurs de relance \u00e9conomique, la question de l&rsquo;insertion professionnelle se pose avec acuit\u00e9. Au Togo, le programme d&rsquo;Appui \u00e0 l&rsquo;insertion et au d\u00e9veloppement de l&#8217;embauche (Aide) est heureusement l\u00e0, \u00e9rig\u00e9 en instrument solide.<\/em><\/strong><\/p>\n\n\n\n<p class=\"wp-block-paragraph\">Les responsables du programme indiquent qu&rsquo;entre 2024 et 2025, une progression remarquable du nombre de stagiaires plac\u00e9s dans le cadre du programme est \u00e0 noter.<\/p>\n\n\n\n<p class=\"wp-block-paragraph\">Ils sont pass\u00e9s de 1.281 \u00e0 1 960, soit une augmentation de plus de 53 % qui t\u00e9moigne de la pertinence des dispositifs d&rsquo;accompagnement vers l&#8217;emploi.<\/p>\n\n\n\n<p class=\"wp-block-paragraph\"><strong>Les stagiaires accompagn\u00e9s dans chaque r\u00e9gion<\/strong><\/p>\n\n\n\n<p class=\"wp-block-paragraph\">Le bon mouvement s&rsquo;op\u00e8re d&rsquo;abord dans le Grand Lom\u00e9, v\u00e9ritable \u00e9picentre de l&rsquo;activit\u00e9 \u00e9conomique. Le nombre de b\u00e9n\u00e9ficiaires y bondit de 775 en 2024 \u00e0 1.400 en 2025. C&rsquo;est une hausse significative, qui refl\u00e8te la concentration des opportunit\u00e9s.<\/p>\n\n\n<div class=\"wp-block-image\">\n<figure class=\"aligncenter size-large\"><img loading=\"lazy\" decoding=\"async\" width=\"733\" height=\"1024\" src=\"https:\/\/macite.tg\/wp-content\/uploads\/2026\/05\/image-60-733x1024.png\" alt=\"\" class=\"wp-image-30523\" srcset=\"https:\/\/macite.tg\/wp-content\/uploads\/2026\/05\/image-60-733x1024.png 733w, https:\/\/macite.tg\/wp-content\/uploads\/2026\/05\/image-60-215x300.png 215w, https:\/\/macite.tg\/wp-content\/uploads\/2026\/05\/image-60-768x1072.png 768w, https:\/\/macite.tg\/wp-content\/uploads\/2026\/05\/image-60-1100x1536.png 1100w, https:\/\/macite.tg\/wp-content\/uploads\/2026\/05\/image-60.png 1194w\" sizes=\"auto, (max-width: 733px) 100vw, 733px\" \/><\/figure>\n<\/div>\n\n\n<p class=\"wp-block-paragraph\">Le programme Aide trouve ainsi dans cet environnement un terrain d&rsquo;expression privil\u00e9gi\u00e9, o\u00f9 l&rsquo;insertion ne rel\u00e8ve plus de l&rsquo;exception, mais tend \u00e0 devenir la norme.<\/p>\n\n\n\n<p class=\"wp-block-paragraph\">Au-del\u00e0 du Grand Lom\u00e9, les autres r\u00e9gions participent \u00e9galement \u00e0 cette embellie, quoique de mani\u00e8re diff\u00e9renci\u00e9e. La r\u00e9gion maritime enregistre une progression de 84 \u00e0 110 stagiaires, tandis que les Plateaux passent de 98 \u00e0 140.<\/p>\n\n\n\n<p class=\"wp-block-paragraph\">La r\u00e9gion de la Kara confirme, elle aussi, une tendance positive, avec 194 b\u00e9n\u00e9ficiaires en 2024 contre 205 en 2025. Cette stabilit\u00e9 ascendante t\u00e9moigne d&rsquo;un ancrage durable du programme dans les zones septentrionales. La r\u00e9gion centrale voit ses effectifs passer de 56 \u00e0 45, tandis que les Savanes enregistrent \u00e9galement une l\u00e9g\u00e8re baisse, de 74 \u00e0 60.<\/p>\n\n\n\n<p class=\"wp-block-paragraph\"><strong>Utilit\u00e9 du programme<\/strong><\/p>\n\n\n\n<p class=\"wp-block-paragraph\">Le programme d&rsquo;Appui \u00e0 l&rsquo;insertion et au d\u00e9veloppement de l&#8217;embauche (Aide), coordonn\u00e9 par l&rsquo;ANPE depuis 2011, vise l&rsquo;insertion de jeunes dipl\u00f4m\u00e9s \u00e2g\u00e9s de 18 \u00e0 40 ans via des stages de 6 \u00e0 12 mois. Il permet de placer chaque ann\u00e9e des jeunes dans des entreprises priv\u00e9es et parapubliques, avec un taux d&rsquo;insertion professionnelle estim\u00e9 \u00e0 70 %.<\/p>\n\n\n\n<p class=\"wp-block-paragraph\">S&rsquo;agissant des caract\u00e9ristiques des stages, les entreprises priv\u00e9es et parapubliques accueillent les stagiaires avec une contribution de l&rsquo;\u00c9tat pour faciliter cette premi\u00e8re exp\u00e9rience professionnelle. Ainsi, l&rsquo;insertion professionnelle cesse d&rsquo;\u00eatre un processus p\u00e9riph\u00e9rique pour devenir un \u00e9l\u00e9ment constitutif du d\u00e9veloppement.<\/p>\n\n\n<div class=\"wp-block-image\">\n<figure class=\"aligncenter size-large is-resized\"><img loading=\"lazy\" decoding=\"async\" width=\"765\" height=\"1024\" src=\"https:\/\/macite.tg\/wp-content\/uploads\/2026\/05\/OTR_Heures-de-services-765x1024.jpeg\" alt=\"\" class=\"wp-image-30734\" style=\"width:523px;height:auto\" srcset=\"https:\/\/macite.tg\/wp-content\/uploads\/2026\/05\/OTR_Heures-de-services-765x1024.jpeg 765w, https:\/\/macite.tg\/wp-content\/uploads\/2026\/05\/OTR_Heures-de-services-224x300.jpeg 224w, https:\/\/macite.tg\/wp-content\/uploads\/2026\/05\/OTR_Heures-de-services-768x1028.jpeg 768w, https:\/\/macite.tg\/wp-content\/uploads\/2026\/05\/OTR_Heures-de-services-1147x1536.jpeg 1147w, https:\/\/macite.tg\/wp-content\/uploads\/2026\/05\/OTR_Heures-de-services.jpeg 1242w\" sizes=\"auto, (max-width: 765px) 100vw, 765px\" \/><\/figure>\n<\/div>\n\n\n<p class=\"wp-block-paragraph\">En d\u00e9finitive, il faut le dire, la progression du nombre de stagiaires plac\u00e9s entre 2024 et 2025 ne rel\u00e8ve pas du hasard. Elle incarne une transformation en profondeur des m\u00e9canismes d&rsquo;insertion, d\u00e9sormais arrim\u00e9s \u00e0 une strat\u00e9gie assum\u00e9e. Une mutation qui, progressivement, red\u00e9finit les contours du march\u00e9 du travail togolais.<\/p>\n\n\n\n<p class=\"wp-block-paragraph\"><strong>Samir B.<\/strong><\/p>\n\n\n\n<p class=\"wp-block-paragraph\"><a><strong><em>@macite.tg&nbsp;&nbsp;&nbsp;&nbsp;&nbsp;&nbsp;&nbsp;&nbsp;<\/em><\/strong><\/a><\/p>\n\n\n\n<p class=\"wp-block-paragraph\"><strong><em>E-mail&nbsp;: <\/em><\/strong><a href=\"mailto:maciteinfo@gmail.com\"><strong><em>maciteinfo@gmail.com<\/em><\/strong><\/a><strong><em>; <\/em><\/strong><a href=\"mailto:bawela1@gmail.com\"><strong><em>bawela1@gmail.com<\/em><\/strong><\/a><strong><em><\/em><\/strong><\/p>\n\n\n\n<p class=\"wp-block-paragraph\"><strong><em>Pour vos annonces, publi-reportages, etc., joignez-nous au (00228)91515309\/<strong>79872224 <\/strong><strong><\/strong><\/em><\/strong><\/p>\n\n\n\n<p class=\"wp-block-paragraph\"><strong><em>www.macite.tg, L\u2019information, la bonne&nbsp;!<\/em><\/strong><\/p>\n\n\n\n<p class=\"wp-block-paragraph\"><\/p>\n","protected":false},"excerpt":{"rendered":"<p class=\"text-justify mb-2\" >\u00c0 l&rsquo;heure o\u00f9 l&rsquo;acc\u00e8s \u00e0 un emploi d\u00e9cent s&rsquo;impose comme l&rsquo;un des facteurs de relance \u00e9conomique, la question de l&rsquo;insertion professionnelle se pose avec acuit\u00e9. Au Togo, le programme d&rsquo;Appui \u00e0 l&rsquo;insertion et au d\u00e9veloppement de l&#8217;embauche (Aide) est heureusement l\u00e0, \u00e9rig\u00e9 en instrument solide. [&hellip;]<\/p>\n","protected":false},"author":2,"featured_media":30771,"comment_status":"open","ping_status":"open","sticky":false,"template":"","format":"standard","meta":{"footnotes":""},"categories":[20,43],"tags":[],"class_list":["post-30768","post","type-post","status-publish","format-standard","has-post-thumbnail","hentry","category-actualite","category-emploi"],"yoast_head":"<!-- This site is optimized with the Yoast SEO plugin v28.4 - https:\/\/yoast.com\/product\/yoast-seo-wordpress\/ -->\n<title>PLACEMENT DE STAGIAIRES: Le programme Aide est sur une tr\u00e8s bonne dynamique -<\/title>\n<meta name=\"robots\" content=\"index, follow, max-snippet:-1, max-image-preview:large, max-video-preview:-1\" \/>\n<link rel=\"canonical\" href=\"https:\/\/macite.tg\/?p=30768\" \/>\n<meta property=\"og:locale\" content=\"fr_FR\" \/>\n<meta property=\"og:type\" content=\"article\" \/>\n<meta property=\"og:title\" content=\"PLACEMENT DE STAGIAIRES: Le programme Aide est sur une tr\u00e8s bonne dynamique -\" \/>\n<meta property=\"og:description\" content=\"\u00c0 l&rsquo;heure o\u00f9 l&rsquo;acc\u00e8s \u00e0 un emploi d\u00e9cent s&rsquo;impose comme l&rsquo;un des facteurs de relance \u00e9conomique, la question de l&rsquo;insertion professionnelle se pose avec acuit\u00e9. Au Togo, le programme d&rsquo;Appui \u00e0 l&rsquo;insertion et au d\u00e9veloppement de l&#8217;embauche (Aide) est heureusement l\u00e0, \u00e9rig\u00e9 en instrument solide. [&hellip;]\" \/>\n<meta property=\"og:url\" content=\"https:\/\/macite.tg\/?p=30768\" \/>\n<meta property=\"article:published_time\" content=\"2026-05-26T13:50:51+00:00\" \/>\n<meta property=\"article:modified_time\" content=\"2026-05-26T13:50:55+00:00\" \/>\n<meta property=\"og:image\" content=\"https:\/\/macite.tg\/wp-content\/uploads\/2026\/05\/image-90.png\" \/>\n\t<meta property=\"og:image:width\" content=\"364\" \/>\n\t<meta property=\"og:image:height\" content=\"234\" \/>\n\t<meta property=\"og:image:type\" content=\"image\/png\" \/>\n<meta name=\"author\" content=\"Jean Pierre BAWELA\" \/>\n<meta name=\"twitter:card\" content=\"summary_large_image\" \/>\n<meta name=\"twitter:label1\" content=\"\u00c9crit par\" \/>\n\t<meta name=\"twitter:data1\" content=\"Jean Pierre BAWELA\" \/>\n\t<meta name=\"twitter:label2\" content=\"Dur\u00e9e de lecture estim\u00e9e\" \/>\n\t<meta name=\"twitter:data2\" content=\"3 minutes\" \/>\n<script type=\"application\/ld+json\" class=\"yoast-schema-graph\">{\"@context\":\"https:\\\/\\\/schema.org\",\"@graph\":[{\"@type\":\"Article\",\"@id\":\"https:\\\/\\\/macite.tg\\\/?p=30768#article\",\"isPartOf\":{\"@id\":\"https:\\\/\\\/macite.tg\\\/?p=30768\"},\"author\":{\"name\":\"Jean Pierre BAWELA\",\"@id\":\"https:\\\/\\\/macite.tg\\\/#\\\/schema\\\/person\\\/e9f2de7e5dbbe7770a9402c7ce82f5c2\"},\"headline\":\"PLACEMENT DE STAGIAIRES: Le programme Aide est sur une tr\u00e8s bonne dynamique\",\"datePublished\":\"2026-05-26T13:50:51+00:00\",\"dateModified\":\"2026-05-26T13:50:55+00:00\",\"mainEntityOfPage\":{\"@id\":\"https:\\\/\\\/macite.tg\\\/?p=30768\"},\"wordCount\":487,\"commentCount\":0,\"image\":{\"@id\":\"https:\\\/\\\/macite.tg\\\/?p=30768#primaryimage\"},\"thumbnailUrl\":\"https:\\\/\\\/macite.tg\\\/wp-content\\\/uploads\\\/2026\\\/05\\\/image-90.png\",\"articleSection\":[\"ACTUALITE\",\"EMPLOI\"],\"inLanguage\":\"fr-FR\",\"potentialAction\":[{\"@type\":\"CommentAction\",\"name\":\"Comment\",\"target\":[\"https:\\\/\\\/macite.tg\\\/?p=30768#respond\"]}]},{\"@type\":\"WebPage\",\"@id\":\"https:\\\/\\\/macite.tg\\\/?p=30768\",\"url\":\"https:\\\/\\\/macite.tg\\\/?p=30768\",\"name\":\"PLACEMENT DE STAGIAIRES: Le programme Aide est sur une tr\u00e8s bonne dynamique -\",\"isPartOf\":{\"@id\":\"https:\\\/\\\/macite.tg\\\/#website\"},\"primaryImageOfPage\":{\"@id\":\"https:\\\/\\\/macite.tg\\\/?p=30768#primaryimage\"},\"image\":{\"@id\":\"https:\\\/\\\/macite.tg\\\/?p=30768#primaryimage\"},\"thumbnailUrl\":\"https:\\\/\\\/macite.tg\\\/wp-content\\\/uploads\\\/2026\\\/05\\\/image-90.png\",\"datePublished\":\"2026-05-26T13:50:51+00:00\",\"dateModified\":\"2026-05-26T13:50:55+00:00\",\"author\":{\"@id\":\"https:\\\/\\\/macite.tg\\\/#\\\/schema\\\/person\\\/e9f2de7e5dbbe7770a9402c7ce82f5c2\"},\"breadcrumb\":{\"@id\":\"https:\\\/\\\/macite.tg\\\/?p=30768#breadcrumb\"},\"inLanguage\":\"fr-FR\",\"potentialAction\":[{\"@type\":\"ReadAction\",\"target\":[\"https:\\\/\\\/macite.tg\\\/?p=30768\"]}]},{\"@type\":\"ImageObject\",\"inLanguage\":\"fr-FR\",\"@id\":\"https:\\\/\\\/macite.tg\\\/?p=30768#primaryimage\",\"url\":\"https:\\\/\\\/macite.tg\\\/wp-content\\\/uploads\\\/2026\\\/05\\\/image-90.png\",\"contentUrl\":\"https:\\\/\\\/macite.tg\\\/wp-content\\\/uploads\\\/2026\\\/05\\\/image-90.png\",\"width\":364,\"height\":234},{\"@type\":\"BreadcrumbList\",\"@id\":\"https:\\\/\\\/macite.tg\\\/?p=30768#breadcrumb\",\"itemListElement\":[{\"@type\":\"ListItem\",\"position\":1,\"name\":\"Accueil\",\"item\":\"https:\\\/\\\/macite.tg\\\/\"},{\"@type\":\"ListItem\",\"position\":2,\"name\":\"PLACEMENT DE STAGIAIRES: Le programme Aide est sur une tr\u00e8s bonne dynamique\"}]},{\"@type\":\"WebSite\",\"@id\":\"https:\\\/\\\/macite.tg\\\/#website\",\"url\":\"https:\\\/\\\/macite.tg\\\/\",\"name\":\"\",\"description\":\"L&#039;information, la bonne!!!\",\"potentialAction\":[{\"@type\":\"SearchAction\",\"target\":{\"@type\":\"EntryPoint\",\"urlTemplate\":\"https:\\\/\\\/macite.tg\\\/?s={search_term_string}\"},\"query-input\":{\"@type\":\"PropertyValueSpecification\",\"valueRequired\":true,\"valueName\":\"search_term_string\"}}],\"inLanguage\":\"fr-FR\"},{\"@type\":\"Person\",\"@id\":\"https:\\\/\\\/macite.tg\\\/#\\\/schema\\\/person\\\/e9f2de7e5dbbe7770a9402c7ce82f5c2\",\"name\":\"Jean Pierre BAWELA\",\"image\":{\"@type\":\"ImageObject\",\"inLanguage\":\"fr-FR\",\"@id\":\"https:\\\/\\\/macite.tg\\\/wp-content\\\/uploads\\\/2023\\\/09\\\/WhatsApp-Image-2023-09-19-at-14.44.41-122x122.jpeg\",\"url\":\"https:\\\/\\\/macite.tg\\\/wp-content\\\/uploads\\\/2023\\\/09\\\/WhatsApp-Image-2023-09-19-at-14.44.41-122x122.jpeg\",\"contentUrl\":\"https:\\\/\\\/macite.tg\\\/wp-content\\\/uploads\\\/2023\\\/09\\\/WhatsApp-Image-2023-09-19-at-14.44.41-122x122.jpeg\",\"caption\":\"Jean Pierre BAWELA\"},\"url\":\"https:\\\/\\\/macite.tg\\\/?author=2\"}]}<\/script>\n<!-- \/ Yoast SEO plugin. -->","yoast_head_json":{"title":"PLACEMENT DE STAGIAIRES: Le programme Aide est sur une tr\u00e8s bonne dynamique -","robots":{"index":"index","follow":"follow","max-snippet":"max-snippet:-1","max-image-preview":"max-image-preview:large","max-video-preview":"max-video-preview:-1"},"canonical":"https:\/\/macite.tg\/?p=30768","og_locale":"fr_FR","og_type":"article","og_title":"PLACEMENT DE STAGIAIRES: Le programme Aide est sur une tr\u00e8s bonne dynamique -","og_description":"\u00c0 l&rsquo;heure o\u00f9 l&rsquo;acc\u00e8s \u00e0 un emploi d\u00e9cent s&rsquo;impose comme l&rsquo;un des facteurs de relance \u00e9conomique, la question de l&rsquo;insertion professionnelle se pose avec acuit\u00e9. Au Togo, le programme d&rsquo;Appui \u00e0 l&rsquo;insertion et au d\u00e9veloppement de l&#8217;embauche (Aide) est heureusement l\u00e0, \u00e9rig\u00e9 en instrument solide. [&hellip;]","og_url":"https:\/\/macite.tg\/?p=30768","article_published_time":"2026-05-26T13:50:51+00:00","article_modified_time":"2026-05-26T13:50:55+00:00","og_image":[{"width":364,"height":234,"url":"https:\/\/macite.tg\/wp-content\/uploads\/2026\/05\/image-90.png","type":"image\/png"}],"author":"Jean Pierre BAWELA","twitter_card":"summary_large_image","twitter_misc":{"\u00c9crit par":"Jean Pierre BAWELA","Dur\u00e9e de lecture estim\u00e9e":"3 minutes"},"schema":{"@context":"https:\/\/schema.org","@graph":[{"@type":"Article","@id":"https:\/\/macite.tg\/?p=30768#article","isPartOf":{"@id":"https:\/\/macite.tg\/?p=30768"},"author":{"name":"Jean Pierre BAWELA","@id":"https:\/\/macite.tg\/#\/schema\/person\/e9f2de7e5dbbe7770a9402c7ce82f5c2"},"headline":"PLACEMENT DE STAGIAIRES: Le programme Aide est sur une tr\u00e8s bonne dynamique","datePublished":"2026-05-26T13:50:51+00:00","dateModified":"2026-05-26T13:50:55+00:00","mainEntityOfPage":{"@id":"https:\/\/macite.tg\/?p=30768"},"wordCount":487,"commentCount":0,"image":{"@id":"https:\/\/macite.tg\/?p=30768#primaryimage"},"thumbnailUrl":"https:\/\/macite.tg\/wp-content\/uploads\/2026\/05\/image-90.png","articleSection":["ACTUALITE","EMPLOI"],"inLanguage":"fr-FR","potentialAction":[{"@type":"CommentAction","name":"Comment","target":["https:\/\/macite.tg\/?p=30768#respond"]}]},{"@type":"WebPage","@id":"https:\/\/macite.tg\/?p=30768","url":"https:\/\/macite.tg\/?p=30768","name":"PLACEMENT DE STAGIAIRES: Le programme Aide est sur une tr\u00e8s bonne dynamique -","isPartOf":{"@id":"https:\/\/macite.tg\/#website"},"primaryImageOfPage":{"@id":"https:\/\/macite.tg\/?p=30768#primaryimage"},"image":{"@id":"https:\/\/macite.tg\/?p=30768#primaryimage"},"thumbnailUrl":"https:\/\/macite.tg\/wp-content\/uploads\/2026\/05\/image-90.png","datePublished":"2026-05-26T13:50:51+00:00","dateModified":"2026-05-26T13:50:55+00:00","author":{"@id":"https:\/\/macite.tg\/#\/schema\/person\/e9f2de7e5dbbe7770a9402c7ce82f5c2"},"breadcrumb":{"@id":"https:\/\/macite.tg\/?p=30768#breadcrumb"},"inLanguage":"fr-FR","potentialAction":[{"@type":"ReadAction","target":["https:\/\/macite.tg\/?p=30768"]}]},{"@type":"ImageObject","inLanguage":"fr-FR","@id":"https:\/\/macite.tg\/?p=30768#primaryimage","url":"https:\/\/macite.tg\/wp-content\/uploads\/2026\/05\/image-90.png","contentUrl":"https:\/\/macite.tg\/wp-content\/uploads\/2026\/05\/image-90.png","width":364,"height":234},{"@type":"BreadcrumbList","@id":"https:\/\/macite.tg\/?p=30768#breadcrumb","itemListElement":[{"@type":"ListItem","position":1,"name":"Accueil","item":"https:\/\/macite.tg\/"},{"@type":"ListItem","position":2,"name":"PLACEMENT DE STAGIAIRES: Le programme Aide est sur une tr\u00e8s bonne dynamique"}]},{"@type":"WebSite","@id":"https:\/\/macite.tg\/#website","url":"https:\/\/macite.tg\/","name":"","description":"L&#039;information, la bonne!!!","potentialAction":[{"@type":"SearchAction","target":{"@type":"EntryPoint","urlTemplate":"https:\/\/macite.tg\/?s={search_term_string}"},"query-input":{"@type":"PropertyValueSpecification","valueRequired":true,"valueName":"search_term_string"}}],"inLanguage":"fr-FR"},{"@type":"Person","@id":"https:\/\/macite.tg\/#\/schema\/person\/e9f2de7e5dbbe7770a9402c7ce82f5c2","name":"Jean Pierre BAWELA","image":{"@type":"ImageObject","inLanguage":"fr-FR","@id":"https:\/\/macite.tg\/wp-content\/uploads\/2023\/09\/WhatsApp-Image-2023-09-19-at-14.44.41-122x122.jpeg","url":"https:\/\/macite.tg\/wp-content\/uploads\/2023\/09\/WhatsApp-Image-2023-09-19-at-14.44.41-122x122.jpeg","contentUrl":"https:\/\/macite.tg\/wp-content\/uploads\/2023\/09\/WhatsApp-Image-2023-09-19-at-14.44.41-122x122.jpeg","caption":"Jean Pierre BAWELA"},"url":"https:\/\/macite.tg\/?author=2"}]}},"_links":{"self":[{"href":"https:\/\/macite.tg\/index.php?rest_route=\/wp\/v2\/posts\/30768","targetHints":{"allow":["GET"]}}],"collection":[{"href":"https:\/\/macite.tg\/index.php?rest_route=\/wp\/v2\/posts"}],"about":[{"href":"https:\/\/macite.tg\/index.php?rest_route=\/wp\/v2\/types\/post"}],"author":[{"embeddable":true,"href":"https:\/\/macite.tg\/index.php?rest_route=\/wp\/v2\/users\/2"}],"replies":[{"embeddable":true,"href":"https:\/\/macite.tg\/index.php?rest_route=%2Fwp%2Fv2%2Fcomments&post=30768"}],"version-history":[{"count":0,"href":"https:\/\/macite.tg\/index.php?rest_route=\/wp\/v2\/posts\/30768\/revisions"}],"wp:featuredmedia":[{"embeddable":true,"href":"https:\/\/macite.tg\/index.php?rest_route=\/wp\/v2\/media\/30771"}],"wp:attachment":[{"href":"https:\/\/macite.tg\/index.php?rest_route=%2Fwp%2Fv2%2Fmedia&parent=30768"}],"wp:term":[{"taxonomy":"category","embeddable":true,"href":"https:\/\/macite.tg\/index.php?rest_route=%2Fwp%2Fv2%2Fcategories&post=30768"},{"taxonomy":"post_tag","embeddable":true,"href":"https:\/\/macite.tg\/index.php?rest_route=%2Fwp%2Fv2%2Ftags&post=30768"}],"curies":[{"name":"wp","href":"https:\/\/api.w.org\/{rel}","templated":true}]}}