{"id":30767,"date":"2026-05-26T13:46:38","date_gmt":"2026-05-26T13:46:38","guid":{"rendered":"https:\/\/macite.tg\/?p=30767"},"modified":"2026-05-26T13:46:44","modified_gmt":"2026-05-26T13:46:44","slug":"insertion-professionnelle-la-plateforme-industrielle-dadetikope-pia-une-aubaine-pour-les-chercheurs-demploi","status":"publish","type":"post","link":"https:\/\/macite.tg\/?p=30767","title":{"rendered":"INSERTION PROFESSIONNELLE\u00a0: La Plateforme industrielle d&rsquo;Ad\u00e9tikop\u00e9 (PIA), une aubaine pour les chercheurs d\u2019emploi"},"content":{"rendered":"\n<p class=\"wp-block-paragraph\"><strong><em>Il est des infrastructures qui d\u00e9passent leur vocation premi\u00e8re pour devenir des catalyseurs de d\u00e9veloppement. La Plateforme industrielle d&rsquo;Ad\u00e9tikop\u00e9 (PIA) fait partie de celles-l\u00e0, sans aucun doute. Elle est aujourd&rsquo;hui l&rsquo;une de ces r\u00e9alisations structurantes qui, au-del\u00e0 de l&rsquo;industrialisation, bonifie tout ce qu&rsquo;elle touche.<\/em><\/strong><\/p>\n\n\n\n<p class=\"wp-block-paragraph\">Inaugur\u00e9e en 2021 pour cr\u00e9er 25.000 emplois d&rsquo;ici quelques ann\u00e9es, ce joyau situ\u00e9 sur la route nationale num\u00e9ro un facilite l&rsquo;insertion des chercheurs d&#8217;emploi.<\/p>\n\n\n\n<p class=\"wp-block-paragraph\"><strong>Plusieurs jeunes touch\u00e9s<\/strong><\/p>\n\n\n\n<p class=\"wp-block-paragraph\">514 chercheurs d&#8217;emploi y ont \u00e9t\u00e9 ins\u00e9r\u00e9s au cours de l&rsquo;ann\u00e9e 2025, tandis qu&rsquo;une projection ambitieuse fixe l&rsquo;objectif \u00e0 1.600 personnes sur la m\u00eame p\u00e9riode. Cet \u00e9cart montre une acc\u00e9l\u00e9ration, une perc\u00e9e de l&rsquo;\u00e9cosyst\u00e8me industriel en pleine maturation.<\/p>\n\n\n\n<p class=\"wp-block-paragraph\">Car la Plateforme industrielle d&rsquo;Ad\u00e9tikop\u00e9 ne se limite pas \u00e0 \u00eatre un espace de production. Elle incarne une nouvelle mani\u00e8re de penser l&#8217;emploi, en rapprochant les comp\u00e9tences des opportunit\u00e9s, en ancrant l&rsquo;insertion professionnelle au c\u0153ur m\u00eame des unit\u00e9s industrielles.<\/p>\n\n\n<div class=\"wp-block-image\">\n<figure class=\"aligncenter size-large\"><img loading=\"lazy\" decoding=\"async\" width=\"733\" height=\"1024\" src=\"https:\/\/macite.tg\/wp-content\/uploads\/2026\/05\/image-60-733x1024.png\" alt=\"\" class=\"wp-image-30523\" srcset=\"https:\/\/macite.tg\/wp-content\/uploads\/2026\/05\/image-60-733x1024.png 733w, https:\/\/macite.tg\/wp-content\/uploads\/2026\/05\/image-60-215x300.png 215w, https:\/\/macite.tg\/wp-content\/uploads\/2026\/05\/image-60-768x1072.png 768w, https:\/\/macite.tg\/wp-content\/uploads\/2026\/05\/image-60-1100x1536.png 1100w, https:\/\/macite.tg\/wp-content\/uploads\/2026\/05\/image-60.png 1194w\" sizes=\"auto, (max-width: 733px) 100vw, 733px\" \/><\/figure>\n<\/div>\n\n\n<p class=\"wp-block-paragraph\">L\u00e0 o\u00f9, hier encore, l&rsquo;acc\u00e8s \u00e0 l&#8217;emploi relevait d&rsquo;un parcours incertain, la plateforme offre d\u00e9sormais un cadre structur\u00e9, lisible et porteur. L&rsquo;objectif de 1.600 insertions en 2026 t\u00e9moigne d&rsquo;une ambition : faire de l&rsquo;industrialisation un moteur direct de cr\u00e9ation d&#8217;emplois.<\/p>\n\n\n\n<p class=\"wp-block-paragraph\">Il ne s&rsquo;agit plus seulement de produire, mais de produire en int\u00e9grant, en formant et en stabilisant une main-d&rsquo;\u0153uvre nationale appel\u00e9e \u00e0 devenir l&rsquo;un des piliers de la comp\u00e9titivit\u00e9 industrielle. Dans cette perspective, la progression attendue entre les insertions d\u00e9j\u00e0 r\u00e9alis\u00e9es et celles projet\u00e9es r\u00e9v\u00e8le une dynamique d&rsquo;appropriation.<\/p>\n\n\n\n<p class=\"wp-block-paragraph\">Les entreprises install\u00e9es sur la plateforme, en mont\u00e9e de r\u00e9gime, \u00e9largissent progressivement leurs besoins en ressources humaines. Les cha\u00eenes de production se densifient, les activit\u00e9s se diversifient, et avec elles, les opportunit\u00e9s d&#8217;emploi se multiplient.<\/p>\n\n\n\n<p class=\"wp-block-paragraph\"><strong>De bonnes conditions de travail<\/strong><\/p>\n\n\n\n<p class=\"wp-block-paragraph\">De juin 2021, date de son inauguration, \u00e0 novembre 2022, la PIA revendique 3.000 emplois cr\u00e9\u00e9s pour les Togolais, dans plusieurs secteurs strat\u00e9giques.<\/p>\n\n\n\n<p class=\"wp-block-paragraph\">Cette \u00e9volution rev\u00eat une importance particuli\u00e8re dans un contexte o\u00f9 l&rsquo;industrialisation est appel\u00e9e \u00e0 jouer un r\u00f4le central dans la transformation \u00e9conomique. En offrant des d\u00e9bouch\u00e9s concrets aux chercheurs d&#8217;emploi, la plateforme contribue \u00e0 r\u00e9duire l&rsquo;\u00e9cart entre formation et emploi, souvent identifi\u00e9 comme l&rsquo;un des principaux d\u00e9fis du march\u00e9 du travail.<\/p>\n\n\n\n<p class=\"wp-block-paragraph\">Elle agit \u00e9galement comme un levier de formalisation de l&#8217;emploi. Les postes cr\u00e9\u00e9s dans cet environnement industriel s&rsquo;inscrivent, pour l&rsquo;essentiel, dans des cadres structur\u00e9s, avec des conditions de travail encadr\u00e9es et des perspectives d&rsquo;\u00e9volution.<\/p>\n\n\n<div class=\"wp-block-image\">\n<figure class=\"aligncenter size-large is-resized\"><img loading=\"lazy\" decoding=\"async\" width=\"765\" height=\"1024\" src=\"https:\/\/macite.tg\/wp-content\/uploads\/2026\/05\/OTR_Heures-de-services-765x1024.jpeg\" alt=\"\" class=\"wp-image-30734\" style=\"width:537px;height:auto\" srcset=\"https:\/\/macite.tg\/wp-content\/uploads\/2026\/05\/OTR_Heures-de-services-765x1024.jpeg 765w, https:\/\/macite.tg\/wp-content\/uploads\/2026\/05\/OTR_Heures-de-services-224x300.jpeg 224w, https:\/\/macite.tg\/wp-content\/uploads\/2026\/05\/OTR_Heures-de-services-768x1028.jpeg 768w, https:\/\/macite.tg\/wp-content\/uploads\/2026\/05\/OTR_Heures-de-services-1147x1536.jpeg 1147w, https:\/\/macite.tg\/wp-content\/uploads\/2026\/05\/OTR_Heures-de-services.jpeg 1242w\" sizes=\"auto, (max-width: 765px) 100vw, 765px\" \/><\/figure>\n<\/div>\n\n\n<p class=\"wp-block-paragraph\">Une telle configuration participe \u00e0 la stabilisation des parcours professionnels et \u00e0 l&rsquo;am\u00e9lioration des conditions de vie des travailleurs. Au-del\u00e0 des individus directement concern\u00e9s, l&rsquo;impact se diffuse \u00e0 l&rsquo;ensemble du tissu \u00e9conomique. Chaque insertion r\u00e9ussie g\u00e9n\u00e8re des effets d&rsquo;entra\u00eenement : augmentation du pouvoir d&rsquo;achat, dynamisation des activit\u00e9s locales, renforcement des circuits de consommation. L&#8217;emploi industriel devient ainsi un vecteur de croissance partag\u00e9e.<\/p>\n\n\n\n<p class=\"wp-block-paragraph\"><strong>Samir B.<\/strong><\/p>\n\n\n\n<p class=\"wp-block-paragraph\"><a><strong><em>@macite.tg&nbsp;&nbsp;&nbsp;&nbsp;&nbsp;&nbsp;&nbsp;&nbsp;<\/em><\/strong><\/a><\/p>\n\n\n\n<p class=\"wp-block-paragraph\"><strong><em>E-mail&nbsp;: <\/em><\/strong><a href=\"mailto:maciteinfo@gmail.com\"><strong><em>maciteinfo@gmail.com<\/em><\/strong><\/a><strong><em>; <\/em><\/strong><a href=\"mailto:bawela1@gmail.com\"><strong><em>bawela1@gmail.com<\/em><\/strong><\/a><strong><em><\/em><\/strong><\/p>\n\n\n\n<p class=\"wp-block-paragraph\"><strong><em>Pour vos annonces, publi-reportages, etc., joignez-nous au (00228)91515309\/<strong>79872224 <\/strong><strong><\/strong><\/em><\/strong><\/p>\n\n\n\n<p class=\"wp-block-paragraph\"><strong><em>www.macite.tg, L\u2019information, la bonne&nbsp;!<\/em><\/strong><\/p>\n\n\n\n<p class=\"wp-block-paragraph\"><\/p>\n","protected":false},"excerpt":{"rendered":"<p class=\"text-justify mb-2\" >Il est des infrastructures qui d\u00e9passent leur vocation premi\u00e8re pour devenir des catalyseurs de d\u00e9veloppement. La Plateforme industrielle d&rsquo;Ad\u00e9tikop\u00e9 (PIA) fait partie de celles-l\u00e0, sans aucun doute. Elle est aujourd&rsquo;hui l&rsquo;une de ces r\u00e9alisations structurantes qui, au-del\u00e0 de l&rsquo;industrialisation, bonifie tout ce qu&rsquo;elle touche. Inaugur\u00e9e [&hellip;]<\/p>\n","protected":false},"author":2,"featured_media":30769,"comment_status":"open","ping_status":"open","sticky":false,"template":"","format":"standard","meta":{"footnotes":""},"categories":[20,43],"tags":[],"class_list":["post-30767","post","type-post","status-publish","format-standard","has-post-thumbnail","hentry","category-actualite","category-emploi"],"yoast_head":"<!-- This site is optimized with the Yoast SEO plugin v28.4 - https:\/\/yoast.com\/product\/yoast-seo-wordpress\/ -->\n<title>INSERTION PROFESSIONNELLE\u00a0: La Plateforme industrielle d&#039;Ad\u00e9tikop\u00e9 (PIA), une aubaine pour les chercheurs d\u2019emploi -<\/title>\n<meta name=\"robots\" content=\"index, follow, max-snippet:-1, max-image-preview:large, max-video-preview:-1\" \/>\n<link rel=\"canonical\" href=\"https:\/\/macite.tg\/?p=30767\" \/>\n<meta property=\"og:locale\" content=\"fr_FR\" \/>\n<meta property=\"og:type\" content=\"article\" \/>\n<meta property=\"og:title\" content=\"INSERTION PROFESSIONNELLE\u00a0: La Plateforme industrielle d&#039;Ad\u00e9tikop\u00e9 (PIA), une aubaine pour les chercheurs d\u2019emploi -\" \/>\n<meta property=\"og:description\" content=\"Il est des infrastructures qui d\u00e9passent leur vocation premi\u00e8re pour devenir des catalyseurs de d\u00e9veloppement. La Plateforme industrielle d&rsquo;Ad\u00e9tikop\u00e9 (PIA) fait partie de celles-l\u00e0, sans aucun doute. Elle est aujourd&rsquo;hui l&rsquo;une de ces r\u00e9alisations structurantes qui, au-del\u00e0 de l&rsquo;industrialisation, bonifie tout ce qu&rsquo;elle touche. Inaugur\u00e9e [&hellip;]\" \/>\n<meta property=\"og:url\" content=\"https:\/\/macite.tg\/?p=30767\" \/>\n<meta property=\"article:published_time\" content=\"2026-05-26T13:46:38+00:00\" \/>\n<meta property=\"article:modified_time\" content=\"2026-05-26T13:46:44+00:00\" \/>\n<meta property=\"og:image\" content=\"https:\/\/macite.tg\/wp-content\/uploads\/2026\/05\/image-89.png\" \/>\n\t<meta property=\"og:image:width\" content=\"434\" \/>\n\t<meta property=\"og:image:height\" content=\"232\" \/>\n\t<meta property=\"og:image:type\" content=\"image\/png\" \/>\n<meta name=\"author\" content=\"Jean Pierre BAWELA\" \/>\n<meta name=\"twitter:card\" content=\"summary_large_image\" \/>\n<meta name=\"twitter:label1\" content=\"\u00c9crit par\" \/>\n\t<meta name=\"twitter:data1\" content=\"Jean Pierre BAWELA\" \/>\n\t<meta name=\"twitter:label2\" content=\"Dur\u00e9e de lecture estim\u00e9e\" \/>\n\t<meta name=\"twitter:data2\" content=\"3 minutes\" \/>\n<script type=\"application\/ld+json\" class=\"yoast-schema-graph\">{\"@context\":\"https:\\\/\\\/schema.org\",\"@graph\":[{\"@type\":\"Article\",\"@id\":\"https:\\\/\\\/macite.tg\\\/?p=30767#article\",\"isPartOf\":{\"@id\":\"https:\\\/\\\/macite.tg\\\/?p=30767\"},\"author\":{\"name\":\"Jean Pierre BAWELA\",\"@id\":\"https:\\\/\\\/macite.tg\\\/#\\\/schema\\\/person\\\/e9f2de7e5dbbe7770a9402c7ce82f5c2\"},\"headline\":\"INSERTION PROFESSIONNELLE\u00a0: La Plateforme industrielle d&rsquo;Ad\u00e9tikop\u00e9 (PIA), une aubaine pour les chercheurs d\u2019emploi\",\"datePublished\":\"2026-05-26T13:46:38+00:00\",\"dateModified\":\"2026-05-26T13:46:44+00:00\",\"mainEntityOfPage\":{\"@id\":\"https:\\\/\\\/macite.tg\\\/?p=30767\"},\"wordCount\":583,\"commentCount\":0,\"image\":{\"@id\":\"https:\\\/\\\/macite.tg\\\/?p=30767#primaryimage\"},\"thumbnailUrl\":\"https:\\\/\\\/macite.tg\\\/wp-content\\\/uploads\\\/2026\\\/05\\\/image-89.png\",\"articleSection\":[\"ACTUALITE\",\"EMPLOI\"],\"inLanguage\":\"fr-FR\",\"potentialAction\":[{\"@type\":\"CommentAction\",\"name\":\"Comment\",\"target\":[\"https:\\\/\\\/macite.tg\\\/?p=30767#respond\"]}]},{\"@type\":\"WebPage\",\"@id\":\"https:\\\/\\\/macite.tg\\\/?p=30767\",\"url\":\"https:\\\/\\\/macite.tg\\\/?p=30767\",\"name\":\"INSERTION PROFESSIONNELLE\u00a0: La Plateforme industrielle d'Ad\u00e9tikop\u00e9 (PIA), une aubaine pour les chercheurs d\u2019emploi -\",\"isPartOf\":{\"@id\":\"https:\\\/\\\/macite.tg\\\/#website\"},\"primaryImageOfPage\":{\"@id\":\"https:\\\/\\\/macite.tg\\\/?p=30767#primaryimage\"},\"image\":{\"@id\":\"https:\\\/\\\/macite.tg\\\/?p=30767#primaryimage\"},\"thumbnailUrl\":\"https:\\\/\\\/macite.tg\\\/wp-content\\\/uploads\\\/2026\\\/05\\\/image-89.png\",\"datePublished\":\"2026-05-26T13:46:38+00:00\",\"dateModified\":\"2026-05-26T13:46:44+00:00\",\"author\":{\"@id\":\"https:\\\/\\\/macite.tg\\\/#\\\/schema\\\/person\\\/e9f2de7e5dbbe7770a9402c7ce82f5c2\"},\"breadcrumb\":{\"@id\":\"https:\\\/\\\/macite.tg\\\/?p=30767#breadcrumb\"},\"inLanguage\":\"fr-FR\",\"potentialAction\":[{\"@type\":\"ReadAction\",\"target\":[\"https:\\\/\\\/macite.tg\\\/?p=30767\"]}]},{\"@type\":\"ImageObject\",\"inLanguage\":\"fr-FR\",\"@id\":\"https:\\\/\\\/macite.tg\\\/?p=30767#primaryimage\",\"url\":\"https:\\\/\\\/macite.tg\\\/wp-content\\\/uploads\\\/2026\\\/05\\\/image-89.png\",\"contentUrl\":\"https:\\\/\\\/macite.tg\\\/wp-content\\\/uploads\\\/2026\\\/05\\\/image-89.png\",\"width\":434,\"height\":232},{\"@type\":\"BreadcrumbList\",\"@id\":\"https:\\\/\\\/macite.tg\\\/?p=30767#breadcrumb\",\"itemListElement\":[{\"@type\":\"ListItem\",\"position\":1,\"name\":\"Accueil\",\"item\":\"https:\\\/\\\/macite.tg\\\/\"},{\"@type\":\"ListItem\",\"position\":2,\"name\":\"INSERTION PROFESSIONNELLE\u00a0: La Plateforme industrielle d&rsquo;Ad\u00e9tikop\u00e9 (PIA), une aubaine pour les chercheurs d\u2019emploi\"}]},{\"@type\":\"WebSite\",\"@id\":\"https:\\\/\\\/macite.tg\\\/#website\",\"url\":\"https:\\\/\\\/macite.tg\\\/\",\"name\":\"\",\"description\":\"L&#039;information, la bonne!!!\",\"potentialAction\":[{\"@type\":\"SearchAction\",\"target\":{\"@type\":\"EntryPoint\",\"urlTemplate\":\"https:\\\/\\\/macite.tg\\\/?s={search_term_string}\"},\"query-input\":{\"@type\":\"PropertyValueSpecification\",\"valueRequired\":true,\"valueName\":\"search_term_string\"}}],\"inLanguage\":\"fr-FR\"},{\"@type\":\"Person\",\"@id\":\"https:\\\/\\\/macite.tg\\\/#\\\/schema\\\/person\\\/e9f2de7e5dbbe7770a9402c7ce82f5c2\",\"name\":\"Jean Pierre BAWELA\",\"image\":{\"@type\":\"ImageObject\",\"inLanguage\":\"fr-FR\",\"@id\":\"https:\\\/\\\/macite.tg\\\/wp-content\\\/uploads\\\/2023\\\/09\\\/WhatsApp-Image-2023-09-19-at-14.44.41-122x122.jpeg\",\"url\":\"https:\\\/\\\/macite.tg\\\/wp-content\\\/uploads\\\/2023\\\/09\\\/WhatsApp-Image-2023-09-19-at-14.44.41-122x122.jpeg\",\"contentUrl\":\"https:\\\/\\\/macite.tg\\\/wp-content\\\/uploads\\\/2023\\\/09\\\/WhatsApp-Image-2023-09-19-at-14.44.41-122x122.jpeg\",\"caption\":\"Jean Pierre BAWELA\"},\"url\":\"https:\\\/\\\/macite.tg\\\/?author=2\"}]}<\/script>\n<!-- \/ Yoast SEO plugin. -->","yoast_head_json":{"title":"INSERTION PROFESSIONNELLE\u00a0: La Plateforme industrielle d'Ad\u00e9tikop\u00e9 (PIA), une aubaine pour les chercheurs d\u2019emploi -","robots":{"index":"index","follow":"follow","max-snippet":"max-snippet:-1","max-image-preview":"max-image-preview:large","max-video-preview":"max-video-preview:-1"},"canonical":"https:\/\/macite.tg\/?p=30767","og_locale":"fr_FR","og_type":"article","og_title":"INSERTION PROFESSIONNELLE\u00a0: La Plateforme industrielle d'Ad\u00e9tikop\u00e9 (PIA), une aubaine pour les chercheurs d\u2019emploi -","og_description":"Il est des infrastructures qui d\u00e9passent leur vocation premi\u00e8re pour devenir des catalyseurs de d\u00e9veloppement. La Plateforme industrielle d&rsquo;Ad\u00e9tikop\u00e9 (PIA) fait partie de celles-l\u00e0, sans aucun doute. Elle est aujourd&rsquo;hui l&rsquo;une de ces r\u00e9alisations structurantes qui, au-del\u00e0 de l&rsquo;industrialisation, bonifie tout ce qu&rsquo;elle touche. Inaugur\u00e9e [&hellip;]","og_url":"https:\/\/macite.tg\/?p=30767","article_published_time":"2026-05-26T13:46:38+00:00","article_modified_time":"2026-05-26T13:46:44+00:00","og_image":[{"width":434,"height":232,"url":"https:\/\/macite.tg\/wp-content\/uploads\/2026\/05\/image-89.png","type":"image\/png"}],"author":"Jean Pierre BAWELA","twitter_card":"summary_large_image","twitter_misc":{"\u00c9crit par":"Jean Pierre BAWELA","Dur\u00e9e de lecture estim\u00e9e":"3 minutes"},"schema":{"@context":"https:\/\/schema.org","@graph":[{"@type":"Article","@id":"https:\/\/macite.tg\/?p=30767#article","isPartOf":{"@id":"https:\/\/macite.tg\/?p=30767"},"author":{"name":"Jean Pierre BAWELA","@id":"https:\/\/macite.tg\/#\/schema\/person\/e9f2de7e5dbbe7770a9402c7ce82f5c2"},"headline":"INSERTION PROFESSIONNELLE\u00a0: La Plateforme industrielle d&rsquo;Ad\u00e9tikop\u00e9 (PIA), une aubaine pour les chercheurs d\u2019emploi","datePublished":"2026-05-26T13:46:38+00:00","dateModified":"2026-05-26T13:46:44+00:00","mainEntityOfPage":{"@id":"https:\/\/macite.tg\/?p=30767"},"wordCount":583,"commentCount":0,"image":{"@id":"https:\/\/macite.tg\/?p=30767#primaryimage"},"thumbnailUrl":"https:\/\/macite.tg\/wp-content\/uploads\/2026\/05\/image-89.png","articleSection":["ACTUALITE","EMPLOI"],"inLanguage":"fr-FR","potentialAction":[{"@type":"CommentAction","name":"Comment","target":["https:\/\/macite.tg\/?p=30767#respond"]}]},{"@type":"WebPage","@id":"https:\/\/macite.tg\/?p=30767","url":"https:\/\/macite.tg\/?p=30767","name":"INSERTION PROFESSIONNELLE\u00a0: La Plateforme industrielle d'Ad\u00e9tikop\u00e9 (PIA), une aubaine pour les chercheurs d\u2019emploi -","isPartOf":{"@id":"https:\/\/macite.tg\/#website"},"primaryImageOfPage":{"@id":"https:\/\/macite.tg\/?p=30767#primaryimage"},"image":{"@id":"https:\/\/macite.tg\/?p=30767#primaryimage"},"thumbnailUrl":"https:\/\/macite.tg\/wp-content\/uploads\/2026\/05\/image-89.png","datePublished":"2026-05-26T13:46:38+00:00","dateModified":"2026-05-26T13:46:44+00:00","author":{"@id":"https:\/\/macite.tg\/#\/schema\/person\/e9f2de7e5dbbe7770a9402c7ce82f5c2"},"breadcrumb":{"@id":"https:\/\/macite.tg\/?p=30767#breadcrumb"},"inLanguage":"fr-FR","potentialAction":[{"@type":"ReadAction","target":["https:\/\/macite.tg\/?p=30767"]}]},{"@type":"ImageObject","inLanguage":"fr-FR","@id":"https:\/\/macite.tg\/?p=30767#primaryimage","url":"https:\/\/macite.tg\/wp-content\/uploads\/2026\/05\/image-89.png","contentUrl":"https:\/\/macite.tg\/wp-content\/uploads\/2026\/05\/image-89.png","width":434,"height":232},{"@type":"BreadcrumbList","@id":"https:\/\/macite.tg\/?p=30767#breadcrumb","itemListElement":[{"@type":"ListItem","position":1,"name":"Accueil","item":"https:\/\/macite.tg\/"},{"@type":"ListItem","position":2,"name":"INSERTION PROFESSIONNELLE\u00a0: La Plateforme industrielle d&rsquo;Ad\u00e9tikop\u00e9 (PIA), une aubaine pour les chercheurs d\u2019emploi"}]},{"@type":"WebSite","@id":"https:\/\/macite.tg\/#website","url":"https:\/\/macite.tg\/","name":"","description":"L&#039;information, la bonne!!!","potentialAction":[{"@type":"SearchAction","target":{"@type":"EntryPoint","urlTemplate":"https:\/\/macite.tg\/?s={search_term_string}"},"query-input":{"@type":"PropertyValueSpecification","valueRequired":true,"valueName":"search_term_string"}}],"inLanguage":"fr-FR"},{"@type":"Person","@id":"https:\/\/macite.tg\/#\/schema\/person\/e9f2de7e5dbbe7770a9402c7ce82f5c2","name":"Jean Pierre BAWELA","image":{"@type":"ImageObject","inLanguage":"fr-FR","@id":"https:\/\/macite.tg\/wp-content\/uploads\/2023\/09\/WhatsApp-Image-2023-09-19-at-14.44.41-122x122.jpeg","url":"https:\/\/macite.tg\/wp-content\/uploads\/2023\/09\/WhatsApp-Image-2023-09-19-at-14.44.41-122x122.jpeg","contentUrl":"https:\/\/macite.tg\/wp-content\/uploads\/2023\/09\/WhatsApp-Image-2023-09-19-at-14.44.41-122x122.jpeg","caption":"Jean Pierre BAWELA"},"url":"https:\/\/macite.tg\/?author=2"}]}},"_links":{"self":[{"href":"https:\/\/macite.tg\/index.php?rest_route=\/wp\/v2\/posts\/30767","targetHints":{"allow":["GET"]}}],"collection":[{"href":"https:\/\/macite.tg\/index.php?rest_route=\/wp\/v2\/posts"}],"about":[{"href":"https:\/\/macite.tg\/index.php?rest_route=\/wp\/v2\/types\/post"}],"author":[{"embeddable":true,"href":"https:\/\/macite.tg\/index.php?rest_route=\/wp\/v2\/users\/2"}],"replies":[{"embeddable":true,"href":"https:\/\/macite.tg\/index.php?rest_route=%2Fwp%2Fv2%2Fcomments&post=30767"}],"version-history":[{"count":0,"href":"https:\/\/macite.tg\/index.php?rest_route=\/wp\/v2\/posts\/30767\/revisions"}],"wp:featuredmedia":[{"embeddable":true,"href":"https:\/\/macite.tg\/index.php?rest_route=\/wp\/v2\/media\/30769"}],"wp:attachment":[{"href":"https:\/\/macite.tg\/index.php?rest_route=%2Fwp%2Fv2%2Fmedia&parent=30767"}],"wp:term":[{"taxonomy":"category","embeddable":true,"href":"https:\/\/macite.tg\/index.php?rest_route=%2Fwp%2Fv2%2Fcategories&post=30767"},{"taxonomy":"post_tag","embeddable":true,"href":"https:\/\/macite.tg\/index.php?rest_route=%2Fwp%2Fv2%2Ftags&post=30767"}],"curies":[{"name":"wp","href":"https:\/\/api.w.org\/{rel}","templated":true}]}}