{"id":30755,"date":"2026-05-26T11:57:29","date_gmt":"2026-05-26T11:57:29","guid":{"rendered":"https:\/\/macite.tg\/?p=30755"},"modified":"2026-05-26T11:57:36","modified_gmt":"2026-05-26T11:57:36","slug":"epidemie-debola-en-rdc-quad-des-catholiques-defient-les-restrictions-sanitaires","status":"publish","type":"post","link":"https:\/\/macite.tg\/?p=30755","title":{"rendered":"\u00c9PIDEMIE D\u2019EBOLA EN RDC : Quad des catholiques d\u00e9fient les restrictions sanitaires"},"content":{"rendered":"\n<p class=\"wp-block-paragraph\"><strong><em>M\u00eame si les consignes sanitaires comme le lavage des mains s\u2019installent progressivement dans les lieux de culte, l\u2019interdiction des rassemblements de plus de 50 personnes est toujours en vigueur dans ce pays ravag\u00e9 par l\u2019\u00e9pid\u00e9mie d\u2019Ebola.<\/em><\/strong><em><\/em><\/p>\n\n\n\n<p class=\"wp-block-paragraph\"><strong><em>Dimanche dernier, malgr\u00e9 l\u2019interdiction, des fid\u00e8les catholiques se sont r\u00e9unis pour la messe dans une \u00e9glise de Bunia, dans l\u2019est de la R\u00e9publique d\u00e9mocratique du Congo, au c\u0153ur d\u2019une \u00e9pid\u00e9mie d\u2019Ebola, qui se propage rapidement.<\/em><\/strong><em><\/em><\/p>\n\n\n\n<p class=\"wp-block-paragraph\">\u00c0 l\u2019entr\u00e9e de l\u2019\u00e9glise, des dispositifs de lavage des mains et de d\u00e9sinfection ont \u00e9t\u00e9 install\u00e9s. Le diacre Venasse Ngabo a lui-m\u00eame distribu\u00e9 du gel hydroalcoolique aux fid\u00e8les.<\/p>\n\n\n\n<p class=\"wp-block-paragraph\"><em>\u00ab Nous exigeons le lavage des mains, car nous avons appris qu\u2019une \u00e9pid\u00e9mie d\u2019Ebola s\u00e9vit dans notre ville et qu\u2019elle a d\u00e9j\u00e0 co\u00fbt\u00e9 la vie \u00e0 de nombreux fr\u00e8res et s\u0153urs \u00bb, a-t-il expliqu\u00e9.<\/em><\/p>\n\n\n\n<p class=\"wp-block-paragraph\">Les restrictions impos\u00e9es par les autorit\u00e9s sanitaires visent \u00e0 limiter la propagation du virus, qui s\u2019\u00e9tait d\u00e9j\u00e0 diffus\u00e9 pendant plusieurs semaines sans \u00eatre d\u00e9tect\u00e9 avant la confirmation officielle de l\u2019\u00e9pid\u00e9mie le 15 mai. Ces mesures incluent notamment, l\u2019interdiction des grands rassemblements, des messes et des enterrements. Mais sur place, certains fid\u00e8les estiment difficile de se passer de l\u2019\u00e9glise dans ce contexte.<\/p>\n\n\n<div class=\"wp-block-image\">\n<figure class=\"aligncenter size-large\"><img loading=\"lazy\" decoding=\"async\" width=\"733\" height=\"1024\" src=\"https:\/\/macite.tg\/wp-content\/uploads\/2026\/05\/image-60-733x1024.png\" alt=\"\" class=\"wp-image-30523\" srcset=\"https:\/\/macite.tg\/wp-content\/uploads\/2026\/05\/image-60-733x1024.png 733w, https:\/\/macite.tg\/wp-content\/uploads\/2026\/05\/image-60-215x300.png 215w, https:\/\/macite.tg\/wp-content\/uploads\/2026\/05\/image-60-768x1072.png 768w, https:\/\/macite.tg\/wp-content\/uploads\/2026\/05\/image-60-1100x1536.png 1100w, https:\/\/macite.tg\/wp-content\/uploads\/2026\/05\/image-60.png 1194w\" sizes=\"auto, (max-width: 733px) 100vw, 733px\" \/><\/figure>\n<\/div>\n\n\n<p class=\"wp-block-paragraph\"><em>\u00ab Nous sommes conscients de la maladie et nous faisons de notre mieux pour nous prot\u00e9ger. Mais nous ne pouvons ignorer la pr\u00e9sence de Dieu dans nos vies. C\u2019est pourquoi nous sommes venus prier ici \u00bb, <\/em>confie Jacob Ngasha<em>.<\/em><\/p>\n\n\n\n<p class=\"wp-block-paragraph\">D\u2019autres, comme Roland Safari, soutiennent les mesures pr\u00e9ventives et adaptent leurs comportements.&nbsp;<em>\u00ab Comme vous pouvez le voir, nous portons des masques, il y a des points de lavage ici et l\u00e0. Nous devons aussi respecter la distanciation sociale \u00bb, explique-t-il.<\/em><\/p>\n\n\n\n<p class=\"wp-block-paragraph\">Sur le terrain, les autorit\u00e9s sanitaires font face \u00e0 des r\u00e9sistances. Deux des trois centres de traitement ont \u00e9t\u00e9 incendi\u00e9s par des habitants, et les enterrements s\u00e9curis\u00e9s sont d\u00e9sormais organis\u00e9s sous escorte militaire et polici\u00e8re. Ces fun\u00e9railles repr\u00e9sentent un risque majeur, les corps des victimes d\u2019Ebola \u00e9tant hautement contagieux.<\/p>\n\n\n\n<p class=\"wp-block-paragraph\">L\u2019Organisation mondiale de la sant\u00e9 classe d\u00e9sormais le risque pour la RDC comme <em>\u00ab tr\u00e8s \u00e9lev\u00e9 \u00bb,<\/em> tout en estimant que le risque de propagation internationale reste faible.<\/p>\n\n\n<div class=\"wp-block-image\">\n<figure class=\"aligncenter size-large\"><img loading=\"lazy\" decoding=\"async\" width=\"765\" height=\"1024\" src=\"https:\/\/macite.tg\/wp-content\/uploads\/2026\/05\/OTR_Heures-de-services-765x1024.jpeg\" alt=\"\" class=\"wp-image-30734\" srcset=\"https:\/\/macite.tg\/wp-content\/uploads\/2026\/05\/OTR_Heures-de-services-765x1024.jpeg 765w, https:\/\/macite.tg\/wp-content\/uploads\/2026\/05\/OTR_Heures-de-services-224x300.jpeg 224w, https:\/\/macite.tg\/wp-content\/uploads\/2026\/05\/OTR_Heures-de-services-768x1028.jpeg 768w, https:\/\/macite.tg\/wp-content\/uploads\/2026\/05\/OTR_Heures-de-services-1147x1536.jpeg 1147w, https:\/\/macite.tg\/wp-content\/uploads\/2026\/05\/OTR_Heures-de-services.jpeg 1242w\" sizes=\"auto, (max-width: 765px) 100vw, 765px\" \/><\/figure>\n<\/div>\n\n\n<p class=\"wp-block-paragraph\">Selon le directeur g\u00e9n\u00e9ral de l\u2019OMS, Tedros Adhanom Ghebreyesus, 82 cas et sept d\u00e9c\u00e8s ont \u00e9t\u00e9 confirm\u00e9s, mais l\u2019\u00e9pid\u00e9mie pourrait \u00eatre plus importante que les chiffres officiels. Il s\u2019agit d\u2019un variant rare du virus Ebola, contre lequel il n\u2019existe pas encore de vaccin, et qui s\u2019est propag\u00e9 de mani\u00e8re silencieuse pendant plusieurs semaines dans la province de l\u2019Ituri.<\/p>\n\n\n\n<p class=\"wp-block-paragraph\"><strong>MSN<\/strong><\/p>\n\n\n\n<p class=\"wp-block-paragraph\"><a><strong><em>@macite.tg&nbsp;&nbsp;&nbsp;&nbsp;&nbsp;&nbsp;&nbsp;&nbsp;<\/em><\/strong><\/a><\/p>\n\n\n\n<p class=\"wp-block-paragraph\"><strong><em>E-mail&nbsp;: <\/em><\/strong><a href=\"mailto:maciteinfo@gmail.com\"><strong><em>maciteinfo@gmail.com<\/em><\/strong><\/a><strong><em>; <\/em><\/strong><a href=\"mailto:bawela1@gmail.com\"><strong><em>bawela1@gmail.com<\/em><\/strong><\/a><strong><em><\/em><\/strong><\/p>\n\n\n\n<p class=\"wp-block-paragraph\"><strong><em>Pour vos annonces, publi-reportages, etc., joignez-nous au (00228)91515309\/<strong>79872224 <\/strong><strong><\/strong><\/em><\/strong><\/p>\n\n\n\n<p class=\"wp-block-paragraph\"><strong><em>www.macite.tg, L\u2019information, la bonne&nbsp;!<\/em><\/strong><\/p>\n\n\n\n<p class=\"wp-block-paragraph\"><\/p>\n","protected":false},"excerpt":{"rendered":"<p class=\"text-justify mb-2\" >M\u00eame si les consignes sanitaires comme le lavage des mains s\u2019installent progressivement dans les lieux de culte, l\u2019interdiction des rassemblements de plus de 50 personnes est toujours en vigueur dans ce pays ravag\u00e9 par l\u2019\u00e9pid\u00e9mie d\u2019Ebola. Dimanche dernier, malgr\u00e9 l\u2019interdiction, des fid\u00e8les catholiques se sont [&hellip;]<\/p>\n","protected":false},"author":2,"featured_media":30756,"comment_status":"open","ping_status":"open","sticky":false,"template":"","format":"standard","meta":{"footnotes":""},"categories":[20,5],"tags":[],"class_list":["post-30755","post","type-post","status-publish","format-standard","has-post-thumbnail","hentry","category-actualite","category-sante"],"yoast_head":"<!-- This site is optimized with the Yoast SEO plugin v28.4 - https:\/\/yoast.com\/product\/yoast-seo-wordpress\/ -->\n<title>\u00c9PIDEMIE D\u2019EBOLA EN RDC : Quad des catholiques d\u00e9fient les restrictions sanitaires -<\/title>\n<meta name=\"robots\" content=\"index, follow, max-snippet:-1, max-image-preview:large, max-video-preview:-1\" \/>\n<link rel=\"canonical\" href=\"https:\/\/macite.tg\/?p=30755\" \/>\n<meta property=\"og:locale\" content=\"fr_FR\" \/>\n<meta property=\"og:type\" content=\"article\" \/>\n<meta property=\"og:title\" content=\"\u00c9PIDEMIE D\u2019EBOLA EN RDC : Quad des catholiques d\u00e9fient les restrictions sanitaires -\" \/>\n<meta property=\"og:description\" content=\"M\u00eame si les consignes sanitaires comme le lavage des mains s\u2019installent progressivement dans les lieux de culte, l\u2019interdiction des rassemblements de plus de 50 personnes est toujours en vigueur dans ce pays ravag\u00e9 par l\u2019\u00e9pid\u00e9mie d\u2019Ebola. Dimanche dernier, malgr\u00e9 l\u2019interdiction, des fid\u00e8les catholiques se sont [&hellip;]\" \/>\n<meta property=\"og:url\" content=\"https:\/\/macite.tg\/?p=30755\" \/>\n<meta property=\"article:published_time\" content=\"2026-05-26T11:57:29+00:00\" \/>\n<meta property=\"article:modified_time\" content=\"2026-05-26T11:57:36+00:00\" \/>\n<meta property=\"og:image\" content=\"https:\/\/macite.tg\/wp-content\/uploads\/2026\/05\/eglise.jpg\" \/>\n\t<meta property=\"og:image:width\" content=\"500\" \/>\n\t<meta property=\"og:image:height\" content=\"281\" \/>\n\t<meta property=\"og:image:type\" content=\"image\/jpeg\" \/>\n<meta name=\"author\" content=\"Jean Pierre BAWELA\" \/>\n<meta name=\"twitter:card\" content=\"summary_large_image\" \/>\n<meta name=\"twitter:label1\" content=\"\u00c9crit par\" \/>\n\t<meta name=\"twitter:data1\" content=\"Jean Pierre BAWELA\" \/>\n\t<meta name=\"twitter:label2\" content=\"Dur\u00e9e de lecture estim\u00e9e\" \/>\n\t<meta name=\"twitter:data2\" content=\"3 minutes\" \/>\n<script type=\"application\/ld+json\" class=\"yoast-schema-graph\">{\"@context\":\"https:\\\/\\\/schema.org\",\"@graph\":[{\"@type\":\"Article\",\"@id\":\"https:\\\/\\\/macite.tg\\\/?p=30755#article\",\"isPartOf\":{\"@id\":\"https:\\\/\\\/macite.tg\\\/?p=30755\"},\"author\":{\"name\":\"Jean Pierre BAWELA\",\"@id\":\"https:\\\/\\\/macite.tg\\\/#\\\/schema\\\/person\\\/e9f2de7e5dbbe7770a9402c7ce82f5c2\"},\"headline\":\"\u00c9PIDEMIE D\u2019EBOLA EN RDC : Quad des catholiques d\u00e9fient les restrictions sanitaires\",\"datePublished\":\"2026-05-26T11:57:29+00:00\",\"dateModified\":\"2026-05-26T11:57:36+00:00\",\"mainEntityOfPage\":{\"@id\":\"https:\\\/\\\/macite.tg\\\/?p=30755\"},\"wordCount\":517,\"commentCount\":0,\"image\":{\"@id\":\"https:\\\/\\\/macite.tg\\\/?p=30755#primaryimage\"},\"thumbnailUrl\":\"https:\\\/\\\/macite.tg\\\/wp-content\\\/uploads\\\/2026\\\/05\\\/eglise.jpg\",\"articleSection\":[\"ACTUALITE\",\"SANTE\"],\"inLanguage\":\"fr-FR\",\"potentialAction\":[{\"@type\":\"CommentAction\",\"name\":\"Comment\",\"target\":[\"https:\\\/\\\/macite.tg\\\/?p=30755#respond\"]}]},{\"@type\":\"WebPage\",\"@id\":\"https:\\\/\\\/macite.tg\\\/?p=30755\",\"url\":\"https:\\\/\\\/macite.tg\\\/?p=30755\",\"name\":\"\u00c9PIDEMIE D\u2019EBOLA EN RDC : Quad des catholiques d\u00e9fient les restrictions sanitaires -\",\"isPartOf\":{\"@id\":\"https:\\\/\\\/macite.tg\\\/#website\"},\"primaryImageOfPage\":{\"@id\":\"https:\\\/\\\/macite.tg\\\/?p=30755#primaryimage\"},\"image\":{\"@id\":\"https:\\\/\\\/macite.tg\\\/?p=30755#primaryimage\"},\"thumbnailUrl\":\"https:\\\/\\\/macite.tg\\\/wp-content\\\/uploads\\\/2026\\\/05\\\/eglise.jpg\",\"datePublished\":\"2026-05-26T11:57:29+00:00\",\"dateModified\":\"2026-05-26T11:57:36+00:00\",\"author\":{\"@id\":\"https:\\\/\\\/macite.tg\\\/#\\\/schema\\\/person\\\/e9f2de7e5dbbe7770a9402c7ce82f5c2\"},\"breadcrumb\":{\"@id\":\"https:\\\/\\\/macite.tg\\\/?p=30755#breadcrumb\"},\"inLanguage\":\"fr-FR\",\"potentialAction\":[{\"@type\":\"ReadAction\",\"target\":[\"https:\\\/\\\/macite.tg\\\/?p=30755\"]}]},{\"@type\":\"ImageObject\",\"inLanguage\":\"fr-FR\",\"@id\":\"https:\\\/\\\/macite.tg\\\/?p=30755#primaryimage\",\"url\":\"https:\\\/\\\/macite.tg\\\/wp-content\\\/uploads\\\/2026\\\/05\\\/eglise.jpg\",\"contentUrl\":\"https:\\\/\\\/macite.tg\\\/wp-content\\\/uploads\\\/2026\\\/05\\\/eglise.jpg\",\"width\":500,\"height\":281},{\"@type\":\"BreadcrumbList\",\"@id\":\"https:\\\/\\\/macite.tg\\\/?p=30755#breadcrumb\",\"itemListElement\":[{\"@type\":\"ListItem\",\"position\":1,\"name\":\"Accueil\",\"item\":\"https:\\\/\\\/macite.tg\\\/\"},{\"@type\":\"ListItem\",\"position\":2,\"name\":\"\u00c9PIDEMIE D\u2019EBOLA EN RDC : Quad des catholiques d\u00e9fient les restrictions sanitaires\"}]},{\"@type\":\"WebSite\",\"@id\":\"https:\\\/\\\/macite.tg\\\/#website\",\"url\":\"https:\\\/\\\/macite.tg\\\/\",\"name\":\"\",\"description\":\"L&#039;information, la bonne!!!\",\"potentialAction\":[{\"@type\":\"SearchAction\",\"target\":{\"@type\":\"EntryPoint\",\"urlTemplate\":\"https:\\\/\\\/macite.tg\\\/?s={search_term_string}\"},\"query-input\":{\"@type\":\"PropertyValueSpecification\",\"valueRequired\":true,\"valueName\":\"search_term_string\"}}],\"inLanguage\":\"fr-FR\"},{\"@type\":\"Person\",\"@id\":\"https:\\\/\\\/macite.tg\\\/#\\\/schema\\\/person\\\/e9f2de7e5dbbe7770a9402c7ce82f5c2\",\"name\":\"Jean Pierre BAWELA\",\"image\":{\"@type\":\"ImageObject\",\"inLanguage\":\"fr-FR\",\"@id\":\"https:\\\/\\\/macite.tg\\\/wp-content\\\/uploads\\\/2023\\\/09\\\/WhatsApp-Image-2023-09-19-at-14.44.41-122x122.jpeg\",\"url\":\"https:\\\/\\\/macite.tg\\\/wp-content\\\/uploads\\\/2023\\\/09\\\/WhatsApp-Image-2023-09-19-at-14.44.41-122x122.jpeg\",\"contentUrl\":\"https:\\\/\\\/macite.tg\\\/wp-content\\\/uploads\\\/2023\\\/09\\\/WhatsApp-Image-2023-09-19-at-14.44.41-122x122.jpeg\",\"caption\":\"Jean Pierre BAWELA\"},\"url\":\"https:\\\/\\\/macite.tg\\\/?author=2\"}]}<\/script>\n<!-- \/ Yoast SEO plugin. -->","yoast_head_json":{"title":"\u00c9PIDEMIE D\u2019EBOLA EN RDC : Quad des catholiques d\u00e9fient les restrictions sanitaires -","robots":{"index":"index","follow":"follow","max-snippet":"max-snippet:-1","max-image-preview":"max-image-preview:large","max-video-preview":"max-video-preview:-1"},"canonical":"https:\/\/macite.tg\/?p=30755","og_locale":"fr_FR","og_type":"article","og_title":"\u00c9PIDEMIE D\u2019EBOLA EN RDC : Quad des catholiques d\u00e9fient les restrictions sanitaires -","og_description":"M\u00eame si les consignes sanitaires comme le lavage des mains s\u2019installent progressivement dans les lieux de culte, l\u2019interdiction des rassemblements de plus de 50 personnes est toujours en vigueur dans ce pays ravag\u00e9 par l\u2019\u00e9pid\u00e9mie d\u2019Ebola. Dimanche dernier, malgr\u00e9 l\u2019interdiction, des fid\u00e8les catholiques se sont [&hellip;]","og_url":"https:\/\/macite.tg\/?p=30755","article_published_time":"2026-05-26T11:57:29+00:00","article_modified_time":"2026-05-26T11:57:36+00:00","og_image":[{"width":500,"height":281,"url":"https:\/\/macite.tg\/wp-content\/uploads\/2026\/05\/eglise.jpg","type":"image\/jpeg"}],"author":"Jean Pierre BAWELA","twitter_card":"summary_large_image","twitter_misc":{"\u00c9crit par":"Jean Pierre BAWELA","Dur\u00e9e de lecture estim\u00e9e":"3 minutes"},"schema":{"@context":"https:\/\/schema.org","@graph":[{"@type":"Article","@id":"https:\/\/macite.tg\/?p=30755#article","isPartOf":{"@id":"https:\/\/macite.tg\/?p=30755"},"author":{"name":"Jean Pierre BAWELA","@id":"https:\/\/macite.tg\/#\/schema\/person\/e9f2de7e5dbbe7770a9402c7ce82f5c2"},"headline":"\u00c9PIDEMIE D\u2019EBOLA EN RDC : Quad des catholiques d\u00e9fient les restrictions sanitaires","datePublished":"2026-05-26T11:57:29+00:00","dateModified":"2026-05-26T11:57:36+00:00","mainEntityOfPage":{"@id":"https:\/\/macite.tg\/?p=30755"},"wordCount":517,"commentCount":0,"image":{"@id":"https:\/\/macite.tg\/?p=30755#primaryimage"},"thumbnailUrl":"https:\/\/macite.tg\/wp-content\/uploads\/2026\/05\/eglise.jpg","articleSection":["ACTUALITE","SANTE"],"inLanguage":"fr-FR","potentialAction":[{"@type":"CommentAction","name":"Comment","target":["https:\/\/macite.tg\/?p=30755#respond"]}]},{"@type":"WebPage","@id":"https:\/\/macite.tg\/?p=30755","url":"https:\/\/macite.tg\/?p=30755","name":"\u00c9PIDEMIE D\u2019EBOLA EN RDC : Quad des catholiques d\u00e9fient les restrictions sanitaires -","isPartOf":{"@id":"https:\/\/macite.tg\/#website"},"primaryImageOfPage":{"@id":"https:\/\/macite.tg\/?p=30755#primaryimage"},"image":{"@id":"https:\/\/macite.tg\/?p=30755#primaryimage"},"thumbnailUrl":"https:\/\/macite.tg\/wp-content\/uploads\/2026\/05\/eglise.jpg","datePublished":"2026-05-26T11:57:29+00:00","dateModified":"2026-05-26T11:57:36+00:00","author":{"@id":"https:\/\/macite.tg\/#\/schema\/person\/e9f2de7e5dbbe7770a9402c7ce82f5c2"},"breadcrumb":{"@id":"https:\/\/macite.tg\/?p=30755#breadcrumb"},"inLanguage":"fr-FR","potentialAction":[{"@type":"ReadAction","target":["https:\/\/macite.tg\/?p=30755"]}]},{"@type":"ImageObject","inLanguage":"fr-FR","@id":"https:\/\/macite.tg\/?p=30755#primaryimage","url":"https:\/\/macite.tg\/wp-content\/uploads\/2026\/05\/eglise.jpg","contentUrl":"https:\/\/macite.tg\/wp-content\/uploads\/2026\/05\/eglise.jpg","width":500,"height":281},{"@type":"BreadcrumbList","@id":"https:\/\/macite.tg\/?p=30755#breadcrumb","itemListElement":[{"@type":"ListItem","position":1,"name":"Accueil","item":"https:\/\/macite.tg\/"},{"@type":"ListItem","position":2,"name":"\u00c9PIDEMIE D\u2019EBOLA EN RDC : Quad des catholiques d\u00e9fient les restrictions sanitaires"}]},{"@type":"WebSite","@id":"https:\/\/macite.tg\/#website","url":"https:\/\/macite.tg\/","name":"","description":"L&#039;information, la bonne!!!","potentialAction":[{"@type":"SearchAction","target":{"@type":"EntryPoint","urlTemplate":"https:\/\/macite.tg\/?s={search_term_string}"},"query-input":{"@type":"PropertyValueSpecification","valueRequired":true,"valueName":"search_term_string"}}],"inLanguage":"fr-FR"},{"@type":"Person","@id":"https:\/\/macite.tg\/#\/schema\/person\/e9f2de7e5dbbe7770a9402c7ce82f5c2","name":"Jean Pierre BAWELA","image":{"@type":"ImageObject","inLanguage":"fr-FR","@id":"https:\/\/macite.tg\/wp-content\/uploads\/2023\/09\/WhatsApp-Image-2023-09-19-at-14.44.41-122x122.jpeg","url":"https:\/\/macite.tg\/wp-content\/uploads\/2023\/09\/WhatsApp-Image-2023-09-19-at-14.44.41-122x122.jpeg","contentUrl":"https:\/\/macite.tg\/wp-content\/uploads\/2023\/09\/WhatsApp-Image-2023-09-19-at-14.44.41-122x122.jpeg","caption":"Jean Pierre BAWELA"},"url":"https:\/\/macite.tg\/?author=2"}]}},"_links":{"self":[{"href":"https:\/\/macite.tg\/index.php?rest_route=\/wp\/v2\/posts\/30755","targetHints":{"allow":["GET"]}}],"collection":[{"href":"https:\/\/macite.tg\/index.php?rest_route=\/wp\/v2\/posts"}],"about":[{"href":"https:\/\/macite.tg\/index.php?rest_route=\/wp\/v2\/types\/post"}],"author":[{"embeddable":true,"href":"https:\/\/macite.tg\/index.php?rest_route=\/wp\/v2\/users\/2"}],"replies":[{"embeddable":true,"href":"https:\/\/macite.tg\/index.php?rest_route=%2Fwp%2Fv2%2Fcomments&post=30755"}],"version-history":[{"count":0,"href":"https:\/\/macite.tg\/index.php?rest_route=\/wp\/v2\/posts\/30755\/revisions"}],"wp:featuredmedia":[{"embeddable":true,"href":"https:\/\/macite.tg\/index.php?rest_route=\/wp\/v2\/media\/30756"}],"wp:attachment":[{"href":"https:\/\/macite.tg\/index.php?rest_route=%2Fwp%2Fv2%2Fmedia&parent=30755"}],"wp:term":[{"taxonomy":"category","embeddable":true,"href":"https:\/\/macite.tg\/index.php?rest_route=%2Fwp%2Fv2%2Fcategories&post=30755"},{"taxonomy":"post_tag","embeddable":true,"href":"https:\/\/macite.tg\/index.php?rest_route=%2Fwp%2Fv2%2Ftags&post=30755"}],"curies":[{"name":"wp","href":"https:\/\/api.w.org\/{rel}","templated":true}]}}