{"id":30749,"date":"2026-05-25T19:43:50","date_gmt":"2026-05-25T19:43:50","guid":{"rendered":"https:\/\/macite.tg\/?p=30749"},"modified":"2026-05-25T19:43:58","modified_gmt":"2026-05-25T19:43:58","slug":"integration-regionale-luemoa-salue-les-excellentes-performances-economiques-et-financieres-du-togo","status":"publish","type":"post","link":"https:\/\/macite.tg\/?p=30749","title":{"rendered":"INTEGRATION REGIONALE : L\u2019UEMOA salue les excellentes performances \u00e9conomiques et financi\u00e8res du Togo"},"content":{"rendered":"\n<p class=\"wp-block-paragraph\"><strong><em>Le Togo s&rsquo;impose de plus en plus comme un moteur de croissance au sein de l&rsquo;espace communautaire. &nbsp;Le Pr\u00e9sident du Conseil, Faure Essozimna Gnassingb\u00e9, s&rsquo;est entretenu, le samedi 23 mai dernier, avec le pr\u00e9sident de la Commission de l\u2019Union \u00e9conomique et mon\u00e9taire ouest-africaine (UEMOA), Abdoulaye Diop.<\/em><\/strong><\/p>\n\n\n\n<p class=\"wp-block-paragraph\">Cette entrevue de haut niveau, ax\u00e9e sur la consolidation de l\u2019int\u00e9gration africaine et la gouvernance \u00e9conomique, a \u00e9t\u00e9 l&rsquo;occasion pour l&rsquo;institution de dresser un bilan particuli\u00e8rement \u00e9logieux de la sant\u00e9 financi\u00e8re du Togo.<\/p>\n\n\n\n<p class=\"wp-block-paragraph\">Au cours de cet \u00e9change, Abdoulaye Diop a pr\u00e9sent\u00e9 un point de situation globale de l\u2019Union, affichant des indicateurs au vert.<\/p>\n\n\n\n<p class=\"wp-block-paragraph\">L&rsquo;espace UEMOA enregistre une croissance robuste avec \u00e0 la cl\u00e9 un taux de croissance moyen sup\u00e9rieur \u00e0 6 %.<\/p>\n\n\n<div class=\"wp-block-image\">\n<figure class=\"aligncenter size-large\"><img loading=\"lazy\" decoding=\"async\" width=\"733\" height=\"1024\" src=\"https:\/\/macite.tg\/wp-content\/uploads\/2026\/05\/image-60-733x1024.png\" alt=\"\" class=\"wp-image-30523\" srcset=\"https:\/\/macite.tg\/wp-content\/uploads\/2026\/05\/image-60-733x1024.png 733w, https:\/\/macite.tg\/wp-content\/uploads\/2026\/05\/image-60-215x300.png 215w, https:\/\/macite.tg\/wp-content\/uploads\/2026\/05\/image-60-768x1072.png 768w, https:\/\/macite.tg\/wp-content\/uploads\/2026\/05\/image-60-1100x1536.png 1100w, https:\/\/macite.tg\/wp-content\/uploads\/2026\/05\/image-60.png 1194w\" sizes=\"auto, (max-width: 733px) 100vw, 733px\" \/><\/figure>\n<\/div>\n\n\n<p class=\"wp-block-paragraph\">Parlant des indicateurs, ceux-ci sont au vert, souligne l\u2019officiel, qui note que les autres agr\u00e9gats macro\u00e9conomiques affichent \u00e9galement une orientation tr\u00e8s positive.<\/p>\n\n\n\n<p class=\"wp-block-paragraph\">Le pr\u00e9sident de la Commission a tenu \u00e0 souligner le r\u00f4le capital du Togo dans cette dynamique positive :<\/p>\n\n\n\n<p class=\"wp-block-paragraph\"><em>\u00ab Nous saluons les performances macro\u00e9conomiques et de gestion \u00e9conomique et financi\u00e8re du Togo, lesquelles confortent globalement ce qui se fait au niveau de l\u2019Union. Les performances globales de l\u2019Union reposent n\u00e9cessairement sur la solidit\u00e9 des performances nationales. Et dans ce cadre, le Togo joue bien sa partition \u00bb, <\/em>a-t-il soulign\u00e9.<\/p>\n\n\n\n<p class=\"wp-block-paragraph\">Au sujet des r\u00e9formes communautaires, les discussions ont mis en lumi\u00e8re les conclusions de la 11e Revue annuelle des r\u00e9formes politiques, programmes et projetscommunautaires, qui s&rsquo;est tenue le 11 mai dernier \u00e0 Lom\u00e9 au titre de l&rsquo;exercice 2025.<\/p>\n\n\n\n<p class=\"wp-block-paragraph\">Cette \u00e9valuation a permis de tracer des voies concr\u00e8tes pour acc\u00e9l\u00e9rer l\u2019ex\u00e9cution et la transposition des politiques de l&rsquo;UEMOA au niveau national. Face aux nombreux d\u00e9fis institutionnels et s\u00e9curitaires de la sous-r\u00e9gion, Abdoulaye Diop a recueilli les orientations du Pr\u00e9sident Faure Gnassingb\u00e9 afin de b\u00e2tir une Union plus forte, plus dynamique et r\u00e9siliente.<\/p>\n\n\n\n<p class=\"wp-block-paragraph\">Notons que l&rsquo;audience a enfin permis de saluer le positionnement du Togo comme un hub de r\u00e9flexion \u00e9conomique continentale. Le pr\u00e9sident de la Commission a chaleureusement f\u00e9licit\u00e9 le Pr\u00e9sident du conseil pour le succ\u00e8s de la troisi\u00e8me \u00e9dition du Forum d\u2019affaires Biashara Africa.<\/p>\n\n\n<div class=\"wp-block-image\">\n<figure class=\"aligncenter size-large\"><img loading=\"lazy\" decoding=\"async\" width=\"765\" height=\"1024\" src=\"https:\/\/macite.tg\/wp-content\/uploads\/2026\/05\/OTR_Heures-de-services-765x1024.jpeg\" alt=\"\" class=\"wp-image-30734\" srcset=\"https:\/\/macite.tg\/wp-content\/uploads\/2026\/05\/OTR_Heures-de-services-765x1024.jpeg 765w, https:\/\/macite.tg\/wp-content\/uploads\/2026\/05\/OTR_Heures-de-services-224x300.jpeg 224w, https:\/\/macite.tg\/wp-content\/uploads\/2026\/05\/OTR_Heures-de-services-768x1028.jpeg 768w, https:\/\/macite.tg\/wp-content\/uploads\/2026\/05\/OTR_Heures-de-services-1147x1536.jpeg 1147w, https:\/\/macite.tg\/wp-content\/uploads\/2026\/05\/OTR_Heures-de-services.jpeg 1242w\" sizes=\"auto, (max-width: 765px) 100vw, 765px\" \/><\/figure>\n<\/div>\n\n\n<p class=\"wp-block-paragraph\">Cette rencontre internationale majeure, rel\u00e8ve Abdoulaye Diop, s&rsquo;aligne parfaitement avec la feuille de route de l&rsquo;institution sous-r\u00e9gionale, notamment sa Strat\u00e9gie IMPACT 2030 et sa Vision 2040.<\/p>\n\n\n\n<p class=\"wp-block-paragraph\">Cr\u00e9\u00e9e le 10 janvier 1994, l\u2019Union \u00e9conomique et mon\u00e9taire ouest-africaine (UEMOA) a pour mission principale d\u2019\u00e9difier un espace \u00e9conomique harmonis\u00e9 et int\u00e9gr\u00e9 en Afrique de l\u2019Ouest. Elle regroupe aujourd&rsquo;hui huit \u00c9tats membres que sont le B\u00e9nin, le Burkina Faso, la C\u00f4te d\u2019Ivoire, la Guin\u00e9e-Bissau, le Mali, le Niger, le S\u00e9n\u00e9gal et le Togo.<\/p>\n\n\n\n<p class=\"wp-block-paragraph\"><strong>JPB<\/strong><\/p>\n\n\n\n<p class=\"wp-block-paragraph\"><a><strong><em>@macite.tg&nbsp;&nbsp;&nbsp;&nbsp;&nbsp;&nbsp;&nbsp;&nbsp;<\/em><\/strong><\/a><\/p>\n\n\n\n<p class=\"wp-block-paragraph\"><strong><em>E-mail&nbsp;: <\/em><\/strong><a href=\"mailto:maciteinfo@gmail.com\"><strong><em>maciteinfo@gmail.com<\/em><\/strong><\/a><strong><em>; <\/em><\/strong><a href=\"mailto:bawela1@gmail.com\"><strong><em>bawela1@gmail.com<\/em><\/strong><\/a><strong><em><\/em><\/strong><\/p>\n\n\n\n<p class=\"wp-block-paragraph\"><strong><em>Pour vos annonces, publi-reportages, etc., joignez-nous au (00228)91515309\/<strong>79872224 <\/strong><strong><\/strong><\/em><\/strong><\/p>\n\n\n\n<p class=\"wp-block-paragraph\"><strong><em>www.macite.tg, L\u2019information, la bonne&nbsp;!<\/em><\/strong><\/p>\n\n\n\n<p class=\"wp-block-paragraph\"><\/p>\n","protected":false},"excerpt":{"rendered":"<p class=\"text-justify mb-2\" >Le Togo s&rsquo;impose de plus en plus comme un moteur de croissance au sein de l&rsquo;espace communautaire. &nbsp;Le Pr\u00e9sident du Conseil, Faure Essozimna Gnassingb\u00e9, s&rsquo;est entretenu, le samedi 23 mai dernier, avec le pr\u00e9sident de la Commission de l\u2019Union \u00e9conomique et mon\u00e9taire ouest-africaine (UEMOA), Abdoulaye [&hellip;]<\/p>\n","protected":false},"author":2,"featured_media":30750,"comment_status":"open","ping_status":"open","sticky":false,"template":"","format":"standard","meta":{"footnotes":""},"categories":[20,3],"tags":[],"class_list":["post-30749","post","type-post","status-publish","format-standard","has-post-thumbnail","hentry","category-actualite","category-economie"],"yoast_head":"<!-- This site is optimized with the Yoast SEO plugin v28.4 - https:\/\/yoast.com\/product\/yoast-seo-wordpress\/ -->\n<title>INTEGRATION REGIONALE : L\u2019UEMOA salue les excellentes performances \u00e9conomiques et financi\u00e8res du Togo -<\/title>\n<meta name=\"robots\" content=\"index, follow, max-snippet:-1, max-image-preview:large, max-video-preview:-1\" \/>\n<link rel=\"canonical\" href=\"https:\/\/macite.tg\/?p=30749\" \/>\n<meta property=\"og:locale\" content=\"fr_FR\" \/>\n<meta property=\"og:type\" content=\"article\" \/>\n<meta property=\"og:title\" content=\"INTEGRATION REGIONALE : L\u2019UEMOA salue les excellentes performances \u00e9conomiques et financi\u00e8res du Togo -\" \/>\n<meta property=\"og:description\" content=\"Le Togo s&rsquo;impose de plus en plus comme un moteur de croissance au sein de l&rsquo;espace communautaire. &nbsp;Le Pr\u00e9sident du Conseil, Faure Essozimna Gnassingb\u00e9, s&rsquo;est entretenu, le samedi 23 mai dernier, avec le pr\u00e9sident de la Commission de l\u2019Union \u00e9conomique et mon\u00e9taire ouest-africaine (UEMOA), Abdoulaye [&hellip;]\" \/>\n<meta property=\"og:url\" content=\"https:\/\/macite.tg\/?p=30749\" \/>\n<meta property=\"article:published_time\" content=\"2026-05-25T19:43:50+00:00\" \/>\n<meta property=\"article:modified_time\" content=\"2026-05-25T19:43:58+00:00\" \/>\n<meta property=\"og:image\" content=\"https:\/\/macite.tg\/wp-content\/uploads\/2026\/05\/Uemoa.jpg\" \/>\n\t<meta property=\"og:image:width\" content=\"500\" \/>\n\t<meta property=\"og:image:height\" content=\"400\" \/>\n\t<meta property=\"og:image:type\" content=\"image\/jpeg\" \/>\n<meta name=\"author\" content=\"Jean Pierre BAWELA\" \/>\n<meta name=\"twitter:card\" content=\"summary_large_image\" \/>\n<meta name=\"twitter:label1\" content=\"\u00c9crit par\" \/>\n\t<meta name=\"twitter:data1\" content=\"Jean Pierre BAWELA\" \/>\n\t<meta name=\"twitter:label2\" content=\"Dur\u00e9e de lecture estim\u00e9e\" \/>\n\t<meta name=\"twitter:data2\" content=\"3 minutes\" \/>\n<script type=\"application\/ld+json\" class=\"yoast-schema-graph\">{\"@context\":\"https:\\\/\\\/schema.org\",\"@graph\":[{\"@type\":\"Article\",\"@id\":\"https:\\\/\\\/macite.tg\\\/?p=30749#article\",\"isPartOf\":{\"@id\":\"https:\\\/\\\/macite.tg\\\/?p=30749\"},\"author\":{\"name\":\"Jean Pierre BAWELA\",\"@id\":\"https:\\\/\\\/macite.tg\\\/#\\\/schema\\\/person\\\/e9f2de7e5dbbe7770a9402c7ce82f5c2\"},\"headline\":\"INTEGRATION REGIONALE : L\u2019UEMOA salue les excellentes performances \u00e9conomiques et financi\u00e8res du Togo\",\"datePublished\":\"2026-05-25T19:43:50+00:00\",\"dateModified\":\"2026-05-25T19:43:58+00:00\",\"mainEntityOfPage\":{\"@id\":\"https:\\\/\\\/macite.tg\\\/?p=30749\"},\"wordCount\":529,\"commentCount\":0,\"image\":{\"@id\":\"https:\\\/\\\/macite.tg\\\/?p=30749#primaryimage\"},\"thumbnailUrl\":\"https:\\\/\\\/macite.tg\\\/wp-content\\\/uploads\\\/2026\\\/05\\\/Uemoa.jpg\",\"articleSection\":[\"ACTUALITE\",\"ECONOMIE\"],\"inLanguage\":\"fr-FR\",\"potentialAction\":[{\"@type\":\"CommentAction\",\"name\":\"Comment\",\"target\":[\"https:\\\/\\\/macite.tg\\\/?p=30749#respond\"]}]},{\"@type\":\"WebPage\",\"@id\":\"https:\\\/\\\/macite.tg\\\/?p=30749\",\"url\":\"https:\\\/\\\/macite.tg\\\/?p=30749\",\"name\":\"INTEGRATION REGIONALE : L\u2019UEMOA salue les excellentes performances \u00e9conomiques et financi\u00e8res du Togo -\",\"isPartOf\":{\"@id\":\"https:\\\/\\\/macite.tg\\\/#website\"},\"primaryImageOfPage\":{\"@id\":\"https:\\\/\\\/macite.tg\\\/?p=30749#primaryimage\"},\"image\":{\"@id\":\"https:\\\/\\\/macite.tg\\\/?p=30749#primaryimage\"},\"thumbnailUrl\":\"https:\\\/\\\/macite.tg\\\/wp-content\\\/uploads\\\/2026\\\/05\\\/Uemoa.jpg\",\"datePublished\":\"2026-05-25T19:43:50+00:00\",\"dateModified\":\"2026-05-25T19:43:58+00:00\",\"author\":{\"@id\":\"https:\\\/\\\/macite.tg\\\/#\\\/schema\\\/person\\\/e9f2de7e5dbbe7770a9402c7ce82f5c2\"},\"breadcrumb\":{\"@id\":\"https:\\\/\\\/macite.tg\\\/?p=30749#breadcrumb\"},\"inLanguage\":\"fr-FR\",\"potentialAction\":[{\"@type\":\"ReadAction\",\"target\":[\"https:\\\/\\\/macite.tg\\\/?p=30749\"]}]},{\"@type\":\"ImageObject\",\"inLanguage\":\"fr-FR\",\"@id\":\"https:\\\/\\\/macite.tg\\\/?p=30749#primaryimage\",\"url\":\"https:\\\/\\\/macite.tg\\\/wp-content\\\/uploads\\\/2026\\\/05\\\/Uemoa.jpg\",\"contentUrl\":\"https:\\\/\\\/macite.tg\\\/wp-content\\\/uploads\\\/2026\\\/05\\\/Uemoa.jpg\",\"width\":500,\"height\":400},{\"@type\":\"BreadcrumbList\",\"@id\":\"https:\\\/\\\/macite.tg\\\/?p=30749#breadcrumb\",\"itemListElement\":[{\"@type\":\"ListItem\",\"position\":1,\"name\":\"Accueil\",\"item\":\"https:\\\/\\\/macite.tg\\\/\"},{\"@type\":\"ListItem\",\"position\":2,\"name\":\"INTEGRATION REGIONALE : L\u2019UEMOA salue les excellentes performances \u00e9conomiques et financi\u00e8res du Togo\"}]},{\"@type\":\"WebSite\",\"@id\":\"https:\\\/\\\/macite.tg\\\/#website\",\"url\":\"https:\\\/\\\/macite.tg\\\/\",\"name\":\"\",\"description\":\"L&#039;information, la bonne!!!\",\"potentialAction\":[{\"@type\":\"SearchAction\",\"target\":{\"@type\":\"EntryPoint\",\"urlTemplate\":\"https:\\\/\\\/macite.tg\\\/?s={search_term_string}\"},\"query-input\":{\"@type\":\"PropertyValueSpecification\",\"valueRequired\":true,\"valueName\":\"search_term_string\"}}],\"inLanguage\":\"fr-FR\"},{\"@type\":\"Person\",\"@id\":\"https:\\\/\\\/macite.tg\\\/#\\\/schema\\\/person\\\/e9f2de7e5dbbe7770a9402c7ce82f5c2\",\"name\":\"Jean Pierre BAWELA\",\"image\":{\"@type\":\"ImageObject\",\"inLanguage\":\"fr-FR\",\"@id\":\"https:\\\/\\\/macite.tg\\\/wp-content\\\/uploads\\\/2023\\\/09\\\/WhatsApp-Image-2023-09-19-at-14.44.41-122x122.jpeg\",\"url\":\"https:\\\/\\\/macite.tg\\\/wp-content\\\/uploads\\\/2023\\\/09\\\/WhatsApp-Image-2023-09-19-at-14.44.41-122x122.jpeg\",\"contentUrl\":\"https:\\\/\\\/macite.tg\\\/wp-content\\\/uploads\\\/2023\\\/09\\\/WhatsApp-Image-2023-09-19-at-14.44.41-122x122.jpeg\",\"caption\":\"Jean Pierre BAWELA\"},\"url\":\"https:\\\/\\\/macite.tg\\\/?author=2\"}]}<\/script>\n<!-- \/ Yoast SEO plugin. -->","yoast_head_json":{"title":"INTEGRATION REGIONALE : L\u2019UEMOA salue les excellentes performances \u00e9conomiques et financi\u00e8res du Togo -","robots":{"index":"index","follow":"follow","max-snippet":"max-snippet:-1","max-image-preview":"max-image-preview:large","max-video-preview":"max-video-preview:-1"},"canonical":"https:\/\/macite.tg\/?p=30749","og_locale":"fr_FR","og_type":"article","og_title":"INTEGRATION REGIONALE : L\u2019UEMOA salue les excellentes performances \u00e9conomiques et financi\u00e8res du Togo -","og_description":"Le Togo s&rsquo;impose de plus en plus comme un moteur de croissance au sein de l&rsquo;espace communautaire. &nbsp;Le Pr\u00e9sident du Conseil, Faure Essozimna Gnassingb\u00e9, s&rsquo;est entretenu, le samedi 23 mai dernier, avec le pr\u00e9sident de la Commission de l\u2019Union \u00e9conomique et mon\u00e9taire ouest-africaine (UEMOA), Abdoulaye [&hellip;]","og_url":"https:\/\/macite.tg\/?p=30749","article_published_time":"2026-05-25T19:43:50+00:00","article_modified_time":"2026-05-25T19:43:58+00:00","og_image":[{"width":500,"height":400,"url":"https:\/\/macite.tg\/wp-content\/uploads\/2026\/05\/Uemoa.jpg","type":"image\/jpeg"}],"author":"Jean Pierre BAWELA","twitter_card":"summary_large_image","twitter_misc":{"\u00c9crit par":"Jean Pierre BAWELA","Dur\u00e9e de lecture estim\u00e9e":"3 minutes"},"schema":{"@context":"https:\/\/schema.org","@graph":[{"@type":"Article","@id":"https:\/\/macite.tg\/?p=30749#article","isPartOf":{"@id":"https:\/\/macite.tg\/?p=30749"},"author":{"name":"Jean Pierre BAWELA","@id":"https:\/\/macite.tg\/#\/schema\/person\/e9f2de7e5dbbe7770a9402c7ce82f5c2"},"headline":"INTEGRATION REGIONALE : L\u2019UEMOA salue les excellentes performances \u00e9conomiques et financi\u00e8res du Togo","datePublished":"2026-05-25T19:43:50+00:00","dateModified":"2026-05-25T19:43:58+00:00","mainEntityOfPage":{"@id":"https:\/\/macite.tg\/?p=30749"},"wordCount":529,"commentCount":0,"image":{"@id":"https:\/\/macite.tg\/?p=30749#primaryimage"},"thumbnailUrl":"https:\/\/macite.tg\/wp-content\/uploads\/2026\/05\/Uemoa.jpg","articleSection":["ACTUALITE","ECONOMIE"],"inLanguage":"fr-FR","potentialAction":[{"@type":"CommentAction","name":"Comment","target":["https:\/\/macite.tg\/?p=30749#respond"]}]},{"@type":"WebPage","@id":"https:\/\/macite.tg\/?p=30749","url":"https:\/\/macite.tg\/?p=30749","name":"INTEGRATION REGIONALE : L\u2019UEMOA salue les excellentes performances \u00e9conomiques et financi\u00e8res du Togo -","isPartOf":{"@id":"https:\/\/macite.tg\/#website"},"primaryImageOfPage":{"@id":"https:\/\/macite.tg\/?p=30749#primaryimage"},"image":{"@id":"https:\/\/macite.tg\/?p=30749#primaryimage"},"thumbnailUrl":"https:\/\/macite.tg\/wp-content\/uploads\/2026\/05\/Uemoa.jpg","datePublished":"2026-05-25T19:43:50+00:00","dateModified":"2026-05-25T19:43:58+00:00","author":{"@id":"https:\/\/macite.tg\/#\/schema\/person\/e9f2de7e5dbbe7770a9402c7ce82f5c2"},"breadcrumb":{"@id":"https:\/\/macite.tg\/?p=30749#breadcrumb"},"inLanguage":"fr-FR","potentialAction":[{"@type":"ReadAction","target":["https:\/\/macite.tg\/?p=30749"]}]},{"@type":"ImageObject","inLanguage":"fr-FR","@id":"https:\/\/macite.tg\/?p=30749#primaryimage","url":"https:\/\/macite.tg\/wp-content\/uploads\/2026\/05\/Uemoa.jpg","contentUrl":"https:\/\/macite.tg\/wp-content\/uploads\/2026\/05\/Uemoa.jpg","width":500,"height":400},{"@type":"BreadcrumbList","@id":"https:\/\/macite.tg\/?p=30749#breadcrumb","itemListElement":[{"@type":"ListItem","position":1,"name":"Accueil","item":"https:\/\/macite.tg\/"},{"@type":"ListItem","position":2,"name":"INTEGRATION REGIONALE : L\u2019UEMOA salue les excellentes performances \u00e9conomiques et financi\u00e8res du Togo"}]},{"@type":"WebSite","@id":"https:\/\/macite.tg\/#website","url":"https:\/\/macite.tg\/","name":"","description":"L&#039;information, la bonne!!!","potentialAction":[{"@type":"SearchAction","target":{"@type":"EntryPoint","urlTemplate":"https:\/\/macite.tg\/?s={search_term_string}"},"query-input":{"@type":"PropertyValueSpecification","valueRequired":true,"valueName":"search_term_string"}}],"inLanguage":"fr-FR"},{"@type":"Person","@id":"https:\/\/macite.tg\/#\/schema\/person\/e9f2de7e5dbbe7770a9402c7ce82f5c2","name":"Jean Pierre BAWELA","image":{"@type":"ImageObject","inLanguage":"fr-FR","@id":"https:\/\/macite.tg\/wp-content\/uploads\/2023\/09\/WhatsApp-Image-2023-09-19-at-14.44.41-122x122.jpeg","url":"https:\/\/macite.tg\/wp-content\/uploads\/2023\/09\/WhatsApp-Image-2023-09-19-at-14.44.41-122x122.jpeg","contentUrl":"https:\/\/macite.tg\/wp-content\/uploads\/2023\/09\/WhatsApp-Image-2023-09-19-at-14.44.41-122x122.jpeg","caption":"Jean Pierre BAWELA"},"url":"https:\/\/macite.tg\/?author=2"}]}},"_links":{"self":[{"href":"https:\/\/macite.tg\/index.php?rest_route=\/wp\/v2\/posts\/30749","targetHints":{"allow":["GET"]}}],"collection":[{"href":"https:\/\/macite.tg\/index.php?rest_route=\/wp\/v2\/posts"}],"about":[{"href":"https:\/\/macite.tg\/index.php?rest_route=\/wp\/v2\/types\/post"}],"author":[{"embeddable":true,"href":"https:\/\/macite.tg\/index.php?rest_route=\/wp\/v2\/users\/2"}],"replies":[{"embeddable":true,"href":"https:\/\/macite.tg\/index.php?rest_route=%2Fwp%2Fv2%2Fcomments&post=30749"}],"version-history":[{"count":0,"href":"https:\/\/macite.tg\/index.php?rest_route=\/wp\/v2\/posts\/30749\/revisions"}],"wp:featuredmedia":[{"embeddable":true,"href":"https:\/\/macite.tg\/index.php?rest_route=\/wp\/v2\/media\/30750"}],"wp:attachment":[{"href":"https:\/\/macite.tg\/index.php?rest_route=%2Fwp%2Fv2%2Fmedia&parent=30749"}],"wp:term":[{"taxonomy":"category","embeddable":true,"href":"https:\/\/macite.tg\/index.php?rest_route=%2Fwp%2Fv2%2Fcategories&post=30749"},{"taxonomy":"post_tag","embeddable":true,"href":"https:\/\/macite.tg\/index.php?rest_route=%2Fwp%2Fv2%2Ftags&post=30749"}],"curies":[{"name":"wp","href":"https:\/\/api.w.org\/{rel}","templated":true}]}}