{"id":30744,"date":"2026-05-25T19:33:42","date_gmt":"2026-05-25T19:33:42","guid":{"rendered":"https:\/\/macite.tg\/?p=30744"},"modified":"2026-05-26T10:11:08","modified_gmt":"2026-05-26T10:11:08","slug":"cafe-cacao-les-nouveaux-prix-indicatifs-fixes-pour-la-quinzaine-du-16-au-31-mai-2026","status":"publish","type":"post","link":"https:\/\/macite.tg\/?p=30744","title":{"rendered":"CAFE-CACAO : Les nouveaux prix indicatifs fix\u00e9s pour la quinzaine du 16 au 31 mai 2026"},"content":{"rendered":"\n<p class=\"wp-block-paragraph\"><strong><em>Le Comit\u00e9 de coordination pour les fili\u00e8res caf\u00e9 et cacao (CCFCC) a rendu public les nouveaux tarifs r\u00e9glementaires pour la seconde moiti\u00e9 du mois de mai. Dans un communiqu\u00e9, le Secr\u00e9taire g\u00e9n\u00e9ral de l\u2019organisme, Enselme Gouthon, a d\u00e9voil\u00e9 les prix indicatifs minimums garantis aux producteurs pour la p\u00e9riode allant du 16 au 31 mai 2026.<\/em><\/strong><\/p>\n\n\n\n<p class=\"wp-block-paragraph\">Ces prix, calcul\u00e9s sur la base des cours mondiaux des mati\u00e8res premi\u00e8res agricoles, s&rsquo;int\u00e8grent dans le m\u00e9canisme d&rsquo;ajustement hebdomadaire propre au secteur.<\/p>\n\n\n\n<p class=\"wp-block-paragraph\">Les grilles tarifaires affichent des niveaux de r\u00e9mun\u00e9ration attractifs, directement corr\u00e9l\u00e9s aux tendances actuelles des march\u00e9s internationaux, et plus particuli\u00e8rement aux \u00e9ch\u00e9ances de septembre 2026.<\/p>\n\n\n\n<figure class=\"wp-block-image size-full\"><img loading=\"lazy\" decoding=\"async\" width=\"851\" height=\"315\" src=\"https:\/\/macite.tg\/wp-content\/uploads\/2026\/05\/OTR_Ferer-pour-batir-1.jpg\" alt=\"\" class=\"wp-image-30339\" srcset=\"https:\/\/macite.tg\/wp-content\/uploads\/2026\/05\/OTR_Ferer-pour-batir-1.jpg 851w, https:\/\/macite.tg\/wp-content\/uploads\/2026\/05\/OTR_Ferer-pour-batir-1-300x111.jpg 300w, https:\/\/macite.tg\/wp-content\/uploads\/2026\/05\/OTR_Ferer-pour-batir-1-768x284.jpg 768w\" sizes=\"auto, (max-width: 851px) 100vw, 851px\" \/><\/figure>\n\n\n\n<p class=\"wp-block-paragraph\">Voici le d\u00e9tail des prix fix\u00e9s par le CCFCC :<\/p>\n\n\n\n<figure class=\"wp-block-table\"><table class=\"has-fixed-layout\"><thead><tr><td><strong>Produit<\/strong><\/td><td><strong>Qualit\u00e9<\/strong><\/td><td><strong>Prix indicatif au kilogramme<\/strong><\/td><\/tr><\/thead><tbody><tr><td><strong>Caf\u00e9 Robusta<\/strong><\/td><td>Standard<\/td><td><strong>1.245 FCFA<\/strong><\/td><\/tr><tr><td><strong>Cacao<\/strong><\/td><td>Sup\u00e9rieure<\/td><td><strong>1.435 FCFA<\/strong><\/td><\/tr><\/tbody><\/table><\/figure>\n\n\n\n<p class=\"wp-block-paragraph\">Notons que le syst\u00e8me de fixation des prix mis en place par le Comit\u00e9 de coordination r\u00e9pond \u00e0 des exigences de r\u00e9gulation et de protection des acteurs locaux.<\/p>\n\n\n\n<p class=\"wp-block-paragraph\">Selon les pr\u00e9cisions de l&rsquo;institution, ce dispositif vise un double objectif. D\u2019abord, garantir une transparence totale des prix d&rsquo;achat directement sur le terrain, prot\u00e9geant ainsi les producteurs contre les sp\u00e9culations. Ensuite, refl\u00e9ter fid\u00e8lement les fluctuations et le dynamisme des march\u00e9s mondiaux de mati\u00e8res premi\u00e8res.<\/p>\n\n\n<div class=\"wp-block-image\">\n<figure class=\"aligncenter size-large\"><img loading=\"lazy\" decoding=\"async\" width=\"733\" height=\"1024\" src=\"https:\/\/macite.tg\/wp-content\/uploads\/2026\/05\/image-60-733x1024.png\" alt=\"\" class=\"wp-image-30523\" srcset=\"https:\/\/macite.tg\/wp-content\/uploads\/2026\/05\/image-60-733x1024.png 733w, https:\/\/macite.tg\/wp-content\/uploads\/2026\/05\/image-60-215x300.png 215w, https:\/\/macite.tg\/wp-content\/uploads\/2026\/05\/image-60-768x1072.png 768w, https:\/\/macite.tg\/wp-content\/uploads\/2026\/05\/image-60-1100x1536.png 1100w, https:\/\/macite.tg\/wp-content\/uploads\/2026\/05\/image-60.png 1194w\" sizes=\"auto, (max-width: 733px) 100vw, 733px\" \/><\/figure>\n<\/div>\n\n\n<p class=\"wp-block-paragraph\">Ainsi, ces prix indicatifs servent de boussole aux producteurs et aux acheteurs agr\u00e9\u00e9s afin de s\u00e9curiser les transactions commerciales \u00e0 travers le pays pour toute la dur\u00e9e de la quinzaine.<\/p>\n\n\n\n<p class=\"wp-block-paragraph\"><strong>JPB<\/strong><\/p>\n\n\n\n<p class=\"wp-block-paragraph\"><a><strong><em>@macite.tg&nbsp;&nbsp;&nbsp;&nbsp;&nbsp;&nbsp;&nbsp;&nbsp;<\/em><\/strong><\/a><\/p>\n\n\n\n<p class=\"wp-block-paragraph\"><strong><em>E-mail&nbsp;: <\/em><\/strong><a href=\"mailto:maciteinfo@gmail.com\"><strong><em>maciteinfo@gmail.com<\/em><\/strong><\/a><strong><em>; <\/em><\/strong><a href=\"mailto:bawela1@gmail.com\"><strong><em>bawela1@gmail.com<\/em><\/strong><\/a><strong><em><\/em><\/strong><\/p>\n\n\n\n<p class=\"wp-block-paragraph\"><strong><em>Pour vos annonces, publi-reportages, etc., joignez-nous au (00228)91515309\/<strong>79872224 <\/strong><strong><\/strong><\/em><\/strong><\/p>\n\n\n\n<p class=\"wp-block-paragraph\"><strong><em>www.macite.tg, L\u2019information, la bonne&nbsp;!<\/em><\/strong><\/p>\n\n\n\n<p class=\"wp-block-paragraph\"><\/p>\n","protected":false},"excerpt":{"rendered":"<p class=\"text-justify mb-2\" >Le Comit\u00e9 de coordination pour les fili\u00e8res caf\u00e9 et cacao (CCFCC) a rendu public les nouveaux tarifs r\u00e9glementaires pour la seconde moiti\u00e9 du mois de mai. Dans un communiqu\u00e9, le Secr\u00e9taire g\u00e9n\u00e9ral de l\u2019organisme, Enselme Gouthon, a d\u00e9voil\u00e9 les prix indicatifs minimums garantis aux producteurs [&hellip;]<\/p>\n","protected":false},"author":2,"featured_media":30747,"comment_status":"open","ping_status":"open","sticky":false,"template":"","format":"standard","meta":{"footnotes":""},"categories":[20,22,59],"tags":[],"class_list":["post-30744","post","type-post","status-publish","format-standard","has-post-thumbnail","hentry","category-actualite","category-agriculture","category-commerce"],"yoast_head":"<!-- This site is optimized with the Yoast SEO plugin v28.4 - https:\/\/yoast.com\/product\/yoast-seo-wordpress\/ -->\n<title>CAFE-CACAO : Les nouveaux prix indicatifs fix\u00e9s pour la quinzaine du 16 au 31 mai 2026 -<\/title>\n<meta name=\"robots\" content=\"index, follow, max-snippet:-1, max-image-preview:large, max-video-preview:-1\" \/>\n<link rel=\"canonical\" href=\"https:\/\/macite.tg\/?p=30744\" \/>\n<meta property=\"og:locale\" content=\"fr_FR\" \/>\n<meta property=\"og:type\" content=\"article\" \/>\n<meta property=\"og:title\" content=\"CAFE-CACAO : Les nouveaux prix indicatifs fix\u00e9s pour la quinzaine du 16 au 31 mai 2026 -\" \/>\n<meta property=\"og:description\" content=\"Le Comit\u00e9 de coordination pour les fili\u00e8res caf\u00e9 et cacao (CCFCC) a rendu public les nouveaux tarifs r\u00e9glementaires pour la seconde moiti\u00e9 du mois de mai. Dans un communiqu\u00e9, le Secr\u00e9taire g\u00e9n\u00e9ral de l\u2019organisme, Enselme Gouthon, a d\u00e9voil\u00e9 les prix indicatifs minimums garantis aux producteurs [&hellip;]\" \/>\n<meta property=\"og:url\" content=\"https:\/\/macite.tg\/?p=30744\" \/>\n<meta property=\"article:published_time\" content=\"2026-05-25T19:33:42+00:00\" \/>\n<meta property=\"article:modified_time\" content=\"2026-05-26T10:11:08+00:00\" \/>\n<meta property=\"og:image\" content=\"https:\/\/macite.tg\/wp-content\/uploads\/2026\/05\/Cafe.jpg\" \/>\n\t<meta property=\"og:image:width\" content=\"500\" \/>\n\t<meta property=\"og:image:height\" content=\"296\" \/>\n\t<meta property=\"og:image:type\" content=\"image\/jpeg\" \/>\n<meta name=\"author\" content=\"Jean Pierre BAWELA\" \/>\n<meta name=\"twitter:card\" content=\"summary_large_image\" \/>\n<meta name=\"twitter:label1\" content=\"\u00c9crit par\" \/>\n\t<meta name=\"twitter:data1\" content=\"Jean Pierre BAWELA\" \/>\n\t<meta name=\"twitter:label2\" content=\"Dur\u00e9e de lecture estim\u00e9e\" \/>\n\t<meta name=\"twitter:data2\" content=\"2 minutes\" \/>\n<script type=\"application\/ld+json\" class=\"yoast-schema-graph\">{\"@context\":\"https:\\\/\\\/schema.org\",\"@graph\":[{\"@type\":\"Article\",\"@id\":\"https:\\\/\\\/macite.tg\\\/?p=30744#article\",\"isPartOf\":{\"@id\":\"https:\\\/\\\/macite.tg\\\/?p=30744\"},\"author\":{\"name\":\"Jean Pierre BAWELA\",\"@id\":\"https:\\\/\\\/macite.tg\\\/#\\\/schema\\\/person\\\/e9f2de7e5dbbe7770a9402c7ce82f5c2\"},\"headline\":\"CAFE-CACAO : Les nouveaux prix indicatifs fix\u00e9s pour la quinzaine du 16 au 31 mai 2026\",\"datePublished\":\"2026-05-25T19:33:42+00:00\",\"dateModified\":\"2026-05-26T10:11:08+00:00\",\"mainEntityOfPage\":{\"@id\":\"https:\\\/\\\/macite.tg\\\/?p=30744\"},\"wordCount\":309,\"commentCount\":0,\"image\":{\"@id\":\"https:\\\/\\\/macite.tg\\\/?p=30744#primaryimage\"},\"thumbnailUrl\":\"https:\\\/\\\/macite.tg\\\/wp-content\\\/uploads\\\/2026\\\/05\\\/Cafe.jpg\",\"articleSection\":[\"ACTUALITE\",\"AGRICULTURE\",\"COMMERCE\"],\"inLanguage\":\"fr-FR\",\"potentialAction\":[{\"@type\":\"CommentAction\",\"name\":\"Comment\",\"target\":[\"https:\\\/\\\/macite.tg\\\/?p=30744#respond\"]}]},{\"@type\":\"WebPage\",\"@id\":\"https:\\\/\\\/macite.tg\\\/?p=30744\",\"url\":\"https:\\\/\\\/macite.tg\\\/?p=30744\",\"name\":\"CAFE-CACAO : Les nouveaux prix indicatifs fix\u00e9s pour la quinzaine du 16 au 31 mai 2026 -\",\"isPartOf\":{\"@id\":\"https:\\\/\\\/macite.tg\\\/#website\"},\"primaryImageOfPage\":{\"@id\":\"https:\\\/\\\/macite.tg\\\/?p=30744#primaryimage\"},\"image\":{\"@id\":\"https:\\\/\\\/macite.tg\\\/?p=30744#primaryimage\"},\"thumbnailUrl\":\"https:\\\/\\\/macite.tg\\\/wp-content\\\/uploads\\\/2026\\\/05\\\/Cafe.jpg\",\"datePublished\":\"2026-05-25T19:33:42+00:00\",\"dateModified\":\"2026-05-26T10:11:08+00:00\",\"author\":{\"@id\":\"https:\\\/\\\/macite.tg\\\/#\\\/schema\\\/person\\\/e9f2de7e5dbbe7770a9402c7ce82f5c2\"},\"breadcrumb\":{\"@id\":\"https:\\\/\\\/macite.tg\\\/?p=30744#breadcrumb\"},\"inLanguage\":\"fr-FR\",\"potentialAction\":[{\"@type\":\"ReadAction\",\"target\":[\"https:\\\/\\\/macite.tg\\\/?p=30744\"]}]},{\"@type\":\"ImageObject\",\"inLanguage\":\"fr-FR\",\"@id\":\"https:\\\/\\\/macite.tg\\\/?p=30744#primaryimage\",\"url\":\"https:\\\/\\\/macite.tg\\\/wp-content\\\/uploads\\\/2026\\\/05\\\/Cafe.jpg\",\"contentUrl\":\"https:\\\/\\\/macite.tg\\\/wp-content\\\/uploads\\\/2026\\\/05\\\/Cafe.jpg\",\"width\":500,\"height\":296},{\"@type\":\"BreadcrumbList\",\"@id\":\"https:\\\/\\\/macite.tg\\\/?p=30744#breadcrumb\",\"itemListElement\":[{\"@type\":\"ListItem\",\"position\":1,\"name\":\"Accueil\",\"item\":\"https:\\\/\\\/macite.tg\\\/\"},{\"@type\":\"ListItem\",\"position\":2,\"name\":\"CAFE-CACAO : Les nouveaux prix indicatifs fix\u00e9s pour la quinzaine du 16 au 31 mai 2026\"}]},{\"@type\":\"WebSite\",\"@id\":\"https:\\\/\\\/macite.tg\\\/#website\",\"url\":\"https:\\\/\\\/macite.tg\\\/\",\"name\":\"\",\"description\":\"L&#039;information, la bonne!!!\",\"potentialAction\":[{\"@type\":\"SearchAction\",\"target\":{\"@type\":\"EntryPoint\",\"urlTemplate\":\"https:\\\/\\\/macite.tg\\\/?s={search_term_string}\"},\"query-input\":{\"@type\":\"PropertyValueSpecification\",\"valueRequired\":true,\"valueName\":\"search_term_string\"}}],\"inLanguage\":\"fr-FR\"},{\"@type\":\"Person\",\"@id\":\"https:\\\/\\\/macite.tg\\\/#\\\/schema\\\/person\\\/e9f2de7e5dbbe7770a9402c7ce82f5c2\",\"name\":\"Jean Pierre BAWELA\",\"image\":{\"@type\":\"ImageObject\",\"inLanguage\":\"fr-FR\",\"@id\":\"https:\\\/\\\/macite.tg\\\/wp-content\\\/uploads\\\/2023\\\/09\\\/WhatsApp-Image-2023-09-19-at-14.44.41-122x122.jpeg\",\"url\":\"https:\\\/\\\/macite.tg\\\/wp-content\\\/uploads\\\/2023\\\/09\\\/WhatsApp-Image-2023-09-19-at-14.44.41-122x122.jpeg\",\"contentUrl\":\"https:\\\/\\\/macite.tg\\\/wp-content\\\/uploads\\\/2023\\\/09\\\/WhatsApp-Image-2023-09-19-at-14.44.41-122x122.jpeg\",\"caption\":\"Jean Pierre BAWELA\"},\"url\":\"https:\\\/\\\/macite.tg\\\/?author=2\"}]}<\/script>\n<!-- \/ Yoast SEO plugin. -->","yoast_head_json":{"title":"CAFE-CACAO : Les nouveaux prix indicatifs fix\u00e9s pour la quinzaine du 16 au 31 mai 2026 -","robots":{"index":"index","follow":"follow","max-snippet":"max-snippet:-1","max-image-preview":"max-image-preview:large","max-video-preview":"max-video-preview:-1"},"canonical":"https:\/\/macite.tg\/?p=30744","og_locale":"fr_FR","og_type":"article","og_title":"CAFE-CACAO : Les nouveaux prix indicatifs fix\u00e9s pour la quinzaine du 16 au 31 mai 2026 -","og_description":"Le Comit\u00e9 de coordination pour les fili\u00e8res caf\u00e9 et cacao (CCFCC) a rendu public les nouveaux tarifs r\u00e9glementaires pour la seconde moiti\u00e9 du mois de mai. Dans un communiqu\u00e9, le Secr\u00e9taire g\u00e9n\u00e9ral de l\u2019organisme, Enselme Gouthon, a d\u00e9voil\u00e9 les prix indicatifs minimums garantis aux producteurs [&hellip;]","og_url":"https:\/\/macite.tg\/?p=30744","article_published_time":"2026-05-25T19:33:42+00:00","article_modified_time":"2026-05-26T10:11:08+00:00","og_image":[{"width":500,"height":296,"url":"https:\/\/macite.tg\/wp-content\/uploads\/2026\/05\/Cafe.jpg","type":"image\/jpeg"}],"author":"Jean Pierre BAWELA","twitter_card":"summary_large_image","twitter_misc":{"\u00c9crit par":"Jean Pierre BAWELA","Dur\u00e9e de lecture estim\u00e9e":"2 minutes"},"schema":{"@context":"https:\/\/schema.org","@graph":[{"@type":"Article","@id":"https:\/\/macite.tg\/?p=30744#article","isPartOf":{"@id":"https:\/\/macite.tg\/?p=30744"},"author":{"name":"Jean Pierre BAWELA","@id":"https:\/\/macite.tg\/#\/schema\/person\/e9f2de7e5dbbe7770a9402c7ce82f5c2"},"headline":"CAFE-CACAO : Les nouveaux prix indicatifs fix\u00e9s pour la quinzaine du 16 au 31 mai 2026","datePublished":"2026-05-25T19:33:42+00:00","dateModified":"2026-05-26T10:11:08+00:00","mainEntityOfPage":{"@id":"https:\/\/macite.tg\/?p=30744"},"wordCount":309,"commentCount":0,"image":{"@id":"https:\/\/macite.tg\/?p=30744#primaryimage"},"thumbnailUrl":"https:\/\/macite.tg\/wp-content\/uploads\/2026\/05\/Cafe.jpg","articleSection":["ACTUALITE","AGRICULTURE","COMMERCE"],"inLanguage":"fr-FR","potentialAction":[{"@type":"CommentAction","name":"Comment","target":["https:\/\/macite.tg\/?p=30744#respond"]}]},{"@type":"WebPage","@id":"https:\/\/macite.tg\/?p=30744","url":"https:\/\/macite.tg\/?p=30744","name":"CAFE-CACAO : Les nouveaux prix indicatifs fix\u00e9s pour la quinzaine du 16 au 31 mai 2026 -","isPartOf":{"@id":"https:\/\/macite.tg\/#website"},"primaryImageOfPage":{"@id":"https:\/\/macite.tg\/?p=30744#primaryimage"},"image":{"@id":"https:\/\/macite.tg\/?p=30744#primaryimage"},"thumbnailUrl":"https:\/\/macite.tg\/wp-content\/uploads\/2026\/05\/Cafe.jpg","datePublished":"2026-05-25T19:33:42+00:00","dateModified":"2026-05-26T10:11:08+00:00","author":{"@id":"https:\/\/macite.tg\/#\/schema\/person\/e9f2de7e5dbbe7770a9402c7ce82f5c2"},"breadcrumb":{"@id":"https:\/\/macite.tg\/?p=30744#breadcrumb"},"inLanguage":"fr-FR","potentialAction":[{"@type":"ReadAction","target":["https:\/\/macite.tg\/?p=30744"]}]},{"@type":"ImageObject","inLanguage":"fr-FR","@id":"https:\/\/macite.tg\/?p=30744#primaryimage","url":"https:\/\/macite.tg\/wp-content\/uploads\/2026\/05\/Cafe.jpg","contentUrl":"https:\/\/macite.tg\/wp-content\/uploads\/2026\/05\/Cafe.jpg","width":500,"height":296},{"@type":"BreadcrumbList","@id":"https:\/\/macite.tg\/?p=30744#breadcrumb","itemListElement":[{"@type":"ListItem","position":1,"name":"Accueil","item":"https:\/\/macite.tg\/"},{"@type":"ListItem","position":2,"name":"CAFE-CACAO : Les nouveaux prix indicatifs fix\u00e9s pour la quinzaine du 16 au 31 mai 2026"}]},{"@type":"WebSite","@id":"https:\/\/macite.tg\/#website","url":"https:\/\/macite.tg\/","name":"","description":"L&#039;information, la bonne!!!","potentialAction":[{"@type":"SearchAction","target":{"@type":"EntryPoint","urlTemplate":"https:\/\/macite.tg\/?s={search_term_string}"},"query-input":{"@type":"PropertyValueSpecification","valueRequired":true,"valueName":"search_term_string"}}],"inLanguage":"fr-FR"},{"@type":"Person","@id":"https:\/\/macite.tg\/#\/schema\/person\/e9f2de7e5dbbe7770a9402c7ce82f5c2","name":"Jean Pierre BAWELA","image":{"@type":"ImageObject","inLanguage":"fr-FR","@id":"https:\/\/macite.tg\/wp-content\/uploads\/2023\/09\/WhatsApp-Image-2023-09-19-at-14.44.41-122x122.jpeg","url":"https:\/\/macite.tg\/wp-content\/uploads\/2023\/09\/WhatsApp-Image-2023-09-19-at-14.44.41-122x122.jpeg","contentUrl":"https:\/\/macite.tg\/wp-content\/uploads\/2023\/09\/WhatsApp-Image-2023-09-19-at-14.44.41-122x122.jpeg","caption":"Jean Pierre BAWELA"},"url":"https:\/\/macite.tg\/?author=2"}]}},"_links":{"self":[{"href":"https:\/\/macite.tg\/index.php?rest_route=\/wp\/v2\/posts\/30744","targetHints":{"allow":["GET"]}}],"collection":[{"href":"https:\/\/macite.tg\/index.php?rest_route=\/wp\/v2\/posts"}],"about":[{"href":"https:\/\/macite.tg\/index.php?rest_route=\/wp\/v2\/types\/post"}],"author":[{"embeddable":true,"href":"https:\/\/macite.tg\/index.php?rest_route=\/wp\/v2\/users\/2"}],"replies":[{"embeddable":true,"href":"https:\/\/macite.tg\/index.php?rest_route=%2Fwp%2Fv2%2Fcomments&post=30744"}],"version-history":[{"count":0,"href":"https:\/\/macite.tg\/index.php?rest_route=\/wp\/v2\/posts\/30744\/revisions"}],"wp:featuredmedia":[{"embeddable":true,"href":"https:\/\/macite.tg\/index.php?rest_route=\/wp\/v2\/media\/30747"}],"wp:attachment":[{"href":"https:\/\/macite.tg\/index.php?rest_route=%2Fwp%2Fv2%2Fmedia&parent=30744"}],"wp:term":[{"taxonomy":"category","embeddable":true,"href":"https:\/\/macite.tg\/index.php?rest_route=%2Fwp%2Fv2%2Fcategories&post=30744"},{"taxonomy":"post_tag","embeddable":true,"href":"https:\/\/macite.tg\/index.php?rest_route=%2Fwp%2Fv2%2Ftags&post=30744"}],"curies":[{"name":"wp","href":"https:\/\/api.w.org\/{rel}","templated":true}]}}