{"id":30733,"date":"2026-05-25T14:36:51","date_gmt":"2026-05-25T14:36:51","guid":{"rendered":"https:\/\/macite.tg\/?p=30733"},"modified":"2026-05-25T15:08:33","modified_gmt":"2026-05-25T15:08:33","slug":"togo-laid-el-kebir-tabaski-officiellement-fixee-au-mercredi-27-mai","status":"publish","type":"post","link":"https:\/\/macite.tg\/?p=30733","title":{"rendered":"TOGO : L\u2019A\u00efd El-K\u00e9bir (Tabaski), c&rsquo;est ce mercredi 27 mai"},"content":{"rendered":"\n<p class=\"wp-block-paragraph\"><strong><em>C\u2019est officiel&nbsp;! La communaut\u00e9 musulmane du Togo s\u2019appr\u00eate \u00e0 c\u00e9l\u00e9brer la f\u00eate de l\u2019A\u00efd El-K\u00e9bir, commun\u00e9ment appel\u00e9e Tabaski. L&rsquo;Union musulmane du Togo (UMT) a d\u00e9voil\u00e9, le vendredi 22 mai dernier, la date officielle des festivit\u00e9s, fix\u00e9e au mercredi 27 mai 2026.<\/em><\/strong><\/p>\n\n\n\n<p class=\"wp-block-paragraph\">Selon le communiqu\u00e9 de l&rsquo;Union musulmane du Togo (UMT), rendu public ce vendredi dernier, la Tabaski sera c\u00e9l\u00e9br\u00e9e le mercredi 27 mai prochain sur l\u2019ensemble du territoire national.<\/p>\n\n\n\n<p class=\"wp-block-paragraph\">Cette annonce met fin aux sp\u00e9culations et permet aux fid\u00e8les d&rsquo;entamer sereinement les derniers pr\u00e9paratifs, notamment l&rsquo;achat du traditionnel mouton de sacrifice.<\/p>\n\n\n<div class=\"wp-block-image\">\n<figure class=\"aligncenter size-large\"><img loading=\"lazy\" decoding=\"async\" width=\"733\" height=\"1024\" src=\"https:\/\/macite.tg\/wp-content\/uploads\/2026\/05\/image-60-733x1024.png\" alt=\"\" class=\"wp-image-30523\" srcset=\"https:\/\/macite.tg\/wp-content\/uploads\/2026\/05\/image-60-733x1024.png 733w, https:\/\/macite.tg\/wp-content\/uploads\/2026\/05\/image-60-215x300.png 215w, https:\/\/macite.tg\/wp-content\/uploads\/2026\/05\/image-60-768x1072.png 768w, https:\/\/macite.tg\/wp-content\/uploads\/2026\/05\/image-60-1100x1536.png 1100w, https:\/\/macite.tg\/wp-content\/uploads\/2026\/05\/image-60.png 1194w\" sizes=\"auto, (max-width: 733px) 100vw, 733px\" \/><\/figure>\n<\/div>\n\n\n<p class=\"wp-block-paragraph\">Comme \u00e0 l\u2019accoutum\u00e9e, la c\u00e9l\u00e9bration d\u00e9butera par de grandes pri\u00e8res collectives \u00e0 travers tout le pays. Les pri\u00e8res de circonstance commenceront d\u00e8s 8 heures pr\u00e9cises, et se d\u00e9rouleront aux lieux habituels, notamment les grands terrains, les places publiques et mosqu\u00e9es d\u00e9sign\u00e9es.<\/p>\n\n\n\n<p class=\"wp-block-paragraph\">Notons que la Tabaski, ou A\u00efd El-K\u00e9bir, est consid\u00e9r\u00e9e comme l\u2019une des c\u00e9l\u00e9brations les plus importantes de la religion islamique. Elle comm\u00e9more le sacrifice d&rsquo;Ibrahim (Abraham) et incarne des valeurs fondamentales de foi, d&rsquo;ob\u00e9issance et de g\u00e9n\u00e9rosit\u00e9.<\/p>\n\n\n\n<p class=\"wp-block-paragraph\">Au Togo, cette journ\u00e9e rev\u00eat une importance culturelle et sociale majeure. Il s\u2019agit d\u2019un pr\u00e9cieux moment de partage o\u00f9 la viande du mouton sacrifi\u00e9 est traditionnellement partag\u00e9e en trois parts : une pour la famille, une pour les proches et voisins, et une pour les n\u00e9cessiteux.<\/p>\n\n\n\n<p class=\"wp-block-paragraph\">Cette c\u00e9l\u00e9bration est \u00e9galement l&rsquo;occasion pour les familles de se r\u00e9unir, de v\u00eatir leurs plus beaux habits et de partager des repas festifs avec leurs proches, toutes confessions confondues.<\/p>\n\n\n<div class=\"wp-block-image\">\n<figure class=\"aligncenter size-large\"><img loading=\"lazy\" decoding=\"async\" width=\"765\" height=\"1024\" src=\"https:\/\/macite.tg\/wp-content\/uploads\/2026\/05\/OTR_Heures-de-services-765x1024.jpeg\" alt=\"\" class=\"wp-image-30734\" srcset=\"https:\/\/macite.tg\/wp-content\/uploads\/2026\/05\/OTR_Heures-de-services-765x1024.jpeg 765w, https:\/\/macite.tg\/wp-content\/uploads\/2026\/05\/OTR_Heures-de-services-224x300.jpeg 224w, https:\/\/macite.tg\/wp-content\/uploads\/2026\/05\/OTR_Heures-de-services-768x1028.jpeg 768w, https:\/\/macite.tg\/wp-content\/uploads\/2026\/05\/OTR_Heures-de-services-1147x1536.jpeg 1147w, https:\/\/macite.tg\/wp-content\/uploads\/2026\/05\/OTR_Heures-de-services.jpeg 1242w\" sizes=\"auto, (max-width: 765px) 100vw, 765px\" \/><\/figure>\n<\/div>\n\n\n<p class=\"wp-block-paragraph\">Conform\u00e9ment aux dispositions l\u00e9gales au Togo, cette journ\u00e9e, f\u00e9ri\u00e9e, ch\u00f4m\u00e9e et pay\u00e9e sur l\u2019ensemble du territoire national, permet \u00e0 tous les citoyens de communier avec la communaut\u00e9 musulmane. La Tabaski est avant tout le symbole du vivre-ensemble et de la solidarit\u00e9 togolaise.<\/p>\n\n\n\n<p class=\"wp-block-paragraph\"><strong><em>Bonne f\u00eate de la Tabaski \u00e0 toute la communaut\u00e9 musulmane du Togo !<\/em><\/strong><\/p>\n\n\n\n<p class=\"wp-block-paragraph\"><strong>JPB<\/strong><\/p>\n\n\n\n<p class=\"wp-block-paragraph\"><a><strong><em>@macite.tg&nbsp;&nbsp;&nbsp;&nbsp;&nbsp;&nbsp;&nbsp;&nbsp;<\/em><\/strong><\/a><\/p>\n\n\n\n<p class=\"wp-block-paragraph\"><strong><em>E-mail&nbsp;: <\/em><\/strong><a href=\"mailto:maciteinfo@gmail.com\"><strong><em>maciteinfo@gmail.com<\/em><\/strong><\/a><strong><em>; <\/em><\/strong><a href=\"mailto:bawela1@gmail.com\"><strong><em>bawela1@gmail.com<\/em><\/strong><\/a><strong><em><\/em><\/strong><\/p>\n\n\n\n<p class=\"wp-block-paragraph\"><strong><em>Pour vos annonces, publi-reportages, etc., joignez-nous au (00228)91515309\/<strong>79872224 <\/strong><strong><\/strong><\/em><\/strong><\/p>\n\n\n\n<p class=\"wp-block-paragraph\"><strong><em>www.macite.tg, L\u2019information, la bonne&nbsp;!<\/em><\/strong><\/p>\n\n\n\n<p class=\"wp-block-paragraph\"><\/p>\n","protected":false},"excerpt":{"rendered":"<p class=\"text-justify mb-2\" >C\u2019est officiel&nbsp;! La communaut\u00e9 musulmane du Togo s\u2019appr\u00eate \u00e0 c\u00e9l\u00e9brer la f\u00eate de l\u2019A\u00efd El-K\u00e9bir, commun\u00e9ment appel\u00e9e Tabaski. L&rsquo;Union musulmane du Togo (UMT) a d\u00e9voil\u00e9, le vendredi 22 mai dernier, la date officielle des festivit\u00e9s, fix\u00e9e au mercredi 27 mai 2026. Selon le communiqu\u00e9 de [&hellip;]<\/p>\n","protected":false},"author":2,"featured_media":30735,"comment_status":"open","ping_status":"open","sticky":false,"template":"","format":"standard","meta":{"footnotes":""},"categories":[20,6],"tags":[],"class_list":["post-30733","post","type-post","status-publish","format-standard","has-post-thumbnail","hentry","category-actualite","category-societe"],"yoast_head":"<!-- This site is optimized with the Yoast SEO plugin v28.4 - https:\/\/yoast.com\/product\/yoast-seo-wordpress\/ -->\n<title>TOGO : L\u2019A\u00efd El-K\u00e9bir (Tabaski), c&#039;est ce mercredi 27 mai -<\/title>\n<meta name=\"robots\" content=\"index, follow, max-snippet:-1, max-image-preview:large, max-video-preview:-1\" \/>\n<link rel=\"canonical\" href=\"https:\/\/macite.tg\/?p=30733\" \/>\n<meta property=\"og:locale\" content=\"fr_FR\" \/>\n<meta property=\"og:type\" content=\"article\" \/>\n<meta property=\"og:title\" content=\"TOGO : L\u2019A\u00efd El-K\u00e9bir (Tabaski), c&#039;est ce mercredi 27 mai -\" \/>\n<meta property=\"og:description\" content=\"C\u2019est officiel&nbsp;! La communaut\u00e9 musulmane du Togo s\u2019appr\u00eate \u00e0 c\u00e9l\u00e9brer la f\u00eate de l\u2019A\u00efd El-K\u00e9bir, commun\u00e9ment appel\u00e9e Tabaski. L&rsquo;Union musulmane du Togo (UMT) a d\u00e9voil\u00e9, le vendredi 22 mai dernier, la date officielle des festivit\u00e9s, fix\u00e9e au mercredi 27 mai 2026. Selon le communiqu\u00e9 de [&hellip;]\" \/>\n<meta property=\"og:url\" content=\"https:\/\/macite.tg\/?p=30733\" \/>\n<meta property=\"article:published_time\" content=\"2026-05-25T14:36:51+00:00\" \/>\n<meta property=\"article:modified_time\" content=\"2026-05-25T15:08:33+00:00\" \/>\n<meta property=\"og:image\" content=\"https:\/\/macite.tg\/wp-content\/uploads\/2026\/05\/Tabaski.jpg\" \/>\n\t<meta property=\"og:image:width\" content=\"500\" \/>\n\t<meta property=\"og:image:height\" content=\"273\" \/>\n\t<meta property=\"og:image:type\" content=\"image\/jpeg\" \/>\n<meta name=\"author\" content=\"Jean Pierre BAWELA\" \/>\n<meta name=\"twitter:card\" content=\"summary_large_image\" \/>\n<meta name=\"twitter:label1\" content=\"\u00c9crit par\" \/>\n\t<meta name=\"twitter:data1\" content=\"Jean Pierre BAWELA\" \/>\n\t<meta name=\"twitter:label2\" content=\"Dur\u00e9e de lecture estim\u00e9e\" \/>\n\t<meta name=\"twitter:data2\" content=\"3 minutes\" \/>\n<script type=\"application\/ld+json\" class=\"yoast-schema-graph\">{\"@context\":\"https:\\\/\\\/schema.org\",\"@graph\":[{\"@type\":\"Article\",\"@id\":\"https:\\\/\\\/macite.tg\\\/?p=30733#article\",\"isPartOf\":{\"@id\":\"https:\\\/\\\/macite.tg\\\/?p=30733\"},\"author\":{\"name\":\"Jean Pierre BAWELA\",\"@id\":\"https:\\\/\\\/macite.tg\\\/#\\\/schema\\\/person\\\/e9f2de7e5dbbe7770a9402c7ce82f5c2\"},\"headline\":\"TOGO : L\u2019A\u00efd El-K\u00e9bir (Tabaski), c&rsquo;est ce mercredi 27 mai\",\"datePublished\":\"2026-05-25T14:36:51+00:00\",\"dateModified\":\"2026-05-25T15:08:33+00:00\",\"mainEntityOfPage\":{\"@id\":\"https:\\\/\\\/macite.tg\\\/?p=30733\"},\"wordCount\":407,\"commentCount\":0,\"image\":{\"@id\":\"https:\\\/\\\/macite.tg\\\/?p=30733#primaryimage\"},\"thumbnailUrl\":\"https:\\\/\\\/macite.tg\\\/wp-content\\\/uploads\\\/2026\\\/05\\\/Tabaski.jpg\",\"articleSection\":[\"ACTUALITE\",\"SOCIETE\"],\"inLanguage\":\"fr-FR\",\"potentialAction\":[{\"@type\":\"CommentAction\",\"name\":\"Comment\",\"target\":[\"https:\\\/\\\/macite.tg\\\/?p=30733#respond\"]}]},{\"@type\":\"WebPage\",\"@id\":\"https:\\\/\\\/macite.tg\\\/?p=30733\",\"url\":\"https:\\\/\\\/macite.tg\\\/?p=30733\",\"name\":\"TOGO : L\u2019A\u00efd El-K\u00e9bir (Tabaski), c'est ce mercredi 27 mai -\",\"isPartOf\":{\"@id\":\"https:\\\/\\\/macite.tg\\\/#website\"},\"primaryImageOfPage\":{\"@id\":\"https:\\\/\\\/macite.tg\\\/?p=30733#primaryimage\"},\"image\":{\"@id\":\"https:\\\/\\\/macite.tg\\\/?p=30733#primaryimage\"},\"thumbnailUrl\":\"https:\\\/\\\/macite.tg\\\/wp-content\\\/uploads\\\/2026\\\/05\\\/Tabaski.jpg\",\"datePublished\":\"2026-05-25T14:36:51+00:00\",\"dateModified\":\"2026-05-25T15:08:33+00:00\",\"author\":{\"@id\":\"https:\\\/\\\/macite.tg\\\/#\\\/schema\\\/person\\\/e9f2de7e5dbbe7770a9402c7ce82f5c2\"},\"breadcrumb\":{\"@id\":\"https:\\\/\\\/macite.tg\\\/?p=30733#breadcrumb\"},\"inLanguage\":\"fr-FR\",\"potentialAction\":[{\"@type\":\"ReadAction\",\"target\":[\"https:\\\/\\\/macite.tg\\\/?p=30733\"]}]},{\"@type\":\"ImageObject\",\"inLanguage\":\"fr-FR\",\"@id\":\"https:\\\/\\\/macite.tg\\\/?p=30733#primaryimage\",\"url\":\"https:\\\/\\\/macite.tg\\\/wp-content\\\/uploads\\\/2026\\\/05\\\/Tabaski.jpg\",\"contentUrl\":\"https:\\\/\\\/macite.tg\\\/wp-content\\\/uploads\\\/2026\\\/05\\\/Tabaski.jpg\",\"width\":500,\"height\":273},{\"@type\":\"BreadcrumbList\",\"@id\":\"https:\\\/\\\/macite.tg\\\/?p=30733#breadcrumb\",\"itemListElement\":[{\"@type\":\"ListItem\",\"position\":1,\"name\":\"Accueil\",\"item\":\"https:\\\/\\\/macite.tg\\\/\"},{\"@type\":\"ListItem\",\"position\":2,\"name\":\"TOGO : L\u2019A\u00efd El-K\u00e9bir (Tabaski), c&rsquo;est ce mercredi 27 mai\"}]},{\"@type\":\"WebSite\",\"@id\":\"https:\\\/\\\/macite.tg\\\/#website\",\"url\":\"https:\\\/\\\/macite.tg\\\/\",\"name\":\"\",\"description\":\"L&#039;information, la bonne!!!\",\"potentialAction\":[{\"@type\":\"SearchAction\",\"target\":{\"@type\":\"EntryPoint\",\"urlTemplate\":\"https:\\\/\\\/macite.tg\\\/?s={search_term_string}\"},\"query-input\":{\"@type\":\"PropertyValueSpecification\",\"valueRequired\":true,\"valueName\":\"search_term_string\"}}],\"inLanguage\":\"fr-FR\"},{\"@type\":\"Person\",\"@id\":\"https:\\\/\\\/macite.tg\\\/#\\\/schema\\\/person\\\/e9f2de7e5dbbe7770a9402c7ce82f5c2\",\"name\":\"Jean Pierre BAWELA\",\"image\":{\"@type\":\"ImageObject\",\"inLanguage\":\"fr-FR\",\"@id\":\"https:\\\/\\\/macite.tg\\\/wp-content\\\/uploads\\\/2023\\\/09\\\/WhatsApp-Image-2023-09-19-at-14.44.41-122x122.jpeg\",\"url\":\"https:\\\/\\\/macite.tg\\\/wp-content\\\/uploads\\\/2023\\\/09\\\/WhatsApp-Image-2023-09-19-at-14.44.41-122x122.jpeg\",\"contentUrl\":\"https:\\\/\\\/macite.tg\\\/wp-content\\\/uploads\\\/2023\\\/09\\\/WhatsApp-Image-2023-09-19-at-14.44.41-122x122.jpeg\",\"caption\":\"Jean Pierre BAWELA\"},\"url\":\"https:\\\/\\\/macite.tg\\\/?author=2\"}]}<\/script>\n<!-- \/ Yoast SEO plugin. -->","yoast_head_json":{"title":"TOGO : L\u2019A\u00efd El-K\u00e9bir (Tabaski), c'est ce mercredi 27 mai -","robots":{"index":"index","follow":"follow","max-snippet":"max-snippet:-1","max-image-preview":"max-image-preview:large","max-video-preview":"max-video-preview:-1"},"canonical":"https:\/\/macite.tg\/?p=30733","og_locale":"fr_FR","og_type":"article","og_title":"TOGO : L\u2019A\u00efd El-K\u00e9bir (Tabaski), c'est ce mercredi 27 mai -","og_description":"C\u2019est officiel&nbsp;! La communaut\u00e9 musulmane du Togo s\u2019appr\u00eate \u00e0 c\u00e9l\u00e9brer la f\u00eate de l\u2019A\u00efd El-K\u00e9bir, commun\u00e9ment appel\u00e9e Tabaski. L&rsquo;Union musulmane du Togo (UMT) a d\u00e9voil\u00e9, le vendredi 22 mai dernier, la date officielle des festivit\u00e9s, fix\u00e9e au mercredi 27 mai 2026. Selon le communiqu\u00e9 de [&hellip;]","og_url":"https:\/\/macite.tg\/?p=30733","article_published_time":"2026-05-25T14:36:51+00:00","article_modified_time":"2026-05-25T15:08:33+00:00","og_image":[{"width":500,"height":273,"url":"https:\/\/macite.tg\/wp-content\/uploads\/2026\/05\/Tabaski.jpg","type":"image\/jpeg"}],"author":"Jean Pierre BAWELA","twitter_card":"summary_large_image","twitter_misc":{"\u00c9crit par":"Jean Pierre BAWELA","Dur\u00e9e de lecture estim\u00e9e":"3 minutes"},"schema":{"@context":"https:\/\/schema.org","@graph":[{"@type":"Article","@id":"https:\/\/macite.tg\/?p=30733#article","isPartOf":{"@id":"https:\/\/macite.tg\/?p=30733"},"author":{"name":"Jean Pierre BAWELA","@id":"https:\/\/macite.tg\/#\/schema\/person\/e9f2de7e5dbbe7770a9402c7ce82f5c2"},"headline":"TOGO : L\u2019A\u00efd El-K\u00e9bir (Tabaski), c&rsquo;est ce mercredi 27 mai","datePublished":"2026-05-25T14:36:51+00:00","dateModified":"2026-05-25T15:08:33+00:00","mainEntityOfPage":{"@id":"https:\/\/macite.tg\/?p=30733"},"wordCount":407,"commentCount":0,"image":{"@id":"https:\/\/macite.tg\/?p=30733#primaryimage"},"thumbnailUrl":"https:\/\/macite.tg\/wp-content\/uploads\/2026\/05\/Tabaski.jpg","articleSection":["ACTUALITE","SOCIETE"],"inLanguage":"fr-FR","potentialAction":[{"@type":"CommentAction","name":"Comment","target":["https:\/\/macite.tg\/?p=30733#respond"]}]},{"@type":"WebPage","@id":"https:\/\/macite.tg\/?p=30733","url":"https:\/\/macite.tg\/?p=30733","name":"TOGO : L\u2019A\u00efd El-K\u00e9bir (Tabaski), c'est ce mercredi 27 mai -","isPartOf":{"@id":"https:\/\/macite.tg\/#website"},"primaryImageOfPage":{"@id":"https:\/\/macite.tg\/?p=30733#primaryimage"},"image":{"@id":"https:\/\/macite.tg\/?p=30733#primaryimage"},"thumbnailUrl":"https:\/\/macite.tg\/wp-content\/uploads\/2026\/05\/Tabaski.jpg","datePublished":"2026-05-25T14:36:51+00:00","dateModified":"2026-05-25T15:08:33+00:00","author":{"@id":"https:\/\/macite.tg\/#\/schema\/person\/e9f2de7e5dbbe7770a9402c7ce82f5c2"},"breadcrumb":{"@id":"https:\/\/macite.tg\/?p=30733#breadcrumb"},"inLanguage":"fr-FR","potentialAction":[{"@type":"ReadAction","target":["https:\/\/macite.tg\/?p=30733"]}]},{"@type":"ImageObject","inLanguage":"fr-FR","@id":"https:\/\/macite.tg\/?p=30733#primaryimage","url":"https:\/\/macite.tg\/wp-content\/uploads\/2026\/05\/Tabaski.jpg","contentUrl":"https:\/\/macite.tg\/wp-content\/uploads\/2026\/05\/Tabaski.jpg","width":500,"height":273},{"@type":"BreadcrumbList","@id":"https:\/\/macite.tg\/?p=30733#breadcrumb","itemListElement":[{"@type":"ListItem","position":1,"name":"Accueil","item":"https:\/\/macite.tg\/"},{"@type":"ListItem","position":2,"name":"TOGO : L\u2019A\u00efd El-K\u00e9bir (Tabaski), c&rsquo;est ce mercredi 27 mai"}]},{"@type":"WebSite","@id":"https:\/\/macite.tg\/#website","url":"https:\/\/macite.tg\/","name":"","description":"L&#039;information, la bonne!!!","potentialAction":[{"@type":"SearchAction","target":{"@type":"EntryPoint","urlTemplate":"https:\/\/macite.tg\/?s={search_term_string}"},"query-input":{"@type":"PropertyValueSpecification","valueRequired":true,"valueName":"search_term_string"}}],"inLanguage":"fr-FR"},{"@type":"Person","@id":"https:\/\/macite.tg\/#\/schema\/person\/e9f2de7e5dbbe7770a9402c7ce82f5c2","name":"Jean Pierre BAWELA","image":{"@type":"ImageObject","inLanguage":"fr-FR","@id":"https:\/\/macite.tg\/wp-content\/uploads\/2023\/09\/WhatsApp-Image-2023-09-19-at-14.44.41-122x122.jpeg","url":"https:\/\/macite.tg\/wp-content\/uploads\/2023\/09\/WhatsApp-Image-2023-09-19-at-14.44.41-122x122.jpeg","contentUrl":"https:\/\/macite.tg\/wp-content\/uploads\/2023\/09\/WhatsApp-Image-2023-09-19-at-14.44.41-122x122.jpeg","caption":"Jean Pierre BAWELA"},"url":"https:\/\/macite.tg\/?author=2"}]}},"_links":{"self":[{"href":"https:\/\/macite.tg\/index.php?rest_route=\/wp\/v2\/posts\/30733","targetHints":{"allow":["GET"]}}],"collection":[{"href":"https:\/\/macite.tg\/index.php?rest_route=\/wp\/v2\/posts"}],"about":[{"href":"https:\/\/macite.tg\/index.php?rest_route=\/wp\/v2\/types\/post"}],"author":[{"embeddable":true,"href":"https:\/\/macite.tg\/index.php?rest_route=\/wp\/v2\/users\/2"}],"replies":[{"embeddable":true,"href":"https:\/\/macite.tg\/index.php?rest_route=%2Fwp%2Fv2%2Fcomments&post=30733"}],"version-history":[{"count":0,"href":"https:\/\/macite.tg\/index.php?rest_route=\/wp\/v2\/posts\/30733\/revisions"}],"wp:featuredmedia":[{"embeddable":true,"href":"https:\/\/macite.tg\/index.php?rest_route=\/wp\/v2\/media\/30735"}],"wp:attachment":[{"href":"https:\/\/macite.tg\/index.php?rest_route=%2Fwp%2Fv2%2Fmedia&parent=30733"}],"wp:term":[{"taxonomy":"category","embeddable":true,"href":"https:\/\/macite.tg\/index.php?rest_route=%2Fwp%2Fv2%2Fcategories&post=30733"},{"taxonomy":"post_tag","embeddable":true,"href":"https:\/\/macite.tg\/index.php?rest_route=%2Fwp%2Fv2%2Ftags&post=30733"}],"curies":[{"name":"wp","href":"https:\/\/api.w.org\/{rel}","templated":true}]}}