{"id":30718,"date":"2026-05-22T17:55:51","date_gmt":"2026-05-22T17:55:51","guid":{"rendered":"https:\/\/macite.tg\/?p=30718"},"modified":"2026-05-22T17:56:01","modified_gmt":"2026-05-22T17:56:01","slug":"integration-africaine-la-zlecaf-salue-lexemption-de-visa-decidee-par-le-togo","status":"publish","type":"post","link":"https:\/\/macite.tg\/?p=30718","title":{"rendered":"INTEGRATION AFRICAINE : La ZLECAf salue l\u2019exemption de visa d\u00e9cid\u00e9e par le Togo"},"content":{"rendered":"\n<p class=\"wp-block-paragraph\"><strong><em>Le Togo franchit un cap historique dans la dynamique de l\u2019int\u00e9gration africaine, et de l\u2019unit\u00e9 continentale. La d\u00e9cision audacieuse des autorit\u00e9s togolaises d&rsquo;exempter de visa pr\u00e9alable tous les ressortissants des pays africains, suscite une onde d&rsquo;enthousiasme \u00e0 l&rsquo;\u00e9chelle internationale. Parmi les r\u00e9actions les plus marquantes, le Secr\u00e9tariat de la Zone de libre-\u00e9change continentale africaine (ZLECAf) a vivement salu\u00e9 cette initiative, qui s&rsquo;impose d\u00e9j\u00e0 comme un mod\u00e8le de promotion de la libre circulation en Afrique.<\/em><\/strong><\/p>\n\n\n\n<p class=\"wp-block-paragraph\">Re\u00e7u en audience, le jeudi 21 mai dernier \u00e0 Lom\u00e9, le Secr\u00e9taire g\u00e9n\u00e9ral de la ZLECAf, Wamkele Mene, a exprim\u00e9 sa profonde admiration pour cette r\u00e9forme audacieuse initi\u00e9e par le Pr\u00e9sident du conseil, Faure Essozimna Gnassingb\u00e9. Pour le patron de la ZLECAf, l&rsquo;instauration du visa \u00e0 l&rsquo;arriv\u00e9e pour tous les Africains est un signal fort.<\/p>\n\n\n<div class=\"wp-block-image\">\n<figure class=\"aligncenter size-large\"><img loading=\"lazy\" decoding=\"async\" width=\"733\" height=\"1024\" src=\"https:\/\/macite.tg\/wp-content\/uploads\/2026\/05\/image-60-733x1024.png\" alt=\"\" class=\"wp-image-30523\" srcset=\"https:\/\/macite.tg\/wp-content\/uploads\/2026\/05\/image-60-733x1024.png 733w, https:\/\/macite.tg\/wp-content\/uploads\/2026\/05\/image-60-215x300.png 215w, https:\/\/macite.tg\/wp-content\/uploads\/2026\/05\/image-60-768x1072.png 768w, https:\/\/macite.tg\/wp-content\/uploads\/2026\/05\/image-60-1100x1536.png 1100w, https:\/\/macite.tg\/wp-content\/uploads\/2026\/05\/image-60.png 1194w\" sizes=\"auto, (max-width: 733px) 100vw, 733px\" \/><\/figure>\n<\/div>\n\n\n<p class=\"wp-block-paragraph\"><em>\u00ab L\u2019annonce faite par Son Excellence Monsieur le Pr\u00e9sident concernant le visa \u00e0 l\u2019arriv\u00e9e pour tous les Africains est une d\u00e9cision tr\u00e8s importante et tr\u00e8s courageuse. Cela d\u00e9montre le leadership du Pr\u00e9sident Faure Essozimna Gnassingb\u00e9 sur les questions d\u2019int\u00e9gration, en permettant \u00e0 tous les Africains d\u2019entrer sur le territoire togolais avec simplement leur passeport. C\u2019est une \u00e9tape tr\u00e8s importante vers l\u2019int\u00e9gration du continent. \u00bb,<\/em> a-t-il indiqu\u00e9 \u00e0 l\u2019issue de l\u2019audience.<\/p>\n\n\n\n<p class=\"wp-block-paragraph\">Wamkele Mene a, dans cette dynamique, point\u00e9 du doigt une anomalie persistante, qui freine le d\u00e9veloppement du continent. <em>\u00ab Il est aujourd\u2019hui plus difficile pour un Africain de voyager \u00e0 l\u2019int\u00e9rieur de l\u2019Afrique que pour un Europ\u00e9en ou un Am\u00e9ricain de voyager sur le continent africain \u00bb<\/em>, a-t-il d\u00e9plor\u00e9, avant de r\u00e9affirmer que la mesure togolaise est une r\u00e9ponse concr\u00e8te et audacieuse \u00e0 ce d\u00e9fi majeur.<\/p>\n\n\n\n<p class=\"wp-block-paragraph\">Cette annonce historique est intervenue dans la foul\u00e9e de la 3<sup>\u00e8me<\/sup> \u00e9dition du Biashara Africa, un forum \u00e9conomique d&rsquo;envergure, qui a r\u00e9uni dans la capitale togolaise d\u2019\u00e9minentes personnalit\u00e9s tant politiques, \u00e9conomiques, du monde des affaires, et du monde universitaire.<\/p>\n\n\n<div class=\"wp-block-image\">\n<figure class=\"aligncenter size-large\"><img loading=\"lazy\" decoding=\"async\" width=\"732\" height=\"1024\" src=\"https:\/\/macite.tg\/wp-content\/uploads\/2026\/05\/image-59-732x1024.png\" alt=\"\" class=\"wp-image-30522\" srcset=\"https:\/\/macite.tg\/wp-content\/uploads\/2026\/05\/image-59-732x1024.png 732w, https:\/\/macite.tg\/wp-content\/uploads\/2026\/05\/image-59-214x300.png 214w, https:\/\/macite.tg\/wp-content\/uploads\/2026\/05\/image-59-768x1074.png 768w, https:\/\/macite.tg\/wp-content\/uploads\/2026\/05\/image-59-1098x1536.png 1098w, https:\/\/macite.tg\/wp-content\/uploads\/2026\/05\/image-59.png 1174w\" sizes=\"auto, (max-width: 732px) 100vw, 732px\" \/><\/figure>\n<\/div>\n\n\n<p class=\"wp-block-paragraph\">Plac\u00e9e sous le th\u00e8me captivant \u00ab&nbsp;<em>Stimuler la transformation \u00e9conomique de l\u2019Afrique gr\u00e2ce \u00e0 la ZLECAf&nbsp;\u00bb,<\/em> l\u2019\u00e9v\u00e9nementa consolid\u00e9 la r\u00e9putation de hub diplomatique et \u00e9conomique du Togo.<\/p>\n\n\n\n<p class=\"wp-block-paragraph\"><strong>La R\u00e9daction<\/strong><\/p>\n\n\n\n<p class=\"wp-block-paragraph\"><a><strong><em>@macite.tg&nbsp;&nbsp;&nbsp;&nbsp;&nbsp;&nbsp;&nbsp;&nbsp;<\/em><\/strong><\/a><\/p>\n\n\n\n<p class=\"wp-block-paragraph\"><strong><em>E-mail&nbsp;: <\/em><\/strong><a href=\"mailto:maciteinfo@gmail.com\"><strong><em>maciteinfo@gmail.com<\/em><\/strong><\/a><strong><em>; <\/em><\/strong><a href=\"mailto:bawela1@gmail.com\"><strong><em>bawela1@gmail.com<\/em><\/strong><\/a><strong><em><\/em><\/strong><\/p>\n\n\n\n<p class=\"wp-block-paragraph\"><strong><em>Pour vos annonces, publi-reportages, etc., joignez-nous au (00228)91515309\/<strong>79872224 <\/strong><strong><\/strong><\/em><\/strong><\/p>\n\n\n\n<p class=\"wp-block-paragraph\"><strong><em>www.macite.tg, L\u2019information, la bonne&nbsp;!<\/em><\/strong><\/p>\n\n\n\n<p class=\"wp-block-paragraph\"><\/p>\n","protected":false},"excerpt":{"rendered":"<p class=\"text-justify mb-2\" >Le Togo franchit un cap historique dans la dynamique de l\u2019int\u00e9gration africaine, et de l\u2019unit\u00e9 continentale. La d\u00e9cision audacieuse des autorit\u00e9s togolaises d&rsquo;exempter de visa pr\u00e9alable tous les ressortissants des pays africains, suscite une onde d&rsquo;enthousiasme \u00e0 l&rsquo;\u00e9chelle internationale. Parmi les r\u00e9actions les plus marquantes, [&hellip;]<\/p>\n","protected":false},"author":2,"featured_media":30719,"comment_status":"open","ping_status":"open","sticky":false,"template":"","format":"standard","meta":{"footnotes":""},"categories":[20,59],"tags":[],"class_list":["post-30718","post","type-post","status-publish","format-standard","has-post-thumbnail","hentry","category-actualite","category-commerce"],"yoast_head":"<!-- This site is optimized with the Yoast SEO plugin v28.4 - https:\/\/yoast.com\/product\/yoast-seo-wordpress\/ -->\n<title>INTEGRATION AFRICAINE : La ZLECAf salue l\u2019exemption de visa d\u00e9cid\u00e9e par le Togo -<\/title>\n<meta name=\"robots\" content=\"index, follow, max-snippet:-1, max-image-preview:large, max-video-preview:-1\" \/>\n<link rel=\"canonical\" href=\"https:\/\/macite.tg\/?p=30718\" \/>\n<meta property=\"og:locale\" content=\"fr_FR\" \/>\n<meta property=\"og:type\" content=\"article\" \/>\n<meta property=\"og:title\" content=\"INTEGRATION AFRICAINE : La ZLECAf salue l\u2019exemption de visa d\u00e9cid\u00e9e par le Togo -\" \/>\n<meta property=\"og:description\" content=\"Le Togo franchit un cap historique dans la dynamique de l\u2019int\u00e9gration africaine, et de l\u2019unit\u00e9 continentale. La d\u00e9cision audacieuse des autorit\u00e9s togolaises d&rsquo;exempter de visa pr\u00e9alable tous les ressortissants des pays africains, suscite une onde d&rsquo;enthousiasme \u00e0 l&rsquo;\u00e9chelle internationale. Parmi les r\u00e9actions les plus marquantes, [&hellip;]\" \/>\n<meta property=\"og:url\" content=\"https:\/\/macite.tg\/?p=30718\" \/>\n<meta property=\"article:published_time\" content=\"2026-05-22T17:55:51+00:00\" \/>\n<meta property=\"article:modified_time\" content=\"2026-05-22T17:56:01+00:00\" \/>\n<meta property=\"og:image\" content=\"https:\/\/macite.tg\/wp-content\/uploads\/2026\/05\/ZLECAF.jpg\" \/>\n\t<meta property=\"og:image:width\" content=\"500\" \/>\n\t<meta property=\"og:image:height\" content=\"561\" \/>\n\t<meta property=\"og:image:type\" content=\"image\/jpeg\" \/>\n<meta name=\"author\" content=\"Jean Pierre BAWELA\" \/>\n<meta name=\"twitter:card\" content=\"summary_large_image\" \/>\n<meta name=\"twitter:label1\" content=\"\u00c9crit par\" \/>\n\t<meta name=\"twitter:data1\" content=\"Jean Pierre BAWELA\" \/>\n\t<meta name=\"twitter:label2\" content=\"Dur\u00e9e de lecture estim\u00e9e\" \/>\n\t<meta name=\"twitter:data2\" content=\"3 minutes\" \/>\n<script type=\"application\/ld+json\" class=\"yoast-schema-graph\">{\"@context\":\"https:\\\/\\\/schema.org\",\"@graph\":[{\"@type\":\"Article\",\"@id\":\"https:\\\/\\\/macite.tg\\\/?p=30718#article\",\"isPartOf\":{\"@id\":\"https:\\\/\\\/macite.tg\\\/?p=30718\"},\"author\":{\"name\":\"Jean Pierre BAWELA\",\"@id\":\"https:\\\/\\\/macite.tg\\\/#\\\/schema\\\/person\\\/e9f2de7e5dbbe7770a9402c7ce82f5c2\"},\"headline\":\"INTEGRATION AFRICAINE : La ZLECAf salue l\u2019exemption de visa d\u00e9cid\u00e9e par le Togo\",\"datePublished\":\"2026-05-22T17:55:51+00:00\",\"dateModified\":\"2026-05-22T17:56:01+00:00\",\"mainEntityOfPage\":{\"@id\":\"https:\\\/\\\/macite.tg\\\/?p=30718\"},\"wordCount\":436,\"commentCount\":0,\"image\":{\"@id\":\"https:\\\/\\\/macite.tg\\\/?p=30718#primaryimage\"},\"thumbnailUrl\":\"https:\\\/\\\/macite.tg\\\/wp-content\\\/uploads\\\/2026\\\/05\\\/ZLECAF.jpg\",\"articleSection\":[\"ACTUALITE\",\"COMMERCE\"],\"inLanguage\":\"fr-FR\",\"potentialAction\":[{\"@type\":\"CommentAction\",\"name\":\"Comment\",\"target\":[\"https:\\\/\\\/macite.tg\\\/?p=30718#respond\"]}]},{\"@type\":\"WebPage\",\"@id\":\"https:\\\/\\\/macite.tg\\\/?p=30718\",\"url\":\"https:\\\/\\\/macite.tg\\\/?p=30718\",\"name\":\"INTEGRATION AFRICAINE : La ZLECAf salue l\u2019exemption de visa d\u00e9cid\u00e9e par le Togo -\",\"isPartOf\":{\"@id\":\"https:\\\/\\\/macite.tg\\\/#website\"},\"primaryImageOfPage\":{\"@id\":\"https:\\\/\\\/macite.tg\\\/?p=30718#primaryimage\"},\"image\":{\"@id\":\"https:\\\/\\\/macite.tg\\\/?p=30718#primaryimage\"},\"thumbnailUrl\":\"https:\\\/\\\/macite.tg\\\/wp-content\\\/uploads\\\/2026\\\/05\\\/ZLECAF.jpg\",\"datePublished\":\"2026-05-22T17:55:51+00:00\",\"dateModified\":\"2026-05-22T17:56:01+00:00\",\"author\":{\"@id\":\"https:\\\/\\\/macite.tg\\\/#\\\/schema\\\/person\\\/e9f2de7e5dbbe7770a9402c7ce82f5c2\"},\"breadcrumb\":{\"@id\":\"https:\\\/\\\/macite.tg\\\/?p=30718#breadcrumb\"},\"inLanguage\":\"fr-FR\",\"potentialAction\":[{\"@type\":\"ReadAction\",\"target\":[\"https:\\\/\\\/macite.tg\\\/?p=30718\"]}]},{\"@type\":\"ImageObject\",\"inLanguage\":\"fr-FR\",\"@id\":\"https:\\\/\\\/macite.tg\\\/?p=30718#primaryimage\",\"url\":\"https:\\\/\\\/macite.tg\\\/wp-content\\\/uploads\\\/2026\\\/05\\\/ZLECAF.jpg\",\"contentUrl\":\"https:\\\/\\\/macite.tg\\\/wp-content\\\/uploads\\\/2026\\\/05\\\/ZLECAF.jpg\",\"width\":500,\"height\":561},{\"@type\":\"BreadcrumbList\",\"@id\":\"https:\\\/\\\/macite.tg\\\/?p=30718#breadcrumb\",\"itemListElement\":[{\"@type\":\"ListItem\",\"position\":1,\"name\":\"Accueil\",\"item\":\"https:\\\/\\\/macite.tg\\\/\"},{\"@type\":\"ListItem\",\"position\":2,\"name\":\"INTEGRATION AFRICAINE : La ZLECAf salue l\u2019exemption de visa d\u00e9cid\u00e9e par le Togo\"}]},{\"@type\":\"WebSite\",\"@id\":\"https:\\\/\\\/macite.tg\\\/#website\",\"url\":\"https:\\\/\\\/macite.tg\\\/\",\"name\":\"\",\"description\":\"L&#039;information, la bonne!!!\",\"potentialAction\":[{\"@type\":\"SearchAction\",\"target\":{\"@type\":\"EntryPoint\",\"urlTemplate\":\"https:\\\/\\\/macite.tg\\\/?s={search_term_string}\"},\"query-input\":{\"@type\":\"PropertyValueSpecification\",\"valueRequired\":true,\"valueName\":\"search_term_string\"}}],\"inLanguage\":\"fr-FR\"},{\"@type\":\"Person\",\"@id\":\"https:\\\/\\\/macite.tg\\\/#\\\/schema\\\/person\\\/e9f2de7e5dbbe7770a9402c7ce82f5c2\",\"name\":\"Jean Pierre BAWELA\",\"image\":{\"@type\":\"ImageObject\",\"inLanguage\":\"fr-FR\",\"@id\":\"https:\\\/\\\/macite.tg\\\/wp-content\\\/uploads\\\/2023\\\/09\\\/WhatsApp-Image-2023-09-19-at-14.44.41-122x122.jpeg\",\"url\":\"https:\\\/\\\/macite.tg\\\/wp-content\\\/uploads\\\/2023\\\/09\\\/WhatsApp-Image-2023-09-19-at-14.44.41-122x122.jpeg\",\"contentUrl\":\"https:\\\/\\\/macite.tg\\\/wp-content\\\/uploads\\\/2023\\\/09\\\/WhatsApp-Image-2023-09-19-at-14.44.41-122x122.jpeg\",\"caption\":\"Jean Pierre BAWELA\"},\"url\":\"https:\\\/\\\/macite.tg\\\/?author=2\"}]}<\/script>\n<!-- \/ Yoast SEO plugin. -->","yoast_head_json":{"title":"INTEGRATION AFRICAINE : La ZLECAf salue l\u2019exemption de visa d\u00e9cid\u00e9e par le Togo -","robots":{"index":"index","follow":"follow","max-snippet":"max-snippet:-1","max-image-preview":"max-image-preview:large","max-video-preview":"max-video-preview:-1"},"canonical":"https:\/\/macite.tg\/?p=30718","og_locale":"fr_FR","og_type":"article","og_title":"INTEGRATION AFRICAINE : La ZLECAf salue l\u2019exemption de visa d\u00e9cid\u00e9e par le Togo -","og_description":"Le Togo franchit un cap historique dans la dynamique de l\u2019int\u00e9gration africaine, et de l\u2019unit\u00e9 continentale. La d\u00e9cision audacieuse des autorit\u00e9s togolaises d&rsquo;exempter de visa pr\u00e9alable tous les ressortissants des pays africains, suscite une onde d&rsquo;enthousiasme \u00e0 l&rsquo;\u00e9chelle internationale. Parmi les r\u00e9actions les plus marquantes, [&hellip;]","og_url":"https:\/\/macite.tg\/?p=30718","article_published_time":"2026-05-22T17:55:51+00:00","article_modified_time":"2026-05-22T17:56:01+00:00","og_image":[{"width":500,"height":561,"url":"https:\/\/macite.tg\/wp-content\/uploads\/2026\/05\/ZLECAF.jpg","type":"image\/jpeg"}],"author":"Jean Pierre BAWELA","twitter_card":"summary_large_image","twitter_misc":{"\u00c9crit par":"Jean Pierre BAWELA","Dur\u00e9e de lecture estim\u00e9e":"3 minutes"},"schema":{"@context":"https:\/\/schema.org","@graph":[{"@type":"Article","@id":"https:\/\/macite.tg\/?p=30718#article","isPartOf":{"@id":"https:\/\/macite.tg\/?p=30718"},"author":{"name":"Jean Pierre BAWELA","@id":"https:\/\/macite.tg\/#\/schema\/person\/e9f2de7e5dbbe7770a9402c7ce82f5c2"},"headline":"INTEGRATION AFRICAINE : La ZLECAf salue l\u2019exemption de visa d\u00e9cid\u00e9e par le Togo","datePublished":"2026-05-22T17:55:51+00:00","dateModified":"2026-05-22T17:56:01+00:00","mainEntityOfPage":{"@id":"https:\/\/macite.tg\/?p=30718"},"wordCount":436,"commentCount":0,"image":{"@id":"https:\/\/macite.tg\/?p=30718#primaryimage"},"thumbnailUrl":"https:\/\/macite.tg\/wp-content\/uploads\/2026\/05\/ZLECAF.jpg","articleSection":["ACTUALITE","COMMERCE"],"inLanguage":"fr-FR","potentialAction":[{"@type":"CommentAction","name":"Comment","target":["https:\/\/macite.tg\/?p=30718#respond"]}]},{"@type":"WebPage","@id":"https:\/\/macite.tg\/?p=30718","url":"https:\/\/macite.tg\/?p=30718","name":"INTEGRATION AFRICAINE : La ZLECAf salue l\u2019exemption de visa d\u00e9cid\u00e9e par le Togo -","isPartOf":{"@id":"https:\/\/macite.tg\/#website"},"primaryImageOfPage":{"@id":"https:\/\/macite.tg\/?p=30718#primaryimage"},"image":{"@id":"https:\/\/macite.tg\/?p=30718#primaryimage"},"thumbnailUrl":"https:\/\/macite.tg\/wp-content\/uploads\/2026\/05\/ZLECAF.jpg","datePublished":"2026-05-22T17:55:51+00:00","dateModified":"2026-05-22T17:56:01+00:00","author":{"@id":"https:\/\/macite.tg\/#\/schema\/person\/e9f2de7e5dbbe7770a9402c7ce82f5c2"},"breadcrumb":{"@id":"https:\/\/macite.tg\/?p=30718#breadcrumb"},"inLanguage":"fr-FR","potentialAction":[{"@type":"ReadAction","target":["https:\/\/macite.tg\/?p=30718"]}]},{"@type":"ImageObject","inLanguage":"fr-FR","@id":"https:\/\/macite.tg\/?p=30718#primaryimage","url":"https:\/\/macite.tg\/wp-content\/uploads\/2026\/05\/ZLECAF.jpg","contentUrl":"https:\/\/macite.tg\/wp-content\/uploads\/2026\/05\/ZLECAF.jpg","width":500,"height":561},{"@type":"BreadcrumbList","@id":"https:\/\/macite.tg\/?p=30718#breadcrumb","itemListElement":[{"@type":"ListItem","position":1,"name":"Accueil","item":"https:\/\/macite.tg\/"},{"@type":"ListItem","position":2,"name":"INTEGRATION AFRICAINE : La ZLECAf salue l\u2019exemption de visa d\u00e9cid\u00e9e par le Togo"}]},{"@type":"WebSite","@id":"https:\/\/macite.tg\/#website","url":"https:\/\/macite.tg\/","name":"","description":"L&#039;information, la bonne!!!","potentialAction":[{"@type":"SearchAction","target":{"@type":"EntryPoint","urlTemplate":"https:\/\/macite.tg\/?s={search_term_string}"},"query-input":{"@type":"PropertyValueSpecification","valueRequired":true,"valueName":"search_term_string"}}],"inLanguage":"fr-FR"},{"@type":"Person","@id":"https:\/\/macite.tg\/#\/schema\/person\/e9f2de7e5dbbe7770a9402c7ce82f5c2","name":"Jean Pierre BAWELA","image":{"@type":"ImageObject","inLanguage":"fr-FR","@id":"https:\/\/macite.tg\/wp-content\/uploads\/2023\/09\/WhatsApp-Image-2023-09-19-at-14.44.41-122x122.jpeg","url":"https:\/\/macite.tg\/wp-content\/uploads\/2023\/09\/WhatsApp-Image-2023-09-19-at-14.44.41-122x122.jpeg","contentUrl":"https:\/\/macite.tg\/wp-content\/uploads\/2023\/09\/WhatsApp-Image-2023-09-19-at-14.44.41-122x122.jpeg","caption":"Jean Pierre BAWELA"},"url":"https:\/\/macite.tg\/?author=2"}]}},"_links":{"self":[{"href":"https:\/\/macite.tg\/index.php?rest_route=\/wp\/v2\/posts\/30718","targetHints":{"allow":["GET"]}}],"collection":[{"href":"https:\/\/macite.tg\/index.php?rest_route=\/wp\/v2\/posts"}],"about":[{"href":"https:\/\/macite.tg\/index.php?rest_route=\/wp\/v2\/types\/post"}],"author":[{"embeddable":true,"href":"https:\/\/macite.tg\/index.php?rest_route=\/wp\/v2\/users\/2"}],"replies":[{"embeddable":true,"href":"https:\/\/macite.tg\/index.php?rest_route=%2Fwp%2Fv2%2Fcomments&post=30718"}],"version-history":[{"count":0,"href":"https:\/\/macite.tg\/index.php?rest_route=\/wp\/v2\/posts\/30718\/revisions"}],"wp:featuredmedia":[{"embeddable":true,"href":"https:\/\/macite.tg\/index.php?rest_route=\/wp\/v2\/media\/30719"}],"wp:attachment":[{"href":"https:\/\/macite.tg\/index.php?rest_route=%2Fwp%2Fv2%2Fmedia&parent=30718"}],"wp:term":[{"taxonomy":"category","embeddable":true,"href":"https:\/\/macite.tg\/index.php?rest_route=%2Fwp%2Fv2%2Fcategories&post=30718"},{"taxonomy":"post_tag","embeddable":true,"href":"https:\/\/macite.tg\/index.php?rest_route=%2Fwp%2Fv2%2Ftags&post=30718"}],"curies":[{"name":"wp","href":"https:\/\/api.w.org\/{rel}","templated":true}]}}