{"id":30402,"date":"2026-05-13T11:47:54","date_gmt":"2026-05-13T11:47:54","guid":{"rendered":"https:\/\/macite.tg\/?p=30402"},"modified":"2026-05-13T11:47:59","modified_gmt":"2026-05-13T11:47:59","slug":"togo-ouganda-un-axe-diplomatique-renforce-pour-la-paix-et-la-stabilite-en-afrique","status":"publish","type":"post","link":"https:\/\/macite.tg\/?p=30402","title":{"rendered":"TOGO-OUGANDA : Un axe diplomatique renforc\u00e9 pour la paix et la stabilit\u00e9 en Afrique"},"content":{"rendered":"\n<p class=\"wp-block-paragraph\"><strong><em>Le Pr\u00e9sident du Conseil, Faure Essozimna Gnassingb\u00e9, s&rsquo;est rendu, le mardi 12 mai 2026 \u00e0 Kampala pour l&rsquo;investiture du Pr\u00e9sident Yoweri Museveni. Au-del\u00e0 du protocole, cette visite souligne le r\u00f4le central du Togo et de l&rsquo;Ouganda dans la r\u00e9solution des crises r\u00e9gionales, notamment dans l&rsquo;Est de la RDC.<\/em><\/strong><\/p>\n\n\n\n<p class=\"wp-block-paragraph\">Le paysage politique ougandais a franchi une \u00e9tape majeure mardi dernier. \u00c9lu lors du scrutin du 15 janvier 2026, Yoweri Museveni a officiellement pr\u00eat\u00e9 serment pour un nouveau mandat. La c\u00e9r\u00e9monie, plac\u00e9e sous le th\u00e8me ambitieux : <em>\u00ab Prot\u00e9ger les acquis et franchir un cap qualitatif vers le statut de pays \u00e0 revenu interm\u00e9diaire sup\u00e9rieur \u00bb<\/em>, a rassembl\u00e9 un parterre de dirigeants mondiaux, dont le Pr\u00e9sident du conseil, Faure Essozimna Gnassingb\u00e9.<\/p>\n\n\n\n<p class=\"wp-block-paragraph\">Ce d\u00e9placement, il faut le souligner, t\u00e9moigne de l&rsquo;excellence des relations bilat\u00e9rales entre Lom\u00e9 et Kampala.<\/p>\n\n\n\n<figure class=\"wp-block-image size-large\"><img loading=\"lazy\" decoding=\"async\" width=\"1024\" height=\"915\" src=\"https:\/\/macite.tg\/wp-content\/uploads\/2026\/05\/81bc4ce5-b104-4430-ae5a-eda7c265f742-1024x915.jpg\" alt=\"\" class=\"wp-image-30405\" srcset=\"https:\/\/macite.tg\/wp-content\/uploads\/2026\/05\/81bc4ce5-b104-4430-ae5a-eda7c265f742-1024x915.jpg 1024w, https:\/\/macite.tg\/wp-content\/uploads\/2026\/05\/81bc4ce5-b104-4430-ae5a-eda7c265f742-300x268.jpg 300w, https:\/\/macite.tg\/wp-content\/uploads\/2026\/05\/81bc4ce5-b104-4430-ae5a-eda7c265f742-768x686.jpg 768w, https:\/\/macite.tg\/wp-content\/uploads\/2026\/05\/81bc4ce5-b104-4430-ae5a-eda7c265f742.jpg 1280w\" sizes=\"auto, (max-width: 1024px) 100vw, 1024px\" \/><\/figure>\n\n\n\n<p class=\"wp-block-paragraph\">A cette occasion, le Pr\u00e9sident du conseil, dont la pr\u00e9sence a \u00e9t\u00e9 particuli\u00e8rement salu\u00e9e, a adress\u00e9 ses f\u00e9licitations chaleureuses \u00e0 son homologue. Le leader togolais a formul\u00e9 des v\u0153ux de prosp\u00e9rit\u00e9 pour le peuple ougandais.<\/p>\n\n\n\n<p class=\"wp-block-paragraph\"><strong>La m\u00e9diation au c\u0153ur de l&rsquo;agenda s\u00e9curitaire<\/strong><\/p>\n\n\n\n<p class=\"wp-block-paragraph\">Si l&rsquo;heure \u00e9tait \u00e0 la c\u00e9l\u00e9bration r\u00e9publicaine, les enjeux s\u00e9curitaires du continent n&rsquo;ont pas \u00e9t\u00e9 occult\u00e9s. La rencontre entre les deux dirigeants a permis d&rsquo;aborder des dossiers critiques, notamment la crise en RDAC mais aussi la stabilit\u00e9 sur le continent.<\/p>\n\n\n\n<p class=\"wp-block-paragraph\">Au sujet de la situation \u00e0 l\u2019EST de la RDC, en sa qualit\u00e9 de M\u00e9diateur d\u00e9sign\u00e9 de l\u2019Union africaine (Ua) pour le conflit dans cette r\u00e9gion des Grands Lacs, Faure Gnassingb\u00e9 a r\u00e9affirm\u00e9 sa d\u00e9termination \u00e0 obtenir une solution durable via le dialogue.<\/p>\n\n\n\n<p class=\"wp-block-paragraph\">Quant \u00e0 la question sous r\u00e9gionale,Yoweri Museveni, figure incontournable de la r\u00e9gion des Grands Lacs, a rendu hommage \u00e0 la diplomatie constructive du dirigeant togolais.<\/p>\n\n\n\n<p class=\"wp-block-paragraph\"><em>\u00ab La pr\u00e9sence du Pr\u00e9sident Gnassingb\u00e9 est le signe d&rsquo;un partenariat d&rsquo;excellence et d&rsquo;une vision partag\u00e9e pour une Afrique stable. \u00bb,<\/em> a indiqu\u00e9 le Pr\u00e9sident ougandais.<\/p>\n\n\n\n<figure class=\"wp-block-image size-full\"><img loading=\"lazy\" decoding=\"async\" width=\"851\" height=\"315\" src=\"https:\/\/macite.tg\/wp-content\/uploads\/2026\/05\/OTR_Ferer-pour-batir-1.jpg\" alt=\"\" class=\"wp-image-30339\" srcset=\"https:\/\/macite.tg\/wp-content\/uploads\/2026\/05\/OTR_Ferer-pour-batir-1.jpg 851w, https:\/\/macite.tg\/wp-content\/uploads\/2026\/05\/OTR_Ferer-pour-batir-1-300x111.jpg 300w, https:\/\/macite.tg\/wp-content\/uploads\/2026\/05\/OTR_Ferer-pour-batir-1-768x284.jpg 768w\" sizes=\"auto, (max-width: 851px) 100vw, 851px\" \/><\/figure>\n\n\n\n<p class=\"wp-block-paragraph\"><strong>Une diplomatie de proximit\u00e9 et de continuit\u00e9<\/strong><\/p>\n\n\n\n<p class=\"wp-block-paragraph\">La rencontre de Kampala s&rsquo;inscrit dans une suite logique d&rsquo;\u00e9changes r\u00e9guliers. On se souvient que les deux dirigeants s&rsquo;\u00e9taient d\u00e9j\u00e0 rencontr\u00e9s le 3 f\u00e9vrier 2026 \u00e0 Entebbe. Cette fr\u00e9quence de dialogue illustre la volont\u00e9 du Togo de ne pas rester spectateur, mais d&rsquo;\u00eatre un acteur moteur de la gouvernance concert\u00e9e sur le continent.<\/p>\n\n\n\n<p class=\"wp-block-paragraph\">En renfor\u00e7ant cet axe Lom\u00e9-Kampala, le Togo r\u00e9affirme sa position de carrefour diplomatique et de m\u00e9diateur infatigable au service du d\u00e9veloppement et de la paix en Afrique.<\/p>\n\n\n\n<p class=\"wp-block-paragraph\"><strong>La R\u00e9daction<\/strong><\/p>\n\n\n\n<p class=\"wp-block-paragraph\"><a><strong><em>@macite.tg&nbsp;&nbsp;&nbsp;&nbsp;&nbsp;&nbsp;&nbsp;&nbsp;<\/em><\/strong><\/a><\/p>\n\n\n\n<p class=\"wp-block-paragraph\"><strong><em>E-mail&nbsp;: <\/em><\/strong><a href=\"mailto:maciteinfo@gmail.com\"><strong><em>maciteinfo@gmail.com<\/em><\/strong><\/a><strong><em>; <\/em><\/strong><a href=\"mailto:bawela1@gmail.com\"><strong><em>bawela1@gmail.com<\/em><\/strong><\/a><strong><em><\/em><\/strong><\/p>\n\n\n\n<p class=\"wp-block-paragraph\"><strong><em>Pour vos annonces, publi-reportages, etc., joignez-nous au (00228)91515309\/<strong>79872224 <\/strong><strong><\/strong><\/em><\/strong><\/p>\n\n\n\n<p class=\"wp-block-paragraph\"><strong><em>www.macite.tg, L\u2019information, la bonne&nbsp;!<\/em><\/strong><\/p>\n\n\n\n<p class=\"wp-block-paragraph\"><\/p>\n","protected":false},"excerpt":{"rendered":"<p class=\"text-justify mb-2\" >Le Pr\u00e9sident du Conseil, Faure Essozimna Gnassingb\u00e9, s&rsquo;est rendu, le mardi 12 mai 2026 \u00e0 Kampala pour l&rsquo;investiture du Pr\u00e9sident Yoweri Museveni. Au-del\u00e0 du protocole, cette visite souligne le r\u00f4le central du Togo et de l&rsquo;Ouganda dans la r\u00e9solution des crises r\u00e9gionales, notamment dans l&rsquo;Est [&hellip;]<\/p>\n","protected":false},"author":2,"featured_media":30404,"comment_status":"open","ping_status":"open","sticky":false,"template":"","format":"standard","meta":{"footnotes":""},"categories":[20,8],"tags":[],"class_list":["post-30402","post","type-post","status-publish","format-standard","has-post-thumbnail","hentry","category-actualite","category-diplomatie"],"yoast_head":"<!-- This site is optimized with the Yoast SEO plugin v28.4 - https:\/\/yoast.com\/product\/yoast-seo-wordpress\/ -->\n<title>TOGO-OUGANDA : Un axe diplomatique renforc\u00e9 pour la paix et la stabilit\u00e9 en Afrique -<\/title>\n<meta name=\"robots\" content=\"index, follow, max-snippet:-1, max-image-preview:large, max-video-preview:-1\" \/>\n<link rel=\"canonical\" href=\"https:\/\/macite.tg\/?p=30402\" \/>\n<meta property=\"og:locale\" content=\"fr_FR\" \/>\n<meta property=\"og:type\" content=\"article\" \/>\n<meta property=\"og:title\" content=\"TOGO-OUGANDA : Un axe diplomatique renforc\u00e9 pour la paix et la stabilit\u00e9 en Afrique -\" \/>\n<meta property=\"og:description\" content=\"Le Pr\u00e9sident du Conseil, Faure Essozimna Gnassingb\u00e9, s&rsquo;est rendu, le mardi 12 mai 2026 \u00e0 Kampala pour l&rsquo;investiture du Pr\u00e9sident Yoweri Museveni. Au-del\u00e0 du protocole, cette visite souligne le r\u00f4le central du Togo et de l&rsquo;Ouganda dans la r\u00e9solution des crises r\u00e9gionales, notamment dans l&rsquo;Est [&hellip;]\" \/>\n<meta property=\"og:url\" content=\"https:\/\/macite.tg\/?p=30402\" \/>\n<meta property=\"article:published_time\" content=\"2026-05-13T11:47:54+00:00\" \/>\n<meta property=\"article:modified_time\" content=\"2026-05-13T11:47:59+00:00\" \/>\n<meta property=\"og:image\" content=\"https:\/\/macite.tg\/wp-content\/uploads\/2026\/05\/KAMPALA.jpg\" \/>\n\t<meta property=\"og:image:width\" content=\"500\" \/>\n\t<meta property=\"og:image:height\" content=\"233\" \/>\n\t<meta property=\"og:image:type\" content=\"image\/jpeg\" \/>\n<meta name=\"author\" content=\"Jean Pierre BAWELA\" \/>\n<meta name=\"twitter:card\" content=\"summary_large_image\" \/>\n<meta name=\"twitter:label1\" content=\"\u00c9crit par\" \/>\n\t<meta name=\"twitter:data1\" content=\"Jean Pierre BAWELA\" \/>\n\t<meta name=\"twitter:label2\" content=\"Dur\u00e9e de lecture estim\u00e9e\" \/>\n\t<meta name=\"twitter:data2\" content=\"3 minutes\" \/>\n<script type=\"application\/ld+json\" class=\"yoast-schema-graph\">{\"@context\":\"https:\\\/\\\/schema.org\",\"@graph\":[{\"@type\":\"Article\",\"@id\":\"https:\\\/\\\/macite.tg\\\/?p=30402#article\",\"isPartOf\":{\"@id\":\"https:\\\/\\\/macite.tg\\\/?p=30402\"},\"author\":{\"name\":\"Jean Pierre BAWELA\",\"@id\":\"https:\\\/\\\/macite.tg\\\/#\\\/schema\\\/person\\\/e9f2de7e5dbbe7770a9402c7ce82f5c2\"},\"headline\":\"TOGO-OUGANDA : Un axe diplomatique renforc\u00e9 pour la paix et la stabilit\u00e9 en Afrique\",\"datePublished\":\"2026-05-13T11:47:54+00:00\",\"dateModified\":\"2026-05-13T11:47:59+00:00\",\"mainEntityOfPage\":{\"@id\":\"https:\\\/\\\/macite.tg\\\/?p=30402\"},\"wordCount\":500,\"commentCount\":0,\"image\":{\"@id\":\"https:\\\/\\\/macite.tg\\\/?p=30402#primaryimage\"},\"thumbnailUrl\":\"https:\\\/\\\/macite.tg\\\/wp-content\\\/uploads\\\/2026\\\/05\\\/KAMPALA.jpg\",\"articleSection\":[\"ACTUALITE\",\"DIPLOMATIE\"],\"inLanguage\":\"fr-FR\",\"potentialAction\":[{\"@type\":\"CommentAction\",\"name\":\"Comment\",\"target\":[\"https:\\\/\\\/macite.tg\\\/?p=30402#respond\"]}]},{\"@type\":\"WebPage\",\"@id\":\"https:\\\/\\\/macite.tg\\\/?p=30402\",\"url\":\"https:\\\/\\\/macite.tg\\\/?p=30402\",\"name\":\"TOGO-OUGANDA : Un axe diplomatique renforc\u00e9 pour la paix et la stabilit\u00e9 en Afrique -\",\"isPartOf\":{\"@id\":\"https:\\\/\\\/macite.tg\\\/#website\"},\"primaryImageOfPage\":{\"@id\":\"https:\\\/\\\/macite.tg\\\/?p=30402#primaryimage\"},\"image\":{\"@id\":\"https:\\\/\\\/macite.tg\\\/?p=30402#primaryimage\"},\"thumbnailUrl\":\"https:\\\/\\\/macite.tg\\\/wp-content\\\/uploads\\\/2026\\\/05\\\/KAMPALA.jpg\",\"datePublished\":\"2026-05-13T11:47:54+00:00\",\"dateModified\":\"2026-05-13T11:47:59+00:00\",\"author\":{\"@id\":\"https:\\\/\\\/macite.tg\\\/#\\\/schema\\\/person\\\/e9f2de7e5dbbe7770a9402c7ce82f5c2\"},\"breadcrumb\":{\"@id\":\"https:\\\/\\\/macite.tg\\\/?p=30402#breadcrumb\"},\"inLanguage\":\"fr-FR\",\"potentialAction\":[{\"@type\":\"ReadAction\",\"target\":[\"https:\\\/\\\/macite.tg\\\/?p=30402\"]}]},{\"@type\":\"ImageObject\",\"inLanguage\":\"fr-FR\",\"@id\":\"https:\\\/\\\/macite.tg\\\/?p=30402#primaryimage\",\"url\":\"https:\\\/\\\/macite.tg\\\/wp-content\\\/uploads\\\/2026\\\/05\\\/KAMPALA.jpg\",\"contentUrl\":\"https:\\\/\\\/macite.tg\\\/wp-content\\\/uploads\\\/2026\\\/05\\\/KAMPALA.jpg\",\"width\":500,\"height\":233},{\"@type\":\"BreadcrumbList\",\"@id\":\"https:\\\/\\\/macite.tg\\\/?p=30402#breadcrumb\",\"itemListElement\":[{\"@type\":\"ListItem\",\"position\":1,\"name\":\"Accueil\",\"item\":\"https:\\\/\\\/macite.tg\\\/\"},{\"@type\":\"ListItem\",\"position\":2,\"name\":\"TOGO-OUGANDA : Un axe diplomatique renforc\u00e9 pour la paix et la stabilit\u00e9 en Afrique\"}]},{\"@type\":\"WebSite\",\"@id\":\"https:\\\/\\\/macite.tg\\\/#website\",\"url\":\"https:\\\/\\\/macite.tg\\\/\",\"name\":\"\",\"description\":\"L&#039;information, la bonne!!!\",\"potentialAction\":[{\"@type\":\"SearchAction\",\"target\":{\"@type\":\"EntryPoint\",\"urlTemplate\":\"https:\\\/\\\/macite.tg\\\/?s={search_term_string}\"},\"query-input\":{\"@type\":\"PropertyValueSpecification\",\"valueRequired\":true,\"valueName\":\"search_term_string\"}}],\"inLanguage\":\"fr-FR\"},{\"@type\":\"Person\",\"@id\":\"https:\\\/\\\/macite.tg\\\/#\\\/schema\\\/person\\\/e9f2de7e5dbbe7770a9402c7ce82f5c2\",\"name\":\"Jean Pierre BAWELA\",\"image\":{\"@type\":\"ImageObject\",\"inLanguage\":\"fr-FR\",\"@id\":\"https:\\\/\\\/macite.tg\\\/wp-content\\\/uploads\\\/2023\\\/09\\\/WhatsApp-Image-2023-09-19-at-14.44.41-122x122.jpeg\",\"url\":\"https:\\\/\\\/macite.tg\\\/wp-content\\\/uploads\\\/2023\\\/09\\\/WhatsApp-Image-2023-09-19-at-14.44.41-122x122.jpeg\",\"contentUrl\":\"https:\\\/\\\/macite.tg\\\/wp-content\\\/uploads\\\/2023\\\/09\\\/WhatsApp-Image-2023-09-19-at-14.44.41-122x122.jpeg\",\"caption\":\"Jean Pierre BAWELA\"},\"url\":\"https:\\\/\\\/macite.tg\\\/?author=2\"}]}<\/script>\n<!-- \/ Yoast SEO plugin. -->","yoast_head_json":{"title":"TOGO-OUGANDA : Un axe diplomatique renforc\u00e9 pour la paix et la stabilit\u00e9 en Afrique -","robots":{"index":"index","follow":"follow","max-snippet":"max-snippet:-1","max-image-preview":"max-image-preview:large","max-video-preview":"max-video-preview:-1"},"canonical":"https:\/\/macite.tg\/?p=30402","og_locale":"fr_FR","og_type":"article","og_title":"TOGO-OUGANDA : Un axe diplomatique renforc\u00e9 pour la paix et la stabilit\u00e9 en Afrique -","og_description":"Le Pr\u00e9sident du Conseil, Faure Essozimna Gnassingb\u00e9, s&rsquo;est rendu, le mardi 12 mai 2026 \u00e0 Kampala pour l&rsquo;investiture du Pr\u00e9sident Yoweri Museveni. Au-del\u00e0 du protocole, cette visite souligne le r\u00f4le central du Togo et de l&rsquo;Ouganda dans la r\u00e9solution des crises r\u00e9gionales, notamment dans l&rsquo;Est [&hellip;]","og_url":"https:\/\/macite.tg\/?p=30402","article_published_time":"2026-05-13T11:47:54+00:00","article_modified_time":"2026-05-13T11:47:59+00:00","og_image":[{"width":500,"height":233,"url":"https:\/\/macite.tg\/wp-content\/uploads\/2026\/05\/KAMPALA.jpg","type":"image\/jpeg"}],"author":"Jean Pierre BAWELA","twitter_card":"summary_large_image","twitter_misc":{"\u00c9crit par":"Jean Pierre BAWELA","Dur\u00e9e de lecture estim\u00e9e":"3 minutes"},"schema":{"@context":"https:\/\/schema.org","@graph":[{"@type":"Article","@id":"https:\/\/macite.tg\/?p=30402#article","isPartOf":{"@id":"https:\/\/macite.tg\/?p=30402"},"author":{"name":"Jean Pierre BAWELA","@id":"https:\/\/macite.tg\/#\/schema\/person\/e9f2de7e5dbbe7770a9402c7ce82f5c2"},"headline":"TOGO-OUGANDA : Un axe diplomatique renforc\u00e9 pour la paix et la stabilit\u00e9 en Afrique","datePublished":"2026-05-13T11:47:54+00:00","dateModified":"2026-05-13T11:47:59+00:00","mainEntityOfPage":{"@id":"https:\/\/macite.tg\/?p=30402"},"wordCount":500,"commentCount":0,"image":{"@id":"https:\/\/macite.tg\/?p=30402#primaryimage"},"thumbnailUrl":"https:\/\/macite.tg\/wp-content\/uploads\/2026\/05\/KAMPALA.jpg","articleSection":["ACTUALITE","DIPLOMATIE"],"inLanguage":"fr-FR","potentialAction":[{"@type":"CommentAction","name":"Comment","target":["https:\/\/macite.tg\/?p=30402#respond"]}]},{"@type":"WebPage","@id":"https:\/\/macite.tg\/?p=30402","url":"https:\/\/macite.tg\/?p=30402","name":"TOGO-OUGANDA : Un axe diplomatique renforc\u00e9 pour la paix et la stabilit\u00e9 en Afrique -","isPartOf":{"@id":"https:\/\/macite.tg\/#website"},"primaryImageOfPage":{"@id":"https:\/\/macite.tg\/?p=30402#primaryimage"},"image":{"@id":"https:\/\/macite.tg\/?p=30402#primaryimage"},"thumbnailUrl":"https:\/\/macite.tg\/wp-content\/uploads\/2026\/05\/KAMPALA.jpg","datePublished":"2026-05-13T11:47:54+00:00","dateModified":"2026-05-13T11:47:59+00:00","author":{"@id":"https:\/\/macite.tg\/#\/schema\/person\/e9f2de7e5dbbe7770a9402c7ce82f5c2"},"breadcrumb":{"@id":"https:\/\/macite.tg\/?p=30402#breadcrumb"},"inLanguage":"fr-FR","potentialAction":[{"@type":"ReadAction","target":["https:\/\/macite.tg\/?p=30402"]}]},{"@type":"ImageObject","inLanguage":"fr-FR","@id":"https:\/\/macite.tg\/?p=30402#primaryimage","url":"https:\/\/macite.tg\/wp-content\/uploads\/2026\/05\/KAMPALA.jpg","contentUrl":"https:\/\/macite.tg\/wp-content\/uploads\/2026\/05\/KAMPALA.jpg","width":500,"height":233},{"@type":"BreadcrumbList","@id":"https:\/\/macite.tg\/?p=30402#breadcrumb","itemListElement":[{"@type":"ListItem","position":1,"name":"Accueil","item":"https:\/\/macite.tg\/"},{"@type":"ListItem","position":2,"name":"TOGO-OUGANDA : Un axe diplomatique renforc\u00e9 pour la paix et la stabilit\u00e9 en Afrique"}]},{"@type":"WebSite","@id":"https:\/\/macite.tg\/#website","url":"https:\/\/macite.tg\/","name":"","description":"L&#039;information, la bonne!!!","potentialAction":[{"@type":"SearchAction","target":{"@type":"EntryPoint","urlTemplate":"https:\/\/macite.tg\/?s={search_term_string}"},"query-input":{"@type":"PropertyValueSpecification","valueRequired":true,"valueName":"search_term_string"}}],"inLanguage":"fr-FR"},{"@type":"Person","@id":"https:\/\/macite.tg\/#\/schema\/person\/e9f2de7e5dbbe7770a9402c7ce82f5c2","name":"Jean Pierre BAWELA","image":{"@type":"ImageObject","inLanguage":"fr-FR","@id":"https:\/\/macite.tg\/wp-content\/uploads\/2023\/09\/WhatsApp-Image-2023-09-19-at-14.44.41-122x122.jpeg","url":"https:\/\/macite.tg\/wp-content\/uploads\/2023\/09\/WhatsApp-Image-2023-09-19-at-14.44.41-122x122.jpeg","contentUrl":"https:\/\/macite.tg\/wp-content\/uploads\/2023\/09\/WhatsApp-Image-2023-09-19-at-14.44.41-122x122.jpeg","caption":"Jean Pierre BAWELA"},"url":"https:\/\/macite.tg\/?author=2"}]}},"_links":{"self":[{"href":"https:\/\/macite.tg\/index.php?rest_route=\/wp\/v2\/posts\/30402","targetHints":{"allow":["GET"]}}],"collection":[{"href":"https:\/\/macite.tg\/index.php?rest_route=\/wp\/v2\/posts"}],"about":[{"href":"https:\/\/macite.tg\/index.php?rest_route=\/wp\/v2\/types\/post"}],"author":[{"embeddable":true,"href":"https:\/\/macite.tg\/index.php?rest_route=\/wp\/v2\/users\/2"}],"replies":[{"embeddable":true,"href":"https:\/\/macite.tg\/index.php?rest_route=%2Fwp%2Fv2%2Fcomments&post=30402"}],"version-history":[{"count":0,"href":"https:\/\/macite.tg\/index.php?rest_route=\/wp\/v2\/posts\/30402\/revisions"}],"wp:featuredmedia":[{"embeddable":true,"href":"https:\/\/macite.tg\/index.php?rest_route=\/wp\/v2\/media\/30404"}],"wp:attachment":[{"href":"https:\/\/macite.tg\/index.php?rest_route=%2Fwp%2Fv2%2Fmedia&parent=30402"}],"wp:term":[{"taxonomy":"category","embeddable":true,"href":"https:\/\/macite.tg\/index.php?rest_route=%2Fwp%2Fv2%2Fcategories&post=30402"},{"taxonomy":"post_tag","embeddable":true,"href":"https:\/\/macite.tg\/index.php?rest_route=%2Fwp%2Fv2%2Ftags&post=30402"}],"curies":[{"name":"wp","href":"https:\/\/api.w.org\/{rel}","templated":true}]}}