{"id":30380,"date":"2026-05-12T12:53:58","date_gmt":"2026-05-12T12:53:58","guid":{"rendered":"https:\/\/macite.tg\/?p=30380"},"modified":"2026-05-12T12:54:14","modified_gmt":"2026-05-12T12:54:14","slug":"annonce-de-deces-prions-pour-le-repos-de-lame-de-maman-ndafinina-katakpeda-nee-bamela","status":"publish","type":"post","link":"https:\/\/macite.tg\/?p=30380","title":{"rendered":"ANNONCE DE DECES : Prions pour le repos de l\u2019\u00e2me de Maman N\u2019DAFININA Katakp\u00e9da n\u00e9e BAMELA"},"content":{"rendered":"\n<p class=\"wp-block-paragraph\"><\/p>\n\n\n\n<figure class=\"wp-block-image size-full\"><img loading=\"lazy\" decoding=\"async\" width=\"990\" height=\"356\" src=\"https:\/\/macite.tg\/wp-content\/uploads\/2026\/05\/image-38.png\" alt=\"\" class=\"wp-image-30383\" srcset=\"https:\/\/macite.tg\/wp-content\/uploads\/2026\/05\/image-38.png 990w, https:\/\/macite.tg\/wp-content\/uploads\/2026\/05\/image-38-300x108.png 300w, https:\/\/macite.tg\/wp-content\/uploads\/2026\/05\/image-38-768x276.png 768w\" sizes=\"auto, (max-width: 990px) 100vw, 990px\" \/><\/figure>\n\n\n\n<p class=\"wp-block-paragraph\">Ont la profonde douleur de vous annoncer le rappel \u00e0 Dieu de :<\/p>\n\n\n\n<figure class=\"wp-block-image size-large\"><img loading=\"lazy\" decoding=\"async\" width=\"1024\" height=\"218\" src=\"https:\/\/macite.tg\/wp-content\/uploads\/2026\/05\/image-39-1024x218.png\" alt=\"\" class=\"wp-image-30384\" srcset=\"https:\/\/macite.tg\/wp-content\/uploads\/2026\/05\/image-39-1024x218.png 1024w, https:\/\/macite.tg\/wp-content\/uploads\/2026\/05\/image-39-300x64.png 300w, https:\/\/macite.tg\/wp-content\/uploads\/2026\/05\/image-39-768x163.png 768w, https:\/\/macite.tg\/wp-content\/uploads\/2026\/05\/image-39.png 1054w\" sizes=\"auto, (max-width: 1024px) 100vw, 1024px\" \/><\/figure>\n\n\n\n<figure class=\"wp-block-image size-large\"><img loading=\"lazy\" decoding=\"async\" width=\"1024\" height=\"142\" src=\"https:\/\/macite.tg\/wp-content\/uploads\/2026\/05\/image-40-1024x142.png\" alt=\"\" class=\"wp-image-30385\" srcset=\"https:\/\/macite.tg\/wp-content\/uploads\/2026\/05\/image-40-1024x142.png 1024w, https:\/\/macite.tg\/wp-content\/uploads\/2026\/05\/image-40-300x42.png 300w, https:\/\/macite.tg\/wp-content\/uploads\/2026\/05\/image-40-768x106.png 768w, https:\/\/macite.tg\/wp-content\/uploads\/2026\/05\/image-40.png 1054w\" sizes=\"auto, (max-width: 1024px) 100vw, 1024px\" \/><\/figure>\n","protected":false},"excerpt":{"rendered":"<p class=\"text-justify mb-2\" >Ont la profonde douleur de vous annoncer le rappel \u00e0 Dieu de :<\/p>\n","protected":false},"author":2,"featured_media":30386,"comment_status":"open","ping_status":"open","sticky":false,"template":"","format":"standard","meta":{"footnotes":""},"categories":[20,35],"tags":[],"class_list":["post-30380","post","type-post","status-publish","format-standard","has-post-thumbnail","hentry","category-actualite","category-necrologie"],"yoast_head":"<!-- This site is optimized with the Yoast SEO plugin v28.4 - https:\/\/yoast.com\/product\/yoast-seo-wordpress\/ -->\n<title>ANNONCE DE DECES : Prions pour le repos de l\u2019\u00e2me de Maman N\u2019DAFININA Katakp\u00e9da n\u00e9e BAMELA -<\/title>\n<meta name=\"robots\" content=\"index, follow, max-snippet:-1, max-image-preview:large, max-video-preview:-1\" \/>\n<link rel=\"canonical\" href=\"https:\/\/macite.tg\/?p=30380\" \/>\n<meta property=\"og:locale\" content=\"fr_FR\" \/>\n<meta property=\"og:type\" content=\"article\" \/>\n<meta property=\"og:title\" content=\"ANNONCE DE DECES : Prions pour le repos de l\u2019\u00e2me de Maman N\u2019DAFININA Katakp\u00e9da n\u00e9e BAMELA -\" \/>\n<meta property=\"og:description\" content=\"Ont la profonde douleur de vous annoncer le rappel \u00e0 Dieu de :\" \/>\n<meta property=\"og:url\" content=\"https:\/\/macite.tg\/?p=30380\" \/>\n<meta property=\"article:published_time\" content=\"2026-05-12T12:53:58+00:00\" \/>\n<meta property=\"article:modified_time\" content=\"2026-05-12T12:54:14+00:00\" \/>\n<meta property=\"og:image\" content=\"https:\/\/macite.tg\/wp-content\/uploads\/2026\/05\/Maman-Katakpeda.jpg\" \/>\n\t<meta property=\"og:image:width\" content=\"500\" \/>\n\t<meta property=\"og:image:height\" content=\"301\" \/>\n\t<meta property=\"og:image:type\" content=\"image\/jpeg\" \/>\n<meta name=\"author\" content=\"Jean Pierre BAWELA\" \/>\n<meta name=\"twitter:card\" content=\"summary_large_image\" \/>\n<meta name=\"twitter:label1\" content=\"\u00c9crit par\" \/>\n\t<meta name=\"twitter:data1\" content=\"Jean Pierre BAWELA\" \/>\n\t<meta name=\"twitter:label2\" content=\"Dur\u00e9e de lecture estim\u00e9e\" \/>\n\t<meta name=\"twitter:data2\" content=\"1 minute\" \/>\n<script type=\"application\/ld+json\" class=\"yoast-schema-graph\">{\"@context\":\"https:\\\/\\\/schema.org\",\"@graph\":[{\"@type\":\"Article\",\"@id\":\"https:\\\/\\\/macite.tg\\\/?p=30380#article\",\"isPartOf\":{\"@id\":\"https:\\\/\\\/macite.tg\\\/?p=30380\"},\"author\":{\"name\":\"Jean Pierre BAWELA\",\"@id\":\"https:\\\/\\\/macite.tg\\\/#\\\/schema\\\/person\\\/e9f2de7e5dbbe7770a9402c7ce82f5c2\"},\"headline\":\"ANNONCE DE DECES : Prions pour le repos de l\u2019\u00e2me de Maman N\u2019DAFININA Katakp\u00e9da n\u00e9e BAMELA\",\"datePublished\":\"2026-05-12T12:53:58+00:00\",\"dateModified\":\"2026-05-12T12:54:14+00:00\",\"mainEntityOfPage\":{\"@id\":\"https:\\\/\\\/macite.tg\\\/?p=30380\"},\"wordCount\":30,\"commentCount\":0,\"image\":{\"@id\":\"https:\\\/\\\/macite.tg\\\/?p=30380#primaryimage\"},\"thumbnailUrl\":\"https:\\\/\\\/macite.tg\\\/wp-content\\\/uploads\\\/2026\\\/05\\\/Maman-Katakpeda.jpg\",\"articleSection\":[\"ACTUALITE\",\"NECROLOGIE\"],\"inLanguage\":\"fr-FR\",\"potentialAction\":[{\"@type\":\"CommentAction\",\"name\":\"Comment\",\"target\":[\"https:\\\/\\\/macite.tg\\\/?p=30380#respond\"]}]},{\"@type\":\"WebPage\",\"@id\":\"https:\\\/\\\/macite.tg\\\/?p=30380\",\"url\":\"https:\\\/\\\/macite.tg\\\/?p=30380\",\"name\":\"ANNONCE DE DECES : Prions pour le repos de l\u2019\u00e2me de Maman N\u2019DAFININA Katakp\u00e9da n\u00e9e BAMELA -\",\"isPartOf\":{\"@id\":\"https:\\\/\\\/macite.tg\\\/#website\"},\"primaryImageOfPage\":{\"@id\":\"https:\\\/\\\/macite.tg\\\/?p=30380#primaryimage\"},\"image\":{\"@id\":\"https:\\\/\\\/macite.tg\\\/?p=30380#primaryimage\"},\"thumbnailUrl\":\"https:\\\/\\\/macite.tg\\\/wp-content\\\/uploads\\\/2026\\\/05\\\/Maman-Katakpeda.jpg\",\"datePublished\":\"2026-05-12T12:53:58+00:00\",\"dateModified\":\"2026-05-12T12:54:14+00:00\",\"author\":{\"@id\":\"https:\\\/\\\/macite.tg\\\/#\\\/schema\\\/person\\\/e9f2de7e5dbbe7770a9402c7ce82f5c2\"},\"breadcrumb\":{\"@id\":\"https:\\\/\\\/macite.tg\\\/?p=30380#breadcrumb\"},\"inLanguage\":\"fr-FR\",\"potentialAction\":[{\"@type\":\"ReadAction\",\"target\":[\"https:\\\/\\\/macite.tg\\\/?p=30380\"]}]},{\"@type\":\"ImageObject\",\"inLanguage\":\"fr-FR\",\"@id\":\"https:\\\/\\\/macite.tg\\\/?p=30380#primaryimage\",\"url\":\"https:\\\/\\\/macite.tg\\\/wp-content\\\/uploads\\\/2026\\\/05\\\/Maman-Katakpeda.jpg\",\"contentUrl\":\"https:\\\/\\\/macite.tg\\\/wp-content\\\/uploads\\\/2026\\\/05\\\/Maman-Katakpeda.jpg\",\"width\":500,\"height\":301},{\"@type\":\"BreadcrumbList\",\"@id\":\"https:\\\/\\\/macite.tg\\\/?p=30380#breadcrumb\",\"itemListElement\":[{\"@type\":\"ListItem\",\"position\":1,\"name\":\"Accueil\",\"item\":\"https:\\\/\\\/macite.tg\\\/\"},{\"@type\":\"ListItem\",\"position\":2,\"name\":\"ANNONCE DE DECES : Prions pour le repos de l\u2019\u00e2me de Maman N\u2019DAFININA Katakp\u00e9da n\u00e9e BAMELA\"}]},{\"@type\":\"WebSite\",\"@id\":\"https:\\\/\\\/macite.tg\\\/#website\",\"url\":\"https:\\\/\\\/macite.tg\\\/\",\"name\":\"\",\"description\":\"L&#039;information, la bonne!!!\",\"potentialAction\":[{\"@type\":\"SearchAction\",\"target\":{\"@type\":\"EntryPoint\",\"urlTemplate\":\"https:\\\/\\\/macite.tg\\\/?s={search_term_string}\"},\"query-input\":{\"@type\":\"PropertyValueSpecification\",\"valueRequired\":true,\"valueName\":\"search_term_string\"}}],\"inLanguage\":\"fr-FR\"},{\"@type\":\"Person\",\"@id\":\"https:\\\/\\\/macite.tg\\\/#\\\/schema\\\/person\\\/e9f2de7e5dbbe7770a9402c7ce82f5c2\",\"name\":\"Jean Pierre BAWELA\",\"image\":{\"@type\":\"ImageObject\",\"inLanguage\":\"fr-FR\",\"@id\":\"https:\\\/\\\/macite.tg\\\/wp-content\\\/uploads\\\/2023\\\/09\\\/WhatsApp-Image-2023-09-19-at-14.44.41-122x122.jpeg\",\"url\":\"https:\\\/\\\/macite.tg\\\/wp-content\\\/uploads\\\/2023\\\/09\\\/WhatsApp-Image-2023-09-19-at-14.44.41-122x122.jpeg\",\"contentUrl\":\"https:\\\/\\\/macite.tg\\\/wp-content\\\/uploads\\\/2023\\\/09\\\/WhatsApp-Image-2023-09-19-at-14.44.41-122x122.jpeg\",\"caption\":\"Jean Pierre BAWELA\"},\"url\":\"https:\\\/\\\/macite.tg\\\/?author=2\"}]}<\/script>\n<!-- \/ Yoast SEO plugin. -->","yoast_head_json":{"title":"ANNONCE DE DECES : Prions pour le repos de l\u2019\u00e2me de Maman N\u2019DAFININA Katakp\u00e9da n\u00e9e BAMELA -","robots":{"index":"index","follow":"follow","max-snippet":"max-snippet:-1","max-image-preview":"max-image-preview:large","max-video-preview":"max-video-preview:-1"},"canonical":"https:\/\/macite.tg\/?p=30380","og_locale":"fr_FR","og_type":"article","og_title":"ANNONCE DE DECES : Prions pour le repos de l\u2019\u00e2me de Maman N\u2019DAFININA Katakp\u00e9da n\u00e9e BAMELA -","og_description":"Ont la profonde douleur de vous annoncer le rappel \u00e0 Dieu de :","og_url":"https:\/\/macite.tg\/?p=30380","article_published_time":"2026-05-12T12:53:58+00:00","article_modified_time":"2026-05-12T12:54:14+00:00","og_image":[{"width":500,"height":301,"url":"https:\/\/macite.tg\/wp-content\/uploads\/2026\/05\/Maman-Katakpeda.jpg","type":"image\/jpeg"}],"author":"Jean Pierre BAWELA","twitter_card":"summary_large_image","twitter_misc":{"\u00c9crit par":"Jean Pierre BAWELA","Dur\u00e9e de lecture estim\u00e9e":"1 minute"},"schema":{"@context":"https:\/\/schema.org","@graph":[{"@type":"Article","@id":"https:\/\/macite.tg\/?p=30380#article","isPartOf":{"@id":"https:\/\/macite.tg\/?p=30380"},"author":{"name":"Jean Pierre BAWELA","@id":"https:\/\/macite.tg\/#\/schema\/person\/e9f2de7e5dbbe7770a9402c7ce82f5c2"},"headline":"ANNONCE DE DECES : Prions pour le repos de l\u2019\u00e2me de Maman N\u2019DAFININA Katakp\u00e9da n\u00e9e BAMELA","datePublished":"2026-05-12T12:53:58+00:00","dateModified":"2026-05-12T12:54:14+00:00","mainEntityOfPage":{"@id":"https:\/\/macite.tg\/?p=30380"},"wordCount":30,"commentCount":0,"image":{"@id":"https:\/\/macite.tg\/?p=30380#primaryimage"},"thumbnailUrl":"https:\/\/macite.tg\/wp-content\/uploads\/2026\/05\/Maman-Katakpeda.jpg","articleSection":["ACTUALITE","NECROLOGIE"],"inLanguage":"fr-FR","potentialAction":[{"@type":"CommentAction","name":"Comment","target":["https:\/\/macite.tg\/?p=30380#respond"]}]},{"@type":"WebPage","@id":"https:\/\/macite.tg\/?p=30380","url":"https:\/\/macite.tg\/?p=30380","name":"ANNONCE DE DECES : Prions pour le repos de l\u2019\u00e2me de Maman N\u2019DAFININA Katakp\u00e9da n\u00e9e BAMELA -","isPartOf":{"@id":"https:\/\/macite.tg\/#website"},"primaryImageOfPage":{"@id":"https:\/\/macite.tg\/?p=30380#primaryimage"},"image":{"@id":"https:\/\/macite.tg\/?p=30380#primaryimage"},"thumbnailUrl":"https:\/\/macite.tg\/wp-content\/uploads\/2026\/05\/Maman-Katakpeda.jpg","datePublished":"2026-05-12T12:53:58+00:00","dateModified":"2026-05-12T12:54:14+00:00","author":{"@id":"https:\/\/macite.tg\/#\/schema\/person\/e9f2de7e5dbbe7770a9402c7ce82f5c2"},"breadcrumb":{"@id":"https:\/\/macite.tg\/?p=30380#breadcrumb"},"inLanguage":"fr-FR","potentialAction":[{"@type":"ReadAction","target":["https:\/\/macite.tg\/?p=30380"]}]},{"@type":"ImageObject","inLanguage":"fr-FR","@id":"https:\/\/macite.tg\/?p=30380#primaryimage","url":"https:\/\/macite.tg\/wp-content\/uploads\/2026\/05\/Maman-Katakpeda.jpg","contentUrl":"https:\/\/macite.tg\/wp-content\/uploads\/2026\/05\/Maman-Katakpeda.jpg","width":500,"height":301},{"@type":"BreadcrumbList","@id":"https:\/\/macite.tg\/?p=30380#breadcrumb","itemListElement":[{"@type":"ListItem","position":1,"name":"Accueil","item":"https:\/\/macite.tg\/"},{"@type":"ListItem","position":2,"name":"ANNONCE DE DECES : Prions pour le repos de l\u2019\u00e2me de Maman N\u2019DAFININA Katakp\u00e9da n\u00e9e BAMELA"}]},{"@type":"WebSite","@id":"https:\/\/macite.tg\/#website","url":"https:\/\/macite.tg\/","name":"","description":"L&#039;information, la bonne!!!","potentialAction":[{"@type":"SearchAction","target":{"@type":"EntryPoint","urlTemplate":"https:\/\/macite.tg\/?s={search_term_string}"},"query-input":{"@type":"PropertyValueSpecification","valueRequired":true,"valueName":"search_term_string"}}],"inLanguage":"fr-FR"},{"@type":"Person","@id":"https:\/\/macite.tg\/#\/schema\/person\/e9f2de7e5dbbe7770a9402c7ce82f5c2","name":"Jean Pierre BAWELA","image":{"@type":"ImageObject","inLanguage":"fr-FR","@id":"https:\/\/macite.tg\/wp-content\/uploads\/2023\/09\/WhatsApp-Image-2023-09-19-at-14.44.41-122x122.jpeg","url":"https:\/\/macite.tg\/wp-content\/uploads\/2023\/09\/WhatsApp-Image-2023-09-19-at-14.44.41-122x122.jpeg","contentUrl":"https:\/\/macite.tg\/wp-content\/uploads\/2023\/09\/WhatsApp-Image-2023-09-19-at-14.44.41-122x122.jpeg","caption":"Jean Pierre BAWELA"},"url":"https:\/\/macite.tg\/?author=2"}]}},"_links":{"self":[{"href":"https:\/\/macite.tg\/index.php?rest_route=\/wp\/v2\/posts\/30380","targetHints":{"allow":["GET"]}}],"collection":[{"href":"https:\/\/macite.tg\/index.php?rest_route=\/wp\/v2\/posts"}],"about":[{"href":"https:\/\/macite.tg\/index.php?rest_route=\/wp\/v2\/types\/post"}],"author":[{"embeddable":true,"href":"https:\/\/macite.tg\/index.php?rest_route=\/wp\/v2\/users\/2"}],"replies":[{"embeddable":true,"href":"https:\/\/macite.tg\/index.php?rest_route=%2Fwp%2Fv2%2Fcomments&post=30380"}],"version-history":[{"count":0,"href":"https:\/\/macite.tg\/index.php?rest_route=\/wp\/v2\/posts\/30380\/revisions"}],"wp:featuredmedia":[{"embeddable":true,"href":"https:\/\/macite.tg\/index.php?rest_route=\/wp\/v2\/media\/30386"}],"wp:attachment":[{"href":"https:\/\/macite.tg\/index.php?rest_route=%2Fwp%2Fv2%2Fmedia&parent=30380"}],"wp:term":[{"taxonomy":"category","embeddable":true,"href":"https:\/\/macite.tg\/index.php?rest_route=%2Fwp%2Fv2%2Fcategories&post=30380"},{"taxonomy":"post_tag","embeddable":true,"href":"https:\/\/macite.tg\/index.php?rest_route=%2Fwp%2Fv2%2Ftags&post=30380"}],"curies":[{"name":"wp","href":"https:\/\/api.w.org\/{rel}","templated":true}]}}