{"id":30306,"date":"2026-05-09T21:45:03","date_gmt":"2026-05-09T21:45:03","guid":{"rendered":"https:\/\/macite.tg\/?p=30306"},"modified":"2026-05-09T21:45:14","modified_gmt":"2026-05-09T21:45:14","slug":"opinion-maitre-apevon-ou-lirresistible-tentation-insurrectionniste","status":"publish","type":"post","link":"https:\/\/macite.tg\/?p=30306","title":{"rendered":"OPINION\u00a0: Ma\u00eetre Ap\u00e9von ou l\u2019irr\u00e9sistible tentation insurrectionniste"},"content":{"rendered":"\n<p class=\"wp-block-paragraph\"><strong><em>Oooooh ! Ma\u00eetre Ap\u00e9von, quand m\u00eame ! vous connaissez et vous reconnaissez les qualit\u00e9s humaines exceptionnelles du Pr\u00e9sident du Conseil !<\/em><\/strong><\/p>\n\n\n\n<p class=\"wp-block-paragraph\">\u00c0 maintes reprises, l\u2019intimit\u00e9 profonde de votre conscience en a lou\u00e9 la promptitude, la vivacit\u00e9 de cette fabuleuse pr\u00e9disposition du Pr\u00e9sident Faure pour l\u2019exigence sacr\u00e9e et act\u00e9e de la condition humaine, et toute sa politique sociale en porte la marque irr\u00e9futable.<\/p>\n\n\n\n<p class=\"wp-block-paragraph\">Puisque vous ne l\u2019ignorez pas, et que d\u2019ailleurs, certains parmi vous, ressortissants de l\u2019opposition, sont ou ont \u00e9t\u00e9 l\u2019objet de cette bienveillante promptitude, pourquoi toute cette hargne contre l\u2019un des hommes les plus sensibles aux questions qui touchent au bien-\u00eatre des hommes ?<\/p>\n\n\n\n<p class=\"wp-block-paragraph\">Entre les efforts durement d\u00e9ploy\u00e9s par le gouvernement pour r\u00e9soudre \u00e9tape par \u00e9tape, d\u00e9fi par d\u00e9fi, difficult\u00e9 apr\u00e8s difficult\u00e9, jour apr\u00e8s jour les probl\u00e8mes qui assaillent les gens dans leurs vies quotidiennes, n\u2019y a-t-il pas honn\u00eatement la moindre avanc\u00e9e positive, la moindre am\u00e9lioration sur bien des aspects vitaux des conditions de vie des populations ? Pourquoi voyez-vous forc\u00e9ment, unilat\u00e9ralement tout en noir ? Pourquoi ce qui se fait de bien vous indiff\u00e8re totalement, et c\u2019est ce qui va moins bien momentan\u00e9ment qui mobilise votre mauvaise foi hargneuse ?<\/p>\n\n\n\n<figure class=\"wp-block-image size-full\"><img loading=\"lazy\" decoding=\"async\" width=\"947\" height=\"202\" src=\"https:\/\/macite.tg\/wp-content\/uploads\/2026\/04\/zio-lodge.jpg\" alt=\"\" class=\"wp-image-29925\" srcset=\"https:\/\/macite.tg\/wp-content\/uploads\/2026\/04\/zio-lodge.jpg 947w, https:\/\/macite.tg\/wp-content\/uploads\/2026\/04\/zio-lodge-300x64.jpg 300w, https:\/\/macite.tg\/wp-content\/uploads\/2026\/04\/zio-lodge-768x164.jpg 768w\" sizes=\"auto, (max-width: 947px) 100vw, 947px\" \/><\/figure>\n\n\n\n<p class=\"wp-block-paragraph\">Dans un pays o\u00f9 la brutalit\u00e9 des propos est condamn\u00e9e par l\u2019opinion, la prudence et la mod\u00e9ration absolues sont la forme la plus haute de l\u2019intelligence politique me semble-t-il. Mais l\u00e0 c\u2019est encore une autre histoire !<\/p>\n\n\n\n<p class=\"wp-block-paragraph\">Il me souvient qu\u2019il a \u00e9t\u00e9 un temps, un temps tr\u00e8s ancien, o\u00f9, en effet, ma\u00eetre Dodji Ap\u00e9von pr\u00e9f\u00e9rait agir \u00e0 l\u2019int\u00e9rieur des institutions de la R\u00e9publique. Son go\u00fbt pour le dialogue au contact de feu ma\u00eetre&nbsp; Agboyibo s\u2019est subitement- opportun\u00e9ment &#8211; amenuis\u00e9 au fur et \u00e0 mesure que ses \u00e9motions prenaient le dessus sur tout le reste. Cela l\u2019avait amen\u00e9 \u00e0 trahir sa proximit\u00e9 historique avec le b\u00e9lier noir de Kouv\u00e9 et \u00e0 quitter le CAR avec toutes les d\u00e9chirures irr\u00e9conciliables que l\u2019on sait.<\/p>\n\n\n\n<p class=\"wp-block-paragraph\">Cette tentation entre l\u2019anarchie et l\u2019ordre, entre la r\u00e9volution et la stabilit\u00e9, entre la paix et la guerre, entre le barreau et l\u2019opportunisme politique a probablement fait chavirer dans les combinaisons les plus tendancieuses, les plus complotistes un homme dont, au d\u00e9part, la belle na\u00efvet\u00e9 d\u2019\u00e2me villageoise presque romantique, sans asp\u00e9rit\u00e9s id\u00e9ologiques marqu\u00e9es avait quelque chose de gentiment s\u00e9duisant.<\/p>\n\n\n\n<p class=\"wp-block-paragraph\">Qu\u2019est-ce qui n\u2019a donc pas march\u00e9 ? Le go\u00fbt pour l\u2019amertume, pour la rancoeur, pour la pol\u00e9mique inutile n\u2019a-t-il pas \u00e9t\u00e9 contract\u00e9, attrap\u00e9 au contact des p\u00e8lerins de l\u2019\u00e9chec que sont : la furieuse Mme Adjamagbo, l\u2019invert\u00e9br\u00e9 politique Fabre en son acm\u00e9 d\u2019aigreur aigu\u00eb,<\/p>\n\n\n\n<p class=\"wp-block-paragraph\">et le remuant ambitieux, magnat de la soci\u00e9t\u00e9 civile ultra politis\u00e9e, le professeur Dosseh.<\/p>\n\n\n\n<p class=\"wp-block-paragraph\">Que vous pla\u00eet-il de nous dire encore qu\u2019on ait d\u00e9j\u00e0 entendu ?<\/p>\n\n\n\n<p class=\"wp-block-paragraph\">Le faux pour du vrai, le vrai pour du faux, le mensonge pour la v\u00e9rit\u00e9, la v\u00e9rit\u00e9 pour du mensonge !<\/p>\n\n\n\n<figure class=\"wp-block-image size-full\"><img loading=\"lazy\" decoding=\"async\" width=\"851\" height=\"315\" src=\"https:\/\/macite.tg\/wp-content\/uploads\/2026\/04\/OTR_Ferer-pour-batir-1.jpg\" alt=\"\" class=\"wp-image-29832\" srcset=\"https:\/\/macite.tg\/wp-content\/uploads\/2026\/04\/OTR_Ferer-pour-batir-1.jpg 851w, https:\/\/macite.tg\/wp-content\/uploads\/2026\/04\/OTR_Ferer-pour-batir-1-300x111.jpg 300w, https:\/\/macite.tg\/wp-content\/uploads\/2026\/04\/OTR_Ferer-pour-batir-1-768x284.jpg 768w\" sizes=\"auto, (max-width: 851px) 100vw, 851px\" \/><\/figure>\n\n\n\n<p class=\"wp-block-paragraph\">Que vous pla\u00eet-il de nous dire de vous et de vos acolytes qui ne soit d\u00e9j\u00e0 d\u00e9favorablement connu du peuple ?<\/p>\n\n\n\n<p class=\"wp-block-paragraph\">Quelqu\u2019un qui n\u2019a pas su r\u00e9unir sa famille politique d\u2019origine peut-il efficacement r\u00e9unir la constellation \u00e9clat\u00e9e d\u2019ambitions contradictoires qu\u2019est l\u2019opposition extr\u00e9miste ?<\/p>\n\n\n\n<p class=\"wp-block-paragraph\">Sachez, ma\u00eetre Ap\u00e9von que le peuple, s\u2019agissant de cette opposition archa\u00efque, les Togolais en ont fait une donn\u00e9e inamovible de leur syst\u00e8me de pens\u00e9e et de jugement d\u00e9finitif, son verdict : le DISCR\u00c9DIT.<\/p>\n\n\n\n<p class=\"wp-block-paragraph\"><strong>Le GCE Cyr Adomakpo<\/strong><\/p>\n\n\n\n<p class=\"wp-block-paragraph\"><a><strong><em>@macite.tg&nbsp;&nbsp;&nbsp;&nbsp;&nbsp;&nbsp;&nbsp;&nbsp;<\/em><\/strong><\/a><\/p>\n\n\n\n<p class=\"wp-block-paragraph\"><strong><em>E-mail&nbsp;: <\/em><\/strong><a href=\"mailto:maciteinfo@gmail.com\"><strong><em>maciteinfo@gmail.com<\/em><\/strong><\/a><strong><em>; <\/em><\/strong><a href=\"mailto:bawela1@gmail.com\"><strong><em>bawela1@gmail.com<\/em><\/strong><\/a><strong><em><\/em><\/strong><\/p>\n\n\n\n<p class=\"wp-block-paragraph\"><strong><em>Pour vos annonces, publi-reportages, etc., joignez-nous au (00228)91515309\/<strong>79872224 <\/strong><strong><\/strong><\/em><\/strong><\/p>\n\n\n\n<p class=\"wp-block-paragraph\"><strong><em>www.macite.tg, L\u2019information, la bonne&nbsp;!<\/em><\/strong><\/p>\n","protected":false},"excerpt":{"rendered":"<p class=\"text-justify mb-2\" >Oooooh ! Ma\u00eetre Ap\u00e9von, quand m\u00eame ! vous connaissez et vous reconnaissez les qualit\u00e9s humaines exceptionnelles du Pr\u00e9sident du Conseil ! \u00c0 maintes reprises, l\u2019intimit\u00e9 profonde de votre conscience en a lou\u00e9 la promptitude, la vivacit\u00e9 de cette fabuleuse pr\u00e9disposition du Pr\u00e9sident Faure pour l\u2019exigence [&hellip;]<\/p>\n","protected":false},"author":2,"featured_media":30307,"comment_status":"open","ping_status":"open","sticky":false,"template":"","format":"standard","meta":{"footnotes":""},"categories":[20,1],"tags":[],"class_list":["post-30306","post","type-post","status-publish","format-standard","has-post-thumbnail","hentry","category-actualite","category-politique"],"yoast_head":"<!-- This site is optimized with the Yoast SEO plugin v28.4 - https:\/\/yoast.com\/product\/yoast-seo-wordpress\/ -->\n<title>OPINION\u00a0: Ma\u00eetre Ap\u00e9von ou l\u2019irr\u00e9sistible tentation insurrectionniste -<\/title>\n<meta name=\"robots\" content=\"index, follow, max-snippet:-1, max-image-preview:large, max-video-preview:-1\" \/>\n<link rel=\"canonical\" href=\"https:\/\/macite.tg\/?p=30306\" \/>\n<meta property=\"og:locale\" content=\"fr_FR\" \/>\n<meta property=\"og:type\" content=\"article\" \/>\n<meta property=\"og:title\" content=\"OPINION\u00a0: Ma\u00eetre Ap\u00e9von ou l\u2019irr\u00e9sistible tentation insurrectionniste -\" \/>\n<meta property=\"og:description\" content=\"Oooooh ! Ma\u00eetre Ap\u00e9von, quand m\u00eame ! vous connaissez et vous reconnaissez les qualit\u00e9s humaines exceptionnelles du Pr\u00e9sident du Conseil ! \u00c0 maintes reprises, l\u2019intimit\u00e9 profonde de votre conscience en a lou\u00e9 la promptitude, la vivacit\u00e9 de cette fabuleuse pr\u00e9disposition du Pr\u00e9sident Faure pour l\u2019exigence [&hellip;]\" \/>\n<meta property=\"og:url\" content=\"https:\/\/macite.tg\/?p=30306\" \/>\n<meta property=\"article:published_time\" content=\"2026-05-09T21:45:03+00:00\" \/>\n<meta property=\"article:modified_time\" content=\"2026-05-09T21:45:14+00:00\" \/>\n<meta property=\"og:image\" content=\"https:\/\/macite.tg\/wp-content\/uploads\/2026\/05\/MARCHE.jpg\" \/>\n\t<meta property=\"og:image:width\" content=\"500\" \/>\n\t<meta property=\"og:image:height\" content=\"376\" \/>\n\t<meta property=\"og:image:type\" content=\"image\/jpeg\" \/>\n<meta name=\"author\" content=\"Jean Pierre BAWELA\" \/>\n<meta name=\"twitter:card\" content=\"summary_large_image\" \/>\n<meta name=\"twitter:label1\" content=\"\u00c9crit par\" \/>\n\t<meta name=\"twitter:data1\" content=\"Jean Pierre BAWELA\" \/>\n\t<meta name=\"twitter:label2\" content=\"Dur\u00e9e de lecture estim\u00e9e\" \/>\n\t<meta name=\"twitter:data2\" content=\"4 minutes\" \/>\n<script type=\"application\/ld+json\" class=\"yoast-schema-graph\">{\"@context\":\"https:\\\/\\\/schema.org\",\"@graph\":[{\"@type\":\"Article\",\"@id\":\"https:\\\/\\\/macite.tg\\\/?p=30306#article\",\"isPartOf\":{\"@id\":\"https:\\\/\\\/macite.tg\\\/?p=30306\"},\"author\":{\"name\":\"Jean Pierre BAWELA\",\"@id\":\"https:\\\/\\\/macite.tg\\\/#\\\/schema\\\/person\\\/e9f2de7e5dbbe7770a9402c7ce82f5c2\"},\"headline\":\"OPINION\u00a0: Ma\u00eetre Ap\u00e9von ou l\u2019irr\u00e9sistible tentation insurrectionniste\",\"datePublished\":\"2026-05-09T21:45:03+00:00\",\"dateModified\":\"2026-05-09T21:45:14+00:00\",\"mainEntityOfPage\":{\"@id\":\"https:\\\/\\\/macite.tg\\\/?p=30306\"},\"wordCount\":680,\"commentCount\":0,\"image\":{\"@id\":\"https:\\\/\\\/macite.tg\\\/?p=30306#primaryimage\"},\"thumbnailUrl\":\"https:\\\/\\\/macite.tg\\\/wp-content\\\/uploads\\\/2026\\\/05\\\/MARCHE.jpg\",\"articleSection\":[\"ACTUALITE\",\"POLITIQUE\"],\"inLanguage\":\"fr-FR\",\"potentialAction\":[{\"@type\":\"CommentAction\",\"name\":\"Comment\",\"target\":[\"https:\\\/\\\/macite.tg\\\/?p=30306#respond\"]}]},{\"@type\":\"WebPage\",\"@id\":\"https:\\\/\\\/macite.tg\\\/?p=30306\",\"url\":\"https:\\\/\\\/macite.tg\\\/?p=30306\",\"name\":\"OPINION\u00a0: Ma\u00eetre Ap\u00e9von ou l\u2019irr\u00e9sistible tentation insurrectionniste -\",\"isPartOf\":{\"@id\":\"https:\\\/\\\/macite.tg\\\/#website\"},\"primaryImageOfPage\":{\"@id\":\"https:\\\/\\\/macite.tg\\\/?p=30306#primaryimage\"},\"image\":{\"@id\":\"https:\\\/\\\/macite.tg\\\/?p=30306#primaryimage\"},\"thumbnailUrl\":\"https:\\\/\\\/macite.tg\\\/wp-content\\\/uploads\\\/2026\\\/05\\\/MARCHE.jpg\",\"datePublished\":\"2026-05-09T21:45:03+00:00\",\"dateModified\":\"2026-05-09T21:45:14+00:00\",\"author\":{\"@id\":\"https:\\\/\\\/macite.tg\\\/#\\\/schema\\\/person\\\/e9f2de7e5dbbe7770a9402c7ce82f5c2\"},\"breadcrumb\":{\"@id\":\"https:\\\/\\\/macite.tg\\\/?p=30306#breadcrumb\"},\"inLanguage\":\"fr-FR\",\"potentialAction\":[{\"@type\":\"ReadAction\",\"target\":[\"https:\\\/\\\/macite.tg\\\/?p=30306\"]}]},{\"@type\":\"ImageObject\",\"inLanguage\":\"fr-FR\",\"@id\":\"https:\\\/\\\/macite.tg\\\/?p=30306#primaryimage\",\"url\":\"https:\\\/\\\/macite.tg\\\/wp-content\\\/uploads\\\/2026\\\/05\\\/MARCHE.jpg\",\"contentUrl\":\"https:\\\/\\\/macite.tg\\\/wp-content\\\/uploads\\\/2026\\\/05\\\/MARCHE.jpg\",\"width\":500,\"height\":376},{\"@type\":\"BreadcrumbList\",\"@id\":\"https:\\\/\\\/macite.tg\\\/?p=30306#breadcrumb\",\"itemListElement\":[{\"@type\":\"ListItem\",\"position\":1,\"name\":\"Accueil\",\"item\":\"https:\\\/\\\/macite.tg\\\/\"},{\"@type\":\"ListItem\",\"position\":2,\"name\":\"OPINION\u00a0: Ma\u00eetre Ap\u00e9von ou l\u2019irr\u00e9sistible tentation insurrectionniste\"}]},{\"@type\":\"WebSite\",\"@id\":\"https:\\\/\\\/macite.tg\\\/#website\",\"url\":\"https:\\\/\\\/macite.tg\\\/\",\"name\":\"\",\"description\":\"L&#039;information, la bonne!!!\",\"potentialAction\":[{\"@type\":\"SearchAction\",\"target\":{\"@type\":\"EntryPoint\",\"urlTemplate\":\"https:\\\/\\\/macite.tg\\\/?s={search_term_string}\"},\"query-input\":{\"@type\":\"PropertyValueSpecification\",\"valueRequired\":true,\"valueName\":\"search_term_string\"}}],\"inLanguage\":\"fr-FR\"},{\"@type\":\"Person\",\"@id\":\"https:\\\/\\\/macite.tg\\\/#\\\/schema\\\/person\\\/e9f2de7e5dbbe7770a9402c7ce82f5c2\",\"name\":\"Jean Pierre BAWELA\",\"image\":{\"@type\":\"ImageObject\",\"inLanguage\":\"fr-FR\",\"@id\":\"https:\\\/\\\/macite.tg\\\/wp-content\\\/uploads\\\/2023\\\/09\\\/WhatsApp-Image-2023-09-19-at-14.44.41-122x122.jpeg\",\"url\":\"https:\\\/\\\/macite.tg\\\/wp-content\\\/uploads\\\/2023\\\/09\\\/WhatsApp-Image-2023-09-19-at-14.44.41-122x122.jpeg\",\"contentUrl\":\"https:\\\/\\\/macite.tg\\\/wp-content\\\/uploads\\\/2023\\\/09\\\/WhatsApp-Image-2023-09-19-at-14.44.41-122x122.jpeg\",\"caption\":\"Jean Pierre BAWELA\"},\"url\":\"https:\\\/\\\/macite.tg\\\/?author=2\"}]}<\/script>\n<!-- \/ Yoast SEO plugin. -->","yoast_head_json":{"title":"OPINION\u00a0: Ma\u00eetre Ap\u00e9von ou l\u2019irr\u00e9sistible tentation insurrectionniste -","robots":{"index":"index","follow":"follow","max-snippet":"max-snippet:-1","max-image-preview":"max-image-preview:large","max-video-preview":"max-video-preview:-1"},"canonical":"https:\/\/macite.tg\/?p=30306","og_locale":"fr_FR","og_type":"article","og_title":"OPINION\u00a0: Ma\u00eetre Ap\u00e9von ou l\u2019irr\u00e9sistible tentation insurrectionniste -","og_description":"Oooooh ! Ma\u00eetre Ap\u00e9von, quand m\u00eame ! vous connaissez et vous reconnaissez les qualit\u00e9s humaines exceptionnelles du Pr\u00e9sident du Conseil ! \u00c0 maintes reprises, l\u2019intimit\u00e9 profonde de votre conscience en a lou\u00e9 la promptitude, la vivacit\u00e9 de cette fabuleuse pr\u00e9disposition du Pr\u00e9sident Faure pour l\u2019exigence [&hellip;]","og_url":"https:\/\/macite.tg\/?p=30306","article_published_time":"2026-05-09T21:45:03+00:00","article_modified_time":"2026-05-09T21:45:14+00:00","og_image":[{"width":500,"height":376,"url":"https:\/\/macite.tg\/wp-content\/uploads\/2026\/05\/MARCHE.jpg","type":"image\/jpeg"}],"author":"Jean Pierre BAWELA","twitter_card":"summary_large_image","twitter_misc":{"\u00c9crit par":"Jean Pierre BAWELA","Dur\u00e9e de lecture estim\u00e9e":"4 minutes"},"schema":{"@context":"https:\/\/schema.org","@graph":[{"@type":"Article","@id":"https:\/\/macite.tg\/?p=30306#article","isPartOf":{"@id":"https:\/\/macite.tg\/?p=30306"},"author":{"name":"Jean Pierre BAWELA","@id":"https:\/\/macite.tg\/#\/schema\/person\/e9f2de7e5dbbe7770a9402c7ce82f5c2"},"headline":"OPINION\u00a0: Ma\u00eetre Ap\u00e9von ou l\u2019irr\u00e9sistible tentation insurrectionniste","datePublished":"2026-05-09T21:45:03+00:00","dateModified":"2026-05-09T21:45:14+00:00","mainEntityOfPage":{"@id":"https:\/\/macite.tg\/?p=30306"},"wordCount":680,"commentCount":0,"image":{"@id":"https:\/\/macite.tg\/?p=30306#primaryimage"},"thumbnailUrl":"https:\/\/macite.tg\/wp-content\/uploads\/2026\/05\/MARCHE.jpg","articleSection":["ACTUALITE","POLITIQUE"],"inLanguage":"fr-FR","potentialAction":[{"@type":"CommentAction","name":"Comment","target":["https:\/\/macite.tg\/?p=30306#respond"]}]},{"@type":"WebPage","@id":"https:\/\/macite.tg\/?p=30306","url":"https:\/\/macite.tg\/?p=30306","name":"OPINION\u00a0: Ma\u00eetre Ap\u00e9von ou l\u2019irr\u00e9sistible tentation insurrectionniste -","isPartOf":{"@id":"https:\/\/macite.tg\/#website"},"primaryImageOfPage":{"@id":"https:\/\/macite.tg\/?p=30306#primaryimage"},"image":{"@id":"https:\/\/macite.tg\/?p=30306#primaryimage"},"thumbnailUrl":"https:\/\/macite.tg\/wp-content\/uploads\/2026\/05\/MARCHE.jpg","datePublished":"2026-05-09T21:45:03+00:00","dateModified":"2026-05-09T21:45:14+00:00","author":{"@id":"https:\/\/macite.tg\/#\/schema\/person\/e9f2de7e5dbbe7770a9402c7ce82f5c2"},"breadcrumb":{"@id":"https:\/\/macite.tg\/?p=30306#breadcrumb"},"inLanguage":"fr-FR","potentialAction":[{"@type":"ReadAction","target":["https:\/\/macite.tg\/?p=30306"]}]},{"@type":"ImageObject","inLanguage":"fr-FR","@id":"https:\/\/macite.tg\/?p=30306#primaryimage","url":"https:\/\/macite.tg\/wp-content\/uploads\/2026\/05\/MARCHE.jpg","contentUrl":"https:\/\/macite.tg\/wp-content\/uploads\/2026\/05\/MARCHE.jpg","width":500,"height":376},{"@type":"BreadcrumbList","@id":"https:\/\/macite.tg\/?p=30306#breadcrumb","itemListElement":[{"@type":"ListItem","position":1,"name":"Accueil","item":"https:\/\/macite.tg\/"},{"@type":"ListItem","position":2,"name":"OPINION\u00a0: Ma\u00eetre Ap\u00e9von ou l\u2019irr\u00e9sistible tentation insurrectionniste"}]},{"@type":"WebSite","@id":"https:\/\/macite.tg\/#website","url":"https:\/\/macite.tg\/","name":"","description":"L&#039;information, la bonne!!!","potentialAction":[{"@type":"SearchAction","target":{"@type":"EntryPoint","urlTemplate":"https:\/\/macite.tg\/?s={search_term_string}"},"query-input":{"@type":"PropertyValueSpecification","valueRequired":true,"valueName":"search_term_string"}}],"inLanguage":"fr-FR"},{"@type":"Person","@id":"https:\/\/macite.tg\/#\/schema\/person\/e9f2de7e5dbbe7770a9402c7ce82f5c2","name":"Jean Pierre BAWELA","image":{"@type":"ImageObject","inLanguage":"fr-FR","@id":"https:\/\/macite.tg\/wp-content\/uploads\/2023\/09\/WhatsApp-Image-2023-09-19-at-14.44.41-122x122.jpeg","url":"https:\/\/macite.tg\/wp-content\/uploads\/2023\/09\/WhatsApp-Image-2023-09-19-at-14.44.41-122x122.jpeg","contentUrl":"https:\/\/macite.tg\/wp-content\/uploads\/2023\/09\/WhatsApp-Image-2023-09-19-at-14.44.41-122x122.jpeg","caption":"Jean Pierre BAWELA"},"url":"https:\/\/macite.tg\/?author=2"}]}},"_links":{"self":[{"href":"https:\/\/macite.tg\/index.php?rest_route=\/wp\/v2\/posts\/30306","targetHints":{"allow":["GET"]}}],"collection":[{"href":"https:\/\/macite.tg\/index.php?rest_route=\/wp\/v2\/posts"}],"about":[{"href":"https:\/\/macite.tg\/index.php?rest_route=\/wp\/v2\/types\/post"}],"author":[{"embeddable":true,"href":"https:\/\/macite.tg\/index.php?rest_route=\/wp\/v2\/users\/2"}],"replies":[{"embeddable":true,"href":"https:\/\/macite.tg\/index.php?rest_route=%2Fwp%2Fv2%2Fcomments&post=30306"}],"version-history":[{"count":0,"href":"https:\/\/macite.tg\/index.php?rest_route=\/wp\/v2\/posts\/30306\/revisions"}],"wp:featuredmedia":[{"embeddable":true,"href":"https:\/\/macite.tg\/index.php?rest_route=\/wp\/v2\/media\/30307"}],"wp:attachment":[{"href":"https:\/\/macite.tg\/index.php?rest_route=%2Fwp%2Fv2%2Fmedia&parent=30306"}],"wp:term":[{"taxonomy":"category","embeddable":true,"href":"https:\/\/macite.tg\/index.php?rest_route=%2Fwp%2Fv2%2Fcategories&post=30306"},{"taxonomy":"post_tag","embeddable":true,"href":"https:\/\/macite.tg\/index.php?rest_route=%2Fwp%2Fv2%2Ftags&post=30306"}],"curies":[{"name":"wp","href":"https:\/\/api.w.org\/{rel}","templated":true}]}}