{"id":30302,"date":"2026-05-08T19:48:06","date_gmt":"2026-05-08T19:48:06","guid":{"rendered":"https:\/\/macite.tg\/?p=30302"},"modified":"2026-05-08T19:48:11","modified_gmt":"2026-05-08T19:48:11","slug":"lopposition-togolaise-face-au-defi-de-la-ve-republique-entre-nostalgie-et-renouveau","status":"publish","type":"post","link":"https:\/\/macite.tg\/?p=30302","title":{"rendered":"L\u2019OPPOSITION TOGOLAISE FACE AU DEFI DE LA VE REPUBLIQUE\u00a0: \u00a0Entre nostalgie et renouveau"},"content":{"rendered":"\n<p class=\"wp-block-paragraph\"><strong><em>Avec l&rsquo;av\u00e8nement de la Ve R\u00e9publique, le paysage institutionnel du Togo conna\u00eet une mutation profonde. Si ce nouveau cadre offre une opportunit\u00e9 historique de recomposition pour la classe politique, l\u2019opposition semble marquer le pas. Entre strat\u00e9gies de contestation h\u00e9rit\u00e9es des ann\u00e9es 90 et difficult\u00e9 \u00e0 investir le terrain institutionnel, l&rsquo;analyse d&rsquo;un rendez-vous manqu\u00e9.<\/em><\/strong><\/p>\n\n\n\n<p class=\"wp-block-paragraph\">La nouvelle architecture politique togolaise, ax\u00e9e sur la d\u00e9centralisation et le renforcement des collectivit\u00e9s territoriales, impose un changement d\u2019approche. Pourtant, une partie de l\u2019opposition reste fig\u00e9e dans une posture de confrontation syst\u00e9matique.<\/p>\n\n\n\n<p class=\"wp-block-paragraph\">L\u2019enjeu actuel ne se situe plus uniquement dans la visibilit\u00e9 m\u00e9diatique imm\u00e9diate, mais dans la conqu\u00eate des institutions locales. En privil\u00e9giant l&rsquo;\u00e9clat des mobilisations de rue au d\u00e9triment d&rsquo;un ancrage durable, certains acteurs semblent <em>\u00ab l\u00e2cher la proie pour l&rsquo;ombre \u00bb.<\/em><\/p>\n\n\n<div class=\"wp-block-image\">\n<figure class=\"aligncenter size-large\"><img loading=\"lazy\" decoding=\"async\" width=\"724\" height=\"1024\" src=\"https:\/\/macite.tg\/wp-content\/uploads\/2026\/05\/image-9-724x1024.png\" alt=\"\" class=\"wp-image-30222\" srcset=\"https:\/\/macite.tg\/wp-content\/uploads\/2026\/05\/image-9-724x1024.png 724w, https:\/\/macite.tg\/wp-content\/uploads\/2026\/05\/image-9-212x300.png 212w, https:\/\/macite.tg\/wp-content\/uploads\/2026\/05\/image-9-768x1086.png 768w, https:\/\/macite.tg\/wp-content\/uploads\/2026\/05\/image-9-1086x1536.png 1086w, https:\/\/macite.tg\/wp-content\/uploads\/2026\/05\/image-9.png 1448w\" sizes=\"auto, (max-width: 724px) 100vw, 724px\" \/><\/figure>\n<\/div>\n\n\n<p class=\"wp-block-paragraph\"><strong>Le meeting du 9 mai 2026, un air de d\u00e9j\u00e0-vu<\/strong><\/p>\n\n\n\n<p class=\"wp-block-paragraph\">Le rassemblement pr\u00e9vu ce 9 mai 2026 par le <em>Cadre National de Concertation pour le Changement (CNCC)<\/em> suscite des interrogations. Si la libert\u00e9 de manifestation est un acquis, l&rsquo;efficacit\u00e9 politique de ce format interroge tout esprit critique.<\/p>\n\n\n\n<p class=\"wp-block-paragraph\">D\u2019abord, les discours restent inchang\u00e9s. Les observateurs de la sc\u00e8ne politique togolaise notent une persistance des rh\u00e9toriques des ann\u00e9es 90. Bref, rien n\u2019a chang\u00e9.<\/p>\n\n\n\n<p class=\"wp-block-paragraph\">Ensuite, l\u2019on note un d\u00e9calage g\u00e9n\u00e9rationnel<strong>.<\/strong> Alors que les jeunes militants aspirent \u00e0 une gouvernance de proximit\u00e9, l&rsquo;opposition r\u00e9active des modes d&rsquo;action anciens.<\/p>\n\n\n\n<p class=\"wp-block-paragraph\">Enfin, l\u2019on pointe du doigt une efficacit\u00e9 limit\u00e9e. Dans un syst\u00e8me o\u00f9 le pouvoir se d\u00e9place vers le Parlement et les communes, la rue seule ne suffit plus \u00e0 modifier l&rsquo;\u00e9quilibre des forces.<\/p>\n\n\n\n<p class=\"wp-block-paragraph\"><strong>L&rsquo;implantation du pouvoir dans les anciens bastions de l&rsquo;opposition<\/strong><\/p>\n\n\n\n<p class=\"wp-block-paragraph\">Pendant que l&rsquo;opposition se concentre sur la contestation nationale, le parti au pouvoir gagne du terrain l\u00e0 o\u00f9 on ne l&rsquo;attendait pas. En investissant les collectivit\u00e9s territoriales, le gouvernement r\u00e9pond aux pr\u00e9occupations quotidiennes des populations par des actions de proximit\u00e9.<\/p>\n\n\n\n<p class=\"wp-block-paragraph\">Ce maillage territorial cr\u00e9e un contraste frappant. Pendant que le Pouvoir mise sur une administration de proximit\u00e9 et des \u00e9lus locaux, l\u2019opposition togolaise peine \u00e0 transformer son discours de contestation en solutions tangibles pour les citoyens.<\/p>\n\n\n\n<p class=\"wp-block-paragraph\">C\u2019est dire que l&rsquo;opposition togolaise souffre d&rsquo;une difficult\u00e9 chronique \u00e0 renouveler ses strat\u00e9gies. Le risque est de voir ses bastions historiques s&rsquo;effriter face \u00e0 une gouvernance locale de plus en plus active.<\/p>\n\n\n<div class=\"wp-block-image\">\n<figure class=\"aligncenter size-full\"><img loading=\"lazy\" decoding=\"async\" width=\"720\" height=\"1003\" src=\"https:\/\/macite.tg\/wp-content\/uploads\/2026\/05\/image-4.png\" alt=\"\" class=\"wp-image-30182\" srcset=\"https:\/\/macite.tg\/wp-content\/uploads\/2026\/05\/image-4.png 720w, https:\/\/macite.tg\/wp-content\/uploads\/2026\/05\/image-4-215x300.png 215w\" sizes=\"auto, (max-width: 720px) 100vw, 720px\" \/><\/figure>\n<\/div>\n\n\n<p class=\"wp-block-paragraph\"><strong>Vers une n\u00e9cessaire mutation strat\u00e9gique<\/strong><\/p>\n\n\n\n<p class=\"wp-block-paragraph\">Pour peser durablement sous la Ve R\u00e9publique, l&rsquo;opposition togolaise doit imp\u00e9rativement d\u00e9passer l&rsquo;incantation pour s&rsquo;inscrire dans la construction politique de long terme. La transition \u00e9cologique, l&rsquo;\u00e9conomie locale et la d\u00e9centralisation sont autant de terrains o\u00f9 une alternative cr\u00e9dible pourrait se b\u00e2tir.<\/p>\n\n\n\n<p class=\"wp-block-paragraph\">Le v\u00e9ritable levier de reconqu\u00eate ne se trouve plus dans la r\u00e9p\u00e9tition des sch\u00e9mas du pass\u00e9, mais dans la capacit\u00e9 \u00e0 proposer un projet de soci\u00e9t\u00e9 adapt\u00e9 aux r\u00e9alit\u00e9s institutionnelles actuelles.<\/p>\n\n\n\n<p class=\"wp-block-paragraph\"><strong>La R\u00e9daction<\/strong><\/p>\n\n\n\n<p class=\"wp-block-paragraph\"><a><strong><em>@macite.tg&nbsp;&nbsp;&nbsp;&nbsp;&nbsp;&nbsp;&nbsp;&nbsp;<\/em><\/strong><\/a><\/p>\n\n\n\n<p class=\"wp-block-paragraph\"><strong><em>E-mail&nbsp;: <\/em><\/strong><a href=\"mailto:maciteinfo@gmail.com\"><em>maciteinfo@gmail.com<\/em><\/a><strong><em>; <\/em><\/strong><a href=\"mailto:bawela1@gmail.com\"><em>bawela1@gmail.com<\/em><\/a><em><\/em><\/p>\n\n\n\n<p class=\"wp-block-paragraph\"><strong><em>Pour vos annonces, publi-reportages, etc., joignez-nous au (00228)91515309\/<strong>79872224 <\/strong><strong><\/strong><\/em><\/strong><\/p>\n\n\n\n<p class=\"wp-block-paragraph\"><strong><em>www.macite.tg, L\u2019information, la bonne&nbsp;!<\/em><\/strong><\/p>\n","protected":false},"excerpt":{"rendered":"<p class=\"text-justify mb-2\" >Avec l&rsquo;av\u00e8nement de la Ve R\u00e9publique, le paysage institutionnel du Togo conna\u00eet une mutation profonde. Si ce nouveau cadre offre une opportunit\u00e9 historique de recomposition pour la classe politique, l\u2019opposition semble marquer le pas. Entre strat\u00e9gies de contestation h\u00e9rit\u00e9es des ann\u00e9es 90 et difficult\u00e9 \u00e0 [&hellip;]<\/p>\n","protected":false},"author":2,"featured_media":30304,"comment_status":"open","ping_status":"open","sticky":false,"template":"","format":"standard","meta":{"footnotes":""},"categories":[20,1],"tags":[],"class_list":["post-30302","post","type-post","status-publish","format-standard","has-post-thumbnail","hentry","category-actualite","category-politique"],"yoast_head":"<!-- This site is optimized with the Yoast SEO plugin v28.4 - https:\/\/yoast.com\/product\/yoast-seo-wordpress\/ -->\n<title>L\u2019OPPOSITION TOGOLAISE FACE AU DEFI DE LA VE REPUBLIQUE\u00a0: \u00a0Entre nostalgie et renouveau -<\/title>\n<meta name=\"robots\" content=\"index, follow, max-snippet:-1, max-image-preview:large, max-video-preview:-1\" \/>\n<link rel=\"canonical\" href=\"https:\/\/macite.tg\/?p=30302\" \/>\n<meta property=\"og:locale\" content=\"fr_FR\" \/>\n<meta property=\"og:type\" content=\"article\" \/>\n<meta property=\"og:title\" content=\"L\u2019OPPOSITION TOGOLAISE FACE AU DEFI DE LA VE REPUBLIQUE\u00a0: \u00a0Entre nostalgie et renouveau -\" \/>\n<meta property=\"og:description\" content=\"Avec l&rsquo;av\u00e8nement de la Ve R\u00e9publique, le paysage institutionnel du Togo conna\u00eet une mutation profonde. Si ce nouveau cadre offre une opportunit\u00e9 historique de recomposition pour la classe politique, l\u2019opposition semble marquer le pas. Entre strat\u00e9gies de contestation h\u00e9rit\u00e9es des ann\u00e9es 90 et difficult\u00e9 \u00e0 [&hellip;]\" \/>\n<meta property=\"og:url\" content=\"https:\/\/macite.tg\/?p=30302\" \/>\n<meta property=\"article:published_time\" content=\"2026-05-08T19:48:06+00:00\" \/>\n<meta property=\"article:modified_time\" content=\"2026-05-08T19:48:11+00:00\" \/>\n<meta property=\"og:image\" content=\"https:\/\/macite.tg\/wp-content\/uploads\/2026\/05\/image-24.png\" \/>\n\t<meta property=\"og:image:width\" content=\"352\" \/>\n\t<meta property=\"og:image:height\" content=\"234\" \/>\n\t<meta property=\"og:image:type\" content=\"image\/png\" \/>\n<meta name=\"author\" content=\"Jean Pierre BAWELA\" \/>\n<meta name=\"twitter:card\" content=\"summary_large_image\" \/>\n<meta name=\"twitter:label1\" content=\"\u00c9crit par\" \/>\n\t<meta name=\"twitter:data1\" content=\"Jean Pierre BAWELA\" \/>\n\t<meta name=\"twitter:label2\" content=\"Dur\u00e9e de lecture estim\u00e9e\" \/>\n\t<meta name=\"twitter:data2\" content=\"3 minutes\" \/>\n<script type=\"application\/ld+json\" class=\"yoast-schema-graph\">{\"@context\":\"https:\\\/\\\/schema.org\",\"@graph\":[{\"@type\":\"Article\",\"@id\":\"https:\\\/\\\/macite.tg\\\/?p=30302#article\",\"isPartOf\":{\"@id\":\"https:\\\/\\\/macite.tg\\\/?p=30302\"},\"author\":{\"name\":\"Jean Pierre BAWELA\",\"@id\":\"https:\\\/\\\/macite.tg\\\/#\\\/schema\\\/person\\\/e9f2de7e5dbbe7770a9402c7ce82f5c2\"},\"headline\":\"L\u2019OPPOSITION TOGOLAISE FACE AU DEFI DE LA VE REPUBLIQUE\u00a0: \u00a0Entre nostalgie et renouveau\",\"datePublished\":\"2026-05-08T19:48:06+00:00\",\"dateModified\":\"2026-05-08T19:48:11+00:00\",\"mainEntityOfPage\":{\"@id\":\"https:\\\/\\\/macite.tg\\\/?p=30302\"},\"wordCount\":566,\"commentCount\":0,\"image\":{\"@id\":\"https:\\\/\\\/macite.tg\\\/?p=30302#primaryimage\"},\"thumbnailUrl\":\"https:\\\/\\\/macite.tg\\\/wp-content\\\/uploads\\\/2026\\\/05\\\/image-24.png\",\"articleSection\":[\"ACTUALITE\",\"POLITIQUE\"],\"inLanguage\":\"fr-FR\",\"potentialAction\":[{\"@type\":\"CommentAction\",\"name\":\"Comment\",\"target\":[\"https:\\\/\\\/macite.tg\\\/?p=30302#respond\"]}]},{\"@type\":\"WebPage\",\"@id\":\"https:\\\/\\\/macite.tg\\\/?p=30302\",\"url\":\"https:\\\/\\\/macite.tg\\\/?p=30302\",\"name\":\"L\u2019OPPOSITION TOGOLAISE FACE AU DEFI DE LA VE REPUBLIQUE\u00a0: \u00a0Entre nostalgie et renouveau -\",\"isPartOf\":{\"@id\":\"https:\\\/\\\/macite.tg\\\/#website\"},\"primaryImageOfPage\":{\"@id\":\"https:\\\/\\\/macite.tg\\\/?p=30302#primaryimage\"},\"image\":{\"@id\":\"https:\\\/\\\/macite.tg\\\/?p=30302#primaryimage\"},\"thumbnailUrl\":\"https:\\\/\\\/macite.tg\\\/wp-content\\\/uploads\\\/2026\\\/05\\\/image-24.png\",\"datePublished\":\"2026-05-08T19:48:06+00:00\",\"dateModified\":\"2026-05-08T19:48:11+00:00\",\"author\":{\"@id\":\"https:\\\/\\\/macite.tg\\\/#\\\/schema\\\/person\\\/e9f2de7e5dbbe7770a9402c7ce82f5c2\"},\"breadcrumb\":{\"@id\":\"https:\\\/\\\/macite.tg\\\/?p=30302#breadcrumb\"},\"inLanguage\":\"fr-FR\",\"potentialAction\":[{\"@type\":\"ReadAction\",\"target\":[\"https:\\\/\\\/macite.tg\\\/?p=30302\"]}]},{\"@type\":\"ImageObject\",\"inLanguage\":\"fr-FR\",\"@id\":\"https:\\\/\\\/macite.tg\\\/?p=30302#primaryimage\",\"url\":\"https:\\\/\\\/macite.tg\\\/wp-content\\\/uploads\\\/2026\\\/05\\\/image-24.png\",\"contentUrl\":\"https:\\\/\\\/macite.tg\\\/wp-content\\\/uploads\\\/2026\\\/05\\\/image-24.png\",\"width\":352,\"height\":234},{\"@type\":\"BreadcrumbList\",\"@id\":\"https:\\\/\\\/macite.tg\\\/?p=30302#breadcrumb\",\"itemListElement\":[{\"@type\":\"ListItem\",\"position\":1,\"name\":\"Accueil\",\"item\":\"https:\\\/\\\/macite.tg\\\/\"},{\"@type\":\"ListItem\",\"position\":2,\"name\":\"L\u2019OPPOSITION TOGOLAISE FACE AU DEFI DE LA VE REPUBLIQUE\u00a0: \u00a0Entre nostalgie et renouveau\"}]},{\"@type\":\"WebSite\",\"@id\":\"https:\\\/\\\/macite.tg\\\/#website\",\"url\":\"https:\\\/\\\/macite.tg\\\/\",\"name\":\"\",\"description\":\"L&#039;information, la bonne!!!\",\"potentialAction\":[{\"@type\":\"SearchAction\",\"target\":{\"@type\":\"EntryPoint\",\"urlTemplate\":\"https:\\\/\\\/macite.tg\\\/?s={search_term_string}\"},\"query-input\":{\"@type\":\"PropertyValueSpecification\",\"valueRequired\":true,\"valueName\":\"search_term_string\"}}],\"inLanguage\":\"fr-FR\"},{\"@type\":\"Person\",\"@id\":\"https:\\\/\\\/macite.tg\\\/#\\\/schema\\\/person\\\/e9f2de7e5dbbe7770a9402c7ce82f5c2\",\"name\":\"Jean Pierre BAWELA\",\"image\":{\"@type\":\"ImageObject\",\"inLanguage\":\"fr-FR\",\"@id\":\"https:\\\/\\\/macite.tg\\\/wp-content\\\/uploads\\\/2023\\\/09\\\/WhatsApp-Image-2023-09-19-at-14.44.41-122x122.jpeg\",\"url\":\"https:\\\/\\\/macite.tg\\\/wp-content\\\/uploads\\\/2023\\\/09\\\/WhatsApp-Image-2023-09-19-at-14.44.41-122x122.jpeg\",\"contentUrl\":\"https:\\\/\\\/macite.tg\\\/wp-content\\\/uploads\\\/2023\\\/09\\\/WhatsApp-Image-2023-09-19-at-14.44.41-122x122.jpeg\",\"caption\":\"Jean Pierre BAWELA\"},\"url\":\"https:\\\/\\\/macite.tg\\\/?author=2\"}]}<\/script>\n<!-- \/ Yoast SEO plugin. -->","yoast_head_json":{"title":"L\u2019OPPOSITION TOGOLAISE FACE AU DEFI DE LA VE REPUBLIQUE\u00a0: \u00a0Entre nostalgie et renouveau -","robots":{"index":"index","follow":"follow","max-snippet":"max-snippet:-1","max-image-preview":"max-image-preview:large","max-video-preview":"max-video-preview:-1"},"canonical":"https:\/\/macite.tg\/?p=30302","og_locale":"fr_FR","og_type":"article","og_title":"L\u2019OPPOSITION TOGOLAISE FACE AU DEFI DE LA VE REPUBLIQUE\u00a0: \u00a0Entre nostalgie et renouveau -","og_description":"Avec l&rsquo;av\u00e8nement de la Ve R\u00e9publique, le paysage institutionnel du Togo conna\u00eet une mutation profonde. Si ce nouveau cadre offre une opportunit\u00e9 historique de recomposition pour la classe politique, l\u2019opposition semble marquer le pas. Entre strat\u00e9gies de contestation h\u00e9rit\u00e9es des ann\u00e9es 90 et difficult\u00e9 \u00e0 [&hellip;]","og_url":"https:\/\/macite.tg\/?p=30302","article_published_time":"2026-05-08T19:48:06+00:00","article_modified_time":"2026-05-08T19:48:11+00:00","og_image":[{"width":352,"height":234,"url":"https:\/\/macite.tg\/wp-content\/uploads\/2026\/05\/image-24.png","type":"image\/png"}],"author":"Jean Pierre BAWELA","twitter_card":"summary_large_image","twitter_misc":{"\u00c9crit par":"Jean Pierre BAWELA","Dur\u00e9e de lecture estim\u00e9e":"3 minutes"},"schema":{"@context":"https:\/\/schema.org","@graph":[{"@type":"Article","@id":"https:\/\/macite.tg\/?p=30302#article","isPartOf":{"@id":"https:\/\/macite.tg\/?p=30302"},"author":{"name":"Jean Pierre BAWELA","@id":"https:\/\/macite.tg\/#\/schema\/person\/e9f2de7e5dbbe7770a9402c7ce82f5c2"},"headline":"L\u2019OPPOSITION TOGOLAISE FACE AU DEFI DE LA VE REPUBLIQUE\u00a0: \u00a0Entre nostalgie et renouveau","datePublished":"2026-05-08T19:48:06+00:00","dateModified":"2026-05-08T19:48:11+00:00","mainEntityOfPage":{"@id":"https:\/\/macite.tg\/?p=30302"},"wordCount":566,"commentCount":0,"image":{"@id":"https:\/\/macite.tg\/?p=30302#primaryimage"},"thumbnailUrl":"https:\/\/macite.tg\/wp-content\/uploads\/2026\/05\/image-24.png","articleSection":["ACTUALITE","POLITIQUE"],"inLanguage":"fr-FR","potentialAction":[{"@type":"CommentAction","name":"Comment","target":["https:\/\/macite.tg\/?p=30302#respond"]}]},{"@type":"WebPage","@id":"https:\/\/macite.tg\/?p=30302","url":"https:\/\/macite.tg\/?p=30302","name":"L\u2019OPPOSITION TOGOLAISE FACE AU DEFI DE LA VE REPUBLIQUE\u00a0: \u00a0Entre nostalgie et renouveau -","isPartOf":{"@id":"https:\/\/macite.tg\/#website"},"primaryImageOfPage":{"@id":"https:\/\/macite.tg\/?p=30302#primaryimage"},"image":{"@id":"https:\/\/macite.tg\/?p=30302#primaryimage"},"thumbnailUrl":"https:\/\/macite.tg\/wp-content\/uploads\/2026\/05\/image-24.png","datePublished":"2026-05-08T19:48:06+00:00","dateModified":"2026-05-08T19:48:11+00:00","author":{"@id":"https:\/\/macite.tg\/#\/schema\/person\/e9f2de7e5dbbe7770a9402c7ce82f5c2"},"breadcrumb":{"@id":"https:\/\/macite.tg\/?p=30302#breadcrumb"},"inLanguage":"fr-FR","potentialAction":[{"@type":"ReadAction","target":["https:\/\/macite.tg\/?p=30302"]}]},{"@type":"ImageObject","inLanguage":"fr-FR","@id":"https:\/\/macite.tg\/?p=30302#primaryimage","url":"https:\/\/macite.tg\/wp-content\/uploads\/2026\/05\/image-24.png","contentUrl":"https:\/\/macite.tg\/wp-content\/uploads\/2026\/05\/image-24.png","width":352,"height":234},{"@type":"BreadcrumbList","@id":"https:\/\/macite.tg\/?p=30302#breadcrumb","itemListElement":[{"@type":"ListItem","position":1,"name":"Accueil","item":"https:\/\/macite.tg\/"},{"@type":"ListItem","position":2,"name":"L\u2019OPPOSITION TOGOLAISE FACE AU DEFI DE LA VE REPUBLIQUE\u00a0: \u00a0Entre nostalgie et renouveau"}]},{"@type":"WebSite","@id":"https:\/\/macite.tg\/#website","url":"https:\/\/macite.tg\/","name":"","description":"L&#039;information, la bonne!!!","potentialAction":[{"@type":"SearchAction","target":{"@type":"EntryPoint","urlTemplate":"https:\/\/macite.tg\/?s={search_term_string}"},"query-input":{"@type":"PropertyValueSpecification","valueRequired":true,"valueName":"search_term_string"}}],"inLanguage":"fr-FR"},{"@type":"Person","@id":"https:\/\/macite.tg\/#\/schema\/person\/e9f2de7e5dbbe7770a9402c7ce82f5c2","name":"Jean Pierre BAWELA","image":{"@type":"ImageObject","inLanguage":"fr-FR","@id":"https:\/\/macite.tg\/wp-content\/uploads\/2023\/09\/WhatsApp-Image-2023-09-19-at-14.44.41-122x122.jpeg","url":"https:\/\/macite.tg\/wp-content\/uploads\/2023\/09\/WhatsApp-Image-2023-09-19-at-14.44.41-122x122.jpeg","contentUrl":"https:\/\/macite.tg\/wp-content\/uploads\/2023\/09\/WhatsApp-Image-2023-09-19-at-14.44.41-122x122.jpeg","caption":"Jean Pierre BAWELA"},"url":"https:\/\/macite.tg\/?author=2"}]}},"_links":{"self":[{"href":"https:\/\/macite.tg\/index.php?rest_route=\/wp\/v2\/posts\/30302","targetHints":{"allow":["GET"]}}],"collection":[{"href":"https:\/\/macite.tg\/index.php?rest_route=\/wp\/v2\/posts"}],"about":[{"href":"https:\/\/macite.tg\/index.php?rest_route=\/wp\/v2\/types\/post"}],"author":[{"embeddable":true,"href":"https:\/\/macite.tg\/index.php?rest_route=\/wp\/v2\/users\/2"}],"replies":[{"embeddable":true,"href":"https:\/\/macite.tg\/index.php?rest_route=%2Fwp%2Fv2%2Fcomments&post=30302"}],"version-history":[{"count":0,"href":"https:\/\/macite.tg\/index.php?rest_route=\/wp\/v2\/posts\/30302\/revisions"}],"wp:featuredmedia":[{"embeddable":true,"href":"https:\/\/macite.tg\/index.php?rest_route=\/wp\/v2\/media\/30304"}],"wp:attachment":[{"href":"https:\/\/macite.tg\/index.php?rest_route=%2Fwp%2Fv2%2Fmedia&parent=30302"}],"wp:term":[{"taxonomy":"category","embeddable":true,"href":"https:\/\/macite.tg\/index.php?rest_route=%2Fwp%2Fv2%2Fcategories&post=30302"},{"taxonomy":"post_tag","embeddable":true,"href":"https:\/\/macite.tg\/index.php?rest_route=%2Fwp%2Fv2%2Ftags&post=30302"}],"curies":[{"name":"wp","href":"https:\/\/api.w.org\/{rel}","templated":true}]}}