{"id":30281,"date":"2026-05-08T10:48:22","date_gmt":"2026-05-08T10:48:22","guid":{"rendered":"https:\/\/macite.tg\/?p=30281"},"modified":"2026-05-08T10:48:27","modified_gmt":"2026-05-08T10:48:27","slug":"ldc-psg-bayern-1-1-paris-en-finale-luefa-sous-le-feu-des-critiques-apres-un-arbitrage-explosif","status":"publish","type":"post","link":"https:\/\/macite.tg\/?p=30281","title":{"rendered":"LDC\/ PSG &#8211; BAYERN (1-1) : Paris en finale, l\u2019UEFA sous le feu des critiques apr\u00e8s un arbitrage explosif"},"content":{"rendered":"\n<p class=\"wp-block-paragraph\"><strong><em>Le Paris Saint-Germain a valid\u00e9 son ticket pour la finale de la Ligue des Champions mercredi soir \u00e0 l&rsquo;Allianz Arena. Malgr\u00e9 un nul (1-1) et une qualification au cumul\u00e9 (6-5), le match a \u00e9t\u00e9 marqu\u00e9 par des d\u00e9cisions arbitrales qui font bondir le clan bavarois et plusieurs analystes sportifs. Entre penalty oubli\u00e9 et choix arbitral contest\u00e9s, le d\u00e9bat est loin d&rsquo;\u00eatre clos.<\/em><\/strong><em><\/em><\/p>\n\n\n\n<p class=\"wp-block-paragraph\"><strong>Le r\u00e9sum\u00e9 du match : Paris a tenu bon<\/strong><\/p>\n\n\n\n<p class=\"wp-block-paragraph\">Apr\u00e8s un match aller l\u00e9gendaire, remport\u00e9 5-4 par les Parisiens, le retour \u00e0 Munich s&rsquo;annon\u00e7ait \u00e9lectrique. Le PSG a frapp\u00e9 d\u00e8s la 3\u00e8me minute gr\u00e2ce \u00e0 une fulgurance d&rsquo;Ousmane Demb\u00e9l\u00e9, gla\u00e7ant l&rsquo;Allianz Arena.<\/p>\n\n\n\n<p class=\"wp-block-paragraph\">Le Bayern, pouss\u00e9 par son public, a tout tent\u00e9 pour renverser la vapeur. Malgr\u00e9 une domination territoriale \u00e9crasante et un but tardif d&rsquo;Harry Kane (90+4), les hommes de Vincent Kompany n&rsquo;ont pas r\u00e9ussi \u00e0 combler leur retard. Le PSG affrontera donc Arsenal en finale.<\/p>\n\n\n\n<p class=\"wp-block-paragraph\"><strong>Scandale arbitral : Pourquoi le Bayern enrage contre l\u2019UEFA ?<\/strong><\/p>\n\n\n\n<p class=\"wp-block-paragraph\">Si le spectacle \u00e9tait au rendez-vous, l&rsquo;apr\u00e8s-match est domin\u00e9 par les r\u00e9criminations du Bayern Munich envers l&rsquo;instance europ\u00e9enne. Au c\u0153ur des critiques : l&rsquo;arbitre portugais Jo\u00e3o Pinheiro.<\/p>\n\n\n<div class=\"wp-block-image\">\n<figure class=\"aligncenter size-large\"><img loading=\"lazy\" decoding=\"async\" width=\"724\" height=\"1024\" src=\"https:\/\/macite.tg\/wp-content\/uploads\/2026\/05\/image-9-724x1024.png\" alt=\"\" class=\"wp-image-30222\" srcset=\"https:\/\/macite.tg\/wp-content\/uploads\/2026\/05\/image-9-724x1024.png 724w, https:\/\/macite.tg\/wp-content\/uploads\/2026\/05\/image-9-212x300.png 212w, https:\/\/macite.tg\/wp-content\/uploads\/2026\/05\/image-9-768x1086.png 768w, https:\/\/macite.tg\/wp-content\/uploads\/2026\/05\/image-9-1086x1536.png 1086w, https:\/\/macite.tg\/wp-content\/uploads\/2026\/05\/image-9.png 1448w\" sizes=\"auto, (max-width: 724px) 100vw, 724px\" \/><\/figure>\n<\/div>\n\n\n<p class=\"wp-block-paragraph\"><strong>1. Le choix \u00ab\u00a0\u00e9tonnant\u00a0\u00bb de l&rsquo;arbitre<\/strong><\/p>\n\n\n\n<p class=\"wp-block-paragraph\">Le PDG du Bayern, Jan-Christian Dreesen, n&rsquo;a pas m\u00e2ch\u00e9 ses mots au micro de <em>Goal<\/em> : <em>\u00ab Il est au moins \u00e9tonnant qu\u2019un arbitre qui n\u2019a jamais dirig\u00e9 de demi-finale auparavant et qui n&rsquo;a que 15 matchs de Ligue des Champions au compteur, soit nomm\u00e9 pour une telle affiche. \u00bb<\/em><\/p>\n\n\n\n<p class=\"wp-block-paragraph\">Le club bavarois pointe du doigt un manque d&rsquo;exp\u00e9rience flagrant pour un match de ce niveau de pression.<\/p>\n\n\n\n<p class=\"wp-block-paragraph\"><strong>2. L&rsquo;affaire du \u00ab\u00a0Main-Ball\u00a0\u00bb de Jo\u00e3o Neves<\/strong><\/p>\n\n\n\n<p class=\"wp-block-paragraph\">L&rsquo;action qui enflamme les r\u00e9seaux sociaux s&rsquo;est produite alors que le Bayern poussait pour l&rsquo;\u00e9galisation. Un d\u00e9gagement de Vitinha a percut\u00e9 le bras de son co\u00e9quipier Jo\u00e3o Neves dans la surface. Un penalty logique donc. Malgr\u00e9 les protestations v\u00e9h\u00e9mentes d&rsquo;Harry Kane, aucun penalty n&rsquo;a \u00e9t\u00e9 siffl\u00e9.<\/p>\n\n\n\n<p class=\"wp-block-paragraph\">Si le r\u00e8glement IFAB (Loi 12) stipule qu&rsquo;une main provenant d&rsquo;un co\u00e9quipier n&rsquo;est g\u00e9n\u00e9ralement pas sanctionnable, Max Eberl a d\u00e9nonc\u00e9 une application <em>\u00ab\u00a0\u00e9trange\u00a0\u00bb<\/em> et un manque d&rsquo;explication de l&rsquo;arbitre.<\/p>\n\n\n\n<p class=\"wp-block-paragraph\"><em>\u00ab Pourquoi ce n\u2019est pas un carton rouge ? Je ne comprends pas. Pourquoi conc\u00e9dons-nous un penalty \u00e0 Paris et n\u2019en obtenons-nous pas un ici ? Je connais les r\u00e8gles, mais la main \u00e9tait au-dessus de sa t\u00eate \u00bb \u00ab J\u2019ai eu l\u2019impression qu\u2019il y avait une main qui l\u2019a fait pencher du mauvais c\u00f4t\u00e9 pour nous. \u00bb,<\/em> s\u2019est plaint le coach bavarois Vincent Kompany.<\/p>\n\n\n\n<p class=\"wp-block-paragraph\">Et le technicien portugais Jos\u00e9 Mourinho d\u2019en rajouter une couche <em>: \u00ab Les officiels de l\u2019UEFA Champions League doivent se r\u00e9veiller. Hier, c\u2019\u00e9tait l\u2019Atl\u00e9tico Madrid ; aujourd\u2019hui, c\u2019est le FC Bayern Munich. Il y a eu une main \u00e9vidente de Jo\u00e3o Neves qui a \u00e9t\u00e9 ignor\u00e9e. La main \u00e9vidente de Nuno Mendes a \u00e9galement \u00e9t\u00e9 n\u00e9glig\u00e9e.&nbsp;\u00bb La Ligue des champions \u00e9tait autrefois l\u2019une des plus grandes comp\u00e9titions de football, mais aujourd\u2019hui, c\u2019est une bla<\/em>gue. <em>Il y a trop d\u2019erreurs. On a l\u2019impression qu\u2019il y a des favoris. \u00bb, <\/em>a-t-il conclu.<\/p>\n\n\n\n<figure class=\"wp-block-image size-full\"><img loading=\"lazy\" decoding=\"async\" width=\"851\" height=\"315\" src=\"https:\/\/macite.tg\/wp-content\/uploads\/2026\/04\/OTR_Ferer-pour-batir-1.jpg\" alt=\"\" class=\"wp-image-29832\" srcset=\"https:\/\/macite.tg\/wp-content\/uploads\/2026\/04\/OTR_Ferer-pour-batir-1.jpg 851w, https:\/\/macite.tg\/wp-content\/uploads\/2026\/04\/OTR_Ferer-pour-batir-1-300x111.jpg 300w, https:\/\/macite.tg\/wp-content\/uploads\/2026\/04\/OTR_Ferer-pour-batir-1-768x284.jpg 768w\" sizes=\"auto, (max-width: 851px) 100vw, 851px\" \/><\/figure>\n\n\n\n<p class=\"wp-block-paragraph\">Un fran\u00e7ais s\u2019est invit\u00e9 dans cette pol\u00e9mique&nbsp;: Thierry Henry. Selon le champion du monde 98 <em>\u00ab Les arbitres m\u00e9ritent du respect, mais parfois, on ne peut tout simplement pas rester silencieux. Le Bayern Munich joue \u00e0 domicile, pourtant on a l\u2019impression que les d\u00e9cisions sont contre eux. Une situation de penalty \u00e9vident a \u00e9t\u00e9 ignor\u00e9e, et ce qui est encore plus frustrant, c\u2019est que l\u2019arbitre n\u2019a m\u00eame pas consult\u00e9 le VAR. C\u2019est difficile \u00e0 comprendre dans un match de ce niveau.&nbsp;\u00bb<\/em><\/p>\n\n\n\n<p class=\"wp-block-paragraph\"><em>Et de poursuivre&nbsp;: \u00ab&nbsp;\u00c0 la mi-temps, le Bayern a clairement \u00e9t\u00e9 la meilleure \u00e9quipe. Ils ont contr\u00f4l\u00e9 le match, cr\u00e9\u00e9 des occasions, et montr\u00e9 plus d\u2019intensit\u00e9 que le PSG. Mais des moments comme celui-ci peuvent tout changer dans le football. On s\u2019attend \u00e0 ce que le VAR aide dans les grandes d\u00e9cisions comme celle-ci, et non pas qu\u2019il soit ignor\u00e9. Cela dit, le match n\u2019est pas termin\u00e9. Le Bayern a la qualit\u00e9 et le mental pour r\u00e9pondre en seconde p\u00e9riode. Attendons de voir ce qui se passe \u2014 car le football peut toujours vous surprendre. \u00bb<\/em><\/p>\n\n\n\n<p class=\"wp-block-paragraph\"><strong>3. Un arbitrage \u00ab\u00a0trop proche\u00a0\u00bb des Portugais du PSG ?<\/strong><\/p>\n\n\n\n<p class=\"wp-block-paragraph\">Une autre pol\u00e9mique est n\u00e9e des propos de Max Eberl, sugg\u00e9rant que Jo\u00e3o Pinheiro communiquait beaucoup trop \u2014 et exclusivement en portugais \u2014 avec les joueurs de Paris (Vitinha, Jo\u00e3o Neves, Nuno Mendes), laissant les Bavarois dans le flou total sur ses d\u00e9cisions.<\/p>\n\n\n\n<p class=\"wp-block-paragraph\"><strong>Les enjeux de la finale : PSG &#8211; Arsenal<\/strong><\/p>\n\n\n\n<p class=\"wp-block-paragraph\">Malgr\u00e9 la controverse, le PSG de Luis Enrique s&rsquo;envole vers une nouvelle finale europ\u00e9enne. Pour les Parisiens, l&rsquo;objectif est clair : ramener enfin la coupe \u00e0 la maison. De l&rsquo;autre c\u00f4t\u00e9, l&rsquo;UEFA va devoir r\u00e9pondre aux critiques sur la gestion des nominations arbitrales, alors que la cr\u00e9dibilit\u00e9 de ses phases finales est attaqu\u00e9e par les dirigeants allemands.<\/p>\n\n\n<div class=\"wp-block-image\">\n<figure class=\"aligncenter size-full\"><img loading=\"lazy\" decoding=\"async\" width=\"720\" height=\"1003\" src=\"https:\/\/macite.tg\/wp-content\/uploads\/2026\/05\/image-4.png\" alt=\"\" class=\"wp-image-30182\" srcset=\"https:\/\/macite.tg\/wp-content\/uploads\/2026\/05\/image-4.png 720w, https:\/\/macite.tg\/wp-content\/uploads\/2026\/05\/image-4-215x300.png 215w\" sizes=\"auto, (max-width: 720px) 100vw, 720px\" \/><\/figure>\n<\/div>\n\n\n<p class=\"wp-block-paragraph\"><strong>Focus sur les statistiques cl\u00e9s du match<\/strong><\/p>\n\n\n\n<p class=\"wp-block-paragraph\"><strong>&#8211; Score :<\/strong> Bayern 1 &#8211; 1 PSG (Agg. 5-6)<\/p>\n\n\n\n<p class=\"wp-block-paragraph\">&#8211; <strong>Buteurs :<\/strong> Demb\u00e9l\u00e9 (3&prime;) pour le PSG ; Kane (90+4&prime;) pour le Bayern.<\/p>\n\n\n\n<p class=\"wp-block-paragraph\"><strong>&#8211; Possession :<\/strong> Bayern 66% &#8211; 34% PSG.<\/p>\n\n\n\n<p class=\"wp-block-paragraph\"><strong>&#8211; Tirs cadr\u00e9s :<\/strong> Bayern 8 &#8211; 4 PSG.<\/p>\n\n\n\n<p class=\"wp-block-paragraph\"><strong>JPB<\/strong><\/p>\n\n\n\n<p class=\"wp-block-paragraph\"><a><strong><em>@macite.tg&nbsp;&nbsp;&nbsp;&nbsp;&nbsp;&nbsp;&nbsp;&nbsp;<\/em><\/strong><\/a><\/p>\n\n\n\n<p class=\"wp-block-paragraph\"><strong><em>E-mail&nbsp;: <\/em><\/strong><a href=\"mailto:maciteinfo@gmail.com\"><strong><em>maciteinfo@gmail.com<\/em><\/strong><\/a><strong><em>; <\/em><\/strong><a href=\"mailto:bawela1@gmail.com\"><strong><em>bawela1@gmail.com<\/em><\/strong><\/a><strong><em> <\/em><\/strong><strong><em><\/em><\/strong><\/p>\n\n\n\n<p class=\"wp-block-paragraph\"><strong><em>Pour vos annonces, publi-reportages, etc., joignez-nous au (00228)91515309\/<strong>79872224 <\/strong><strong><\/strong><\/em><\/strong><\/p>\n\n\n\n<p class=\"wp-block-paragraph\"><strong><em>www.macite.tg, L\u2019information, la bonne&nbsp;!<\/em><\/strong><\/p>\n","protected":false},"excerpt":{"rendered":"<p class=\"text-justify mb-2\" >Le Paris Saint-Germain a valid\u00e9 son ticket pour la finale de la Ligue des Champions mercredi soir \u00e0 l&rsquo;Allianz Arena. Malgr\u00e9 un nul (1-1) et une qualification au cumul\u00e9 (6-5), le match a \u00e9t\u00e9 marqu\u00e9 par des d\u00e9cisions arbitrales qui font bondir le clan bavarois [&hellip;]<\/p>\n","protected":false},"author":2,"featured_media":30282,"comment_status":"open","ping_status":"open","sticky":false,"template":"","format":"standard","meta":{"footnotes":""},"categories":[20,63,7],"tags":[],"class_list":["post-30281","post","type-post","status-publish","format-standard","has-post-thumbnail","hentry","category-actualite","category-football","category-sports"],"yoast_head":"<!-- This site is optimized with the Yoast SEO plugin v28.4 - https:\/\/yoast.com\/product\/yoast-seo-wordpress\/ -->\n<title>LDC\/ PSG - BAYERN (1-1) : Paris en finale, l\u2019UEFA sous le feu des critiques apr\u00e8s un arbitrage explosif -<\/title>\n<meta name=\"robots\" content=\"index, follow, max-snippet:-1, max-image-preview:large, max-video-preview:-1\" \/>\n<link rel=\"canonical\" href=\"https:\/\/macite.tg\/?p=30281\" \/>\n<meta property=\"og:locale\" content=\"fr_FR\" \/>\n<meta property=\"og:type\" content=\"article\" \/>\n<meta property=\"og:title\" content=\"LDC\/ PSG - BAYERN (1-1) : Paris en finale, l\u2019UEFA sous le feu des critiques apr\u00e8s un arbitrage explosif -\" \/>\n<meta property=\"og:description\" content=\"Le Paris Saint-Germain a valid\u00e9 son ticket pour la finale de la Ligue des Champions mercredi soir \u00e0 l&rsquo;Allianz Arena. Malgr\u00e9 un nul (1-1) et une qualification au cumul\u00e9 (6-5), le match a \u00e9t\u00e9 marqu\u00e9 par des d\u00e9cisions arbitrales qui font bondir le clan bavarois [&hellip;]\" \/>\n<meta property=\"og:url\" content=\"https:\/\/macite.tg\/?p=30281\" \/>\n<meta property=\"article:published_time\" content=\"2026-05-08T10:48:22+00:00\" \/>\n<meta property=\"article:modified_time\" content=\"2026-05-08T10:48:27+00:00\" \/>\n<meta property=\"og:image\" content=\"https:\/\/macite.tg\/wp-content\/uploads\/2026\/05\/1e24ab30-b002-40a5-a71e-15b25582e12d-1.jpg\" \/>\n\t<meta property=\"og:image:width\" content=\"374\" \/>\n\t<meta property=\"og:image:height\" content=\"430\" \/>\n\t<meta property=\"og:image:type\" content=\"image\/jpeg\" \/>\n<meta name=\"author\" content=\"Jean Pierre BAWELA\" \/>\n<meta name=\"twitter:card\" content=\"summary_large_image\" \/>\n<meta name=\"twitter:label1\" content=\"\u00c9crit par\" \/>\n\t<meta name=\"twitter:data1\" content=\"Jean Pierre BAWELA\" \/>\n\t<meta name=\"twitter:label2\" content=\"Dur\u00e9e de lecture estim\u00e9e\" \/>\n\t<meta name=\"twitter:data2\" content=\"6 minutes\" \/>\n<script type=\"application\/ld+json\" class=\"yoast-schema-graph\">{\"@context\":\"https:\\\/\\\/schema.org\",\"@graph\":[{\"@type\":\"Article\",\"@id\":\"https:\\\/\\\/macite.tg\\\/?p=30281#article\",\"isPartOf\":{\"@id\":\"https:\\\/\\\/macite.tg\\\/?p=30281\"},\"author\":{\"name\":\"Jean Pierre BAWELA\",\"@id\":\"https:\\\/\\\/macite.tg\\\/#\\\/schema\\\/person\\\/e9f2de7e5dbbe7770a9402c7ce82f5c2\"},\"headline\":\"LDC\\\/ PSG &#8211; BAYERN (1-1) : Paris en finale, l\u2019UEFA sous le feu des critiques apr\u00e8s un arbitrage explosif\",\"datePublished\":\"2026-05-08T10:48:22+00:00\",\"dateModified\":\"2026-05-08T10:48:27+00:00\",\"mainEntityOfPage\":{\"@id\":\"https:\\\/\\\/macite.tg\\\/?p=30281\"},\"wordCount\":971,\"commentCount\":0,\"image\":{\"@id\":\"https:\\\/\\\/macite.tg\\\/?p=30281#primaryimage\"},\"thumbnailUrl\":\"https:\\\/\\\/macite.tg\\\/wp-content\\\/uploads\\\/2026\\\/05\\\/1e24ab30-b002-40a5-a71e-15b25582e12d-1.jpg\",\"articleSection\":[\"ACTUALITE\",\"FOOTBALL\",\"SPORTS\"],\"inLanguage\":\"fr-FR\",\"potentialAction\":[{\"@type\":\"CommentAction\",\"name\":\"Comment\",\"target\":[\"https:\\\/\\\/macite.tg\\\/?p=30281#respond\"]}]},{\"@type\":\"WebPage\",\"@id\":\"https:\\\/\\\/macite.tg\\\/?p=30281\",\"url\":\"https:\\\/\\\/macite.tg\\\/?p=30281\",\"name\":\"LDC\\\/ PSG - BAYERN (1-1) : Paris en finale, l\u2019UEFA sous le feu des critiques apr\u00e8s un arbitrage explosif -\",\"isPartOf\":{\"@id\":\"https:\\\/\\\/macite.tg\\\/#website\"},\"primaryImageOfPage\":{\"@id\":\"https:\\\/\\\/macite.tg\\\/?p=30281#primaryimage\"},\"image\":{\"@id\":\"https:\\\/\\\/macite.tg\\\/?p=30281#primaryimage\"},\"thumbnailUrl\":\"https:\\\/\\\/macite.tg\\\/wp-content\\\/uploads\\\/2026\\\/05\\\/1e24ab30-b002-40a5-a71e-15b25582e12d-1.jpg\",\"datePublished\":\"2026-05-08T10:48:22+00:00\",\"dateModified\":\"2026-05-08T10:48:27+00:00\",\"author\":{\"@id\":\"https:\\\/\\\/macite.tg\\\/#\\\/schema\\\/person\\\/e9f2de7e5dbbe7770a9402c7ce82f5c2\"},\"breadcrumb\":{\"@id\":\"https:\\\/\\\/macite.tg\\\/?p=30281#breadcrumb\"},\"inLanguage\":\"fr-FR\",\"potentialAction\":[{\"@type\":\"ReadAction\",\"target\":[\"https:\\\/\\\/macite.tg\\\/?p=30281\"]}]},{\"@type\":\"ImageObject\",\"inLanguage\":\"fr-FR\",\"@id\":\"https:\\\/\\\/macite.tg\\\/?p=30281#primaryimage\",\"url\":\"https:\\\/\\\/macite.tg\\\/wp-content\\\/uploads\\\/2026\\\/05\\\/1e24ab30-b002-40a5-a71e-15b25582e12d-1.jpg\",\"contentUrl\":\"https:\\\/\\\/macite.tg\\\/wp-content\\\/uploads\\\/2026\\\/05\\\/1e24ab30-b002-40a5-a71e-15b25582e12d-1.jpg\",\"width\":374,\"height\":430},{\"@type\":\"BreadcrumbList\",\"@id\":\"https:\\\/\\\/macite.tg\\\/?p=30281#breadcrumb\",\"itemListElement\":[{\"@type\":\"ListItem\",\"position\":1,\"name\":\"Accueil\",\"item\":\"https:\\\/\\\/macite.tg\\\/\"},{\"@type\":\"ListItem\",\"position\":2,\"name\":\"LDC\\\/ PSG &#8211; BAYERN (1-1) : Paris en finale, l\u2019UEFA sous le feu des critiques apr\u00e8s un arbitrage explosif\"}]},{\"@type\":\"WebSite\",\"@id\":\"https:\\\/\\\/macite.tg\\\/#website\",\"url\":\"https:\\\/\\\/macite.tg\\\/\",\"name\":\"\",\"description\":\"L&#039;information, la bonne!!!\",\"potentialAction\":[{\"@type\":\"SearchAction\",\"target\":{\"@type\":\"EntryPoint\",\"urlTemplate\":\"https:\\\/\\\/macite.tg\\\/?s={search_term_string}\"},\"query-input\":{\"@type\":\"PropertyValueSpecification\",\"valueRequired\":true,\"valueName\":\"search_term_string\"}}],\"inLanguage\":\"fr-FR\"},{\"@type\":\"Person\",\"@id\":\"https:\\\/\\\/macite.tg\\\/#\\\/schema\\\/person\\\/e9f2de7e5dbbe7770a9402c7ce82f5c2\",\"name\":\"Jean Pierre BAWELA\",\"image\":{\"@type\":\"ImageObject\",\"inLanguage\":\"fr-FR\",\"@id\":\"https:\\\/\\\/macite.tg\\\/wp-content\\\/uploads\\\/2023\\\/09\\\/WhatsApp-Image-2023-09-19-at-14.44.41-122x122.jpeg\",\"url\":\"https:\\\/\\\/macite.tg\\\/wp-content\\\/uploads\\\/2023\\\/09\\\/WhatsApp-Image-2023-09-19-at-14.44.41-122x122.jpeg\",\"contentUrl\":\"https:\\\/\\\/macite.tg\\\/wp-content\\\/uploads\\\/2023\\\/09\\\/WhatsApp-Image-2023-09-19-at-14.44.41-122x122.jpeg\",\"caption\":\"Jean Pierre BAWELA\"},\"url\":\"https:\\\/\\\/macite.tg\\\/?author=2\"}]}<\/script>\n<!-- \/ Yoast SEO plugin. -->","yoast_head_json":{"title":"LDC\/ PSG - BAYERN (1-1) : Paris en finale, l\u2019UEFA sous le feu des critiques apr\u00e8s un arbitrage explosif -","robots":{"index":"index","follow":"follow","max-snippet":"max-snippet:-1","max-image-preview":"max-image-preview:large","max-video-preview":"max-video-preview:-1"},"canonical":"https:\/\/macite.tg\/?p=30281","og_locale":"fr_FR","og_type":"article","og_title":"LDC\/ PSG - BAYERN (1-1) : Paris en finale, l\u2019UEFA sous le feu des critiques apr\u00e8s un arbitrage explosif -","og_description":"Le Paris Saint-Germain a valid\u00e9 son ticket pour la finale de la Ligue des Champions mercredi soir \u00e0 l&rsquo;Allianz Arena. Malgr\u00e9 un nul (1-1) et une qualification au cumul\u00e9 (6-5), le match a \u00e9t\u00e9 marqu\u00e9 par des d\u00e9cisions arbitrales qui font bondir le clan bavarois [&hellip;]","og_url":"https:\/\/macite.tg\/?p=30281","article_published_time":"2026-05-08T10:48:22+00:00","article_modified_time":"2026-05-08T10:48:27+00:00","og_image":[{"width":374,"height":430,"url":"https:\/\/macite.tg\/wp-content\/uploads\/2026\/05\/1e24ab30-b002-40a5-a71e-15b25582e12d-1.jpg","type":"image\/jpeg"}],"author":"Jean Pierre BAWELA","twitter_card":"summary_large_image","twitter_misc":{"\u00c9crit par":"Jean Pierre BAWELA","Dur\u00e9e de lecture estim\u00e9e":"6 minutes"},"schema":{"@context":"https:\/\/schema.org","@graph":[{"@type":"Article","@id":"https:\/\/macite.tg\/?p=30281#article","isPartOf":{"@id":"https:\/\/macite.tg\/?p=30281"},"author":{"name":"Jean Pierre BAWELA","@id":"https:\/\/macite.tg\/#\/schema\/person\/e9f2de7e5dbbe7770a9402c7ce82f5c2"},"headline":"LDC\/ PSG &#8211; BAYERN (1-1) : Paris en finale, l\u2019UEFA sous le feu des critiques apr\u00e8s un arbitrage explosif","datePublished":"2026-05-08T10:48:22+00:00","dateModified":"2026-05-08T10:48:27+00:00","mainEntityOfPage":{"@id":"https:\/\/macite.tg\/?p=30281"},"wordCount":971,"commentCount":0,"image":{"@id":"https:\/\/macite.tg\/?p=30281#primaryimage"},"thumbnailUrl":"https:\/\/macite.tg\/wp-content\/uploads\/2026\/05\/1e24ab30-b002-40a5-a71e-15b25582e12d-1.jpg","articleSection":["ACTUALITE","FOOTBALL","SPORTS"],"inLanguage":"fr-FR","potentialAction":[{"@type":"CommentAction","name":"Comment","target":["https:\/\/macite.tg\/?p=30281#respond"]}]},{"@type":"WebPage","@id":"https:\/\/macite.tg\/?p=30281","url":"https:\/\/macite.tg\/?p=30281","name":"LDC\/ PSG - BAYERN (1-1) : Paris en finale, l\u2019UEFA sous le feu des critiques apr\u00e8s un arbitrage explosif -","isPartOf":{"@id":"https:\/\/macite.tg\/#website"},"primaryImageOfPage":{"@id":"https:\/\/macite.tg\/?p=30281#primaryimage"},"image":{"@id":"https:\/\/macite.tg\/?p=30281#primaryimage"},"thumbnailUrl":"https:\/\/macite.tg\/wp-content\/uploads\/2026\/05\/1e24ab30-b002-40a5-a71e-15b25582e12d-1.jpg","datePublished":"2026-05-08T10:48:22+00:00","dateModified":"2026-05-08T10:48:27+00:00","author":{"@id":"https:\/\/macite.tg\/#\/schema\/person\/e9f2de7e5dbbe7770a9402c7ce82f5c2"},"breadcrumb":{"@id":"https:\/\/macite.tg\/?p=30281#breadcrumb"},"inLanguage":"fr-FR","potentialAction":[{"@type":"ReadAction","target":["https:\/\/macite.tg\/?p=30281"]}]},{"@type":"ImageObject","inLanguage":"fr-FR","@id":"https:\/\/macite.tg\/?p=30281#primaryimage","url":"https:\/\/macite.tg\/wp-content\/uploads\/2026\/05\/1e24ab30-b002-40a5-a71e-15b25582e12d-1.jpg","contentUrl":"https:\/\/macite.tg\/wp-content\/uploads\/2026\/05\/1e24ab30-b002-40a5-a71e-15b25582e12d-1.jpg","width":374,"height":430},{"@type":"BreadcrumbList","@id":"https:\/\/macite.tg\/?p=30281#breadcrumb","itemListElement":[{"@type":"ListItem","position":1,"name":"Accueil","item":"https:\/\/macite.tg\/"},{"@type":"ListItem","position":2,"name":"LDC\/ PSG &#8211; BAYERN (1-1) : Paris en finale, l\u2019UEFA sous le feu des critiques apr\u00e8s un arbitrage explosif"}]},{"@type":"WebSite","@id":"https:\/\/macite.tg\/#website","url":"https:\/\/macite.tg\/","name":"","description":"L&#039;information, la bonne!!!","potentialAction":[{"@type":"SearchAction","target":{"@type":"EntryPoint","urlTemplate":"https:\/\/macite.tg\/?s={search_term_string}"},"query-input":{"@type":"PropertyValueSpecification","valueRequired":true,"valueName":"search_term_string"}}],"inLanguage":"fr-FR"},{"@type":"Person","@id":"https:\/\/macite.tg\/#\/schema\/person\/e9f2de7e5dbbe7770a9402c7ce82f5c2","name":"Jean Pierre BAWELA","image":{"@type":"ImageObject","inLanguage":"fr-FR","@id":"https:\/\/macite.tg\/wp-content\/uploads\/2023\/09\/WhatsApp-Image-2023-09-19-at-14.44.41-122x122.jpeg","url":"https:\/\/macite.tg\/wp-content\/uploads\/2023\/09\/WhatsApp-Image-2023-09-19-at-14.44.41-122x122.jpeg","contentUrl":"https:\/\/macite.tg\/wp-content\/uploads\/2023\/09\/WhatsApp-Image-2023-09-19-at-14.44.41-122x122.jpeg","caption":"Jean Pierre BAWELA"},"url":"https:\/\/macite.tg\/?author=2"}]}},"_links":{"self":[{"href":"https:\/\/macite.tg\/index.php?rest_route=\/wp\/v2\/posts\/30281","targetHints":{"allow":["GET"]}}],"collection":[{"href":"https:\/\/macite.tg\/index.php?rest_route=\/wp\/v2\/posts"}],"about":[{"href":"https:\/\/macite.tg\/index.php?rest_route=\/wp\/v2\/types\/post"}],"author":[{"embeddable":true,"href":"https:\/\/macite.tg\/index.php?rest_route=\/wp\/v2\/users\/2"}],"replies":[{"embeddable":true,"href":"https:\/\/macite.tg\/index.php?rest_route=%2Fwp%2Fv2%2Fcomments&post=30281"}],"version-history":[{"count":0,"href":"https:\/\/macite.tg\/index.php?rest_route=\/wp\/v2\/posts\/30281\/revisions"}],"wp:featuredmedia":[{"embeddable":true,"href":"https:\/\/macite.tg\/index.php?rest_route=\/wp\/v2\/media\/30282"}],"wp:attachment":[{"href":"https:\/\/macite.tg\/index.php?rest_route=%2Fwp%2Fv2%2Fmedia&parent=30281"}],"wp:term":[{"taxonomy":"category","embeddable":true,"href":"https:\/\/macite.tg\/index.php?rest_route=%2Fwp%2Fv2%2Fcategories&post=30281"},{"taxonomy":"post_tag","embeddable":true,"href":"https:\/\/macite.tg\/index.php?rest_route=%2Fwp%2Fv2%2Ftags&post=30281"}],"curies":[{"name":"wp","href":"https:\/\/api.w.org\/{rel}","templated":true}]}}