{"id":30280,"date":"2026-05-08T15:24:13","date_gmt":"2026-05-08T15:24:13","guid":{"rendered":"https:\/\/macite.tg\/?p=30280"},"modified":"2026-05-08T15:24:19","modified_gmt":"2026-05-08T15:24:19","slug":"cantines-scolaires-hausse-de-8-du-nombre-deleves-atteints-sur-le-territoire","status":"publish","type":"post","link":"https:\/\/macite.tg\/?p=30280","title":{"rendered":"CANTINES SCOLAIRES : Hausse de 8 % du nombre d&rsquo;\u00e9l\u00e8ves atteints sur le territoire"},"content":{"rendered":"\n<p class=\"wp-block-paragraph\"><strong><em>L&rsquo;\u00e9volution du nombre d&rsquo;\u00e9l\u00e8ves b\u00e9n\u00e9ficiaires des cantines scolaires fait foi dans un pays attach\u00e9 au d\u00e9veloppement physique et cognitif des enfants. Le pays est dans un \u00e9lan positif qui montre son engagement en faveur du bien-\u00eatre des apprenants.<\/em><\/strong><\/p>\n\n\n\n<p class=\"wp-block-paragraph\">Entre 2024 et 2025, les effectifs des b\u00e9n\u00e9ficiaires des cantines sur l&rsquo;ensemble du territoire sont pass\u00e9s de 154.114 \u00e0 167.079 \u00e9l\u00e8ves, soit une augmentation de 12.965 b\u00e9n\u00e9ficiaires.<\/p>\n\n\n\n<p class=\"wp-block-paragraph\">En termes relatifs, cette progression correspond \u00e0 une hausse d&rsquo;environ 8,4 %, un rythme significatif qui confirme la mont\u00e9e en puissance du dispositif \u00e0 l&rsquo;\u00e9chelle nationale.<\/p>\n\n\n\n<p class=\"wp-block-paragraph\">La r\u00e9alit\u00e9 est celle d&rsquo;un programme qui gagne en ampleur et en profondeur, touchant un nombre croissant d&rsquo;enfants \u00e0 travers le territoire.<\/p>\n\n\n<div class=\"wp-block-image\">\n<figure class=\"aligncenter size-large\"><img loading=\"lazy\" decoding=\"async\" width=\"724\" height=\"1024\" src=\"https:\/\/macite.tg\/wp-content\/uploads\/2026\/05\/image-9-724x1024.png\" alt=\"\" class=\"wp-image-30222\" srcset=\"https:\/\/macite.tg\/wp-content\/uploads\/2026\/05\/image-9-724x1024.png 724w, https:\/\/macite.tg\/wp-content\/uploads\/2026\/05\/image-9-212x300.png 212w, https:\/\/macite.tg\/wp-content\/uploads\/2026\/05\/image-9-768x1086.png 768w, https:\/\/macite.tg\/wp-content\/uploads\/2026\/05\/image-9-1086x1536.png 1086w, https:\/\/macite.tg\/wp-content\/uploads\/2026\/05\/image-9.png 1448w\" sizes=\"auto, (max-width: 724px) 100vw, 724px\" \/><\/figure>\n<\/div>\n\n\n<p class=\"wp-block-paragraph\"><strong>Un cap franchi, un seuil symbolique<\/strong><\/p>\n\n\n\n<p class=\"wp-block-paragraph\">Atteindre plus de 167.000 b\u00e9n\u00e9ficiaires n&rsquo;est pas donn\u00e9. C&rsquo;est l&rsquo;expression d&rsquo;une politique sociale qui s&rsquo;\u00e9tend, se structure et s&rsquo;ancre progressivement dans le paysage \u00e9ducatif.<\/p>\n\n\n\n<p class=\"wp-block-paragraph\">Ce seuil marque une \u00e9tape importante dans la construction d&rsquo;un environnement scolaire plus inclusif, o\u00f9 les conditions mat\u00e9rielles viennent soutenir l&rsquo;effort p\u00e9dagogique.<\/p>\n\n\n\n<p class=\"wp-block-paragraph\">Dans de nombreux \u00e9tablissements, la cantine scolaire accompagne l&rsquo;\u00e9l\u00e8ve, structure sa journ\u00e9e et contribue \u00e0 cr\u00e9er un cadre plus stable pour l&rsquo;apprentissage.<\/p>\n\n\n\n<p class=\"wp-block-paragraph\">La progression ne saurait \u00eatre dissoci\u00e9e des efforts comme l&rsquo;extension du programme, qui implique une mobilisation accrue des ressources, la cr\u00e9ation d&#8217;emplois pour les agriculteurs et les mamans cantines, ainsi qu&rsquo;une capacit\u00e9 d&rsquo;adaptation aux r\u00e9alit\u00e9s locales.<\/p>\n\n\n\n<p class=\"wp-block-paragraph\">En effet, chaque \u00e9l\u00e8ve suppl\u00e9mentaire pris en charge implique une cha\u00eene d&rsquo;intervention plus large : approvisionnement en vivres, gestion des distributions, suivi des \u00e9tablissements. Autrement dit, un \u00e9largissement du p\u00e9rim\u00e8tre du dispositif sans compromettre sa qualit\u00e9.<\/p>\n\n\n\n<figure class=\"wp-block-image size-full\"><img loading=\"lazy\" decoding=\"async\" width=\"851\" height=\"315\" src=\"https:\/\/macite.tg\/wp-content\/uploads\/2026\/04\/OTR_Ferer-pour-batir-1.jpg\" alt=\"\" class=\"wp-image-29832\" srcset=\"https:\/\/macite.tg\/wp-content\/uploads\/2026\/04\/OTR_Ferer-pour-batir-1.jpg 851w, https:\/\/macite.tg\/wp-content\/uploads\/2026\/04\/OTR_Ferer-pour-batir-1-300x111.jpg 300w, https:\/\/macite.tg\/wp-content\/uploads\/2026\/04\/OTR_Ferer-pour-batir-1-768x284.jpg 768w\" sizes=\"auto, (max-width: 851px) 100vw, 851px\" \/><\/figure>\n\n\n\n<p class=\"wp-block-paragraph\"><strong>Un horizon encore vaste<\/strong><\/p>\n\n\n\n<p class=\"wp-block-paragraph\">Si les r\u00e9sultats enregistr\u00e9s sont significatifs, ils prennent une dimension particuli\u00e8re lorsqu&rsquo;ils sont rapport\u00e9s \u00e0 l&rsquo;ensemble de la population scolaire.<\/p>\n\n\n\n<p class=\"wp-block-paragraph\">Avec pr\u00e8s de trois (03) millions d&rsquo;\u00e9l\u00e8ves scolaris\u00e9s au Togo lors de l&rsquo;ann\u00e9e scolaire 2025-2026, le potentiel d&rsquo;extension du programme demeure consid\u00e9rable.<\/p>\n\n\n\n<p class=\"wp-block-paragraph\">L&rsquo;enjeu, d\u00e8s lors, consiste \u00e0 poursuivre cette trajectoire ascendante, en \u00e9largissant progressivement la couverture tout en maintenant l&rsquo;efficacit\u00e9 du dispositif.<\/p>\n\n\n\n<p class=\"wp-block-paragraph\">Chaque point de progression rapproche un peu plus l&rsquo;\u00e9cole togolaise d&rsquo;un mod\u00e8le o\u00f9 l&rsquo;accompagnement social devient un levier structurant.<\/p>\n\n\n\n<p class=\"wp-block-paragraph\"><strong>Vers une g\u00e9n\u00e9ralisation progressive<\/strong><\/p>\n\n\n\n<p class=\"wp-block-paragraph\">La dynamique observ\u00e9e entre 2024 et 2025 laisse entrevoir une poursuite de l&rsquo;effort dans les ann\u00e9es \u00e0 venir. \u00c0 travers cette progression de 8,4 %, c&rsquo;est une ambition plus grande qui se dessine : celle de faire de l&rsquo;\u00e9cole un espace o\u00f9 chaque enfant, au-del\u00e0 de l&rsquo;apprentissage, trouve les conditions essentielles \u00e0 son \u00e9panouissement.<\/p>\n\n\n<div class=\"wp-block-image\">\n<figure class=\"aligncenter size-full\"><img loading=\"lazy\" decoding=\"async\" width=\"720\" height=\"1003\" src=\"https:\/\/macite.tg\/wp-content\/uploads\/2026\/05\/image-4.png\" alt=\"\" class=\"wp-image-30182\" srcset=\"https:\/\/macite.tg\/wp-content\/uploads\/2026\/05\/image-4.png 720w, https:\/\/macite.tg\/wp-content\/uploads\/2026\/05\/image-4-215x300.png 215w\" sizes=\"auto, (max-width: 720px) 100vw, 720px\" \/><\/figure>\n<\/div>\n\n\n<p class=\"wp-block-paragraph\">Ainsi, le cap des 167.000 b\u00e9n\u00e9ficiaires appara\u00eet non pas comme un aboutissement, mais comme une \u00e9tape dans un processus de d\u00e9ploiement plus vaste, orient\u00e9 vers une couverture toujours plus large et plus \u00e9quitable du territoire national.<\/p>\n\n\n\n<p class=\"wp-block-paragraph\"><strong>La R\u00e9daction<\/strong><\/p>\n\n\n\n<p class=\"wp-block-paragraph\"><a><strong><em>@macite.tg&nbsp;&nbsp;&nbsp;&nbsp;&nbsp;&nbsp;&nbsp;&nbsp;<\/em><\/strong><\/a><\/p>\n\n\n\n<p class=\"wp-block-paragraph\"><strong><em>E-mail&nbsp;: <\/em><\/strong><a href=\"mailto:maciteinfo@gmail.com\"><strong><em>maciteinfo@gmail.com<\/em><\/strong><\/a><strong><em>; <\/em><\/strong><a href=\"mailto:bawela1@gmail.com\"><strong><em>bawela1@gmail.com<\/em><\/strong><\/a><strong><em><\/em><\/strong><\/p>\n\n\n\n<p class=\"wp-block-paragraph\"><strong><em>Pour vos annonces, publi-reportages, etc., joignez-nous au (00228)91515309\/<strong>79872224 <\/strong><strong><\/strong><\/em><\/strong><\/p>\n\n\n\n<p class=\"wp-block-paragraph\"><strong><em>www.macite.tg, L\u2019information, la bonne&nbsp;!<\/em><\/strong><\/p>\n","protected":false},"excerpt":{"rendered":"<p class=\"text-justify mb-2\" >L&rsquo;\u00e9volution du nombre d&rsquo;\u00e9l\u00e8ves b\u00e9n\u00e9ficiaires des cantines scolaires fait foi dans un pays attach\u00e9 au d\u00e9veloppement physique et cognitif des enfants. Le pays est dans un \u00e9lan positif qui montre son engagement en faveur du bien-\u00eatre des apprenants. Entre 2024 et 2025, les effectifs des [&hellip;]<\/p>\n","protected":false},"author":2,"featured_media":30186,"comment_status":"open","ping_status":"open","sticky":false,"template":"","format":"standard","meta":{"footnotes":""},"categories":[20,4],"tags":[],"class_list":["post-30280","post","type-post","status-publish","format-standard","has-post-thumbnail","hentry","category-actualite","category-education"],"yoast_head":"<!-- This site is optimized with the Yoast SEO plugin v28.4 - https:\/\/yoast.com\/product\/yoast-seo-wordpress\/ -->\n<title>CANTINES SCOLAIRES : Hausse de 8 % du nombre d&#039;\u00e9l\u00e8ves atteints sur le territoire -<\/title>\n<meta name=\"robots\" content=\"index, follow, max-snippet:-1, max-image-preview:large, max-video-preview:-1\" \/>\n<link rel=\"canonical\" href=\"https:\/\/macite.tg\/?p=30280\" \/>\n<meta property=\"og:locale\" content=\"fr_FR\" \/>\n<meta property=\"og:type\" content=\"article\" \/>\n<meta property=\"og:title\" content=\"CANTINES SCOLAIRES : Hausse de 8 % du nombre d&#039;\u00e9l\u00e8ves atteints sur le territoire -\" \/>\n<meta property=\"og:description\" content=\"L&rsquo;\u00e9volution du nombre d&rsquo;\u00e9l\u00e8ves b\u00e9n\u00e9ficiaires des cantines scolaires fait foi dans un pays attach\u00e9 au d\u00e9veloppement physique et cognitif des enfants. Le pays est dans un \u00e9lan positif qui montre son engagement en faveur du bien-\u00eatre des apprenants. Entre 2024 et 2025, les effectifs des [&hellip;]\" \/>\n<meta property=\"og:url\" content=\"https:\/\/macite.tg\/?p=30280\" \/>\n<meta property=\"article:published_time\" content=\"2026-05-08T15:24:13+00:00\" \/>\n<meta property=\"article:modified_time\" content=\"2026-05-08T15:24:19+00:00\" \/>\n<meta property=\"og:image\" content=\"https:\/\/macite.tg\/wp-content\/uploads\/2026\/05\/image-5.png\" \/>\n\t<meta property=\"og:image:width\" content=\"269\" \/>\n\t<meta property=\"og:image:height\" content=\"234\" \/>\n\t<meta property=\"og:image:type\" content=\"image\/png\" \/>\n<meta name=\"author\" content=\"Jean Pierre BAWELA\" \/>\n<meta name=\"twitter:card\" content=\"summary_large_image\" \/>\n<meta name=\"twitter:label1\" content=\"\u00c9crit par\" \/>\n\t<meta name=\"twitter:data1\" content=\"Jean Pierre BAWELA\" \/>\n\t<meta name=\"twitter:label2\" content=\"Dur\u00e9e de lecture estim\u00e9e\" \/>\n\t<meta name=\"twitter:data2\" content=\"4 minutes\" \/>\n<script type=\"application\/ld+json\" class=\"yoast-schema-graph\">{\"@context\":\"https:\\\/\\\/schema.org\",\"@graph\":[{\"@type\":\"Article\",\"@id\":\"https:\\\/\\\/macite.tg\\\/?p=30280#article\",\"isPartOf\":{\"@id\":\"https:\\\/\\\/macite.tg\\\/?p=30280\"},\"author\":{\"name\":\"Jean Pierre BAWELA\",\"@id\":\"https:\\\/\\\/macite.tg\\\/#\\\/schema\\\/person\\\/e9f2de7e5dbbe7770a9402c7ce82f5c2\"},\"headline\":\"CANTINES SCOLAIRES : Hausse de 8 % du nombre d&rsquo;\u00e9l\u00e8ves atteints sur le territoire\",\"datePublished\":\"2026-05-08T15:24:13+00:00\",\"dateModified\":\"2026-05-08T15:24:19+00:00\",\"mainEntityOfPage\":{\"@id\":\"https:\\\/\\\/macite.tg\\\/?p=30280\"},\"wordCount\":545,\"commentCount\":0,\"image\":{\"@id\":\"https:\\\/\\\/macite.tg\\\/?p=30280#primaryimage\"},\"thumbnailUrl\":\"https:\\\/\\\/macite.tg\\\/wp-content\\\/uploads\\\/2026\\\/05\\\/image-5.png\",\"articleSection\":[\"ACTUALITE\",\"EDUCATION\"],\"inLanguage\":\"fr-FR\",\"potentialAction\":[{\"@type\":\"CommentAction\",\"name\":\"Comment\",\"target\":[\"https:\\\/\\\/macite.tg\\\/?p=30280#respond\"]}]},{\"@type\":\"WebPage\",\"@id\":\"https:\\\/\\\/macite.tg\\\/?p=30280\",\"url\":\"https:\\\/\\\/macite.tg\\\/?p=30280\",\"name\":\"CANTINES SCOLAIRES : Hausse de 8 % du nombre d'\u00e9l\u00e8ves atteints sur le territoire -\",\"isPartOf\":{\"@id\":\"https:\\\/\\\/macite.tg\\\/#website\"},\"primaryImageOfPage\":{\"@id\":\"https:\\\/\\\/macite.tg\\\/?p=30280#primaryimage\"},\"image\":{\"@id\":\"https:\\\/\\\/macite.tg\\\/?p=30280#primaryimage\"},\"thumbnailUrl\":\"https:\\\/\\\/macite.tg\\\/wp-content\\\/uploads\\\/2026\\\/05\\\/image-5.png\",\"datePublished\":\"2026-05-08T15:24:13+00:00\",\"dateModified\":\"2026-05-08T15:24:19+00:00\",\"author\":{\"@id\":\"https:\\\/\\\/macite.tg\\\/#\\\/schema\\\/person\\\/e9f2de7e5dbbe7770a9402c7ce82f5c2\"},\"breadcrumb\":{\"@id\":\"https:\\\/\\\/macite.tg\\\/?p=30280#breadcrumb\"},\"inLanguage\":\"fr-FR\",\"potentialAction\":[{\"@type\":\"ReadAction\",\"target\":[\"https:\\\/\\\/macite.tg\\\/?p=30280\"]}]},{\"@type\":\"ImageObject\",\"inLanguage\":\"fr-FR\",\"@id\":\"https:\\\/\\\/macite.tg\\\/?p=30280#primaryimage\",\"url\":\"https:\\\/\\\/macite.tg\\\/wp-content\\\/uploads\\\/2026\\\/05\\\/image-5.png\",\"contentUrl\":\"https:\\\/\\\/macite.tg\\\/wp-content\\\/uploads\\\/2026\\\/05\\\/image-5.png\",\"width\":269,\"height\":234},{\"@type\":\"BreadcrumbList\",\"@id\":\"https:\\\/\\\/macite.tg\\\/?p=30280#breadcrumb\",\"itemListElement\":[{\"@type\":\"ListItem\",\"position\":1,\"name\":\"Accueil\",\"item\":\"https:\\\/\\\/macite.tg\\\/\"},{\"@type\":\"ListItem\",\"position\":2,\"name\":\"CANTINES SCOLAIRES : Hausse de 8 % du nombre d&rsquo;\u00e9l\u00e8ves atteints sur le territoire\"}]},{\"@type\":\"WebSite\",\"@id\":\"https:\\\/\\\/macite.tg\\\/#website\",\"url\":\"https:\\\/\\\/macite.tg\\\/\",\"name\":\"\",\"description\":\"L&#039;information, la bonne!!!\",\"potentialAction\":[{\"@type\":\"SearchAction\",\"target\":{\"@type\":\"EntryPoint\",\"urlTemplate\":\"https:\\\/\\\/macite.tg\\\/?s={search_term_string}\"},\"query-input\":{\"@type\":\"PropertyValueSpecification\",\"valueRequired\":true,\"valueName\":\"search_term_string\"}}],\"inLanguage\":\"fr-FR\"},{\"@type\":\"Person\",\"@id\":\"https:\\\/\\\/macite.tg\\\/#\\\/schema\\\/person\\\/e9f2de7e5dbbe7770a9402c7ce82f5c2\",\"name\":\"Jean Pierre BAWELA\",\"image\":{\"@type\":\"ImageObject\",\"inLanguage\":\"fr-FR\",\"@id\":\"https:\\\/\\\/macite.tg\\\/wp-content\\\/uploads\\\/2023\\\/09\\\/WhatsApp-Image-2023-09-19-at-14.44.41-122x122.jpeg\",\"url\":\"https:\\\/\\\/macite.tg\\\/wp-content\\\/uploads\\\/2023\\\/09\\\/WhatsApp-Image-2023-09-19-at-14.44.41-122x122.jpeg\",\"contentUrl\":\"https:\\\/\\\/macite.tg\\\/wp-content\\\/uploads\\\/2023\\\/09\\\/WhatsApp-Image-2023-09-19-at-14.44.41-122x122.jpeg\",\"caption\":\"Jean Pierre BAWELA\"},\"url\":\"https:\\\/\\\/macite.tg\\\/?author=2\"}]}<\/script>\n<!-- \/ Yoast SEO plugin. -->","yoast_head_json":{"title":"CANTINES SCOLAIRES : Hausse de 8 % du nombre d'\u00e9l\u00e8ves atteints sur le territoire -","robots":{"index":"index","follow":"follow","max-snippet":"max-snippet:-1","max-image-preview":"max-image-preview:large","max-video-preview":"max-video-preview:-1"},"canonical":"https:\/\/macite.tg\/?p=30280","og_locale":"fr_FR","og_type":"article","og_title":"CANTINES SCOLAIRES : Hausse de 8 % du nombre d'\u00e9l\u00e8ves atteints sur le territoire -","og_description":"L&rsquo;\u00e9volution du nombre d&rsquo;\u00e9l\u00e8ves b\u00e9n\u00e9ficiaires des cantines scolaires fait foi dans un pays attach\u00e9 au d\u00e9veloppement physique et cognitif des enfants. Le pays est dans un \u00e9lan positif qui montre son engagement en faveur du bien-\u00eatre des apprenants. Entre 2024 et 2025, les effectifs des [&hellip;]","og_url":"https:\/\/macite.tg\/?p=30280","article_published_time":"2026-05-08T15:24:13+00:00","article_modified_time":"2026-05-08T15:24:19+00:00","og_image":[{"width":269,"height":234,"url":"https:\/\/macite.tg\/wp-content\/uploads\/2026\/05\/image-5.png","type":"image\/png"}],"author":"Jean Pierre BAWELA","twitter_card":"summary_large_image","twitter_misc":{"\u00c9crit par":"Jean Pierre BAWELA","Dur\u00e9e de lecture estim\u00e9e":"4 minutes"},"schema":{"@context":"https:\/\/schema.org","@graph":[{"@type":"Article","@id":"https:\/\/macite.tg\/?p=30280#article","isPartOf":{"@id":"https:\/\/macite.tg\/?p=30280"},"author":{"name":"Jean Pierre BAWELA","@id":"https:\/\/macite.tg\/#\/schema\/person\/e9f2de7e5dbbe7770a9402c7ce82f5c2"},"headline":"CANTINES SCOLAIRES : Hausse de 8 % du nombre d&rsquo;\u00e9l\u00e8ves atteints sur le territoire","datePublished":"2026-05-08T15:24:13+00:00","dateModified":"2026-05-08T15:24:19+00:00","mainEntityOfPage":{"@id":"https:\/\/macite.tg\/?p=30280"},"wordCount":545,"commentCount":0,"image":{"@id":"https:\/\/macite.tg\/?p=30280#primaryimage"},"thumbnailUrl":"https:\/\/macite.tg\/wp-content\/uploads\/2026\/05\/image-5.png","articleSection":["ACTUALITE","EDUCATION"],"inLanguage":"fr-FR","potentialAction":[{"@type":"CommentAction","name":"Comment","target":["https:\/\/macite.tg\/?p=30280#respond"]}]},{"@type":"WebPage","@id":"https:\/\/macite.tg\/?p=30280","url":"https:\/\/macite.tg\/?p=30280","name":"CANTINES SCOLAIRES : Hausse de 8 % du nombre d'\u00e9l\u00e8ves atteints sur le territoire -","isPartOf":{"@id":"https:\/\/macite.tg\/#website"},"primaryImageOfPage":{"@id":"https:\/\/macite.tg\/?p=30280#primaryimage"},"image":{"@id":"https:\/\/macite.tg\/?p=30280#primaryimage"},"thumbnailUrl":"https:\/\/macite.tg\/wp-content\/uploads\/2026\/05\/image-5.png","datePublished":"2026-05-08T15:24:13+00:00","dateModified":"2026-05-08T15:24:19+00:00","author":{"@id":"https:\/\/macite.tg\/#\/schema\/person\/e9f2de7e5dbbe7770a9402c7ce82f5c2"},"breadcrumb":{"@id":"https:\/\/macite.tg\/?p=30280#breadcrumb"},"inLanguage":"fr-FR","potentialAction":[{"@type":"ReadAction","target":["https:\/\/macite.tg\/?p=30280"]}]},{"@type":"ImageObject","inLanguage":"fr-FR","@id":"https:\/\/macite.tg\/?p=30280#primaryimage","url":"https:\/\/macite.tg\/wp-content\/uploads\/2026\/05\/image-5.png","contentUrl":"https:\/\/macite.tg\/wp-content\/uploads\/2026\/05\/image-5.png","width":269,"height":234},{"@type":"BreadcrumbList","@id":"https:\/\/macite.tg\/?p=30280#breadcrumb","itemListElement":[{"@type":"ListItem","position":1,"name":"Accueil","item":"https:\/\/macite.tg\/"},{"@type":"ListItem","position":2,"name":"CANTINES SCOLAIRES : Hausse de 8 % du nombre d&rsquo;\u00e9l\u00e8ves atteints sur le territoire"}]},{"@type":"WebSite","@id":"https:\/\/macite.tg\/#website","url":"https:\/\/macite.tg\/","name":"","description":"L&#039;information, la bonne!!!","potentialAction":[{"@type":"SearchAction","target":{"@type":"EntryPoint","urlTemplate":"https:\/\/macite.tg\/?s={search_term_string}"},"query-input":{"@type":"PropertyValueSpecification","valueRequired":true,"valueName":"search_term_string"}}],"inLanguage":"fr-FR"},{"@type":"Person","@id":"https:\/\/macite.tg\/#\/schema\/person\/e9f2de7e5dbbe7770a9402c7ce82f5c2","name":"Jean Pierre BAWELA","image":{"@type":"ImageObject","inLanguage":"fr-FR","@id":"https:\/\/macite.tg\/wp-content\/uploads\/2023\/09\/WhatsApp-Image-2023-09-19-at-14.44.41-122x122.jpeg","url":"https:\/\/macite.tg\/wp-content\/uploads\/2023\/09\/WhatsApp-Image-2023-09-19-at-14.44.41-122x122.jpeg","contentUrl":"https:\/\/macite.tg\/wp-content\/uploads\/2023\/09\/WhatsApp-Image-2023-09-19-at-14.44.41-122x122.jpeg","caption":"Jean Pierre BAWELA"},"url":"https:\/\/macite.tg\/?author=2"}]}},"_links":{"self":[{"href":"https:\/\/macite.tg\/index.php?rest_route=\/wp\/v2\/posts\/30280","targetHints":{"allow":["GET"]}}],"collection":[{"href":"https:\/\/macite.tg\/index.php?rest_route=\/wp\/v2\/posts"}],"about":[{"href":"https:\/\/macite.tg\/index.php?rest_route=\/wp\/v2\/types\/post"}],"author":[{"embeddable":true,"href":"https:\/\/macite.tg\/index.php?rest_route=\/wp\/v2\/users\/2"}],"replies":[{"embeddable":true,"href":"https:\/\/macite.tg\/index.php?rest_route=%2Fwp%2Fv2%2Fcomments&post=30280"}],"version-history":[{"count":0,"href":"https:\/\/macite.tg\/index.php?rest_route=\/wp\/v2\/posts\/30280\/revisions"}],"wp:featuredmedia":[{"embeddable":true,"href":"https:\/\/macite.tg\/index.php?rest_route=\/wp\/v2\/media\/30186"}],"wp:attachment":[{"href":"https:\/\/macite.tg\/index.php?rest_route=%2Fwp%2Fv2%2Fmedia&parent=30280"}],"wp:term":[{"taxonomy":"category","embeddable":true,"href":"https:\/\/macite.tg\/index.php?rest_route=%2Fwp%2Fv2%2Fcategories&post=30280"},{"taxonomy":"post_tag","embeddable":true,"href":"https:\/\/macite.tg\/index.php?rest_route=%2Fwp%2Fv2%2Ftags&post=30280"}],"curies":[{"name":"wp","href":"https:\/\/api.w.org\/{rel}","templated":true}]}}