{"id":30257,"date":"2026-05-07T14:06:30","date_gmt":"2026-05-07T14:06:30","guid":{"rendered":"https:\/\/macite.tg\/?p=30257"},"modified":"2026-05-07T14:06:38","modified_gmt":"2026-05-07T14:06:38","slug":"decentralisation-des-services-consulaires-la-cci-togo-inaugure-sa-delegation-regionale-du-grand-lome-a-agoe-nyive","status":"publish","type":"post","link":"https:\/\/macite.tg\/?p=30257","title":{"rendered":"DECENTRALISATION DES SERVICES CONSULAIRES\u00a0: La CCI-Togo inaugure sa D\u00e9l\u00e9gation R\u00e9gionale du Grand Lom\u00e9 \u00e0 Ago\u00e8-Nyiv\u00e9"},"content":{"rendered":"\n<p class=\"wp-block-paragraph\"><strong><em>La Chambre de Commerce et d\u2019Industrie du Togo (CCI-Togo) poursuit sa strat\u00e9gie de proximit\u00e9. Apr\u00e8s Sokod\u00e9 et Dapaong, c\u2019est au tour du Grand Lom\u00e9 de se doter d\u2019une d\u00e9l\u00e9gation r\u00e9gionale. Implant\u00e9e au c\u0153ur de la commune d\u2019Ago\u00e8-Nyiv\u00e9 1, cette nouvelle infrastructure se veut d\u2019assurer un meilleur accompagnement des op\u00e9rateurs \u00e9conomiques de la capitale.<\/em><\/strong><em><\/em><\/p>\n\n\n\n<p class=\"wp-block-paragraph\"><strong>Un maillage territorial renforc\u00e9 pour le poumon \u00e9conomique du Togo<\/strong><\/p>\n\n\n\n<p class=\"wp-block-paragraph\">Le Grand Lom\u00e9 n&rsquo;est pas seulement une zone urbaine ; c&rsquo;est le v\u00e9ritable c\u0153ur financier et industriel du pays. En concentrant l&rsquo;essentiel des PME, des industries et des services, le district n\u00e9cessitait une pr\u00e9sence institutionnelle plus forte pour soutenir sa dynamique de croissance.<\/p>\n\n\n\n<p class=\"wp-block-paragraph\">L&rsquo;inauguration de cette d\u00e9l\u00e9gation r\u00e9pond \u00e0 un besoin critique : d\u00e9centraliser les services consulaires pour les rendre accessibles l\u00e0 o\u00f9 se cr\u00e9e la richesse.<\/p>\n\n\n\n<figure class=\"wp-block-image size-large\"><img loading=\"lazy\" decoding=\"async\" width=\"1024\" height=\"681\" src=\"https:\/\/macite.tg\/wp-content\/uploads\/2026\/05\/WhatsApp-Image-2025-06-26-at-13.30.34-1024x681.jpeg\" alt=\"\" class=\"wp-image-30271\" srcset=\"https:\/\/macite.tg\/wp-content\/uploads\/2026\/05\/WhatsApp-Image-2025-06-26-at-13.30.34-1024x681.jpeg 1024w, https:\/\/macite.tg\/wp-content\/uploads\/2026\/05\/WhatsApp-Image-2025-06-26-at-13.30.34-300x199.jpeg 300w, https:\/\/macite.tg\/wp-content\/uploads\/2026\/05\/WhatsApp-Image-2025-06-26-at-13.30.34-768x511.jpeg 768w, https:\/\/macite.tg\/wp-content\/uploads\/2026\/05\/WhatsApp-Image-2025-06-26-at-13.30.34-1536x1021.jpeg 1536w, https:\/\/macite.tg\/wp-content\/uploads\/2026\/05\/WhatsApp-Image-2025-06-26-at-13.30.34-2048x1362.jpeg 2048w, https:\/\/macite.tg\/wp-content\/uploads\/2026\/05\/WhatsApp-Image-2025-06-26-at-13.30.34-112x75.jpeg 112w, https:\/\/macite.tg\/wp-content\/uploads\/2026\/05\/WhatsApp-Image-2025-06-26-at-13.30.34-425x283.jpeg 425w, https:\/\/macite.tg\/wp-content\/uploads\/2026\/05\/WhatsApp-Image-2025-06-26-at-13.30.34-430x287.jpeg 430w\" sizes=\"auto, (max-width: 1024px) 100vw, 1024px\" \/><\/figure>\n\n\n\n<p class=\"wp-block-paragraph\"><strong>Les missions cl\u00e9s de la nouvelle d\u00e9l\u00e9gation r\u00e9gionale<\/strong><\/p>\n\n\n\n<p class=\"wp-block-paragraph\">Plus qu&rsquo;un simple b\u00e2timent, cette antenne est con\u00e7ue comme un guichet unique pour les entrepreneurs. Au rang de ses objectifs, on peut citer :<\/p>\n\n\n\n<p class=\"wp-block-paragraph\">&#8211; l\u2019accessibilit\u00e9 : Faciliter les d\u00e9marches administratives pour les entreprises locales.<\/p>\n\n\n\n<p class=\"wp-block-paragraph\">&#8211; l\u2019information &amp; Orientation : Offrir un point d&rsquo;appui strat\u00e9gique pour les porteurs de projets.<\/p>\n\n\n\n<p class=\"wp-block-paragraph\">&#8211; Soutien \u00e0 l&rsquo;Innovation<strong> :<\/strong> La d\u00e9l\u00e9gation abrite une unit\u00e9 d\u00e9di\u00e9e \u00e0 l\u2019impl\u00e9mentation des r\u00e9sultats de recherche, un levier crucial pour les TPME et TPMI.<\/p>\n\n\n\n<p class=\"wp-block-paragraph\">&#8211; Coordination : Elle sert \u00e9galement de base \u00e0 la Direction centrale de la coordination des r\u00e9gions.<\/p>\n\n\n\n<figure class=\"wp-block-image size-full\"><img loading=\"lazy\" decoding=\"async\" width=\"851\" height=\"315\" src=\"https:\/\/macite.tg\/wp-content\/uploads\/2026\/04\/OTR_Ferer-pour-batir-1.jpg\" alt=\"\" class=\"wp-image-29832\" srcset=\"https:\/\/macite.tg\/wp-content\/uploads\/2026\/04\/OTR_Ferer-pour-batir-1.jpg 851w, https:\/\/macite.tg\/wp-content\/uploads\/2026\/04\/OTR_Ferer-pour-batir-1-300x111.jpg 300w, https:\/\/macite.tg\/wp-content\/uploads\/2026\/04\/OTR_Ferer-pour-batir-1-768x284.jpg 768w\" sizes=\"auto, (max-width: 851px) 100vw, 851px\" \/><\/figure>\n\n\n\n<p class=\"wp-block-paragraph\"><strong>Une vision port\u00e9e par l&rsquo;efficacit\u00e9 et la proximit\u00e9<\/strong><\/p>\n\n\n\n<p class=\"wp-block-paragraph\">Lors de la c\u00e9r\u00e9monie inaugurale, le Dr Jos\u00e9 Kwassi Sym\u00e9nouh, Pr\u00e9sident de la CCI-Togo, a soulign\u00e9 que cette r\u00e9alisation est l&rsquo;aboutissement d&rsquo;une vision strat\u00e9gique. Tout en rappelant que la proximit\u00e9 est le gage de l&rsquo;efficacit\u00e9 consulaire, le pr\u00e9sident de la CCI-Togo a relev\u00e9 qu\u2019il<em> \u00abne peut y avoir de d\u00e9veloppement local fort sans un secteur priv\u00e9 fort&nbsp;\u00bb.<\/em><\/p>\n\n\n\n<p class=\"wp-block-paragraph\">Et cette initiative a \u00e9t\u00e9 vivement salu\u00e9e par Mme Zour\u00e9hatou Kassah-Traor\u00e9, Gouverneure du District Autonome du Grand Lom\u00e9, qui y voit un moteur pour la politique de d\u00e9centralisation du gouvernement.<\/p>\n\n\n\n<p class=\"wp-block-paragraph\">Pour le ministre de l\u2019\u00c9conomie et de la Veille strat\u00e9gique, Badanam Patoki, l\u2019heure \u00e9tait de r\u00e9affirmer le soutien de l&rsquo;\u00c9tat \u00e0 cette d\u00e9marche. Ainsi, rapprocher les institutions des usagers est une priorit\u00e9 absolue pour b\u00e2tir un d\u00e9veloppement local p\u00e9renne, a indiqu\u00e9 l\u2019officiel.<\/p>\n\n\n\n<figure class=\"wp-block-image size-large\"><img loading=\"lazy\" decoding=\"async\" width=\"1024\" height=\"684\" src=\"https:\/\/macite.tg\/wp-content\/uploads\/2026\/05\/DSC06780-1024x684.jpg\" alt=\"\" class=\"wp-image-30272\" srcset=\"https:\/\/macite.tg\/wp-content\/uploads\/2026\/05\/DSC06780-1024x684.jpg 1024w, https:\/\/macite.tg\/wp-content\/uploads\/2026\/05\/DSC06780-300x200.jpg 300w, https:\/\/macite.tg\/wp-content\/uploads\/2026\/05\/DSC06780-768x513.jpg 768w, https:\/\/macite.tg\/wp-content\/uploads\/2026\/05\/DSC06780-1536x1026.jpg 1536w, https:\/\/macite.tg\/wp-content\/uploads\/2026\/05\/DSC06780-2048x1368.jpg 2048w, https:\/\/macite.tg\/wp-content\/uploads\/2026\/05\/DSC06780-650x434.jpg 650w, https:\/\/macite.tg\/wp-content\/uploads\/2026\/05\/DSC06780-730x487.jpg 730w, https:\/\/macite.tg\/wp-content\/uploads\/2026\/05\/DSC06780-112x75.jpg 112w, https:\/\/macite.tg\/wp-content\/uploads\/2026\/05\/DSC06780-425x283.jpg 425w, https:\/\/macite.tg\/wp-content\/uploads\/2026\/05\/DSC06780-430x287.jpg 430w\" sizes=\"auto, (max-width: 1024px) 100vw, 1024px\" \/><\/figure>\n\n\n\n<p class=\"wp-block-paragraph\">Notons que d\u00e9sormais, les entreprises du Grand Lom\u00e9 disposent d&rsquo;un cadre moderne pour tirer profit de l&rsquo;accompagnement institutionnel, mais aussi et surtout acc\u00e9der plus rapidement aux opportunit\u00e9s d&rsquo;affaires, et renforcer leur comp\u00e9titivit\u00e9 face aux enjeux r\u00e9gionaux.<\/p>\n\n\n\n<p class=\"wp-block-paragraph\"><strong>La R\u00e9daction<\/strong><\/p>\n\n\n\n<p class=\"wp-block-paragraph\"><a><strong><em>@macite.tg&nbsp;&nbsp;&nbsp;&nbsp;&nbsp;&nbsp;&nbsp;&nbsp;<\/em><\/strong><\/a><\/p>\n\n\n\n<p class=\"wp-block-paragraph\"><strong><em>E-mail&nbsp;: <\/em><\/strong><a href=\"mailto:maciteinfo@gmail.com\"><strong><em>maciteinfo@gmail.com<\/em><\/strong><\/a><strong><em>; <\/em><\/strong><a href=\"mailto:bawela1@gmail.com\"><strong><em>bawela1@gmail.com<\/em><\/strong><\/a><strong><em><\/em><\/strong><\/p>\n\n\n\n<p class=\"wp-block-paragraph\"><strong><em>Pour vos annonces, publi-reportages, etc., joignez-nous au (00228)91515309\/<strong>79872224 <\/strong><strong><\/strong><\/em><\/strong><\/p>\n\n\n\n<p class=\"wp-block-paragraph\"><strong><em>www.macite.tg, L\u2019information, la bonne&nbsp;!<\/em><\/strong><\/p>\n","protected":false},"excerpt":{"rendered":"<p class=\"text-justify mb-2\" >La Chambre de Commerce et d\u2019Industrie du Togo (CCI-Togo) poursuit sa strat\u00e9gie de proximit\u00e9. Apr\u00e8s Sokod\u00e9 et Dapaong, c\u2019est au tour du Grand Lom\u00e9 de se doter d\u2019une d\u00e9l\u00e9gation r\u00e9gionale. Implant\u00e9e au c\u0153ur de la commune d\u2019Ago\u00e8-Nyiv\u00e9 1, cette nouvelle infrastructure se veut d\u2019assurer un [&hellip;]<\/p>\n","protected":false},"author":2,"featured_media":30273,"comment_status":"open","ping_status":"open","sticky":false,"template":"","format":"standard","meta":{"footnotes":""},"categories":[20,3],"tags":[],"class_list":["post-30257","post","type-post","status-publish","format-standard","has-post-thumbnail","hentry","category-actualite","category-economie"],"yoast_head":"<!-- This site is optimized with the Yoast SEO plugin v28.4 - https:\/\/yoast.com\/product\/yoast-seo-wordpress\/ -->\n<title>DECENTRALISATION DES SERVICES CONSULAIRES\u00a0: La CCI-Togo inaugure sa D\u00e9l\u00e9gation R\u00e9gionale du Grand Lom\u00e9 \u00e0 Ago\u00e8-Nyiv\u00e9 -<\/title>\n<meta name=\"robots\" content=\"index, follow, max-snippet:-1, max-image-preview:large, max-video-preview:-1\" \/>\n<link rel=\"canonical\" href=\"https:\/\/macite.tg\/?p=30257\" \/>\n<meta property=\"og:locale\" content=\"fr_FR\" \/>\n<meta property=\"og:type\" content=\"article\" \/>\n<meta property=\"og:title\" content=\"DECENTRALISATION DES SERVICES CONSULAIRES\u00a0: La CCI-Togo inaugure sa D\u00e9l\u00e9gation R\u00e9gionale du Grand Lom\u00e9 \u00e0 Ago\u00e8-Nyiv\u00e9 -\" \/>\n<meta property=\"og:description\" content=\"La Chambre de Commerce et d\u2019Industrie du Togo (CCI-Togo) poursuit sa strat\u00e9gie de proximit\u00e9. Apr\u00e8s Sokod\u00e9 et Dapaong, c\u2019est au tour du Grand Lom\u00e9 de se doter d\u2019une d\u00e9l\u00e9gation r\u00e9gionale. Implant\u00e9e au c\u0153ur de la commune d\u2019Ago\u00e8-Nyiv\u00e9 1, cette nouvelle infrastructure se veut d\u2019assurer un [&hellip;]\" \/>\n<meta property=\"og:url\" content=\"https:\/\/macite.tg\/?p=30257\" \/>\n<meta property=\"article:published_time\" content=\"2026-05-07T14:06:30+00:00\" \/>\n<meta property=\"article:modified_time\" content=\"2026-05-07T14:06:38+00:00\" \/>\n<meta property=\"og:image\" content=\"https:\/\/macite.tg\/wp-content\/uploads\/2026\/05\/CCIT.jpg\" \/>\n\t<meta property=\"og:image:width\" content=\"500\" \/>\n\t<meta property=\"og:image:height\" content=\"332\" \/>\n\t<meta property=\"og:image:type\" content=\"image\/jpeg\" \/>\n<meta name=\"author\" content=\"Jean Pierre BAWELA\" \/>\n<meta name=\"twitter:card\" content=\"summary_large_image\" \/>\n<meta name=\"twitter:label1\" content=\"\u00c9crit par\" \/>\n\t<meta name=\"twitter:data1\" content=\"Jean Pierre BAWELA\" \/>\n\t<meta name=\"twitter:label2\" content=\"Dur\u00e9e de lecture estim\u00e9e\" \/>\n\t<meta name=\"twitter:data2\" content=\"3 minutes\" \/>\n<script type=\"application\/ld+json\" class=\"yoast-schema-graph\">{\"@context\":\"https:\\\/\\\/schema.org\",\"@graph\":[{\"@type\":\"Article\",\"@id\":\"https:\\\/\\\/macite.tg\\\/?p=30257#article\",\"isPartOf\":{\"@id\":\"https:\\\/\\\/macite.tg\\\/?p=30257\"},\"author\":{\"name\":\"Jean Pierre BAWELA\",\"@id\":\"https:\\\/\\\/macite.tg\\\/#\\\/schema\\\/person\\\/e9f2de7e5dbbe7770a9402c7ce82f5c2\"},\"headline\":\"DECENTRALISATION DES SERVICES CONSULAIRES\u00a0: La CCI-Togo inaugure sa D\u00e9l\u00e9gation R\u00e9gionale du Grand Lom\u00e9 \u00e0 Ago\u00e8-Nyiv\u00e9\",\"datePublished\":\"2026-05-07T14:06:30+00:00\",\"dateModified\":\"2026-05-07T14:06:38+00:00\",\"mainEntityOfPage\":{\"@id\":\"https:\\\/\\\/macite.tg\\\/?p=30257\"},\"wordCount\":528,\"commentCount\":0,\"image\":{\"@id\":\"https:\\\/\\\/macite.tg\\\/?p=30257#primaryimage\"},\"thumbnailUrl\":\"https:\\\/\\\/macite.tg\\\/wp-content\\\/uploads\\\/2026\\\/05\\\/CCIT.jpg\",\"articleSection\":[\"ACTUALITE\",\"ECONOMIE\"],\"inLanguage\":\"fr-FR\",\"potentialAction\":[{\"@type\":\"CommentAction\",\"name\":\"Comment\",\"target\":[\"https:\\\/\\\/macite.tg\\\/?p=30257#respond\"]}]},{\"@type\":\"WebPage\",\"@id\":\"https:\\\/\\\/macite.tg\\\/?p=30257\",\"url\":\"https:\\\/\\\/macite.tg\\\/?p=30257\",\"name\":\"DECENTRALISATION DES SERVICES CONSULAIRES\u00a0: La CCI-Togo inaugure sa D\u00e9l\u00e9gation R\u00e9gionale du Grand Lom\u00e9 \u00e0 Ago\u00e8-Nyiv\u00e9 -\",\"isPartOf\":{\"@id\":\"https:\\\/\\\/macite.tg\\\/#website\"},\"primaryImageOfPage\":{\"@id\":\"https:\\\/\\\/macite.tg\\\/?p=30257#primaryimage\"},\"image\":{\"@id\":\"https:\\\/\\\/macite.tg\\\/?p=30257#primaryimage\"},\"thumbnailUrl\":\"https:\\\/\\\/macite.tg\\\/wp-content\\\/uploads\\\/2026\\\/05\\\/CCIT.jpg\",\"datePublished\":\"2026-05-07T14:06:30+00:00\",\"dateModified\":\"2026-05-07T14:06:38+00:00\",\"author\":{\"@id\":\"https:\\\/\\\/macite.tg\\\/#\\\/schema\\\/person\\\/e9f2de7e5dbbe7770a9402c7ce82f5c2\"},\"breadcrumb\":{\"@id\":\"https:\\\/\\\/macite.tg\\\/?p=30257#breadcrumb\"},\"inLanguage\":\"fr-FR\",\"potentialAction\":[{\"@type\":\"ReadAction\",\"target\":[\"https:\\\/\\\/macite.tg\\\/?p=30257\"]}]},{\"@type\":\"ImageObject\",\"inLanguage\":\"fr-FR\",\"@id\":\"https:\\\/\\\/macite.tg\\\/?p=30257#primaryimage\",\"url\":\"https:\\\/\\\/macite.tg\\\/wp-content\\\/uploads\\\/2026\\\/05\\\/CCIT.jpg\",\"contentUrl\":\"https:\\\/\\\/macite.tg\\\/wp-content\\\/uploads\\\/2026\\\/05\\\/CCIT.jpg\",\"width\":500,\"height\":332},{\"@type\":\"BreadcrumbList\",\"@id\":\"https:\\\/\\\/macite.tg\\\/?p=30257#breadcrumb\",\"itemListElement\":[{\"@type\":\"ListItem\",\"position\":1,\"name\":\"Accueil\",\"item\":\"https:\\\/\\\/macite.tg\\\/\"},{\"@type\":\"ListItem\",\"position\":2,\"name\":\"DECENTRALISATION DES SERVICES CONSULAIRES\u00a0: La CCI-Togo inaugure sa D\u00e9l\u00e9gation R\u00e9gionale du Grand Lom\u00e9 \u00e0 Ago\u00e8-Nyiv\u00e9\"}]},{\"@type\":\"WebSite\",\"@id\":\"https:\\\/\\\/macite.tg\\\/#website\",\"url\":\"https:\\\/\\\/macite.tg\\\/\",\"name\":\"\",\"description\":\"L&#039;information, la bonne!!!\",\"potentialAction\":[{\"@type\":\"SearchAction\",\"target\":{\"@type\":\"EntryPoint\",\"urlTemplate\":\"https:\\\/\\\/macite.tg\\\/?s={search_term_string}\"},\"query-input\":{\"@type\":\"PropertyValueSpecification\",\"valueRequired\":true,\"valueName\":\"search_term_string\"}}],\"inLanguage\":\"fr-FR\"},{\"@type\":\"Person\",\"@id\":\"https:\\\/\\\/macite.tg\\\/#\\\/schema\\\/person\\\/e9f2de7e5dbbe7770a9402c7ce82f5c2\",\"name\":\"Jean Pierre BAWELA\",\"image\":{\"@type\":\"ImageObject\",\"inLanguage\":\"fr-FR\",\"@id\":\"https:\\\/\\\/macite.tg\\\/wp-content\\\/uploads\\\/2023\\\/09\\\/WhatsApp-Image-2023-09-19-at-14.44.41-122x122.jpeg\",\"url\":\"https:\\\/\\\/macite.tg\\\/wp-content\\\/uploads\\\/2023\\\/09\\\/WhatsApp-Image-2023-09-19-at-14.44.41-122x122.jpeg\",\"contentUrl\":\"https:\\\/\\\/macite.tg\\\/wp-content\\\/uploads\\\/2023\\\/09\\\/WhatsApp-Image-2023-09-19-at-14.44.41-122x122.jpeg\",\"caption\":\"Jean Pierre BAWELA\"},\"url\":\"https:\\\/\\\/macite.tg\\\/?author=2\"}]}<\/script>\n<!-- \/ Yoast SEO plugin. -->","yoast_head_json":{"title":"DECENTRALISATION DES SERVICES CONSULAIRES\u00a0: La CCI-Togo inaugure sa D\u00e9l\u00e9gation R\u00e9gionale du Grand Lom\u00e9 \u00e0 Ago\u00e8-Nyiv\u00e9 -","robots":{"index":"index","follow":"follow","max-snippet":"max-snippet:-1","max-image-preview":"max-image-preview:large","max-video-preview":"max-video-preview:-1"},"canonical":"https:\/\/macite.tg\/?p=30257","og_locale":"fr_FR","og_type":"article","og_title":"DECENTRALISATION DES SERVICES CONSULAIRES\u00a0: La CCI-Togo inaugure sa D\u00e9l\u00e9gation R\u00e9gionale du Grand Lom\u00e9 \u00e0 Ago\u00e8-Nyiv\u00e9 -","og_description":"La Chambre de Commerce et d\u2019Industrie du Togo (CCI-Togo) poursuit sa strat\u00e9gie de proximit\u00e9. Apr\u00e8s Sokod\u00e9 et Dapaong, c\u2019est au tour du Grand Lom\u00e9 de se doter d\u2019une d\u00e9l\u00e9gation r\u00e9gionale. Implant\u00e9e au c\u0153ur de la commune d\u2019Ago\u00e8-Nyiv\u00e9 1, cette nouvelle infrastructure se veut d\u2019assurer un [&hellip;]","og_url":"https:\/\/macite.tg\/?p=30257","article_published_time":"2026-05-07T14:06:30+00:00","article_modified_time":"2026-05-07T14:06:38+00:00","og_image":[{"width":500,"height":332,"url":"https:\/\/macite.tg\/wp-content\/uploads\/2026\/05\/CCIT.jpg","type":"image\/jpeg"}],"author":"Jean Pierre BAWELA","twitter_card":"summary_large_image","twitter_misc":{"\u00c9crit par":"Jean Pierre BAWELA","Dur\u00e9e de lecture estim\u00e9e":"3 minutes"},"schema":{"@context":"https:\/\/schema.org","@graph":[{"@type":"Article","@id":"https:\/\/macite.tg\/?p=30257#article","isPartOf":{"@id":"https:\/\/macite.tg\/?p=30257"},"author":{"name":"Jean Pierre BAWELA","@id":"https:\/\/macite.tg\/#\/schema\/person\/e9f2de7e5dbbe7770a9402c7ce82f5c2"},"headline":"DECENTRALISATION DES SERVICES CONSULAIRES\u00a0: La CCI-Togo inaugure sa D\u00e9l\u00e9gation R\u00e9gionale du Grand Lom\u00e9 \u00e0 Ago\u00e8-Nyiv\u00e9","datePublished":"2026-05-07T14:06:30+00:00","dateModified":"2026-05-07T14:06:38+00:00","mainEntityOfPage":{"@id":"https:\/\/macite.tg\/?p=30257"},"wordCount":528,"commentCount":0,"image":{"@id":"https:\/\/macite.tg\/?p=30257#primaryimage"},"thumbnailUrl":"https:\/\/macite.tg\/wp-content\/uploads\/2026\/05\/CCIT.jpg","articleSection":["ACTUALITE","ECONOMIE"],"inLanguage":"fr-FR","potentialAction":[{"@type":"CommentAction","name":"Comment","target":["https:\/\/macite.tg\/?p=30257#respond"]}]},{"@type":"WebPage","@id":"https:\/\/macite.tg\/?p=30257","url":"https:\/\/macite.tg\/?p=30257","name":"DECENTRALISATION DES SERVICES CONSULAIRES\u00a0: La CCI-Togo inaugure sa D\u00e9l\u00e9gation R\u00e9gionale du Grand Lom\u00e9 \u00e0 Ago\u00e8-Nyiv\u00e9 -","isPartOf":{"@id":"https:\/\/macite.tg\/#website"},"primaryImageOfPage":{"@id":"https:\/\/macite.tg\/?p=30257#primaryimage"},"image":{"@id":"https:\/\/macite.tg\/?p=30257#primaryimage"},"thumbnailUrl":"https:\/\/macite.tg\/wp-content\/uploads\/2026\/05\/CCIT.jpg","datePublished":"2026-05-07T14:06:30+00:00","dateModified":"2026-05-07T14:06:38+00:00","author":{"@id":"https:\/\/macite.tg\/#\/schema\/person\/e9f2de7e5dbbe7770a9402c7ce82f5c2"},"breadcrumb":{"@id":"https:\/\/macite.tg\/?p=30257#breadcrumb"},"inLanguage":"fr-FR","potentialAction":[{"@type":"ReadAction","target":["https:\/\/macite.tg\/?p=30257"]}]},{"@type":"ImageObject","inLanguage":"fr-FR","@id":"https:\/\/macite.tg\/?p=30257#primaryimage","url":"https:\/\/macite.tg\/wp-content\/uploads\/2026\/05\/CCIT.jpg","contentUrl":"https:\/\/macite.tg\/wp-content\/uploads\/2026\/05\/CCIT.jpg","width":500,"height":332},{"@type":"BreadcrumbList","@id":"https:\/\/macite.tg\/?p=30257#breadcrumb","itemListElement":[{"@type":"ListItem","position":1,"name":"Accueil","item":"https:\/\/macite.tg\/"},{"@type":"ListItem","position":2,"name":"DECENTRALISATION DES SERVICES CONSULAIRES\u00a0: La CCI-Togo inaugure sa D\u00e9l\u00e9gation R\u00e9gionale du Grand Lom\u00e9 \u00e0 Ago\u00e8-Nyiv\u00e9"}]},{"@type":"WebSite","@id":"https:\/\/macite.tg\/#website","url":"https:\/\/macite.tg\/","name":"","description":"L&#039;information, la bonne!!!","potentialAction":[{"@type":"SearchAction","target":{"@type":"EntryPoint","urlTemplate":"https:\/\/macite.tg\/?s={search_term_string}"},"query-input":{"@type":"PropertyValueSpecification","valueRequired":true,"valueName":"search_term_string"}}],"inLanguage":"fr-FR"},{"@type":"Person","@id":"https:\/\/macite.tg\/#\/schema\/person\/e9f2de7e5dbbe7770a9402c7ce82f5c2","name":"Jean Pierre BAWELA","image":{"@type":"ImageObject","inLanguage":"fr-FR","@id":"https:\/\/macite.tg\/wp-content\/uploads\/2023\/09\/WhatsApp-Image-2023-09-19-at-14.44.41-122x122.jpeg","url":"https:\/\/macite.tg\/wp-content\/uploads\/2023\/09\/WhatsApp-Image-2023-09-19-at-14.44.41-122x122.jpeg","contentUrl":"https:\/\/macite.tg\/wp-content\/uploads\/2023\/09\/WhatsApp-Image-2023-09-19-at-14.44.41-122x122.jpeg","caption":"Jean Pierre BAWELA"},"url":"https:\/\/macite.tg\/?author=2"}]}},"_links":{"self":[{"href":"https:\/\/macite.tg\/index.php?rest_route=\/wp\/v2\/posts\/30257","targetHints":{"allow":["GET"]}}],"collection":[{"href":"https:\/\/macite.tg\/index.php?rest_route=\/wp\/v2\/posts"}],"about":[{"href":"https:\/\/macite.tg\/index.php?rest_route=\/wp\/v2\/types\/post"}],"author":[{"embeddable":true,"href":"https:\/\/macite.tg\/index.php?rest_route=\/wp\/v2\/users\/2"}],"replies":[{"embeddable":true,"href":"https:\/\/macite.tg\/index.php?rest_route=%2Fwp%2Fv2%2Fcomments&post=30257"}],"version-history":[{"count":0,"href":"https:\/\/macite.tg\/index.php?rest_route=\/wp\/v2\/posts\/30257\/revisions"}],"wp:featuredmedia":[{"embeddable":true,"href":"https:\/\/macite.tg\/index.php?rest_route=\/wp\/v2\/media\/30273"}],"wp:attachment":[{"href":"https:\/\/macite.tg\/index.php?rest_route=%2Fwp%2Fv2%2Fmedia&parent=30257"}],"wp:term":[{"taxonomy":"category","embeddable":true,"href":"https:\/\/macite.tg\/index.php?rest_route=%2Fwp%2Fv2%2Fcategories&post=30257"},{"taxonomy":"post_tag","embeddable":true,"href":"https:\/\/macite.tg\/index.php?rest_route=%2Fwp%2Fv2%2Ftags&post=30257"}],"curies":[{"name":"wp","href":"https:\/\/api.w.org\/{rel}","templated":true}]}}