{"id":30251,"date":"2026-05-07T11:31:43","date_gmt":"2026-05-07T11:31:43","guid":{"rendered":"https:\/\/macite.tg\/?p=30251"},"modified":"2026-05-07T11:31:54","modified_gmt":"2026-05-07T11:31:54","slug":"togo-administration-territoriale-de-nouveaux-prefets-maintenir-une-discipline-la-rigueur-et-une-stabilite-accrue","status":"publish","type":"post","link":"https:\/\/macite.tg\/?p=30251","title":{"rendered":"TOGO\/ ADMINISTRATION TERRITORIALE : De nouveaux pr\u00e9fets&#8230; maintenir une discipline, la rigueur et une stabilit\u00e9 accrue"},"content":{"rendered":"\n<p class=\"wp-block-paragraph\"><strong><em>Le paysage administratif togolais conna\u00eet un souffle nouveau. Hier en conseil des ministres pr\u00e9sid\u00e9 par le Pr\u00e9sident du conseil, Faure Gnasisngb\u00e9, l\u2019on a assist\u00e9 \u00e0 une s\u00e9rie de nominations officielles. Ainsi, plusieurs pr\u00e9fectures changent de mains et le minist\u00e8re de l\u2019Urbanisme se dote d\u2019un nouveau Secr\u00e9taire G\u00e9n\u00e9ral. D\u00e9couvrez la liste compl\u00e8te des nouveaux visages de l\u2019administration territoriale.<\/em><\/strong><\/p>\n\n\n\n<p class=\"wp-block-paragraph\"><strong>Renforcement au Minist\u00e8re de l\u2019Am\u00e9nagement du Territoire<\/strong><\/p>\n\n\n\n<p class=\"wp-block-paragraph\">Au c\u0153ur des r\u00e9formes urbaines et de la planification du territoire, un changement strat\u00e9gique a \u00e9t\u00e9 op\u00e9r\u00e9 au sommet de l&rsquo;administration.<\/p>\n\n\n\n<p class=\"wp-block-paragraph\">Dans ce nouvel \u00e9lan, Monsieur Meindou LEBIGAZA est officiellement nomm\u00e9 Secr\u00e9taire g\u00e9n\u00e9ral du minist\u00e8re de l\u2019Am\u00e9nagement du territoire et de l\u2019Urbanisme. A ce poste cl\u00e9, le nouveau SG du minist\u00e8re de l\u2019Am\u00e9nagement du territoire et de l\u2019urbanisme, aura pour mission de coordonner les grands chantiers de modernisation des infrastructures et de gestion fonci\u00e8re \u00e0 travers le pays.<\/p>\n\n\n<div class=\"wp-block-image\">\n<figure class=\"aligncenter size-large\"><img loading=\"lazy\" decoding=\"async\" width=\"724\" height=\"1024\" src=\"https:\/\/macite.tg\/wp-content\/uploads\/2026\/05\/image-9-724x1024.png\" alt=\"\" class=\"wp-image-30222\" srcset=\"https:\/\/macite.tg\/wp-content\/uploads\/2026\/05\/image-9-724x1024.png 724w, https:\/\/macite.tg\/wp-content\/uploads\/2026\/05\/image-9-212x300.png 212w, https:\/\/macite.tg\/wp-content\/uploads\/2026\/05\/image-9-768x1086.png 768w, https:\/\/macite.tg\/wp-content\/uploads\/2026\/05\/image-9-1086x1536.png 1086w, https:\/\/macite.tg\/wp-content\/uploads\/2026\/05\/image-9.png 1448w\" sizes=\"auto, (max-width: 724px) 100vw, 724px\" \/><\/figure>\n<\/div>\n\n\n<p class=\"wp-block-paragraph\"><strong>Du mouvement dans les Pr\u00e9fectures : 9 nouveaux pr\u00e9fets nomm\u00e9s<\/strong><\/p>\n\n\n\n<p class=\"wp-block-paragraph\">Le minist\u00e8re de l\u2019Administration territoriale, de la Gouvernance locale et de la Chefferie coutumi\u00e8re a proc\u00e9d\u00e9 \u00e0 un remaniement important de ses repr\u00e9sentants locaux. Ces nominations impliquent majoritairement des Officiers sup\u00e9rieurs de r\u00e9serve et d&rsquo;active. Selon les experts, ils visent \u00e0 renforcer la s\u00e9curit\u00e9 et la proximit\u00e9 de l&rsquo;\u00c9tat dans plusieurs r\u00e9gions.<\/p>\n\n\n\n<p class=\"wp-block-paragraph\"><strong>Voici la liste des nouveaux pr\u00e9fets par localit\u00e9 :<\/strong><\/p>\n\n\n\n<p class=\"wp-block-paragraph\"><strong>&#8211; pr\u00e9fecture de l\u2019Oti&nbsp;: <\/strong>Colonel (R) KONDI Kidighan<\/p>\n\n\n\n<p class=\"wp-block-paragraph\"><strong>&#8211; pr\u00e9fecture de Kpendjal :<\/strong> Commissaire divisionnaire (R) BALATE Mikidji\u00e8be<\/p>\n\n\n\n<p class=\"wp-block-paragraph\">&#8211; <strong>pr\u00e9fecture de Doufelgou<\/strong>&nbsp;: Colonel (R) AZIABA Ayi Sessi<\/p>\n\n\n\n<p class=\"wp-block-paragraph\"><strong>&#8211; pr\u00e9fecture de Dankpen<\/strong>&nbsp;: Colonel AKPAMOURA Koffi<\/p>\n\n\n\n<p class=\"wp-block-paragraph\"><strong>&#8211; pr\u00e9fecture de Blitta<\/strong>&nbsp;: Monsieur ANAKPA Mani<\/p>\n\n\n\n<p class=\"wp-block-paragraph\"><strong>&#8211; pr\u00e9fecture de M\u00f4&nbsp;: <\/strong>Chef d\u2019Escadron AGOH Mazamesso<\/p>\n\n\n\n<p class=\"wp-block-paragraph\"><strong>&#8211; pr\u00e9fecture de Haho&nbsp;: <\/strong>Colonel (R) GNAKOU Alo\u00e8gnim<\/p>\n\n\n\n<p class=\"wp-block-paragraph\"><strong>&#8211; pr\u00e9fecture de Amou&nbsp;: <\/strong>Monsieur GAVLO Komi Amen Martin<\/p>\n\n\n\n<p class=\"wp-block-paragraph\"><strong>&#8211; pr\u00e9fecture de Moyen-Mono&nbsp;: <\/strong>Colonel (R) GNAKOFRE Yao<\/p>\n\n\n\n<p class=\"wp-block-paragraph\"><strong>Quels enjeux pour ces nouveaux dirigeants ?<\/strong><\/p>\n\n\n\n<p class=\"wp-block-paragraph\">Ces nominations interviennent dans un contexte o\u00f9 la d\u00e9centralisation et la gouvernance locale, qui sont fix\u00e9s au rang des priorit\u00e9s nationales.<\/p>\n\n\n<div class=\"wp-block-image\">\n<figure class=\"aligncenter size-full\"><img loading=\"lazy\" decoding=\"async\" width=\"720\" height=\"1003\" src=\"https:\/\/macite.tg\/wp-content\/uploads\/2026\/05\/image-4.png\" alt=\"\" class=\"wp-image-30182\" srcset=\"https:\/\/macite.tg\/wp-content\/uploads\/2026\/05\/image-4.png 720w, https:\/\/macite.tg\/wp-content\/uploads\/2026\/05\/image-4-215x300.png 215w\" sizes=\"auto, (max-width: 720px) 100vw, 720px\" \/><\/figure>\n<\/div>\n\n\n<p class=\"wp-block-paragraph\">Ainsi, les nouveaux pr\u00e9fets devront relever plusieurs d\u00e9fis, \u00e0 savoir\u00a0: la s\u00e9curit\u00e9 des populations, particuli\u00e8rement dans les zones frontali\u00e8res, notamment dans le Kpendjal et l\u2019Oti\u00a0; le d\u00e9veloppement local, en collaboration \u00e9troite avec les maires \u00e9lus\u00a0; la coh\u00e9sion sociale, en assurant le lien entre l&rsquo;administration centrale et la chefferie coutumi\u00e8re.<\/p>\n\n\n\n<p class=\"wp-block-paragraph\">Notons que la pr\u00e9sence marqu\u00e9e de profils militaires (Colonels, Commissaire) souligne, selon des sources bien renseign\u00e9es, la volont\u00e9 du gouvernement de maintenir une discipline mais aussi une rigueur pour assurer une stabilit\u00e9 accrue l\u2019ensemble du territoire national.<\/p>\n\n\n\n<p class=\"wp-block-paragraph\"><strong>JPB<\/strong><\/p>\n\n\n\n<p class=\"wp-block-paragraph\"><a><strong><em>@macite.tg&nbsp;&nbsp;&nbsp;&nbsp;&nbsp;&nbsp;&nbsp;&nbsp;<\/em><\/strong><\/a><\/p>\n\n\n\n<p class=\"wp-block-paragraph\"><strong><em>E-mail&nbsp;: <\/em><\/strong><a href=\"mailto:maciteinfo@gmail.com\"><strong><em>maciteinfo@gmail.com<\/em><\/strong><\/a><strong><em>; <\/em><\/strong><a href=\"mailto:bawela1@gmail.com\"><strong><em>bawela1@gmail.com<\/em><\/strong><\/a><strong><em><\/em><\/strong><\/p>\n\n\n\n<p class=\"wp-block-paragraph\"><strong><em>Pour vos annonces, publi-reportages, etc., joignez-nous au (00228)91515309\/<strong>79872224 <\/strong><strong><\/strong><\/em><\/strong><\/p>\n\n\n\n<p class=\"wp-block-paragraph\"><strong><em>www.macite.tg, L\u2019information, la bonne&nbsp;!<\/em><\/strong><\/p>\n","protected":false},"excerpt":{"rendered":"<p class=\"text-justify mb-2\" >Le paysage administratif togolais conna\u00eet un souffle nouveau. Hier en conseil des ministres pr\u00e9sid\u00e9 par le Pr\u00e9sident du conseil, Faure Gnasisngb\u00e9, l\u2019on a assist\u00e9 \u00e0 une s\u00e9rie de nominations officielles. Ainsi, plusieurs pr\u00e9fectures changent de mains et le minist\u00e8re de l\u2019Urbanisme se dote d\u2019un nouveau [&hellip;]<\/p>\n","protected":false},"author":2,"featured_media":30252,"comment_status":"open","ping_status":"open","sticky":false,"template":"","format":"standard","meta":{"footnotes":""},"categories":[20,1],"tags":[],"class_list":["post-30251","post","type-post","status-publish","format-standard","has-post-thumbnail","hentry","category-actualite","category-politique"],"yoast_head":"<!-- This site is optimized with the Yoast SEO plugin v28.4 - https:\/\/yoast.com\/product\/yoast-seo-wordpress\/ -->\n<title>TOGO\/ ADMINISTRATION TERRITORIALE : De nouveaux pr\u00e9fets... maintenir une discipline, la rigueur et une stabilit\u00e9 accrue -<\/title>\n<meta name=\"robots\" content=\"index, follow, max-snippet:-1, max-image-preview:large, max-video-preview:-1\" \/>\n<link rel=\"canonical\" href=\"https:\/\/macite.tg\/?p=30251\" \/>\n<meta property=\"og:locale\" content=\"fr_FR\" \/>\n<meta property=\"og:type\" content=\"article\" \/>\n<meta property=\"og:title\" content=\"TOGO\/ ADMINISTRATION TERRITORIALE : De nouveaux pr\u00e9fets... maintenir une discipline, la rigueur et une stabilit\u00e9 accrue -\" \/>\n<meta property=\"og:description\" content=\"Le paysage administratif togolais conna\u00eet un souffle nouveau. Hier en conseil des ministres pr\u00e9sid\u00e9 par le Pr\u00e9sident du conseil, Faure Gnasisngb\u00e9, l\u2019on a assist\u00e9 \u00e0 une s\u00e9rie de nominations officielles. Ainsi, plusieurs pr\u00e9fectures changent de mains et le minist\u00e8re de l\u2019Urbanisme se dote d\u2019un nouveau [&hellip;]\" \/>\n<meta property=\"og:url\" content=\"https:\/\/macite.tg\/?p=30251\" \/>\n<meta property=\"article:published_time\" content=\"2026-05-07T11:31:43+00:00\" \/>\n<meta property=\"article:modified_time\" content=\"2026-05-07T11:31:54+00:00\" \/>\n<meta property=\"og:image\" content=\"https:\/\/macite.tg\/wp-content\/uploads\/2026\/05\/image-12.png\" \/>\n\t<meta property=\"og:image:width\" content=\"317\" \/>\n\t<meta property=\"og:image:height\" content=\"234\" \/>\n\t<meta property=\"og:image:type\" content=\"image\/png\" \/>\n<meta name=\"author\" content=\"Jean Pierre BAWELA\" \/>\n<meta name=\"twitter:card\" content=\"summary_large_image\" \/>\n<meta name=\"twitter:label1\" content=\"\u00c9crit par\" \/>\n\t<meta name=\"twitter:data1\" content=\"Jean Pierre BAWELA\" \/>\n\t<meta name=\"twitter:label2\" content=\"Dur\u00e9e de lecture estim\u00e9e\" \/>\n\t<meta name=\"twitter:data2\" content=\"3 minutes\" \/>\n<script type=\"application\/ld+json\" class=\"yoast-schema-graph\">{\"@context\":\"https:\\\/\\\/schema.org\",\"@graph\":[{\"@type\":\"Article\",\"@id\":\"https:\\\/\\\/macite.tg\\\/?p=30251#article\",\"isPartOf\":{\"@id\":\"https:\\\/\\\/macite.tg\\\/?p=30251\"},\"author\":{\"name\":\"Jean Pierre BAWELA\",\"@id\":\"https:\\\/\\\/macite.tg\\\/#\\\/schema\\\/person\\\/e9f2de7e5dbbe7770a9402c7ce82f5c2\"},\"headline\":\"TOGO\\\/ ADMINISTRATION TERRITORIALE : De nouveaux pr\u00e9fets&#8230; maintenir une discipline, la rigueur et une stabilit\u00e9 accrue\",\"datePublished\":\"2026-05-07T11:31:43+00:00\",\"dateModified\":\"2026-05-07T11:31:54+00:00\",\"mainEntityOfPage\":{\"@id\":\"https:\\\/\\\/macite.tg\\\/?p=30251\"},\"wordCount\":529,\"commentCount\":0,\"image\":{\"@id\":\"https:\\\/\\\/macite.tg\\\/?p=30251#primaryimage\"},\"thumbnailUrl\":\"https:\\\/\\\/macite.tg\\\/wp-content\\\/uploads\\\/2026\\\/05\\\/image-12.png\",\"articleSection\":[\"ACTUALITE\",\"POLITIQUE\"],\"inLanguage\":\"fr-FR\",\"potentialAction\":[{\"@type\":\"CommentAction\",\"name\":\"Comment\",\"target\":[\"https:\\\/\\\/macite.tg\\\/?p=30251#respond\"]}]},{\"@type\":\"WebPage\",\"@id\":\"https:\\\/\\\/macite.tg\\\/?p=30251\",\"url\":\"https:\\\/\\\/macite.tg\\\/?p=30251\",\"name\":\"TOGO\\\/ ADMINISTRATION TERRITORIALE : De nouveaux pr\u00e9fets... maintenir une discipline, la rigueur et une stabilit\u00e9 accrue -\",\"isPartOf\":{\"@id\":\"https:\\\/\\\/macite.tg\\\/#website\"},\"primaryImageOfPage\":{\"@id\":\"https:\\\/\\\/macite.tg\\\/?p=30251#primaryimage\"},\"image\":{\"@id\":\"https:\\\/\\\/macite.tg\\\/?p=30251#primaryimage\"},\"thumbnailUrl\":\"https:\\\/\\\/macite.tg\\\/wp-content\\\/uploads\\\/2026\\\/05\\\/image-12.png\",\"datePublished\":\"2026-05-07T11:31:43+00:00\",\"dateModified\":\"2026-05-07T11:31:54+00:00\",\"author\":{\"@id\":\"https:\\\/\\\/macite.tg\\\/#\\\/schema\\\/person\\\/e9f2de7e5dbbe7770a9402c7ce82f5c2\"},\"breadcrumb\":{\"@id\":\"https:\\\/\\\/macite.tg\\\/?p=30251#breadcrumb\"},\"inLanguage\":\"fr-FR\",\"potentialAction\":[{\"@type\":\"ReadAction\",\"target\":[\"https:\\\/\\\/macite.tg\\\/?p=30251\"]}]},{\"@type\":\"ImageObject\",\"inLanguage\":\"fr-FR\",\"@id\":\"https:\\\/\\\/macite.tg\\\/?p=30251#primaryimage\",\"url\":\"https:\\\/\\\/macite.tg\\\/wp-content\\\/uploads\\\/2026\\\/05\\\/image-12.png\",\"contentUrl\":\"https:\\\/\\\/macite.tg\\\/wp-content\\\/uploads\\\/2026\\\/05\\\/image-12.png\",\"width\":317,\"height\":234},{\"@type\":\"BreadcrumbList\",\"@id\":\"https:\\\/\\\/macite.tg\\\/?p=30251#breadcrumb\",\"itemListElement\":[{\"@type\":\"ListItem\",\"position\":1,\"name\":\"Accueil\",\"item\":\"https:\\\/\\\/macite.tg\\\/\"},{\"@type\":\"ListItem\",\"position\":2,\"name\":\"TOGO\\\/ ADMINISTRATION TERRITORIALE : De nouveaux pr\u00e9fets&#8230; maintenir une discipline, la rigueur et une stabilit\u00e9 accrue\"}]},{\"@type\":\"WebSite\",\"@id\":\"https:\\\/\\\/macite.tg\\\/#website\",\"url\":\"https:\\\/\\\/macite.tg\\\/\",\"name\":\"\",\"description\":\"L&#039;information, la bonne!!!\",\"potentialAction\":[{\"@type\":\"SearchAction\",\"target\":{\"@type\":\"EntryPoint\",\"urlTemplate\":\"https:\\\/\\\/macite.tg\\\/?s={search_term_string}\"},\"query-input\":{\"@type\":\"PropertyValueSpecification\",\"valueRequired\":true,\"valueName\":\"search_term_string\"}}],\"inLanguage\":\"fr-FR\"},{\"@type\":\"Person\",\"@id\":\"https:\\\/\\\/macite.tg\\\/#\\\/schema\\\/person\\\/e9f2de7e5dbbe7770a9402c7ce82f5c2\",\"name\":\"Jean Pierre BAWELA\",\"image\":{\"@type\":\"ImageObject\",\"inLanguage\":\"fr-FR\",\"@id\":\"https:\\\/\\\/macite.tg\\\/wp-content\\\/uploads\\\/2023\\\/09\\\/WhatsApp-Image-2023-09-19-at-14.44.41-122x122.jpeg\",\"url\":\"https:\\\/\\\/macite.tg\\\/wp-content\\\/uploads\\\/2023\\\/09\\\/WhatsApp-Image-2023-09-19-at-14.44.41-122x122.jpeg\",\"contentUrl\":\"https:\\\/\\\/macite.tg\\\/wp-content\\\/uploads\\\/2023\\\/09\\\/WhatsApp-Image-2023-09-19-at-14.44.41-122x122.jpeg\",\"caption\":\"Jean Pierre BAWELA\"},\"url\":\"https:\\\/\\\/macite.tg\\\/?author=2\"}]}<\/script>\n<!-- \/ Yoast SEO plugin. -->","yoast_head_json":{"title":"TOGO\/ ADMINISTRATION TERRITORIALE : De nouveaux pr\u00e9fets... maintenir une discipline, la rigueur et une stabilit\u00e9 accrue -","robots":{"index":"index","follow":"follow","max-snippet":"max-snippet:-1","max-image-preview":"max-image-preview:large","max-video-preview":"max-video-preview:-1"},"canonical":"https:\/\/macite.tg\/?p=30251","og_locale":"fr_FR","og_type":"article","og_title":"TOGO\/ ADMINISTRATION TERRITORIALE : De nouveaux pr\u00e9fets... maintenir une discipline, la rigueur et une stabilit\u00e9 accrue -","og_description":"Le paysage administratif togolais conna\u00eet un souffle nouveau. Hier en conseil des ministres pr\u00e9sid\u00e9 par le Pr\u00e9sident du conseil, Faure Gnasisngb\u00e9, l\u2019on a assist\u00e9 \u00e0 une s\u00e9rie de nominations officielles. Ainsi, plusieurs pr\u00e9fectures changent de mains et le minist\u00e8re de l\u2019Urbanisme se dote d\u2019un nouveau [&hellip;]","og_url":"https:\/\/macite.tg\/?p=30251","article_published_time":"2026-05-07T11:31:43+00:00","article_modified_time":"2026-05-07T11:31:54+00:00","og_image":[{"width":317,"height":234,"url":"https:\/\/macite.tg\/wp-content\/uploads\/2026\/05\/image-12.png","type":"image\/png"}],"author":"Jean Pierre BAWELA","twitter_card":"summary_large_image","twitter_misc":{"\u00c9crit par":"Jean Pierre BAWELA","Dur\u00e9e de lecture estim\u00e9e":"3 minutes"},"schema":{"@context":"https:\/\/schema.org","@graph":[{"@type":"Article","@id":"https:\/\/macite.tg\/?p=30251#article","isPartOf":{"@id":"https:\/\/macite.tg\/?p=30251"},"author":{"name":"Jean Pierre BAWELA","@id":"https:\/\/macite.tg\/#\/schema\/person\/e9f2de7e5dbbe7770a9402c7ce82f5c2"},"headline":"TOGO\/ ADMINISTRATION TERRITORIALE : De nouveaux pr\u00e9fets&#8230; maintenir une discipline, la rigueur et une stabilit\u00e9 accrue","datePublished":"2026-05-07T11:31:43+00:00","dateModified":"2026-05-07T11:31:54+00:00","mainEntityOfPage":{"@id":"https:\/\/macite.tg\/?p=30251"},"wordCount":529,"commentCount":0,"image":{"@id":"https:\/\/macite.tg\/?p=30251#primaryimage"},"thumbnailUrl":"https:\/\/macite.tg\/wp-content\/uploads\/2026\/05\/image-12.png","articleSection":["ACTUALITE","POLITIQUE"],"inLanguage":"fr-FR","potentialAction":[{"@type":"CommentAction","name":"Comment","target":["https:\/\/macite.tg\/?p=30251#respond"]}]},{"@type":"WebPage","@id":"https:\/\/macite.tg\/?p=30251","url":"https:\/\/macite.tg\/?p=30251","name":"TOGO\/ ADMINISTRATION TERRITORIALE : De nouveaux pr\u00e9fets... maintenir une discipline, la rigueur et une stabilit\u00e9 accrue -","isPartOf":{"@id":"https:\/\/macite.tg\/#website"},"primaryImageOfPage":{"@id":"https:\/\/macite.tg\/?p=30251#primaryimage"},"image":{"@id":"https:\/\/macite.tg\/?p=30251#primaryimage"},"thumbnailUrl":"https:\/\/macite.tg\/wp-content\/uploads\/2026\/05\/image-12.png","datePublished":"2026-05-07T11:31:43+00:00","dateModified":"2026-05-07T11:31:54+00:00","author":{"@id":"https:\/\/macite.tg\/#\/schema\/person\/e9f2de7e5dbbe7770a9402c7ce82f5c2"},"breadcrumb":{"@id":"https:\/\/macite.tg\/?p=30251#breadcrumb"},"inLanguage":"fr-FR","potentialAction":[{"@type":"ReadAction","target":["https:\/\/macite.tg\/?p=30251"]}]},{"@type":"ImageObject","inLanguage":"fr-FR","@id":"https:\/\/macite.tg\/?p=30251#primaryimage","url":"https:\/\/macite.tg\/wp-content\/uploads\/2026\/05\/image-12.png","contentUrl":"https:\/\/macite.tg\/wp-content\/uploads\/2026\/05\/image-12.png","width":317,"height":234},{"@type":"BreadcrumbList","@id":"https:\/\/macite.tg\/?p=30251#breadcrumb","itemListElement":[{"@type":"ListItem","position":1,"name":"Accueil","item":"https:\/\/macite.tg\/"},{"@type":"ListItem","position":2,"name":"TOGO\/ ADMINISTRATION TERRITORIALE : De nouveaux pr\u00e9fets&#8230; maintenir une discipline, la rigueur et une stabilit\u00e9 accrue"}]},{"@type":"WebSite","@id":"https:\/\/macite.tg\/#website","url":"https:\/\/macite.tg\/","name":"","description":"L&#039;information, la bonne!!!","potentialAction":[{"@type":"SearchAction","target":{"@type":"EntryPoint","urlTemplate":"https:\/\/macite.tg\/?s={search_term_string}"},"query-input":{"@type":"PropertyValueSpecification","valueRequired":true,"valueName":"search_term_string"}}],"inLanguage":"fr-FR"},{"@type":"Person","@id":"https:\/\/macite.tg\/#\/schema\/person\/e9f2de7e5dbbe7770a9402c7ce82f5c2","name":"Jean Pierre BAWELA","image":{"@type":"ImageObject","inLanguage":"fr-FR","@id":"https:\/\/macite.tg\/wp-content\/uploads\/2023\/09\/WhatsApp-Image-2023-09-19-at-14.44.41-122x122.jpeg","url":"https:\/\/macite.tg\/wp-content\/uploads\/2023\/09\/WhatsApp-Image-2023-09-19-at-14.44.41-122x122.jpeg","contentUrl":"https:\/\/macite.tg\/wp-content\/uploads\/2023\/09\/WhatsApp-Image-2023-09-19-at-14.44.41-122x122.jpeg","caption":"Jean Pierre BAWELA"},"url":"https:\/\/macite.tg\/?author=2"}]}},"_links":{"self":[{"href":"https:\/\/macite.tg\/index.php?rest_route=\/wp\/v2\/posts\/30251","targetHints":{"allow":["GET"]}}],"collection":[{"href":"https:\/\/macite.tg\/index.php?rest_route=\/wp\/v2\/posts"}],"about":[{"href":"https:\/\/macite.tg\/index.php?rest_route=\/wp\/v2\/types\/post"}],"author":[{"embeddable":true,"href":"https:\/\/macite.tg\/index.php?rest_route=\/wp\/v2\/users\/2"}],"replies":[{"embeddable":true,"href":"https:\/\/macite.tg\/index.php?rest_route=%2Fwp%2Fv2%2Fcomments&post=30251"}],"version-history":[{"count":0,"href":"https:\/\/macite.tg\/index.php?rest_route=\/wp\/v2\/posts\/30251\/revisions"}],"wp:featuredmedia":[{"embeddable":true,"href":"https:\/\/macite.tg\/index.php?rest_route=\/wp\/v2\/media\/30252"}],"wp:attachment":[{"href":"https:\/\/macite.tg\/index.php?rest_route=%2Fwp%2Fv2%2Fmedia&parent=30251"}],"wp:term":[{"taxonomy":"category","embeddable":true,"href":"https:\/\/macite.tg\/index.php?rest_route=%2Fwp%2Fv2%2Fcategories&post=30251"},{"taxonomy":"post_tag","embeddable":true,"href":"https:\/\/macite.tg\/index.php?rest_route=%2Fwp%2Fv2%2Ftags&post=30251"}],"curies":[{"name":"wp","href":"https:\/\/api.w.org\/{rel}","templated":true}]}}