{"id":30247,"date":"2026-05-07T10:18:48","date_gmt":"2026-05-07T10:18:48","guid":{"rendered":"https:\/\/macite.tg\/?p=30247"},"modified":"2026-05-07T10:48:50","modified_gmt":"2026-05-07T10:48:50","slug":"conseil-des-ministres-du-06-mai-2026-examen-et-adoption-de-deux-2-projets-de-loi-un-1-decret-et-procede-a-des-nominations-au-menu","status":"publish","type":"post","link":"https:\/\/macite.tg\/?p=30247","title":{"rendered":"CONSEIL DES MINISTRES DU 06 MAI\u00a02026: Deux (2) projets de loi, un (1) d\u00e9cret, et des nominations au menu"},"content":{"rendered":"\n<p class=\"wp-block-paragraph\"><strong>L\u2019ensemble de l\u2019ex\u00e9cutif togolais \u00e9tait r\u00e9uni, hier 06 mai 2026, autour du Pr\u00e9sident <em>du Conseil, Faure Essozimna Gnasingb\u00e9, a la faveur d\u2019un conseil de ministres. Au menu des travaux, l\u2019examen et l\u2019adoption deux projets de loi, relatifs au renforcement des instruments sur l\u2019usage s\u00fbr de l\u2019\u00e9nergie nucl\u00e9aire, et la cr\u00e9ation du Fonds vert Togo. Sa seconde partie des travaux a concern\u00e9 les nominations.<\/em><\/strong><\/p>\n\n\n\n<p class=\"wp-block-paragraph\"><strong><em>Dans les lignes qui suivent, l\u2019int\u00e9gralit\u00e9 du communiqu\u00e9 ayant sanctionn\u00e9 les travaux&nbsp;:<\/em><\/strong><\/p>\n\n\n\n<p class=\"has-text-align-center wp-block-paragraph\"><strong>COMMUNIQUE DU CONSEIL DES MINISTRES<\/strong><\/p>\n\n\n\n<p class=\"has-text-align-center wp-block-paragraph\"><strong>\u2014\u2014\u2014-<\/strong><\/p>\n\n\n\n<p class=\"wp-block-paragraph\">Le Conseil des ministres s\u2019est r\u00e9uni ce mercredi 6 mai 2026, sous la pr\u00e9sidence de Son Excellence, Monsieur Faure Essozimna GNASSINGBE, Pr\u00e9sident du Conseil.<\/p>\n\n\n\n<p class=\"wp-block-paragraph\">Au cours des travaux, le Conseil&nbsp;a examin\u00e9 et adopt\u00e9 deux (2) projets de loi, un (1) d\u00e9cret et proc\u00e9d\u00e9 \u00e0 des nominations.<\/p>\n\n\n<div class=\"wp-block-image\">\n<figure class=\"aligncenter size-large is-resized\"><img loading=\"lazy\" decoding=\"async\" width=\"818\" height=\"1024\" src=\"https:\/\/macite.tg\/wp-content\/uploads\/2026\/05\/image-8-818x1024.png\" alt=\"\" class=\"wp-image-30220\" style=\"width:538px;height:auto\" srcset=\"https:\/\/macite.tg\/wp-content\/uploads\/2026\/05\/image-8-818x1024.png 818w, https:\/\/macite.tg\/wp-content\/uploads\/2026\/05\/image-8-240x300.png 240w, https:\/\/macite.tg\/wp-content\/uploads\/2026\/05\/image-8-768x961.png 768w, https:\/\/macite.tg\/wp-content\/uploads\/2026\/05\/image-8.png 1018w\" sizes=\"auto, (max-width: 818px) 100vw, 818px\" \/><\/figure>\n<\/div>\n\n\n<ol start=\"1\" class=\"wp-block-list\">\n<li><strong>Au titre des projets de loi<\/strong><\/li>\n<\/ol>\n\n\n\n<p class=\"wp-block-paragraph\"><strong>Le&nbsp;Conseil des ministres a adopt\u00e9 deux (2) projets de loi autorisant respectivement&nbsp;:<\/strong><\/p>\n\n\n\n<ul class=\"wp-block-list\">\n<li><strong>l\u2019adh\u00e9sion du Togo \u00e0 la Convention commune sur la s\u00fbret\u00e9 de la gestion du combustible us\u00e9 et des d\u00e9chets radioactifs, adopt\u00e9e \u00e0 Vienne, en Autriche, le 5 septembre 1997\u00a0;<\/strong><\/li>\n\n\n\n<li><strong>la ratification de la Convention sur la r\u00e9paration compl\u00e9mentaire des dommages nucl\u00e9aires, adopt\u00e9e \u00e0 Vienne, en Autriche, le 12 septembre 1997<\/strong><\/li>\n<\/ul>\n\n\n\n<p class=\"wp-block-paragraph\">Ces deux (2) instruments juridiques internationaux s\u2019inscrivent dans la politique du gouvernement visant \u00e0 encadrer l\u2019utilisation s\u00fbre, s\u00e9curis\u00e9e et pacifique de l\u2019\u00e9nergie nucl\u00e9aire.<\/p>\n\n\n\n<p class=\"wp-block-paragraph\">La premi\u00e8re convention vise \u00e0 garantir un niveau \u00e9lev\u00e9 de s\u00fbret\u00e9 dans la gestion des d\u00e9chets radioactifs \u00e0 l\u2019\u00e9chelle mondiale et \u00e0 pr\u00e9venir tout risque d\u2019accident radiologique. L\u2019adh\u00e9sion \u00e0 cette convention&nbsp;permettra au Togo de b\u00e9n\u00e9ficier d\u2019une coop\u00e9ration technique internationale et de mieux faire face aux risques de trafic de d\u00e9chets nucl\u00e9aires sur le territoire national.<\/p>\n\n\n\n<p class=\"wp-block-paragraph\">La seconde \u00e9tablit un r\u00e9gime international de responsabilit\u00e9 fond\u00e9 sur la solidarit\u00e9 entre \u00c9tats, garantissant une indemnisation ad\u00e9quate des victimes en cas de d\u00e9c\u00e8s, de dommages corporels ou mat\u00e9riels et d\u2019atteintes \u00e0 l\u2019environnement cons\u00e9cutifs \u00e0 un accident nucl\u00e9aire grave. Sa ratification ouvre \u00e0 notre pays l\u2019acc\u00e8s au m\u00e9canisme compl\u00e9mentaire de financement international pour la gestion des sinistres majeurs.<\/p>\n\n\n\n<p class=\"wp-block-paragraph\">Par cette adh\u00e9sion et cette ratification, notre pays renforce son dispositif juridique en mati\u00e8re de s\u00fbret\u00e9 nucl\u00e9aire et consolide son acc\u00e8s aux m\u00e9canismes internationaux de coop\u00e9ration et de financement.<\/p>\n\n\n\n<p class=\"wp-block-paragraph\">Le Pr\u00e9sident du Conseil a, \u00e0 cet effet, instruit les ministres concern\u00e9s d\u2019acc\u00e9l\u00e9rer l\u2019op\u00e9rationnalisation compl\u00e8te de l\u2019autorit\u00e9 nationale de suret\u00e9 de s\u00e9curit\u00e9 nucl\u00e9aire.<\/p>\n\n\n\n<p class=\"wp-block-paragraph\">Aussi, a-t-il instruit d\u2019identifier de mani\u00e8re exhaustive les risques r\u00e9els auxquels notre pays est expos\u00e9 en vue de proc\u00e9der \u00e0 l\u2019\u00e9laboration et l\u2019adoption des autres textes l\u00e9gislatifs et r\u00e8glementaires y aff\u00e9rents.<\/p>\n\n\n\n<figure class=\"wp-block-image size-full\"><img loading=\"lazy\" decoding=\"async\" width=\"851\" height=\"315\" src=\"https:\/\/macite.tg\/wp-content\/uploads\/2026\/04\/OTR_Ferer-pour-batir-1.jpg\" alt=\"\" class=\"wp-image-29832\" srcset=\"https:\/\/macite.tg\/wp-content\/uploads\/2026\/04\/OTR_Ferer-pour-batir-1.jpg 851w, https:\/\/macite.tg\/wp-content\/uploads\/2026\/04\/OTR_Ferer-pour-batir-1-300x111.jpg 300w, https:\/\/macite.tg\/wp-content\/uploads\/2026\/04\/OTR_Ferer-pour-batir-1-768x284.jpg 768w\" sizes=\"auto, (max-width: 851px) 100vw, 851px\" \/><\/figure>\n\n\n\n<ul class=\"wp-block-list\">\n<li><strong>Au titre des d\u00e9crets\u00a0<\/strong><\/li>\n<\/ul>\n\n\n\n<p class=\"wp-block-paragraph\"><strong>Le&nbsp;Conseil des ministres a adopt\u00e9 le d\u00e9cret<\/strong>&nbsp;<strong>fixant les attributions, l\u2019organisation et le fonctionnement du Fonds vert Togo<\/strong><\/p>\n\n\n\n<p class=\"wp-block-paragraph\">Ce d\u00e9cret s\u2019inscrit dans la dynamique de renforcement de la gouvernance environnementale et d\u2019adaptation des instruments nationaux aux enjeux croissants li\u00e9s aux changements climatiques et \u00e0 la finance verte. Il proc\u00e8de \u00e0 la transformation du Fonds national de l\u2019environnement en un m\u00e9canisme modernis\u00e9, d\u00e9nomm\u00e9 \u00ab Fonds vert Togo \u00bb, destin\u00e9 \u00e0 am\u00e9liorer la mobilisation, la gestion et l\u2019allocation des ressources financi\u00e8res en faveur de l\u2019environnement et du climat.<\/p>\n\n\n\n<p class=\"wp-block-paragraph\">Le Fonds vert Togo constitue un guichet unique national destin\u00e9 \u00e0 mobiliser, centraliser et orienter les financements publics et priv\u00e9s, nationaux et internationaux, au profit de projets \u00e0 fort impact environnemental, social et \u00e9conomique. Il contribuera notamment \u00e0 la gestion durable des ressources naturelles, \u00e0 la lutte contre les effets du changement climatique, \u00e0 la promotion des \u00e9nergies renouvelables ainsi qu\u2019au renforcement de la r\u00e9silience des populations.<\/p>\n\n\n\n<p class=\"wp-block-paragraph\">L\u2019adoption de ce d\u00e9cret traduit la volont\u00e9 du gouvernement de doter notre pays d\u2019un instrument cr\u00e9dible, attractif et conforme aux standards internationaux, en vue de faciliter l\u2019acc\u00e8s aux financements climatiques et de soutenir une croissance durable et inclusive.<\/p>\n\n\n\n<ul class=\"wp-block-list\">\n<li><strong>Au titre des nominations<\/strong><\/li>\n<\/ul>\n\n\n\n<p class=\"wp-block-paragraph\"><strong>Pour le compte du minist\u00e8re de l\u2019am\u00e9nagement du territoire et de l\u2019urbanisme&nbsp;:<\/strong><\/p>\n\n\n\n<p class=\"wp-block-paragraph\">Monsieur Meindou LEBIGAZA est nomm\u00e9 Secr\u00e9taire g\u00e9n\u00e9ral du minist\u00e8re de l\u2019am\u00e9nagement du territoire et de l\u2019urbanisme.<\/p>\n\n\n<div class=\"wp-block-image\">\n<figure class=\"aligncenter size-large\"><img loading=\"lazy\" decoding=\"async\" width=\"724\" height=\"1024\" src=\"https:\/\/macite.tg\/wp-content\/uploads\/2026\/05\/image-9-724x1024.png\" alt=\"\" class=\"wp-image-30222\" srcset=\"https:\/\/macite.tg\/wp-content\/uploads\/2026\/05\/image-9-724x1024.png 724w, https:\/\/macite.tg\/wp-content\/uploads\/2026\/05\/image-9-212x300.png 212w, https:\/\/macite.tg\/wp-content\/uploads\/2026\/05\/image-9-768x1086.png 768w, https:\/\/macite.tg\/wp-content\/uploads\/2026\/05\/image-9-1086x1536.png 1086w, https:\/\/macite.tg\/wp-content\/uploads\/2026\/05\/image-9.png 1448w\" sizes=\"auto, (max-width: 724px) 100vw, 724px\" \/><\/figure>\n<\/div>\n\n\n<p class=\"wp-block-paragraph\"><strong>Pour le compte du minist\u00e8re de l\u2019administration territoriale, de la gouvernance locale et de la chefferie coutumi\u00e8re&nbsp;:<\/strong><\/p>\n\n\n\n<ul class=\"wp-block-list\">\n<li><strong>le<\/strong>\u00a0<strong>Colonel (R) KONDI Kidighan<\/strong>\u00a0est nomm\u00e9 pr\u00e9fet de l\u2019Oti\u00a0;<\/li>\n\n\n\n<li><strong>le<\/strong>\u00a0<strong>Commissaire divisionnaire (R) BALATE Mikidji\u00e8be\u00a0<\/strong>est nomm\u00e9 pr\u00e9fet de Kpendjal\u00a0;<\/li>\n\n\n\n<li><strong>le Colonel (R) AZIABA Ayi Sessi\u00a0<\/strong>est nomm\u00e9 pr\u00e9fet de Doufelgou\u00a0;<\/li>\n\n\n\n<li><strong>le<\/strong>\u00a0<strong>Colonel<\/strong>\u00a0<strong>AKPAMOURA Koffi<\/strong>\u00a0nomm\u00e9 pr\u00e9fet de Dankpen\u00a0;<\/li>\n\n\n\n<li><strong>Monsieur ANAKPA Mani\u00a0<\/strong>est nomm\u00e9 pr\u00e9fet de Blitta\u00a0;<\/li>\n\n\n\n<li><strong>le Chef d\u2019Escadron AGOH Mazamesso\u00a0<\/strong>est nomm\u00e9 pr\u00e9fet de M\u00f4\u00a0;<\/li>\n\n\n\n<li><strong>le<\/strong>\u00a0<strong>Colonel<\/strong>\u00a0<strong>(R) GNAKOU Alo\u00e8gnim\u00a0<\/strong>est nomm\u00e9 pr\u00e9fet de Haho\u00a0;<\/li>\n\n\n\n<li><strong>Monsieur GAVLO Komi Amen Martin\u00a0<\/strong>est nomm\u00e9 pr\u00e9fet d\u2019Amou<\/li>\n\n\n\n<li><strong>le<\/strong>\u00a0<strong>Colonel (R)<\/strong>\u00a0<strong>GNAKOFRE Yao\u00a0<\/strong>est nomm\u00e9 pr\u00e9fet du Moyen-Mono.<\/li>\n<\/ul>\n\n\n\n<p class=\"wp-block-paragraph\"><strong>Fait \u00e0 Lom\u00e9, le 6 mai 2026<\/strong><\/p>\n\n\n\n<p class=\"wp-block-paragraph\"><a><strong><em>@macite.tg&nbsp;&nbsp;&nbsp;&nbsp;&nbsp;&nbsp;&nbsp;&nbsp;<\/em><\/strong><\/a><\/p>\n\n\n\n<p class=\"wp-block-paragraph\"><strong><em>E-mail&nbsp;: <\/em><\/strong><a href=\"mailto:maciteinfo@gmail.com\"><strong><em>maciteinfo@gmail.com<\/em><\/strong><\/a><strong><em>; <\/em><\/strong><a href=\"mailto:bawela1@gmail.com\"><strong><em>bawela1@gmail.com<\/em><\/strong><\/a><strong><em><\/em><\/strong><\/p>\n\n\n\n<p class=\"wp-block-paragraph\"><strong><em>Pour vos annonces, publi-reportages, etc., joignez-nous au (00228)91515309\/<strong>79872224 <\/strong><strong><\/strong><\/em><\/strong><\/p>\n\n\n\n<p class=\"wp-block-paragraph\"><strong><em>www.macite.tg, L\u2019information, la bonne&nbsp;!<\/em><\/strong><\/p>\n","protected":false},"excerpt":{"rendered":"<p class=\"text-justify mb-2\" >L\u2019ensemble de l\u2019ex\u00e9cutif togolais \u00e9tait r\u00e9uni, hier 06 mai 2026, autour du Pr\u00e9sident du Conseil, Faure Essozimna Gnasingb\u00e9, a la faveur d\u2019un conseil de ministres. Au menu des travaux, l\u2019examen et l\u2019adoption deux projets de loi, relatifs au renforcement des instruments sur l\u2019usage s\u00fbr de [&hellip;]<\/p>\n","protected":false},"author":2,"featured_media":30248,"comment_status":"open","ping_status":"open","sticky":false,"template":"","format":"standard","meta":{"footnotes":""},"categories":[20,1],"tags":[],"class_list":["post-30247","post","type-post","status-publish","format-standard","has-post-thumbnail","hentry","category-actualite","category-politique"],"yoast_head":"<!-- This site is optimized with the Yoast SEO plugin v28.4 - https:\/\/yoast.com\/product\/yoast-seo-wordpress\/ -->\n<title>CONSEIL DES MINISTRES DU 06 MAI\u00a02026: Deux (2) projets de loi, un (1) d\u00e9cret, et des nominations au menu -<\/title>\n<meta name=\"robots\" content=\"index, follow, max-snippet:-1, max-image-preview:large, max-video-preview:-1\" \/>\n<link rel=\"canonical\" href=\"https:\/\/macite.tg\/?p=30247\" \/>\n<meta property=\"og:locale\" content=\"fr_FR\" \/>\n<meta property=\"og:type\" content=\"article\" \/>\n<meta property=\"og:title\" content=\"CONSEIL DES MINISTRES DU 06 MAI\u00a02026: Deux (2) projets de loi, un (1) d\u00e9cret, et des nominations au menu -\" \/>\n<meta property=\"og:description\" content=\"L\u2019ensemble de l\u2019ex\u00e9cutif togolais \u00e9tait r\u00e9uni, hier 06 mai 2026, autour du Pr\u00e9sident du Conseil, Faure Essozimna Gnasingb\u00e9, a la faveur d\u2019un conseil de ministres. Au menu des travaux, l\u2019examen et l\u2019adoption deux projets de loi, relatifs au renforcement des instruments sur l\u2019usage s\u00fbr de [&hellip;]\" \/>\n<meta property=\"og:url\" content=\"https:\/\/macite.tg\/?p=30247\" \/>\n<meta property=\"article:published_time\" content=\"2026-05-07T10:18:48+00:00\" \/>\n<meta property=\"article:modified_time\" content=\"2026-05-07T10:48:50+00:00\" \/>\n<meta property=\"og:image\" content=\"https:\/\/macite.tg\/wp-content\/uploads\/2026\/05\/Seminaire-gouv.jpg\" \/>\n\t<meta property=\"og:image:width\" content=\"500\" \/>\n\t<meta property=\"og:image:height\" content=\"281\" \/>\n\t<meta property=\"og:image:type\" content=\"image\/jpeg\" \/>\n<meta name=\"author\" content=\"Jean Pierre BAWELA\" \/>\n<meta name=\"twitter:card\" content=\"summary_large_image\" \/>\n<meta name=\"twitter:label1\" content=\"\u00c9crit par\" \/>\n\t<meta name=\"twitter:data1\" content=\"Jean Pierre BAWELA\" \/>\n\t<meta name=\"twitter:label2\" content=\"Dur\u00e9e de lecture estim\u00e9e\" \/>\n\t<meta name=\"twitter:data2\" content=\"5 minutes\" \/>\n<script type=\"application\/ld+json\" class=\"yoast-schema-graph\">{\"@context\":\"https:\\\/\\\/schema.org\",\"@graph\":[{\"@type\":\"Article\",\"@id\":\"https:\\\/\\\/macite.tg\\\/?p=30247#article\",\"isPartOf\":{\"@id\":\"https:\\\/\\\/macite.tg\\\/?p=30247\"},\"author\":{\"name\":\"Jean Pierre BAWELA\",\"@id\":\"https:\\\/\\\/macite.tg\\\/#\\\/schema\\\/person\\\/e9f2de7e5dbbe7770a9402c7ce82f5c2\"},\"headline\":\"CONSEIL DES MINISTRES DU 06 MAI\u00a02026: Deux (2) projets de loi, un (1) d\u00e9cret, et des nominations au menu\",\"datePublished\":\"2026-05-07T10:18:48+00:00\",\"dateModified\":\"2026-05-07T10:48:50+00:00\",\"mainEntityOfPage\":{\"@id\":\"https:\\\/\\\/macite.tg\\\/?p=30247\"},\"wordCount\":919,\"commentCount\":0,\"image\":{\"@id\":\"https:\\\/\\\/macite.tg\\\/?p=30247#primaryimage\"},\"thumbnailUrl\":\"https:\\\/\\\/macite.tg\\\/wp-content\\\/uploads\\\/2026\\\/05\\\/Seminaire-gouv.jpg\",\"articleSection\":[\"ACTUALITE\",\"POLITIQUE\"],\"inLanguage\":\"fr-FR\",\"potentialAction\":[{\"@type\":\"CommentAction\",\"name\":\"Comment\",\"target\":[\"https:\\\/\\\/macite.tg\\\/?p=30247#respond\"]}]},{\"@type\":\"WebPage\",\"@id\":\"https:\\\/\\\/macite.tg\\\/?p=30247\",\"url\":\"https:\\\/\\\/macite.tg\\\/?p=30247\",\"name\":\"CONSEIL DES MINISTRES DU 06 MAI\u00a02026: Deux (2) projets de loi, un (1) d\u00e9cret, et des nominations au menu -\",\"isPartOf\":{\"@id\":\"https:\\\/\\\/macite.tg\\\/#website\"},\"primaryImageOfPage\":{\"@id\":\"https:\\\/\\\/macite.tg\\\/?p=30247#primaryimage\"},\"image\":{\"@id\":\"https:\\\/\\\/macite.tg\\\/?p=30247#primaryimage\"},\"thumbnailUrl\":\"https:\\\/\\\/macite.tg\\\/wp-content\\\/uploads\\\/2026\\\/05\\\/Seminaire-gouv.jpg\",\"datePublished\":\"2026-05-07T10:18:48+00:00\",\"dateModified\":\"2026-05-07T10:48:50+00:00\",\"author\":{\"@id\":\"https:\\\/\\\/macite.tg\\\/#\\\/schema\\\/person\\\/e9f2de7e5dbbe7770a9402c7ce82f5c2\"},\"breadcrumb\":{\"@id\":\"https:\\\/\\\/macite.tg\\\/?p=30247#breadcrumb\"},\"inLanguage\":\"fr-FR\",\"potentialAction\":[{\"@type\":\"ReadAction\",\"target\":[\"https:\\\/\\\/macite.tg\\\/?p=30247\"]}]},{\"@type\":\"ImageObject\",\"inLanguage\":\"fr-FR\",\"@id\":\"https:\\\/\\\/macite.tg\\\/?p=30247#primaryimage\",\"url\":\"https:\\\/\\\/macite.tg\\\/wp-content\\\/uploads\\\/2026\\\/05\\\/Seminaire-gouv.jpg\",\"contentUrl\":\"https:\\\/\\\/macite.tg\\\/wp-content\\\/uploads\\\/2026\\\/05\\\/Seminaire-gouv.jpg\",\"width\":500,\"height\":281},{\"@type\":\"BreadcrumbList\",\"@id\":\"https:\\\/\\\/macite.tg\\\/?p=30247#breadcrumb\",\"itemListElement\":[{\"@type\":\"ListItem\",\"position\":1,\"name\":\"Accueil\",\"item\":\"https:\\\/\\\/macite.tg\\\/\"},{\"@type\":\"ListItem\",\"position\":2,\"name\":\"CONSEIL DES MINISTRES DU 06 MAI\u00a02026: Deux (2) projets de loi, un (1) d\u00e9cret, et des nominations au menu\"}]},{\"@type\":\"WebSite\",\"@id\":\"https:\\\/\\\/macite.tg\\\/#website\",\"url\":\"https:\\\/\\\/macite.tg\\\/\",\"name\":\"\",\"description\":\"L&#039;information, la bonne!!!\",\"potentialAction\":[{\"@type\":\"SearchAction\",\"target\":{\"@type\":\"EntryPoint\",\"urlTemplate\":\"https:\\\/\\\/macite.tg\\\/?s={search_term_string}\"},\"query-input\":{\"@type\":\"PropertyValueSpecification\",\"valueRequired\":true,\"valueName\":\"search_term_string\"}}],\"inLanguage\":\"fr-FR\"},{\"@type\":\"Person\",\"@id\":\"https:\\\/\\\/macite.tg\\\/#\\\/schema\\\/person\\\/e9f2de7e5dbbe7770a9402c7ce82f5c2\",\"name\":\"Jean Pierre BAWELA\",\"image\":{\"@type\":\"ImageObject\",\"inLanguage\":\"fr-FR\",\"@id\":\"https:\\\/\\\/macite.tg\\\/wp-content\\\/uploads\\\/2023\\\/09\\\/WhatsApp-Image-2023-09-19-at-14.44.41-122x122.jpeg\",\"url\":\"https:\\\/\\\/macite.tg\\\/wp-content\\\/uploads\\\/2023\\\/09\\\/WhatsApp-Image-2023-09-19-at-14.44.41-122x122.jpeg\",\"contentUrl\":\"https:\\\/\\\/macite.tg\\\/wp-content\\\/uploads\\\/2023\\\/09\\\/WhatsApp-Image-2023-09-19-at-14.44.41-122x122.jpeg\",\"caption\":\"Jean Pierre BAWELA\"},\"url\":\"https:\\\/\\\/macite.tg\\\/?author=2\"}]}<\/script>\n<!-- \/ Yoast SEO plugin. -->","yoast_head_json":{"title":"CONSEIL DES MINISTRES DU 06 MAI\u00a02026: Deux (2) projets de loi, un (1) d\u00e9cret, et des nominations au menu -","robots":{"index":"index","follow":"follow","max-snippet":"max-snippet:-1","max-image-preview":"max-image-preview:large","max-video-preview":"max-video-preview:-1"},"canonical":"https:\/\/macite.tg\/?p=30247","og_locale":"fr_FR","og_type":"article","og_title":"CONSEIL DES MINISTRES DU 06 MAI\u00a02026: Deux (2) projets de loi, un (1) d\u00e9cret, et des nominations au menu -","og_description":"L\u2019ensemble de l\u2019ex\u00e9cutif togolais \u00e9tait r\u00e9uni, hier 06 mai 2026, autour du Pr\u00e9sident du Conseil, Faure Essozimna Gnasingb\u00e9, a la faveur d\u2019un conseil de ministres. Au menu des travaux, l\u2019examen et l\u2019adoption deux projets de loi, relatifs au renforcement des instruments sur l\u2019usage s\u00fbr de [&hellip;]","og_url":"https:\/\/macite.tg\/?p=30247","article_published_time":"2026-05-07T10:18:48+00:00","article_modified_time":"2026-05-07T10:48:50+00:00","og_image":[{"width":500,"height":281,"url":"https:\/\/macite.tg\/wp-content\/uploads\/2026\/05\/Seminaire-gouv.jpg","type":"image\/jpeg"}],"author":"Jean Pierre BAWELA","twitter_card":"summary_large_image","twitter_misc":{"\u00c9crit par":"Jean Pierre BAWELA","Dur\u00e9e de lecture estim\u00e9e":"5 minutes"},"schema":{"@context":"https:\/\/schema.org","@graph":[{"@type":"Article","@id":"https:\/\/macite.tg\/?p=30247#article","isPartOf":{"@id":"https:\/\/macite.tg\/?p=30247"},"author":{"name":"Jean Pierre BAWELA","@id":"https:\/\/macite.tg\/#\/schema\/person\/e9f2de7e5dbbe7770a9402c7ce82f5c2"},"headline":"CONSEIL DES MINISTRES DU 06 MAI\u00a02026: Deux (2) projets de loi, un (1) d\u00e9cret, et des nominations au menu","datePublished":"2026-05-07T10:18:48+00:00","dateModified":"2026-05-07T10:48:50+00:00","mainEntityOfPage":{"@id":"https:\/\/macite.tg\/?p=30247"},"wordCount":919,"commentCount":0,"image":{"@id":"https:\/\/macite.tg\/?p=30247#primaryimage"},"thumbnailUrl":"https:\/\/macite.tg\/wp-content\/uploads\/2026\/05\/Seminaire-gouv.jpg","articleSection":["ACTUALITE","POLITIQUE"],"inLanguage":"fr-FR","potentialAction":[{"@type":"CommentAction","name":"Comment","target":["https:\/\/macite.tg\/?p=30247#respond"]}]},{"@type":"WebPage","@id":"https:\/\/macite.tg\/?p=30247","url":"https:\/\/macite.tg\/?p=30247","name":"CONSEIL DES MINISTRES DU 06 MAI\u00a02026: Deux (2) projets de loi, un (1) d\u00e9cret, et des nominations au menu -","isPartOf":{"@id":"https:\/\/macite.tg\/#website"},"primaryImageOfPage":{"@id":"https:\/\/macite.tg\/?p=30247#primaryimage"},"image":{"@id":"https:\/\/macite.tg\/?p=30247#primaryimage"},"thumbnailUrl":"https:\/\/macite.tg\/wp-content\/uploads\/2026\/05\/Seminaire-gouv.jpg","datePublished":"2026-05-07T10:18:48+00:00","dateModified":"2026-05-07T10:48:50+00:00","author":{"@id":"https:\/\/macite.tg\/#\/schema\/person\/e9f2de7e5dbbe7770a9402c7ce82f5c2"},"breadcrumb":{"@id":"https:\/\/macite.tg\/?p=30247#breadcrumb"},"inLanguage":"fr-FR","potentialAction":[{"@type":"ReadAction","target":["https:\/\/macite.tg\/?p=30247"]}]},{"@type":"ImageObject","inLanguage":"fr-FR","@id":"https:\/\/macite.tg\/?p=30247#primaryimage","url":"https:\/\/macite.tg\/wp-content\/uploads\/2026\/05\/Seminaire-gouv.jpg","contentUrl":"https:\/\/macite.tg\/wp-content\/uploads\/2026\/05\/Seminaire-gouv.jpg","width":500,"height":281},{"@type":"BreadcrumbList","@id":"https:\/\/macite.tg\/?p=30247#breadcrumb","itemListElement":[{"@type":"ListItem","position":1,"name":"Accueil","item":"https:\/\/macite.tg\/"},{"@type":"ListItem","position":2,"name":"CONSEIL DES MINISTRES DU 06 MAI\u00a02026: Deux (2) projets de loi, un (1) d\u00e9cret, et des nominations au menu"}]},{"@type":"WebSite","@id":"https:\/\/macite.tg\/#website","url":"https:\/\/macite.tg\/","name":"","description":"L&#039;information, la bonne!!!","potentialAction":[{"@type":"SearchAction","target":{"@type":"EntryPoint","urlTemplate":"https:\/\/macite.tg\/?s={search_term_string}"},"query-input":{"@type":"PropertyValueSpecification","valueRequired":true,"valueName":"search_term_string"}}],"inLanguage":"fr-FR"},{"@type":"Person","@id":"https:\/\/macite.tg\/#\/schema\/person\/e9f2de7e5dbbe7770a9402c7ce82f5c2","name":"Jean Pierre BAWELA","image":{"@type":"ImageObject","inLanguage":"fr-FR","@id":"https:\/\/macite.tg\/wp-content\/uploads\/2023\/09\/WhatsApp-Image-2023-09-19-at-14.44.41-122x122.jpeg","url":"https:\/\/macite.tg\/wp-content\/uploads\/2023\/09\/WhatsApp-Image-2023-09-19-at-14.44.41-122x122.jpeg","contentUrl":"https:\/\/macite.tg\/wp-content\/uploads\/2023\/09\/WhatsApp-Image-2023-09-19-at-14.44.41-122x122.jpeg","caption":"Jean Pierre BAWELA"},"url":"https:\/\/macite.tg\/?author=2"}]}},"_links":{"self":[{"href":"https:\/\/macite.tg\/index.php?rest_route=\/wp\/v2\/posts\/30247","targetHints":{"allow":["GET"]}}],"collection":[{"href":"https:\/\/macite.tg\/index.php?rest_route=\/wp\/v2\/posts"}],"about":[{"href":"https:\/\/macite.tg\/index.php?rest_route=\/wp\/v2\/types\/post"}],"author":[{"embeddable":true,"href":"https:\/\/macite.tg\/index.php?rest_route=\/wp\/v2\/users\/2"}],"replies":[{"embeddable":true,"href":"https:\/\/macite.tg\/index.php?rest_route=%2Fwp%2Fv2%2Fcomments&post=30247"}],"version-history":[{"count":0,"href":"https:\/\/macite.tg\/index.php?rest_route=\/wp\/v2\/posts\/30247\/revisions"}],"wp:featuredmedia":[{"embeddable":true,"href":"https:\/\/macite.tg\/index.php?rest_route=\/wp\/v2\/media\/30248"}],"wp:attachment":[{"href":"https:\/\/macite.tg\/index.php?rest_route=%2Fwp%2Fv2%2Fmedia&parent=30247"}],"wp:term":[{"taxonomy":"category","embeddable":true,"href":"https:\/\/macite.tg\/index.php?rest_route=%2Fwp%2Fv2%2Fcategories&post=30247"},{"taxonomy":"post_tag","embeddable":true,"href":"https:\/\/macite.tg\/index.php?rest_route=%2Fwp%2Fv2%2Ftags&post=30247"}],"curies":[{"name":"wp","href":"https:\/\/api.w.org\/{rel}","templated":true}]}}