{"id":30246,"date":"2026-05-07T11:53:20","date_gmt":"2026-05-07T11:53:20","guid":{"rendered":"https:\/\/macite.tg\/?p=30246"},"modified":"2026-05-07T12:47:25","modified_gmt":"2026-05-07T12:47:25","slug":"inclusion-sociale-lexecutif-lance-un-appel-doffre-pour-la-formation-gratuite-pour-1-500-jeunes-filles-togolaises","status":"publish","type":"post","link":"https:\/\/macite.tg\/?p=30246","title":{"rendered":"INCLUSION SOCIALE : L\u2019ex\u00e9cutif offre une formation gratuite \u00e0 1.500 jeunes filles togolaises"},"content":{"rendered":"\n<p class=\"wp-block-paragraph\"><strong><em>Le gouvernement ne baisse pas les bras quant \u00e0 la question d\u2019insertion professionnelle des jeunes. Une nouvelle offensive majeure, contre la pr\u00e9carit\u00e9 f\u00e9minine, vient d\u2019\u00eatre lanc\u00e9e \u00e0 travers l\u2019initiative \u00ab \u00c9cole de la Chance \u00bb. Quelque 1.500 jeunes filles vuln\u00e9rables vont b\u00e9n\u00e9ficier d\u2019une formation professionnelle gratuite. Objectif : transformer la vuln\u00e9rabilit\u00e9 en autonomie financi\u00e8re.<\/em><\/strong><\/p>\n\n\n\n<p class=\"wp-block-paragraph\">Le paysage de la formation professionnelle au Togo a marqu\u00e9, ce mercredi 06 mai 2026, un tournant. Sous l&rsquo;impulsion du minist\u00e8re de la Planification du d\u00e9veloppement, en collaboration avec le minist\u00e8re charg\u00e9 de la Jeunesse et l\u2019Union des chambres r\u00e9gionales de m\u00e9tiers (URCM), un appel \u00e0 candidatures, pour la phase pilote de <strong><em>\u00ab l\u2019\u00c9cole de la Chance \u00bb,<\/em><\/strong> est officiellement ouvert.<\/p>\n\n\n\n<p class=\"wp-block-paragraph\">Programme ambitieux, l\u2019initiative s&rsquo;adresse sp\u00e9cifiquement aux jeunes filles togolaises d\u00e9scolaris\u00e9es ou n&rsquo;ayant jamais fr\u00e9quent\u00e9 l&rsquo;\u00e9cole. C\u2019est une main tendue des autorit\u00e9s togolaises vers l\u2019inclusion sociale d\u2019une frange de la population togolaise, souvent laiss\u00e9e pour compte sur le march\u00e9 de l&#8217;emploi.<\/p>\n\n\n<div class=\"wp-block-image\">\n<figure class=\"aligncenter size-large\"><img loading=\"lazy\" decoding=\"async\" width=\"724\" height=\"1024\" src=\"https:\/\/macite.tg\/wp-content\/uploads\/2026\/05\/image-9-724x1024.png\" alt=\"\" class=\"wp-image-30222\" srcset=\"https:\/\/macite.tg\/wp-content\/uploads\/2026\/05\/image-9-724x1024.png 724w, https:\/\/macite.tg\/wp-content\/uploads\/2026\/05\/image-9-212x300.png 212w, https:\/\/macite.tg\/wp-content\/uploads\/2026\/05\/image-9-768x1086.png 768w, https:\/\/macite.tg\/wp-content\/uploads\/2026\/05\/image-9-1086x1536.png 1086w, https:\/\/macite.tg\/wp-content\/uploads\/2026\/05\/image-9.png 1448w\" sizes=\"auto, (max-width: 724px) 100vw, 724px\" \/><\/figure>\n<\/div>\n\n\n<p class=\"wp-block-paragraph\"><strong>6 mois pour changer de vie apr\u00e8s une formation<\/strong><\/p>\n\n\n\n<p class=\"wp-block-paragraph\">L\u2019initiative s&rsquo;int\u00e8gre dans le vaste Projet d\u2019Autonomisation des Femmes et Dividende D\u00e9mographique (projet SWEDD+). Contrairement aux cursus classiques, l&rsquo;\u00c9cole de la Chance mise sur l&rsquo;efficacit\u00e9 avec des formations qualifiantes de courte dur\u00e9e (3 \u00e0 6 mois).<\/p>\n\n\n\n<p class=\"wp-block-paragraph\">L\u2019id\u00e9e est simple&nbsp;: doter ces jeunes femmes de comp\u00e9tences pratiques imm\u00e9diatement exploitables pour favoriser l\u2019auto-emploi. Et les secteurs retenus sont bien choisis&nbsp;: soit la mode (Couture, mercerie et broderie), soit la beaut\u00e9 (coiffure, tresse et esth\u00e9tique).<\/p>\n\n\n\n<p class=\"wp-block-paragraph\">Pour la phase pilote de ce projet SWEDD+, le Grand Lom\u00e9 (DAGL) a \u00e9t\u00e9 cibl\u00e9. Ainsi, les premi\u00e8res b\u00e9n\u00e9ficiaires, qui ont jusqu\u2019au 20 mai 2026 pour d\u00e9poser leur dossier de candidature, seront form\u00e9es, avant un d\u00e9ploiement progressif sur l&rsquo;ensemble du territoire national.<\/p>\n\n\n\n<p class=\"wp-block-paragraph\">Les b\u00e9n\u00e9ficiaires de ce projet (jeunes filles vuln\u00e9rables, non-scolaris\u00e9es ou en abandon scolaire) apr\u00e8s s\u00e9lections, seront accueillis dans des centres et ateliers de formation souhaitant accueillir ces apprenantes sont \u00e9galement invit\u00e9s \u00e0 soumettre leur candidature.<\/p>\n\n\n\n<p class=\"wp-block-paragraph\">Notons que \u2018<em>\u2019L&rsquo;\u00c9cole de la Chance\u2019\u2019<\/em> est, en effet, une partie \u00e9merg\u00e9e d&rsquo;une strat\u00e9gie plus globale. \u00c0 terme, le projet SWEDD+ ambitionne de toucher directement plus de 105.000 filles et jeunes femmes \u00e0 travers le Togo.<\/p>\n\n\n<div class=\"wp-block-image\">\n<figure class=\"aligncenter size-full\"><img loading=\"lazy\" decoding=\"async\" width=\"720\" height=\"1003\" src=\"https:\/\/macite.tg\/wp-content\/uploads\/2026\/05\/image-4.png\" alt=\"\" class=\"wp-image-30182\" srcset=\"https:\/\/macite.tg\/wp-content\/uploads\/2026\/05\/image-4.png 720w, https:\/\/macite.tg\/wp-content\/uploads\/2026\/05\/image-4-215x300.png 215w\" sizes=\"auto, (max-width: 720px) 100vw, 720px\" \/><\/figure>\n<\/div>\n\n\n<p class=\"wp-block-paragraph\">En choisissant investir dans l&rsquo;\u00e9ducation et la qualification des plus fragiles, l\u2019ex\u00e9cutif togolais entend renforcer le tissu \u00e9conomique local et lutter ainsi durablement contre la pauvret\u00e9. D\u2019ailleurs, l&rsquo;auto-emploi des femmes se trouve \u00eatre l&rsquo;un des piliers de la Feuille de route gouvernementale Togo pour une croissance inclusive.<\/p>\n\n\n\n<p class=\"wp-block-paragraph\"><strong>JPB<\/strong><\/p>\n\n\n\n<p class=\"wp-block-paragraph\"><a><strong><em>@macite.tg&nbsp;&nbsp;&nbsp;&nbsp;&nbsp;&nbsp;&nbsp;&nbsp;<\/em><\/strong><\/a><\/p>\n\n\n\n<p class=\"wp-block-paragraph\"><strong><em>E-mail&nbsp;: <\/em><\/strong><a href=\"mailto:maciteinfo@gmail.com\"><strong><em>maciteinfo@gmail.com<\/em><\/strong><\/a><strong><em>; <\/em><\/strong><a href=\"mailto:bawela1@gmail.com\"><strong><em>bawela1@gmail.com<\/em><\/strong><\/a><strong><em><\/em><\/strong><\/p>\n\n\n\n<p class=\"wp-block-paragraph\"><strong><em>Pour vos annonces, publi-reportages, etc., joignez-nous au (00228)91515309\/<strong>79872224 <\/strong><strong><\/strong><\/em><\/strong><\/p>\n\n\n\n<p class=\"wp-block-paragraph\"><strong><em>www.macite.tg, L\u2019information, la bonne&nbsp;!<\/em><\/strong><\/p>\n\n\n\n<p class=\"wp-block-paragraph\"><\/p>\n","protected":false},"excerpt":{"rendered":"<p class=\"text-justify mb-2\" >Le gouvernement ne baisse pas les bras quant \u00e0 la question d\u2019insertion professionnelle des jeunes. Une nouvelle offensive majeure, contre la pr\u00e9carit\u00e9 f\u00e9minine, vient d\u2019\u00eatre lanc\u00e9e \u00e0 travers l\u2019initiative \u00ab \u00c9cole de la Chance \u00bb. Quelque 1.500 jeunes filles vuln\u00e9rables vont b\u00e9n\u00e9ficier d\u2019une formation professionnelle [&hellip;]<\/p>\n","protected":false},"author":2,"featured_media":30261,"comment_status":"open","ping_status":"open","sticky":false,"template":"","format":"standard","meta":{"footnotes":""},"categories":[20,73],"tags":[],"class_list":["post-30246","post","type-post","status-publish","format-standard","has-post-thumbnail","hentry","category-actualite","category-inclusion"],"yoast_head":"<!-- This site is optimized with the Yoast SEO plugin v28.4 - https:\/\/yoast.com\/product\/yoast-seo-wordpress\/ -->\n<title>INCLUSION SOCIALE : L\u2019ex\u00e9cutif offre une formation gratuite \u00e0 1.500 jeunes filles togolaises -<\/title>\n<meta name=\"robots\" content=\"index, follow, max-snippet:-1, max-image-preview:large, max-video-preview:-1\" \/>\n<link rel=\"canonical\" href=\"https:\/\/macite.tg\/?p=30246\" \/>\n<meta property=\"og:locale\" content=\"fr_FR\" \/>\n<meta property=\"og:type\" content=\"article\" \/>\n<meta property=\"og:title\" content=\"INCLUSION SOCIALE : L\u2019ex\u00e9cutif offre une formation gratuite \u00e0 1.500 jeunes filles togolaises -\" \/>\n<meta property=\"og:description\" content=\"Le gouvernement ne baisse pas les bras quant \u00e0 la question d\u2019insertion professionnelle des jeunes. Une nouvelle offensive majeure, contre la pr\u00e9carit\u00e9 f\u00e9minine, vient d\u2019\u00eatre lanc\u00e9e \u00e0 travers l\u2019initiative \u00ab \u00c9cole de la Chance \u00bb. Quelque 1.500 jeunes filles vuln\u00e9rables vont b\u00e9n\u00e9ficier d\u2019une formation professionnelle [&hellip;]\" \/>\n<meta property=\"og:url\" content=\"https:\/\/macite.tg\/?p=30246\" \/>\n<meta property=\"article:published_time\" content=\"2026-05-07T11:53:20+00:00\" \/>\n<meta property=\"article:modified_time\" content=\"2026-05-07T12:47:25+00:00\" \/>\n<meta property=\"og:image\" content=\"https:\/\/macite.tg\/wp-content\/uploads\/2026\/05\/Emploi-filles.jpg\" \/>\n\t<meta property=\"og:image:width\" content=\"500\" \/>\n\t<meta property=\"og:image:height\" content=\"625\" \/>\n\t<meta property=\"og:image:type\" content=\"image\/jpeg\" \/>\n<meta name=\"author\" content=\"Jean Pierre BAWELA\" \/>\n<meta name=\"twitter:card\" content=\"summary_large_image\" \/>\n<meta name=\"twitter:label1\" content=\"\u00c9crit par\" \/>\n\t<meta name=\"twitter:data1\" content=\"Jean Pierre BAWELA\" \/>\n\t<meta name=\"twitter:label2\" content=\"Dur\u00e9e de lecture estim\u00e9e\" \/>\n\t<meta name=\"twitter:data2\" content=\"3 minutes\" \/>\n<script type=\"application\/ld+json\" class=\"yoast-schema-graph\">{\"@context\":\"https:\\\/\\\/schema.org\",\"@graph\":[{\"@type\":\"Article\",\"@id\":\"https:\\\/\\\/macite.tg\\\/?p=30246#article\",\"isPartOf\":{\"@id\":\"https:\\\/\\\/macite.tg\\\/?p=30246\"},\"author\":{\"name\":\"Jean Pierre BAWELA\",\"@id\":\"https:\\\/\\\/macite.tg\\\/#\\\/schema\\\/person\\\/e9f2de7e5dbbe7770a9402c7ce82f5c2\"},\"headline\":\"INCLUSION SOCIALE : L\u2019ex\u00e9cutif offre une formation gratuite \u00e0 1.500 jeunes filles togolaises\",\"datePublished\":\"2026-05-07T11:53:20+00:00\",\"dateModified\":\"2026-05-07T12:47:25+00:00\",\"mainEntityOfPage\":{\"@id\":\"https:\\\/\\\/macite.tg\\\/?p=30246\"},\"wordCount\":497,\"commentCount\":0,\"image\":{\"@id\":\"https:\\\/\\\/macite.tg\\\/?p=30246#primaryimage\"},\"thumbnailUrl\":\"https:\\\/\\\/macite.tg\\\/wp-content\\\/uploads\\\/2026\\\/05\\\/Emploi-filles.jpg\",\"articleSection\":[\"ACTUALITE\",\"INCLUSION\"],\"inLanguage\":\"fr-FR\",\"potentialAction\":[{\"@type\":\"CommentAction\",\"name\":\"Comment\",\"target\":[\"https:\\\/\\\/macite.tg\\\/?p=30246#respond\"]}]},{\"@type\":\"WebPage\",\"@id\":\"https:\\\/\\\/macite.tg\\\/?p=30246\",\"url\":\"https:\\\/\\\/macite.tg\\\/?p=30246\",\"name\":\"INCLUSION SOCIALE : L\u2019ex\u00e9cutif offre une formation gratuite \u00e0 1.500 jeunes filles togolaises -\",\"isPartOf\":{\"@id\":\"https:\\\/\\\/macite.tg\\\/#website\"},\"primaryImageOfPage\":{\"@id\":\"https:\\\/\\\/macite.tg\\\/?p=30246#primaryimage\"},\"image\":{\"@id\":\"https:\\\/\\\/macite.tg\\\/?p=30246#primaryimage\"},\"thumbnailUrl\":\"https:\\\/\\\/macite.tg\\\/wp-content\\\/uploads\\\/2026\\\/05\\\/Emploi-filles.jpg\",\"datePublished\":\"2026-05-07T11:53:20+00:00\",\"dateModified\":\"2026-05-07T12:47:25+00:00\",\"author\":{\"@id\":\"https:\\\/\\\/macite.tg\\\/#\\\/schema\\\/person\\\/e9f2de7e5dbbe7770a9402c7ce82f5c2\"},\"breadcrumb\":{\"@id\":\"https:\\\/\\\/macite.tg\\\/?p=30246#breadcrumb\"},\"inLanguage\":\"fr-FR\",\"potentialAction\":[{\"@type\":\"ReadAction\",\"target\":[\"https:\\\/\\\/macite.tg\\\/?p=30246\"]}]},{\"@type\":\"ImageObject\",\"inLanguage\":\"fr-FR\",\"@id\":\"https:\\\/\\\/macite.tg\\\/?p=30246#primaryimage\",\"url\":\"https:\\\/\\\/macite.tg\\\/wp-content\\\/uploads\\\/2026\\\/05\\\/Emploi-filles.jpg\",\"contentUrl\":\"https:\\\/\\\/macite.tg\\\/wp-content\\\/uploads\\\/2026\\\/05\\\/Emploi-filles.jpg\",\"width\":500,\"height\":625},{\"@type\":\"BreadcrumbList\",\"@id\":\"https:\\\/\\\/macite.tg\\\/?p=30246#breadcrumb\",\"itemListElement\":[{\"@type\":\"ListItem\",\"position\":1,\"name\":\"Accueil\",\"item\":\"https:\\\/\\\/macite.tg\\\/\"},{\"@type\":\"ListItem\",\"position\":2,\"name\":\"INCLUSION SOCIALE : L\u2019ex\u00e9cutif offre une formation gratuite \u00e0 1.500 jeunes filles togolaises\"}]},{\"@type\":\"WebSite\",\"@id\":\"https:\\\/\\\/macite.tg\\\/#website\",\"url\":\"https:\\\/\\\/macite.tg\\\/\",\"name\":\"\",\"description\":\"L&#039;information, la bonne!!!\",\"potentialAction\":[{\"@type\":\"SearchAction\",\"target\":{\"@type\":\"EntryPoint\",\"urlTemplate\":\"https:\\\/\\\/macite.tg\\\/?s={search_term_string}\"},\"query-input\":{\"@type\":\"PropertyValueSpecification\",\"valueRequired\":true,\"valueName\":\"search_term_string\"}}],\"inLanguage\":\"fr-FR\"},{\"@type\":\"Person\",\"@id\":\"https:\\\/\\\/macite.tg\\\/#\\\/schema\\\/person\\\/e9f2de7e5dbbe7770a9402c7ce82f5c2\",\"name\":\"Jean Pierre BAWELA\",\"image\":{\"@type\":\"ImageObject\",\"inLanguage\":\"fr-FR\",\"@id\":\"https:\\\/\\\/macite.tg\\\/wp-content\\\/uploads\\\/2023\\\/09\\\/WhatsApp-Image-2023-09-19-at-14.44.41-122x122.jpeg\",\"url\":\"https:\\\/\\\/macite.tg\\\/wp-content\\\/uploads\\\/2023\\\/09\\\/WhatsApp-Image-2023-09-19-at-14.44.41-122x122.jpeg\",\"contentUrl\":\"https:\\\/\\\/macite.tg\\\/wp-content\\\/uploads\\\/2023\\\/09\\\/WhatsApp-Image-2023-09-19-at-14.44.41-122x122.jpeg\",\"caption\":\"Jean Pierre BAWELA\"},\"url\":\"https:\\\/\\\/macite.tg\\\/?author=2\"}]}<\/script>\n<!-- \/ Yoast SEO plugin. -->","yoast_head_json":{"title":"INCLUSION SOCIALE : L\u2019ex\u00e9cutif offre une formation gratuite \u00e0 1.500 jeunes filles togolaises -","robots":{"index":"index","follow":"follow","max-snippet":"max-snippet:-1","max-image-preview":"max-image-preview:large","max-video-preview":"max-video-preview:-1"},"canonical":"https:\/\/macite.tg\/?p=30246","og_locale":"fr_FR","og_type":"article","og_title":"INCLUSION SOCIALE : L\u2019ex\u00e9cutif offre une formation gratuite \u00e0 1.500 jeunes filles togolaises -","og_description":"Le gouvernement ne baisse pas les bras quant \u00e0 la question d\u2019insertion professionnelle des jeunes. Une nouvelle offensive majeure, contre la pr\u00e9carit\u00e9 f\u00e9minine, vient d\u2019\u00eatre lanc\u00e9e \u00e0 travers l\u2019initiative \u00ab \u00c9cole de la Chance \u00bb. Quelque 1.500 jeunes filles vuln\u00e9rables vont b\u00e9n\u00e9ficier d\u2019une formation professionnelle [&hellip;]","og_url":"https:\/\/macite.tg\/?p=30246","article_published_time":"2026-05-07T11:53:20+00:00","article_modified_time":"2026-05-07T12:47:25+00:00","og_image":[{"width":500,"height":625,"url":"https:\/\/macite.tg\/wp-content\/uploads\/2026\/05\/Emploi-filles.jpg","type":"image\/jpeg"}],"author":"Jean Pierre BAWELA","twitter_card":"summary_large_image","twitter_misc":{"\u00c9crit par":"Jean Pierre BAWELA","Dur\u00e9e de lecture estim\u00e9e":"3 minutes"},"schema":{"@context":"https:\/\/schema.org","@graph":[{"@type":"Article","@id":"https:\/\/macite.tg\/?p=30246#article","isPartOf":{"@id":"https:\/\/macite.tg\/?p=30246"},"author":{"name":"Jean Pierre BAWELA","@id":"https:\/\/macite.tg\/#\/schema\/person\/e9f2de7e5dbbe7770a9402c7ce82f5c2"},"headline":"INCLUSION SOCIALE : L\u2019ex\u00e9cutif offre une formation gratuite \u00e0 1.500 jeunes filles togolaises","datePublished":"2026-05-07T11:53:20+00:00","dateModified":"2026-05-07T12:47:25+00:00","mainEntityOfPage":{"@id":"https:\/\/macite.tg\/?p=30246"},"wordCount":497,"commentCount":0,"image":{"@id":"https:\/\/macite.tg\/?p=30246#primaryimage"},"thumbnailUrl":"https:\/\/macite.tg\/wp-content\/uploads\/2026\/05\/Emploi-filles.jpg","articleSection":["ACTUALITE","INCLUSION"],"inLanguage":"fr-FR","potentialAction":[{"@type":"CommentAction","name":"Comment","target":["https:\/\/macite.tg\/?p=30246#respond"]}]},{"@type":"WebPage","@id":"https:\/\/macite.tg\/?p=30246","url":"https:\/\/macite.tg\/?p=30246","name":"INCLUSION SOCIALE : L\u2019ex\u00e9cutif offre une formation gratuite \u00e0 1.500 jeunes filles togolaises -","isPartOf":{"@id":"https:\/\/macite.tg\/#website"},"primaryImageOfPage":{"@id":"https:\/\/macite.tg\/?p=30246#primaryimage"},"image":{"@id":"https:\/\/macite.tg\/?p=30246#primaryimage"},"thumbnailUrl":"https:\/\/macite.tg\/wp-content\/uploads\/2026\/05\/Emploi-filles.jpg","datePublished":"2026-05-07T11:53:20+00:00","dateModified":"2026-05-07T12:47:25+00:00","author":{"@id":"https:\/\/macite.tg\/#\/schema\/person\/e9f2de7e5dbbe7770a9402c7ce82f5c2"},"breadcrumb":{"@id":"https:\/\/macite.tg\/?p=30246#breadcrumb"},"inLanguage":"fr-FR","potentialAction":[{"@type":"ReadAction","target":["https:\/\/macite.tg\/?p=30246"]}]},{"@type":"ImageObject","inLanguage":"fr-FR","@id":"https:\/\/macite.tg\/?p=30246#primaryimage","url":"https:\/\/macite.tg\/wp-content\/uploads\/2026\/05\/Emploi-filles.jpg","contentUrl":"https:\/\/macite.tg\/wp-content\/uploads\/2026\/05\/Emploi-filles.jpg","width":500,"height":625},{"@type":"BreadcrumbList","@id":"https:\/\/macite.tg\/?p=30246#breadcrumb","itemListElement":[{"@type":"ListItem","position":1,"name":"Accueil","item":"https:\/\/macite.tg\/"},{"@type":"ListItem","position":2,"name":"INCLUSION SOCIALE : L\u2019ex\u00e9cutif offre une formation gratuite \u00e0 1.500 jeunes filles togolaises"}]},{"@type":"WebSite","@id":"https:\/\/macite.tg\/#website","url":"https:\/\/macite.tg\/","name":"","description":"L&#039;information, la bonne!!!","potentialAction":[{"@type":"SearchAction","target":{"@type":"EntryPoint","urlTemplate":"https:\/\/macite.tg\/?s={search_term_string}"},"query-input":{"@type":"PropertyValueSpecification","valueRequired":true,"valueName":"search_term_string"}}],"inLanguage":"fr-FR"},{"@type":"Person","@id":"https:\/\/macite.tg\/#\/schema\/person\/e9f2de7e5dbbe7770a9402c7ce82f5c2","name":"Jean Pierre BAWELA","image":{"@type":"ImageObject","inLanguage":"fr-FR","@id":"https:\/\/macite.tg\/wp-content\/uploads\/2023\/09\/WhatsApp-Image-2023-09-19-at-14.44.41-122x122.jpeg","url":"https:\/\/macite.tg\/wp-content\/uploads\/2023\/09\/WhatsApp-Image-2023-09-19-at-14.44.41-122x122.jpeg","contentUrl":"https:\/\/macite.tg\/wp-content\/uploads\/2023\/09\/WhatsApp-Image-2023-09-19-at-14.44.41-122x122.jpeg","caption":"Jean Pierre BAWELA"},"url":"https:\/\/macite.tg\/?author=2"}]}},"_links":{"self":[{"href":"https:\/\/macite.tg\/index.php?rest_route=\/wp\/v2\/posts\/30246","targetHints":{"allow":["GET"]}}],"collection":[{"href":"https:\/\/macite.tg\/index.php?rest_route=\/wp\/v2\/posts"}],"about":[{"href":"https:\/\/macite.tg\/index.php?rest_route=\/wp\/v2\/types\/post"}],"author":[{"embeddable":true,"href":"https:\/\/macite.tg\/index.php?rest_route=\/wp\/v2\/users\/2"}],"replies":[{"embeddable":true,"href":"https:\/\/macite.tg\/index.php?rest_route=%2Fwp%2Fv2%2Fcomments&post=30246"}],"version-history":[{"count":0,"href":"https:\/\/macite.tg\/index.php?rest_route=\/wp\/v2\/posts\/30246\/revisions"}],"wp:featuredmedia":[{"embeddable":true,"href":"https:\/\/macite.tg\/index.php?rest_route=\/wp\/v2\/media\/30261"}],"wp:attachment":[{"href":"https:\/\/macite.tg\/index.php?rest_route=%2Fwp%2Fv2%2Fmedia&parent=30246"}],"wp:term":[{"taxonomy":"category","embeddable":true,"href":"https:\/\/macite.tg\/index.php?rest_route=%2Fwp%2Fv2%2Fcategories&post=30246"},{"taxonomy":"post_tag","embeddable":true,"href":"https:\/\/macite.tg\/index.php?rest_route=%2Fwp%2Fv2%2Ftags&post=30246"}],"curies":[{"name":"wp","href":"https:\/\/api.w.org\/{rel}","templated":true}]}}