{"id":30173,"date":"2026-05-05T08:58:51","date_gmt":"2026-05-05T08:58:51","guid":{"rendered":"https:\/\/macite.tg\/?p=30173"},"modified":"2026-05-05T08:59:15","modified_gmt":"2026-05-05T08:59:15","slug":"1er-mai-2026-a-lassemblee-nationale-le-personnel-administratif-celebre-pour-son-role-au-coeur-de-lefficacite-parlementaire","status":"publish","type":"post","link":"https:\/\/macite.tg\/?p=30173","title":{"rendered":"1ER MAI 2026 A L\u2019ASSEMBLEE NATIONALE : Le personnel administratif c\u00e9l\u00e9br\u00e9 pour son r\u00f4le au c\u0153ur de l\u2019efficacit\u00e9 parlementaire"},"content":{"rendered":"\n<p class=\"wp-block-paragraph\"><strong><em>\u00c0 l\u2019occasion de la Journ\u00e9e internationale du travail c\u00e9l\u00e9br\u00e9e, le vendredi 1er mai dernier, le personnel de l\u2019administration parlementaire s\u2019est retrouv\u00e9 sous la colonnade du si\u00e8ge de l\u2019Assembl\u00e9e nationale dans une atmosph\u00e8re de convivialit\u00e9 et de reconnaissance. La c\u00e9r\u00e9monie s\u2019est tenue en pr\u00e9sence de l\u2019honorable Ayao Dzreke, 4e Vice-pr\u00e9sident de l\u2019Assembl\u00e9e nationale repr\u00e9sentant le Prof Komi Selom Klassou, Pr\u00e9sident de l\u2019institution, ainsi que des membres du Bureau.<\/em><\/strong><\/p>\n\n\n\n<p class=\"wp-block-paragraph\">\u00c0 l\u2019ouverture des festivit\u00e9s, le Secr\u00e9taire g\u00e9n\u00e9ral de l\u2019Assembl\u00e9e nationale, M. Efoe Mawunyigan Kini, a salu\u00e9 l\u2019engagement quotidien des fonctionnaires parlementaires et a rappel\u00e9 que le travail demeure une n\u00e9cessit\u00e9, une dignit\u00e9 et une force capable de b\u00e2tir les nations. Il a insist\u00e9 sur l\u2019importance de l\u2019esprit d\u2019\u00e9quipe, de la confiance et du respect mutuel dans le fonctionnement de l\u2019administration parlementaire.<\/p>\n\n\n\n<p class=\"wp-block-paragraph\">Le Secr\u00e9taire g\u00e9n\u00e9ral a \u00e9galement invit\u00e9 les agents \u00e0 poursuivre les efforts pour renforcer la solidarit\u00e9, l\u2019\u00e9quit\u00e9 et la rigueur professionnelle. Selon M. Kini, chaque collaborateur d\u00e9tient une part de responsabilit\u00e9 dans l\u2019am\u00e9lioration du climat de travail et dans la performance globale de l\u2019institution. Il a ensuite encourag\u00e9 l\u2019ensemble du personnel \u00e0 faire de l\u2019administration parlementaire un cadre exemplaire, o\u00f9 efficacit\u00e9, courtoisie et professionnalisme demeurent les principes directeurs.<\/p>\n\n\n<div class=\"wp-block-image\">\n<figure class=\"aligncenter size-full\"><img loading=\"lazy\" decoding=\"async\" width=\"526\" height=\"526\" src=\"https:\/\/macite.tg\/wp-content\/uploads\/2026\/05\/image-1.png\" alt=\"\" class=\"wp-image-30139\" srcset=\"https:\/\/macite.tg\/wp-content\/uploads\/2026\/05\/image-1.png 526w, https:\/\/macite.tg\/wp-content\/uploads\/2026\/05\/image-1-300x300.png 300w, https:\/\/macite.tg\/wp-content\/uploads\/2026\/05\/image-1-150x150.png 150w, https:\/\/macite.tg\/wp-content\/uploads\/2026\/05\/image-1-122x122.png 122w\" sizes=\"auto, (max-width: 526px) 100vw, 526px\" \/><\/figure>\n<\/div>\n\n\n<p class=\"wp-block-paragraph\">Dans le message du Pr\u00e9sident de l\u2019Assembl\u00e9e nationale, lu par l\u2019honorable Ayao Dzreke, 4e vice-pr\u00e9sident de l\u2019Assembl\u00e9e nationale, un hommage appuy\u00e9 a \u00e9t\u00e9 rendu au personnel administratif, pr\u00e9sent\u00e9 comme les <em>\u00ab mains invisibles et indispensables \u00bb <\/em>du travail l\u00e9gislatif. Le Pr\u00e9sident de l\u2019institution a soulign\u00e9 que si les lois prennent forme dans l\u2019h\u00e9micycle, elles se construisent \u00e9galement dans les bureaux administratifs, gr\u00e2ce \u00e0 l\u2019engagement discret mais essentiel des collaborateurs parlementaires.<\/p>\n\n\n\n<p class=\"wp-block-paragraph\">Le Pr\u00e9sident de l\u2019Assembl\u00e9e nationale a r\u00e9affirm\u00e9 sa volont\u00e9 de poursuivre la modernisation de l\u2019administration parlementaire \u00e0 travers une meilleure organisation des structures administratives et une politique de valorisation du capital humain.<\/p>\n\n\n\n<p class=\"wp-block-paragraph\">Par ailleurs, il a assur\u00e9 que les pr\u00e9occupations exprim\u00e9es par le personnel seront prises en compte par le bureau. Des r\u00e9flexions sont engag\u00e9es, avec l\u2019ensemble des membres du bureau, afin d\u2019apporter des r\u00e9ponses concr\u00e8tes en mati\u00e8re d\u2019optimisation administrative, de gestion strat\u00e9gique des ressources humaines et de renforcement des comp\u00e9tences professionnelles.<\/p>\n\n\n<div class=\"wp-block-image\">\n<figure class=\"aligncenter size-full is-resized\"><img loading=\"lazy\" decoding=\"async\" width=\"500\" height=\"304\" src=\"https:\/\/macite.tg\/wp-content\/uploads\/2026\/04\/OTR_SAM.jpg\" alt=\"\" class=\"wp-image-30044\" style=\"width:784px;height:auto\" srcset=\"https:\/\/macite.tg\/wp-content\/uploads\/2026\/04\/OTR_SAM.jpg 500w, https:\/\/macite.tg\/wp-content\/uploads\/2026\/04\/OTR_SAM-300x182.jpg 300w\" sizes=\"auto, (max-width: 500px) 100vw, 500px\" \/><\/figure>\n<\/div>\n\n\n<p class=\"wp-block-paragraph\">La c\u00e9l\u00e9bration s\u2019est poursuivie dans une ambiance fraternelle, marqu\u00e9e par des \u00e9changes entre coll\u00e8gues et responsables administratifs. Cette comm\u00e9moration du 1er mai a \u00e9t\u00e9 l\u2019occasion de renouveler l\u2019engagement collectif en faveur d\u2019une administration parlementaire performante, moderne et au service de la qualit\u00e9 du travail l\u00e9gislatif.<\/p>\n\n\n\n<p class=\"wp-block-paragraph\"><strong>A.N.<\/strong><\/p>\n\n\n\n<p class=\"wp-block-paragraph\"><a><strong><em>@macite.tg&nbsp;&nbsp;&nbsp;&nbsp;&nbsp;&nbsp;&nbsp;&nbsp;<\/em><\/strong><\/a><\/p>\n\n\n\n<p class=\"wp-block-paragraph\"><strong><em>E-mail&nbsp;: <\/em><\/strong><a href=\"mailto:maciteinfo@gmail.com\"><strong><em>maciteinfo@gmail.com<\/em><\/strong><\/a><strong><em>; <\/em><\/strong><a href=\"mailto:bawela1@gmail.com\"><strong><em>bawela1@gmail.com<\/em><\/strong><\/a><strong><em><\/em><\/strong><\/p>\n\n\n\n<p class=\"wp-block-paragraph\"><strong><em>Pour vos annonces, publi-reportages, etc., joignez-nous au (00228)91515309\/<strong>79872224 <\/strong><strong><\/strong><\/em><\/strong><\/p>\n\n\n\n<p class=\"wp-block-paragraph\"><strong><em>www.macite.tg, L\u2019information, la bonne&nbsp;!<\/em><\/strong><\/p>\n","protected":false},"excerpt":{"rendered":"<p class=\"text-justify mb-2\" >\u00c0 l\u2019occasion de la Journ\u00e9e internationale du travail c\u00e9l\u00e9br\u00e9e, le vendredi 1er mai dernier, le personnel de l\u2019administration parlementaire s\u2019est retrouv\u00e9 sous la colonnade du si\u00e8ge de l\u2019Assembl\u00e9e nationale dans une atmosph\u00e8re de convivialit\u00e9 et de reconnaissance. La c\u00e9r\u00e9monie s\u2019est tenue en pr\u00e9sence de l\u2019honorable [&hellip;]<\/p>\n","protected":false},"author":2,"featured_media":30175,"comment_status":"open","ping_status":"open","sticky":false,"template":"","format":"standard","meta":{"footnotes":""},"categories":[20,6],"tags":[],"class_list":["post-30173","post","type-post","status-publish","format-standard","has-post-thumbnail","hentry","category-actualite","category-societe"],"yoast_head":"<!-- This site is optimized with the Yoast SEO plugin v28.4 - https:\/\/yoast.com\/product\/yoast-seo-wordpress\/ -->\n<title>1ER MAI 2026 A L\u2019ASSEMBLEE NATIONALE : Le personnel administratif c\u00e9l\u00e9br\u00e9 pour son r\u00f4le au c\u0153ur de l\u2019efficacit\u00e9 parlementaire -<\/title>\n<meta name=\"robots\" content=\"index, follow, max-snippet:-1, max-image-preview:large, max-video-preview:-1\" \/>\n<link rel=\"canonical\" href=\"https:\/\/macite.tg\/?p=30173\" \/>\n<meta property=\"og:locale\" content=\"fr_FR\" \/>\n<meta property=\"og:type\" content=\"article\" \/>\n<meta property=\"og:title\" content=\"1ER MAI 2026 A L\u2019ASSEMBLEE NATIONALE : Le personnel administratif c\u00e9l\u00e9br\u00e9 pour son r\u00f4le au c\u0153ur de l\u2019efficacit\u00e9 parlementaire -\" \/>\n<meta property=\"og:description\" content=\"\u00c0 l\u2019occasion de la Journ\u00e9e internationale du travail c\u00e9l\u00e9br\u00e9e, le vendredi 1er mai dernier, le personnel de l\u2019administration parlementaire s\u2019est retrouv\u00e9 sous la colonnade du si\u00e8ge de l\u2019Assembl\u00e9e nationale dans une atmosph\u00e8re de convivialit\u00e9 et de reconnaissance. La c\u00e9r\u00e9monie s\u2019est tenue en pr\u00e9sence de l\u2019honorable [&hellip;]\" \/>\n<meta property=\"og:url\" content=\"https:\/\/macite.tg\/?p=30173\" \/>\n<meta property=\"article:published_time\" content=\"2026-05-05T08:58:51+00:00\" \/>\n<meta property=\"article:modified_time\" content=\"2026-05-05T08:59:15+00:00\" \/>\n<meta property=\"og:image\" content=\"https:\/\/macite.tg\/wp-content\/uploads\/2026\/05\/AN-1er-mai.jpg\" \/>\n\t<meta property=\"og:image:width\" content=\"500\" \/>\n\t<meta property=\"og:image:height\" content=\"164\" \/>\n\t<meta property=\"og:image:type\" content=\"image\/jpeg\" \/>\n<meta name=\"author\" content=\"Jean Pierre BAWELA\" \/>\n<meta name=\"twitter:card\" content=\"summary_large_image\" \/>\n<meta name=\"twitter:label1\" content=\"\u00c9crit par\" \/>\n\t<meta name=\"twitter:data1\" content=\"Jean Pierre BAWELA\" \/>\n\t<meta name=\"twitter:label2\" content=\"Dur\u00e9e de lecture estim\u00e9e\" \/>\n\t<meta name=\"twitter:data2\" content=\"3 minutes\" \/>\n<script type=\"application\/ld+json\" class=\"yoast-schema-graph\">{\"@context\":\"https:\\\/\\\/schema.org\",\"@graph\":[{\"@type\":\"Article\",\"@id\":\"https:\\\/\\\/macite.tg\\\/?p=30173#article\",\"isPartOf\":{\"@id\":\"https:\\\/\\\/macite.tg\\\/?p=30173\"},\"author\":{\"name\":\"Jean Pierre BAWELA\",\"@id\":\"https:\\\/\\\/macite.tg\\\/#\\\/schema\\\/person\\\/e9f2de7e5dbbe7770a9402c7ce82f5c2\"},\"headline\":\"1ER MAI 2026 A L\u2019ASSEMBLEE NATIONALE : Le personnel administratif c\u00e9l\u00e9br\u00e9 pour son r\u00f4le au c\u0153ur de l\u2019efficacit\u00e9 parlementaire\",\"datePublished\":\"2026-05-05T08:58:51+00:00\",\"dateModified\":\"2026-05-05T08:59:15+00:00\",\"mainEntityOfPage\":{\"@id\":\"https:\\\/\\\/macite.tg\\\/?p=30173\"},\"wordCount\":531,\"commentCount\":0,\"image\":{\"@id\":\"https:\\\/\\\/macite.tg\\\/?p=30173#primaryimage\"},\"thumbnailUrl\":\"https:\\\/\\\/macite.tg\\\/wp-content\\\/uploads\\\/2026\\\/05\\\/AN-1er-mai.jpg\",\"articleSection\":[\"ACTUALITE\",\"SOCIETE\"],\"inLanguage\":\"fr-FR\",\"potentialAction\":[{\"@type\":\"CommentAction\",\"name\":\"Comment\",\"target\":[\"https:\\\/\\\/macite.tg\\\/?p=30173#respond\"]}]},{\"@type\":\"WebPage\",\"@id\":\"https:\\\/\\\/macite.tg\\\/?p=30173\",\"url\":\"https:\\\/\\\/macite.tg\\\/?p=30173\",\"name\":\"1ER MAI 2026 A L\u2019ASSEMBLEE NATIONALE : Le personnel administratif c\u00e9l\u00e9br\u00e9 pour son r\u00f4le au c\u0153ur de l\u2019efficacit\u00e9 parlementaire -\",\"isPartOf\":{\"@id\":\"https:\\\/\\\/macite.tg\\\/#website\"},\"primaryImageOfPage\":{\"@id\":\"https:\\\/\\\/macite.tg\\\/?p=30173#primaryimage\"},\"image\":{\"@id\":\"https:\\\/\\\/macite.tg\\\/?p=30173#primaryimage\"},\"thumbnailUrl\":\"https:\\\/\\\/macite.tg\\\/wp-content\\\/uploads\\\/2026\\\/05\\\/AN-1er-mai.jpg\",\"datePublished\":\"2026-05-05T08:58:51+00:00\",\"dateModified\":\"2026-05-05T08:59:15+00:00\",\"author\":{\"@id\":\"https:\\\/\\\/macite.tg\\\/#\\\/schema\\\/person\\\/e9f2de7e5dbbe7770a9402c7ce82f5c2\"},\"breadcrumb\":{\"@id\":\"https:\\\/\\\/macite.tg\\\/?p=30173#breadcrumb\"},\"inLanguage\":\"fr-FR\",\"potentialAction\":[{\"@type\":\"ReadAction\",\"target\":[\"https:\\\/\\\/macite.tg\\\/?p=30173\"]}]},{\"@type\":\"ImageObject\",\"inLanguage\":\"fr-FR\",\"@id\":\"https:\\\/\\\/macite.tg\\\/?p=30173#primaryimage\",\"url\":\"https:\\\/\\\/macite.tg\\\/wp-content\\\/uploads\\\/2026\\\/05\\\/AN-1er-mai.jpg\",\"contentUrl\":\"https:\\\/\\\/macite.tg\\\/wp-content\\\/uploads\\\/2026\\\/05\\\/AN-1er-mai.jpg\",\"width\":500,\"height\":164},{\"@type\":\"BreadcrumbList\",\"@id\":\"https:\\\/\\\/macite.tg\\\/?p=30173#breadcrumb\",\"itemListElement\":[{\"@type\":\"ListItem\",\"position\":1,\"name\":\"Accueil\",\"item\":\"https:\\\/\\\/macite.tg\\\/\"},{\"@type\":\"ListItem\",\"position\":2,\"name\":\"1ER MAI 2026 A L\u2019ASSEMBLEE NATIONALE : Le personnel administratif c\u00e9l\u00e9br\u00e9 pour son r\u00f4le au c\u0153ur de l\u2019efficacit\u00e9 parlementaire\"}]},{\"@type\":\"WebSite\",\"@id\":\"https:\\\/\\\/macite.tg\\\/#website\",\"url\":\"https:\\\/\\\/macite.tg\\\/\",\"name\":\"\",\"description\":\"L&#039;information, la bonne!!!\",\"potentialAction\":[{\"@type\":\"SearchAction\",\"target\":{\"@type\":\"EntryPoint\",\"urlTemplate\":\"https:\\\/\\\/macite.tg\\\/?s={search_term_string}\"},\"query-input\":{\"@type\":\"PropertyValueSpecification\",\"valueRequired\":true,\"valueName\":\"search_term_string\"}}],\"inLanguage\":\"fr-FR\"},{\"@type\":\"Person\",\"@id\":\"https:\\\/\\\/macite.tg\\\/#\\\/schema\\\/person\\\/e9f2de7e5dbbe7770a9402c7ce82f5c2\",\"name\":\"Jean Pierre BAWELA\",\"image\":{\"@type\":\"ImageObject\",\"inLanguage\":\"fr-FR\",\"@id\":\"https:\\\/\\\/macite.tg\\\/wp-content\\\/uploads\\\/2023\\\/09\\\/WhatsApp-Image-2023-09-19-at-14.44.41-122x122.jpeg\",\"url\":\"https:\\\/\\\/macite.tg\\\/wp-content\\\/uploads\\\/2023\\\/09\\\/WhatsApp-Image-2023-09-19-at-14.44.41-122x122.jpeg\",\"contentUrl\":\"https:\\\/\\\/macite.tg\\\/wp-content\\\/uploads\\\/2023\\\/09\\\/WhatsApp-Image-2023-09-19-at-14.44.41-122x122.jpeg\",\"caption\":\"Jean Pierre BAWELA\"},\"url\":\"https:\\\/\\\/macite.tg\\\/?author=2\"}]}<\/script>\n<!-- \/ Yoast SEO plugin. -->","yoast_head_json":{"title":"1ER MAI 2026 A L\u2019ASSEMBLEE NATIONALE : Le personnel administratif c\u00e9l\u00e9br\u00e9 pour son r\u00f4le au c\u0153ur de l\u2019efficacit\u00e9 parlementaire -","robots":{"index":"index","follow":"follow","max-snippet":"max-snippet:-1","max-image-preview":"max-image-preview:large","max-video-preview":"max-video-preview:-1"},"canonical":"https:\/\/macite.tg\/?p=30173","og_locale":"fr_FR","og_type":"article","og_title":"1ER MAI 2026 A L\u2019ASSEMBLEE NATIONALE : Le personnel administratif c\u00e9l\u00e9br\u00e9 pour son r\u00f4le au c\u0153ur de l\u2019efficacit\u00e9 parlementaire -","og_description":"\u00c0 l\u2019occasion de la Journ\u00e9e internationale du travail c\u00e9l\u00e9br\u00e9e, le vendredi 1er mai dernier, le personnel de l\u2019administration parlementaire s\u2019est retrouv\u00e9 sous la colonnade du si\u00e8ge de l\u2019Assembl\u00e9e nationale dans une atmosph\u00e8re de convivialit\u00e9 et de reconnaissance. La c\u00e9r\u00e9monie s\u2019est tenue en pr\u00e9sence de l\u2019honorable [&hellip;]","og_url":"https:\/\/macite.tg\/?p=30173","article_published_time":"2026-05-05T08:58:51+00:00","article_modified_time":"2026-05-05T08:59:15+00:00","og_image":[{"width":500,"height":164,"url":"https:\/\/macite.tg\/wp-content\/uploads\/2026\/05\/AN-1er-mai.jpg","type":"image\/jpeg"}],"author":"Jean Pierre BAWELA","twitter_card":"summary_large_image","twitter_misc":{"\u00c9crit par":"Jean Pierre BAWELA","Dur\u00e9e de lecture estim\u00e9e":"3 minutes"},"schema":{"@context":"https:\/\/schema.org","@graph":[{"@type":"Article","@id":"https:\/\/macite.tg\/?p=30173#article","isPartOf":{"@id":"https:\/\/macite.tg\/?p=30173"},"author":{"name":"Jean Pierre BAWELA","@id":"https:\/\/macite.tg\/#\/schema\/person\/e9f2de7e5dbbe7770a9402c7ce82f5c2"},"headline":"1ER MAI 2026 A L\u2019ASSEMBLEE NATIONALE : Le personnel administratif c\u00e9l\u00e9br\u00e9 pour son r\u00f4le au c\u0153ur de l\u2019efficacit\u00e9 parlementaire","datePublished":"2026-05-05T08:58:51+00:00","dateModified":"2026-05-05T08:59:15+00:00","mainEntityOfPage":{"@id":"https:\/\/macite.tg\/?p=30173"},"wordCount":531,"commentCount":0,"image":{"@id":"https:\/\/macite.tg\/?p=30173#primaryimage"},"thumbnailUrl":"https:\/\/macite.tg\/wp-content\/uploads\/2026\/05\/AN-1er-mai.jpg","articleSection":["ACTUALITE","SOCIETE"],"inLanguage":"fr-FR","potentialAction":[{"@type":"CommentAction","name":"Comment","target":["https:\/\/macite.tg\/?p=30173#respond"]}]},{"@type":"WebPage","@id":"https:\/\/macite.tg\/?p=30173","url":"https:\/\/macite.tg\/?p=30173","name":"1ER MAI 2026 A L\u2019ASSEMBLEE NATIONALE : Le personnel administratif c\u00e9l\u00e9br\u00e9 pour son r\u00f4le au c\u0153ur de l\u2019efficacit\u00e9 parlementaire -","isPartOf":{"@id":"https:\/\/macite.tg\/#website"},"primaryImageOfPage":{"@id":"https:\/\/macite.tg\/?p=30173#primaryimage"},"image":{"@id":"https:\/\/macite.tg\/?p=30173#primaryimage"},"thumbnailUrl":"https:\/\/macite.tg\/wp-content\/uploads\/2026\/05\/AN-1er-mai.jpg","datePublished":"2026-05-05T08:58:51+00:00","dateModified":"2026-05-05T08:59:15+00:00","author":{"@id":"https:\/\/macite.tg\/#\/schema\/person\/e9f2de7e5dbbe7770a9402c7ce82f5c2"},"breadcrumb":{"@id":"https:\/\/macite.tg\/?p=30173#breadcrumb"},"inLanguage":"fr-FR","potentialAction":[{"@type":"ReadAction","target":["https:\/\/macite.tg\/?p=30173"]}]},{"@type":"ImageObject","inLanguage":"fr-FR","@id":"https:\/\/macite.tg\/?p=30173#primaryimage","url":"https:\/\/macite.tg\/wp-content\/uploads\/2026\/05\/AN-1er-mai.jpg","contentUrl":"https:\/\/macite.tg\/wp-content\/uploads\/2026\/05\/AN-1er-mai.jpg","width":500,"height":164},{"@type":"BreadcrumbList","@id":"https:\/\/macite.tg\/?p=30173#breadcrumb","itemListElement":[{"@type":"ListItem","position":1,"name":"Accueil","item":"https:\/\/macite.tg\/"},{"@type":"ListItem","position":2,"name":"1ER MAI 2026 A L\u2019ASSEMBLEE NATIONALE : Le personnel administratif c\u00e9l\u00e9br\u00e9 pour son r\u00f4le au c\u0153ur de l\u2019efficacit\u00e9 parlementaire"}]},{"@type":"WebSite","@id":"https:\/\/macite.tg\/#website","url":"https:\/\/macite.tg\/","name":"","description":"L&#039;information, la bonne!!!","potentialAction":[{"@type":"SearchAction","target":{"@type":"EntryPoint","urlTemplate":"https:\/\/macite.tg\/?s={search_term_string}"},"query-input":{"@type":"PropertyValueSpecification","valueRequired":true,"valueName":"search_term_string"}}],"inLanguage":"fr-FR"},{"@type":"Person","@id":"https:\/\/macite.tg\/#\/schema\/person\/e9f2de7e5dbbe7770a9402c7ce82f5c2","name":"Jean Pierre BAWELA","image":{"@type":"ImageObject","inLanguage":"fr-FR","@id":"https:\/\/macite.tg\/wp-content\/uploads\/2023\/09\/WhatsApp-Image-2023-09-19-at-14.44.41-122x122.jpeg","url":"https:\/\/macite.tg\/wp-content\/uploads\/2023\/09\/WhatsApp-Image-2023-09-19-at-14.44.41-122x122.jpeg","contentUrl":"https:\/\/macite.tg\/wp-content\/uploads\/2023\/09\/WhatsApp-Image-2023-09-19-at-14.44.41-122x122.jpeg","caption":"Jean Pierre BAWELA"},"url":"https:\/\/macite.tg\/?author=2"}]}},"_links":{"self":[{"href":"https:\/\/macite.tg\/index.php?rest_route=\/wp\/v2\/posts\/30173","targetHints":{"allow":["GET"]}}],"collection":[{"href":"https:\/\/macite.tg\/index.php?rest_route=\/wp\/v2\/posts"}],"about":[{"href":"https:\/\/macite.tg\/index.php?rest_route=\/wp\/v2\/types\/post"}],"author":[{"embeddable":true,"href":"https:\/\/macite.tg\/index.php?rest_route=\/wp\/v2\/users\/2"}],"replies":[{"embeddable":true,"href":"https:\/\/macite.tg\/index.php?rest_route=%2Fwp%2Fv2%2Fcomments&post=30173"}],"version-history":[{"count":0,"href":"https:\/\/macite.tg\/index.php?rest_route=\/wp\/v2\/posts\/30173\/revisions"}],"wp:featuredmedia":[{"embeddable":true,"href":"https:\/\/macite.tg\/index.php?rest_route=\/wp\/v2\/media\/30175"}],"wp:attachment":[{"href":"https:\/\/macite.tg\/index.php?rest_route=%2Fwp%2Fv2%2Fmedia&parent=30173"}],"wp:term":[{"taxonomy":"category","embeddable":true,"href":"https:\/\/macite.tg\/index.php?rest_route=%2Fwp%2Fv2%2Fcategories&post=30173"},{"taxonomy":"post_tag","embeddable":true,"href":"https:\/\/macite.tg\/index.php?rest_route=%2Fwp%2Fv2%2Ftags&post=30173"}],"curies":[{"name":"wp","href":"https:\/\/api.w.org\/{rel}","templated":true}]}}