{"id":30156,"date":"2026-05-04T13:38:09","date_gmt":"2026-05-04T13:38:09","guid":{"rendered":"https:\/\/macite.tg\/?p=30156"},"modified":"2026-05-04T13:38:14","modified_gmt":"2026-05-04T13:38:14","slug":"karite-2026-mme-elisabeth-essodolom-pali-tchalla-plaide-pour-la-durabilite-dans-la-filiere","status":"publish","type":"post","link":"https:\/\/macite.tg\/?p=30156","title":{"rendered":"KARITE 2026\u00a0: \u00a0Mme Elisabeth Essodolom Pali-Tchalla plaide pour la durabilit\u00e9 dans la fili\u00e8re"},"content":{"rendered":"\n<p class=\"wp-block-paragraph\"><strong><em>La conf\u00e9rence mondiale sur le karit\u00e9 s\u2019est tenue, cette ann\u00e9e du 27 au 29 Avril \u00e0 Accra, la capitale ghan\u00e9enne. Plac\u00e9e sous le th\u00e8me, \u00ab&nbsp;Au-del\u00e0 des fronti\u00e8res&nbsp;\u00bb, la 18<sup>\u00e8me<\/sup> Conf\u00e9rence annuelle de l\u2019Alliance Globale du Karit\u00e9 (AGK) a r\u00e9uni des acteurs mondiaux du secteur pour renforcer la fili\u00e8re, la durabilit\u00e9 et l&rsquo;innovation. Acheteurs, fournisseurs, investisseurs et ONG du secteur ont saisi l\u2019occasion pour explorer les tendances du march\u00e9, am\u00e9liorer la transformation locale, et soutenir les femmes productrices. Le Togo a \u00e9t\u00e9 brillamment repr\u00e9sent\u00e9 \u00e0 cet \u00e9v\u00e9nement majeur, qui co\u00efncide avec la c\u00e9l\u00e9bration du 15<sup>\u00e8me<\/sup> de l\u2019Alliance Globale du Karit\u00e9.<\/em><\/strong><\/p>\n\n\n\n<p class=\"wp-block-paragraph\">A la t\u00eate d\u2019une forte d\u00e9l\u00e9gation des femmes productrices et transformatrices du karit\u00e9 membres des coop\u00e9ratives de la Fili\u00e8re Karit\u00e9 du Togo (FIKATO), Mme Elisabeth Essodolom Pali-Tchalla, a port\u00e9 la voix du Togo \u00e0 cette rencontre, dont la c\u00e9r\u00e9monie d\u2019ouverture a \u00e9t\u00e9 pr\u00e9sid\u00e9e par la vice-pr\u00e9sidente du Ghana, Mme Jane Naana Opoku-Agyemang, en pr\u00e9sence du ministre d&rsquo;\u00c9tat \u00e0 l&rsquo;Agriculture et \u00e0 la S\u00e9curit\u00e9 alimentaire du Nig\u00e9ria, Aliyu Sabi Abdullahi.<\/p>\n\n\n\n<p class=\"wp-block-paragraph\">Ponctu\u00e9e des forums de haut niveau et des rencontre B to B, la rencontre d\u2019accra a permis \u00e0 la pr\u00e9sidente du Conseil Interprofessionnel de la Fili\u00e8re Karit\u00e9 du Togo (CIFKAT) de mener son plaidoyer pour une embellie de la fili\u00e8re karit\u00e9, dans son ensemble sur le continent africain, et de mani\u00e8re particuli\u00e8re, au profit des femmes productrices et transformatrices du Karit\u00e9. Engag\u00e9e depuis plusieurs ann\u00e9es aux c\u00f4t\u00e9s du monde rural dont elle finance les initiatives f\u00e9minines, Mme Elisabeth Essodolom Pali-Tchalla lutte, notamment pour aider les femmes du secteur karit\u00e9 \u00e0 gagner le pari de leur autonomisation \u00e9conomique.<\/p>\n\n\n\n<figure class=\"wp-block-image size-full\"><img loading=\"lazy\" decoding=\"async\" width=\"851\" height=\"315\" src=\"https:\/\/macite.tg\/wp-content\/uploads\/2026\/04\/OTR_Ferer-pour-batir-1.jpg\" alt=\"\" class=\"wp-image-29832\" srcset=\"https:\/\/macite.tg\/wp-content\/uploads\/2026\/04\/OTR_Ferer-pour-batir-1.jpg 851w, https:\/\/macite.tg\/wp-content\/uploads\/2026\/04\/OTR_Ferer-pour-batir-1-300x111.jpg 300w, https:\/\/macite.tg\/wp-content\/uploads\/2026\/04\/OTR_Ferer-pour-batir-1-768x284.jpg 768w\" sizes=\"auto, (max-width: 851px) 100vw, 851px\" \/><\/figure>\n\n\n\n<p class=\"wp-block-paragraph\"><em>\u00ab&nbsp;Soutenir les femmes du secteur du karit\u00e9 en Afrique n\u2019est pas seulement une question de solidarit\u00e9 : c\u2019est un levier \u00e9conomique, social et environnemental tr\u00e8s concret. Sur le plan \u00e9conomique, les soutenir permet de renforcer leur autonomie financi\u00e8re. Le karit\u00e9 repr\u00e9sente parfois leur principale source de revenus. En am\u00e9liorant leurs conditions de travail, leur acc\u00e8s aux march\u00e9s ou \u00e0 la formation, on contribue directement \u00e0 r\u00e9duire la pauvret\u00e9 locale.<\/em><\/p>\n\n\n\n<p class=\"wp-block-paragraph\"><em>Ensuite, il y a un impact social majeur. Quand les femmes gagnent mieux leur vie, elles investissent davantage dans l\u2019\u00e9ducation des enfants, la sant\u00e9 et l\u2019alimentation du foyer. Cela cr\u00e9e un cercle vertueux pour toute la communaut\u00e9&nbsp;\u00bb,<\/em> soutient Mme Elisabeth Essodolom Pali-Tchalla, en sortant d\u2019une r\u00e9union du Comit\u00e9 ex\u00e9cutif de l\u2019Alliance Globale du Karit\u00e9 au sein duquel elle occupe le poste de vice-pr\u00e9sidente.<\/p>\n\n\n\n<p class=\"wp-block-paragraph\">A Accra, la patronne du karit\u00e9 togolais a eu des \u00e9changes fructueux avec plusieurs partenaires dans le but d\u2019accompagner la dynamique d\u2019am\u00e9lioration de la fili\u00e8re karit\u00e9 au Togo. Dans la capitale ghan\u00e9enne, la conf\u00e9rence de l\u2019AGK a \u00e9galement offert la tribune aux participants de parler durabilit\u00e9 de la fili\u00e8re karit\u00e9. Ce sujet, celle qui est affectueusement appel\u00e9&nbsp;<em>\u00ab&nbsp;Maman&nbsp;\u00bb<\/em> le connait tr\u00e8s bien. Et, pour cause, elle et les femmes de ses 250 coop\u00e9ratives du maillon production proc\u00e8dent chaque ann\u00e9e aux op\u00e9rations de renouvellement des parcs \u00e0 karit\u00e9 \u00e0 travers des reboisements.&nbsp;<\/p>\n\n\n<div class=\"wp-block-image\">\n<figure class=\"aligncenter size-full\"><img loading=\"lazy\" decoding=\"async\" width=\"526\" height=\"526\" src=\"https:\/\/macite.tg\/wp-content\/uploads\/2026\/05\/image-1.png\" alt=\"\" class=\"wp-image-30139\" srcset=\"https:\/\/macite.tg\/wp-content\/uploads\/2026\/05\/image-1.png 526w, https:\/\/macite.tg\/wp-content\/uploads\/2026\/05\/image-1-300x300.png 300w, https:\/\/macite.tg\/wp-content\/uploads\/2026\/05\/image-1-150x150.png 150w, https:\/\/macite.tg\/wp-content\/uploads\/2026\/05\/image-1-122x122.png 122w\" sizes=\"auto, (max-width: 526px) 100vw, 526px\" \/><\/figure>\n<\/div>\n\n\n<p class=\"wp-block-paragraph\"><em>\u00ab&nbsp;Sur le plan environnemental, soutenir ce secteur encourage la pr\u00e9servation des parcs \u00e0 karit\u00e9. Ces arbres jouent un r\u00f4le important contre la d\u00e9sertification et pour la biodiversit\u00e9. En valorisant le karit\u00e9, on donne une raison \u00e9conomique de prot\u00e9ger ces \u00e9cosyst\u00e8mes.<\/em><em> <\/em><em>Soutenir les femmes du karit\u00e9, c\u2019est agir \u00e0 la fois pour le d\u00e9veloppement \u00e9conomique, l\u2019\u00e9galit\u00e9 des genres et la protection de l\u2019environnement.&nbsp;\u00bb,<\/em> a-t-elle poursuivi.<\/p>\n\n\n\n<p class=\"wp-block-paragraph\">Alors qu\u2019\u00e0 l\u2019\u00e9chelle mondiale, la demande en beurre de karit\u00e9 (cosm\u00e9tique, alimentaire) ne cesse de cro\u00eetre, mieux structurer la fili\u00e8re permet d\u2019\u00e9viter que les femmes restent au bas de la cha\u00eene de valeur et garantit une production plus \u00e9quitable et durable.<\/p>\n\n\n\n<p class=\"wp-block-paragraph\"><strong>G. K.<\/strong><\/p>\n\n\n\n<p class=\"wp-block-paragraph\"><a><strong><em>@macite.tg&nbsp;&nbsp;&nbsp;&nbsp;&nbsp;&nbsp;&nbsp;&nbsp;<\/em><\/strong><\/a><\/p>\n\n\n\n<p class=\"wp-block-paragraph\"><strong><em>E-mail&nbsp;: <\/em><\/strong><a href=\"mailto:maciteinfo@gmail.com\"><strong><em>maciteinfo@gmail.com<\/em><\/strong><\/a><strong><em>; <\/em><\/strong><a href=\"mailto:bawela1@gmail.com\"><strong><em>bawela1@gmail.com<\/em><\/strong><\/a><strong><em><\/em><\/strong><\/p>\n\n\n\n<p class=\"wp-block-paragraph\"><strong><em>Pour vos annonces, publi-reportages, etc., joignez-nous au (00228)91515309\/<strong>79872224 <\/strong><strong><\/strong><\/em><\/strong><\/p>\n\n\n\n<p class=\"wp-block-paragraph\"><strong><em>www.macite.tg, L\u2019information, la bonne&nbsp;!<\/em><\/strong><\/p>\n\n\n\n<p class=\"wp-block-paragraph\"><\/p>\n","protected":false},"excerpt":{"rendered":"<p class=\"text-justify mb-2\" >La conf\u00e9rence mondiale sur le karit\u00e9 s\u2019est tenue, cette ann\u00e9e du 27 au 29 Avril \u00e0 Accra, la capitale ghan\u00e9enne. Plac\u00e9e sous le th\u00e8me, \u00ab&nbsp;Au-del\u00e0 des fronti\u00e8res&nbsp;\u00bb, la 18\u00e8me Conf\u00e9rence annuelle de l\u2019Alliance Globale du Karit\u00e9 (AGK) a r\u00e9uni des acteurs mondiaux du secteur pour [&hellip;]<\/p>\n","protected":false},"author":2,"featured_media":30162,"comment_status":"open","ping_status":"open","sticky":false,"template":"","format":"standard","meta":{"footnotes":""},"categories":[20,22],"tags":[],"class_list":["post-30156","post","type-post","status-publish","format-standard","has-post-thumbnail","hentry","category-actualite","category-agriculture"],"yoast_head":"<!-- This site is optimized with the Yoast SEO plugin v28.4 - https:\/\/yoast.com\/product\/yoast-seo-wordpress\/ -->\n<title>KARITE 2026\u00a0: \u00a0Mme Elisabeth Essodolom Pali-Tchalla plaide pour la durabilit\u00e9 dans la fili\u00e8re -<\/title>\n<meta name=\"robots\" content=\"index, follow, max-snippet:-1, max-image-preview:large, max-video-preview:-1\" \/>\n<link rel=\"canonical\" href=\"https:\/\/macite.tg\/?p=30156\" \/>\n<meta property=\"og:locale\" content=\"fr_FR\" \/>\n<meta property=\"og:type\" content=\"article\" \/>\n<meta property=\"og:title\" content=\"KARITE 2026\u00a0: \u00a0Mme Elisabeth Essodolom Pali-Tchalla plaide pour la durabilit\u00e9 dans la fili\u00e8re -\" \/>\n<meta property=\"og:description\" content=\"La conf\u00e9rence mondiale sur le karit\u00e9 s\u2019est tenue, cette ann\u00e9e du 27 au 29 Avril \u00e0 Accra, la capitale ghan\u00e9enne. Plac\u00e9e sous le th\u00e8me, \u00ab&nbsp;Au-del\u00e0 des fronti\u00e8res&nbsp;\u00bb, la 18\u00e8me Conf\u00e9rence annuelle de l\u2019Alliance Globale du Karit\u00e9 (AGK) a r\u00e9uni des acteurs mondiaux du secteur pour [&hellip;]\" \/>\n<meta property=\"og:url\" content=\"https:\/\/macite.tg\/?p=30156\" \/>\n<meta property=\"article:published_time\" content=\"2026-05-04T13:38:09+00:00\" \/>\n<meta property=\"article:modified_time\" content=\"2026-05-04T13:38:14+00:00\" \/>\n<meta property=\"og:image\" content=\"https:\/\/macite.tg\/wp-content\/uploads\/2026\/05\/8ccbe910-f7fb-49d6-bc53-6c18f6347056.jpg\" \/>\n\t<meta property=\"og:image:width\" content=\"500\" \/>\n\t<meta property=\"og:image:height\" content=\"333\" \/>\n\t<meta property=\"og:image:type\" content=\"image\/jpeg\" \/>\n<meta name=\"author\" content=\"Jean Pierre BAWELA\" \/>\n<meta name=\"twitter:card\" content=\"summary_large_image\" \/>\n<meta name=\"twitter:label1\" content=\"\u00c9crit par\" \/>\n\t<meta name=\"twitter:data1\" content=\"Jean Pierre BAWELA\" \/>\n\t<meta name=\"twitter:label2\" content=\"Dur\u00e9e de lecture estim\u00e9e\" \/>\n\t<meta name=\"twitter:data2\" content=\"4 minutes\" \/>\n<script type=\"application\/ld+json\" class=\"yoast-schema-graph\">{\"@context\":\"https:\\\/\\\/schema.org\",\"@graph\":[{\"@type\":\"Article\",\"@id\":\"https:\\\/\\\/macite.tg\\\/?p=30156#article\",\"isPartOf\":{\"@id\":\"https:\\\/\\\/macite.tg\\\/?p=30156\"},\"author\":{\"name\":\"Jean Pierre BAWELA\",\"@id\":\"https:\\\/\\\/macite.tg\\\/#\\\/schema\\\/person\\\/e9f2de7e5dbbe7770a9402c7ce82f5c2\"},\"headline\":\"KARITE 2026\u00a0: \u00a0Mme Elisabeth Essodolom Pali-Tchalla plaide pour la durabilit\u00e9 dans la fili\u00e8re\",\"datePublished\":\"2026-05-04T13:38:09+00:00\",\"dateModified\":\"2026-05-04T13:38:14+00:00\",\"mainEntityOfPage\":{\"@id\":\"https:\\\/\\\/macite.tg\\\/?p=30156\"},\"wordCount\":728,\"commentCount\":0,\"image\":{\"@id\":\"https:\\\/\\\/macite.tg\\\/?p=30156#primaryimage\"},\"thumbnailUrl\":\"https:\\\/\\\/macite.tg\\\/wp-content\\\/uploads\\\/2026\\\/05\\\/8ccbe910-f7fb-49d6-bc53-6c18f6347056.jpg\",\"articleSection\":[\"ACTUALITE\",\"AGRICULTURE\"],\"inLanguage\":\"fr-FR\",\"potentialAction\":[{\"@type\":\"CommentAction\",\"name\":\"Comment\",\"target\":[\"https:\\\/\\\/macite.tg\\\/?p=30156#respond\"]}]},{\"@type\":\"WebPage\",\"@id\":\"https:\\\/\\\/macite.tg\\\/?p=30156\",\"url\":\"https:\\\/\\\/macite.tg\\\/?p=30156\",\"name\":\"KARITE 2026\u00a0: \u00a0Mme Elisabeth Essodolom Pali-Tchalla plaide pour la durabilit\u00e9 dans la fili\u00e8re -\",\"isPartOf\":{\"@id\":\"https:\\\/\\\/macite.tg\\\/#website\"},\"primaryImageOfPage\":{\"@id\":\"https:\\\/\\\/macite.tg\\\/?p=30156#primaryimage\"},\"image\":{\"@id\":\"https:\\\/\\\/macite.tg\\\/?p=30156#primaryimage\"},\"thumbnailUrl\":\"https:\\\/\\\/macite.tg\\\/wp-content\\\/uploads\\\/2026\\\/05\\\/8ccbe910-f7fb-49d6-bc53-6c18f6347056.jpg\",\"datePublished\":\"2026-05-04T13:38:09+00:00\",\"dateModified\":\"2026-05-04T13:38:14+00:00\",\"author\":{\"@id\":\"https:\\\/\\\/macite.tg\\\/#\\\/schema\\\/person\\\/e9f2de7e5dbbe7770a9402c7ce82f5c2\"},\"breadcrumb\":{\"@id\":\"https:\\\/\\\/macite.tg\\\/?p=30156#breadcrumb\"},\"inLanguage\":\"fr-FR\",\"potentialAction\":[{\"@type\":\"ReadAction\",\"target\":[\"https:\\\/\\\/macite.tg\\\/?p=30156\"]}]},{\"@type\":\"ImageObject\",\"inLanguage\":\"fr-FR\",\"@id\":\"https:\\\/\\\/macite.tg\\\/?p=30156#primaryimage\",\"url\":\"https:\\\/\\\/macite.tg\\\/wp-content\\\/uploads\\\/2026\\\/05\\\/8ccbe910-f7fb-49d6-bc53-6c18f6347056.jpg\",\"contentUrl\":\"https:\\\/\\\/macite.tg\\\/wp-content\\\/uploads\\\/2026\\\/05\\\/8ccbe910-f7fb-49d6-bc53-6c18f6347056.jpg\",\"width\":500,\"height\":333},{\"@type\":\"BreadcrumbList\",\"@id\":\"https:\\\/\\\/macite.tg\\\/?p=30156#breadcrumb\",\"itemListElement\":[{\"@type\":\"ListItem\",\"position\":1,\"name\":\"Accueil\",\"item\":\"https:\\\/\\\/macite.tg\\\/\"},{\"@type\":\"ListItem\",\"position\":2,\"name\":\"KARITE 2026\u00a0: \u00a0Mme Elisabeth Essodolom Pali-Tchalla plaide pour la durabilit\u00e9 dans la fili\u00e8re\"}]},{\"@type\":\"WebSite\",\"@id\":\"https:\\\/\\\/macite.tg\\\/#website\",\"url\":\"https:\\\/\\\/macite.tg\\\/\",\"name\":\"\",\"description\":\"L&#039;information, la bonne!!!\",\"potentialAction\":[{\"@type\":\"SearchAction\",\"target\":{\"@type\":\"EntryPoint\",\"urlTemplate\":\"https:\\\/\\\/macite.tg\\\/?s={search_term_string}\"},\"query-input\":{\"@type\":\"PropertyValueSpecification\",\"valueRequired\":true,\"valueName\":\"search_term_string\"}}],\"inLanguage\":\"fr-FR\"},{\"@type\":\"Person\",\"@id\":\"https:\\\/\\\/macite.tg\\\/#\\\/schema\\\/person\\\/e9f2de7e5dbbe7770a9402c7ce82f5c2\",\"name\":\"Jean Pierre BAWELA\",\"image\":{\"@type\":\"ImageObject\",\"inLanguage\":\"fr-FR\",\"@id\":\"https:\\\/\\\/macite.tg\\\/wp-content\\\/uploads\\\/2023\\\/09\\\/WhatsApp-Image-2023-09-19-at-14.44.41-122x122.jpeg\",\"url\":\"https:\\\/\\\/macite.tg\\\/wp-content\\\/uploads\\\/2023\\\/09\\\/WhatsApp-Image-2023-09-19-at-14.44.41-122x122.jpeg\",\"contentUrl\":\"https:\\\/\\\/macite.tg\\\/wp-content\\\/uploads\\\/2023\\\/09\\\/WhatsApp-Image-2023-09-19-at-14.44.41-122x122.jpeg\",\"caption\":\"Jean Pierre BAWELA\"},\"url\":\"https:\\\/\\\/macite.tg\\\/?author=2\"}]}<\/script>\n<!-- \/ Yoast SEO plugin. -->","yoast_head_json":{"title":"KARITE 2026\u00a0: \u00a0Mme Elisabeth Essodolom Pali-Tchalla plaide pour la durabilit\u00e9 dans la fili\u00e8re -","robots":{"index":"index","follow":"follow","max-snippet":"max-snippet:-1","max-image-preview":"max-image-preview:large","max-video-preview":"max-video-preview:-1"},"canonical":"https:\/\/macite.tg\/?p=30156","og_locale":"fr_FR","og_type":"article","og_title":"KARITE 2026\u00a0: \u00a0Mme Elisabeth Essodolom Pali-Tchalla plaide pour la durabilit\u00e9 dans la fili\u00e8re -","og_description":"La conf\u00e9rence mondiale sur le karit\u00e9 s\u2019est tenue, cette ann\u00e9e du 27 au 29 Avril \u00e0 Accra, la capitale ghan\u00e9enne. Plac\u00e9e sous le th\u00e8me, \u00ab&nbsp;Au-del\u00e0 des fronti\u00e8res&nbsp;\u00bb, la 18\u00e8me Conf\u00e9rence annuelle de l\u2019Alliance Globale du Karit\u00e9 (AGK) a r\u00e9uni des acteurs mondiaux du secteur pour [&hellip;]","og_url":"https:\/\/macite.tg\/?p=30156","article_published_time":"2026-05-04T13:38:09+00:00","article_modified_time":"2026-05-04T13:38:14+00:00","og_image":[{"width":500,"height":333,"url":"https:\/\/macite.tg\/wp-content\/uploads\/2026\/05\/8ccbe910-f7fb-49d6-bc53-6c18f6347056.jpg","type":"image\/jpeg"}],"author":"Jean Pierre BAWELA","twitter_card":"summary_large_image","twitter_misc":{"\u00c9crit par":"Jean Pierre BAWELA","Dur\u00e9e de lecture estim\u00e9e":"4 minutes"},"schema":{"@context":"https:\/\/schema.org","@graph":[{"@type":"Article","@id":"https:\/\/macite.tg\/?p=30156#article","isPartOf":{"@id":"https:\/\/macite.tg\/?p=30156"},"author":{"name":"Jean Pierre BAWELA","@id":"https:\/\/macite.tg\/#\/schema\/person\/e9f2de7e5dbbe7770a9402c7ce82f5c2"},"headline":"KARITE 2026\u00a0: \u00a0Mme Elisabeth Essodolom Pali-Tchalla plaide pour la durabilit\u00e9 dans la fili\u00e8re","datePublished":"2026-05-04T13:38:09+00:00","dateModified":"2026-05-04T13:38:14+00:00","mainEntityOfPage":{"@id":"https:\/\/macite.tg\/?p=30156"},"wordCount":728,"commentCount":0,"image":{"@id":"https:\/\/macite.tg\/?p=30156#primaryimage"},"thumbnailUrl":"https:\/\/macite.tg\/wp-content\/uploads\/2026\/05\/8ccbe910-f7fb-49d6-bc53-6c18f6347056.jpg","articleSection":["ACTUALITE","AGRICULTURE"],"inLanguage":"fr-FR","potentialAction":[{"@type":"CommentAction","name":"Comment","target":["https:\/\/macite.tg\/?p=30156#respond"]}]},{"@type":"WebPage","@id":"https:\/\/macite.tg\/?p=30156","url":"https:\/\/macite.tg\/?p=30156","name":"KARITE 2026\u00a0: \u00a0Mme Elisabeth Essodolom Pali-Tchalla plaide pour la durabilit\u00e9 dans la fili\u00e8re -","isPartOf":{"@id":"https:\/\/macite.tg\/#website"},"primaryImageOfPage":{"@id":"https:\/\/macite.tg\/?p=30156#primaryimage"},"image":{"@id":"https:\/\/macite.tg\/?p=30156#primaryimage"},"thumbnailUrl":"https:\/\/macite.tg\/wp-content\/uploads\/2026\/05\/8ccbe910-f7fb-49d6-bc53-6c18f6347056.jpg","datePublished":"2026-05-04T13:38:09+00:00","dateModified":"2026-05-04T13:38:14+00:00","author":{"@id":"https:\/\/macite.tg\/#\/schema\/person\/e9f2de7e5dbbe7770a9402c7ce82f5c2"},"breadcrumb":{"@id":"https:\/\/macite.tg\/?p=30156#breadcrumb"},"inLanguage":"fr-FR","potentialAction":[{"@type":"ReadAction","target":["https:\/\/macite.tg\/?p=30156"]}]},{"@type":"ImageObject","inLanguage":"fr-FR","@id":"https:\/\/macite.tg\/?p=30156#primaryimage","url":"https:\/\/macite.tg\/wp-content\/uploads\/2026\/05\/8ccbe910-f7fb-49d6-bc53-6c18f6347056.jpg","contentUrl":"https:\/\/macite.tg\/wp-content\/uploads\/2026\/05\/8ccbe910-f7fb-49d6-bc53-6c18f6347056.jpg","width":500,"height":333},{"@type":"BreadcrumbList","@id":"https:\/\/macite.tg\/?p=30156#breadcrumb","itemListElement":[{"@type":"ListItem","position":1,"name":"Accueil","item":"https:\/\/macite.tg\/"},{"@type":"ListItem","position":2,"name":"KARITE 2026\u00a0: \u00a0Mme Elisabeth Essodolom Pali-Tchalla plaide pour la durabilit\u00e9 dans la fili\u00e8re"}]},{"@type":"WebSite","@id":"https:\/\/macite.tg\/#website","url":"https:\/\/macite.tg\/","name":"","description":"L&#039;information, la bonne!!!","potentialAction":[{"@type":"SearchAction","target":{"@type":"EntryPoint","urlTemplate":"https:\/\/macite.tg\/?s={search_term_string}"},"query-input":{"@type":"PropertyValueSpecification","valueRequired":true,"valueName":"search_term_string"}}],"inLanguage":"fr-FR"},{"@type":"Person","@id":"https:\/\/macite.tg\/#\/schema\/person\/e9f2de7e5dbbe7770a9402c7ce82f5c2","name":"Jean Pierre BAWELA","image":{"@type":"ImageObject","inLanguage":"fr-FR","@id":"https:\/\/macite.tg\/wp-content\/uploads\/2023\/09\/WhatsApp-Image-2023-09-19-at-14.44.41-122x122.jpeg","url":"https:\/\/macite.tg\/wp-content\/uploads\/2023\/09\/WhatsApp-Image-2023-09-19-at-14.44.41-122x122.jpeg","contentUrl":"https:\/\/macite.tg\/wp-content\/uploads\/2023\/09\/WhatsApp-Image-2023-09-19-at-14.44.41-122x122.jpeg","caption":"Jean Pierre BAWELA"},"url":"https:\/\/macite.tg\/?author=2"}]}},"_links":{"self":[{"href":"https:\/\/macite.tg\/index.php?rest_route=\/wp\/v2\/posts\/30156","targetHints":{"allow":["GET"]}}],"collection":[{"href":"https:\/\/macite.tg\/index.php?rest_route=\/wp\/v2\/posts"}],"about":[{"href":"https:\/\/macite.tg\/index.php?rest_route=\/wp\/v2\/types\/post"}],"author":[{"embeddable":true,"href":"https:\/\/macite.tg\/index.php?rest_route=\/wp\/v2\/users\/2"}],"replies":[{"embeddable":true,"href":"https:\/\/macite.tg\/index.php?rest_route=%2Fwp%2Fv2%2Fcomments&post=30156"}],"version-history":[{"count":0,"href":"https:\/\/macite.tg\/index.php?rest_route=\/wp\/v2\/posts\/30156\/revisions"}],"wp:featuredmedia":[{"embeddable":true,"href":"https:\/\/macite.tg\/index.php?rest_route=\/wp\/v2\/media\/30162"}],"wp:attachment":[{"href":"https:\/\/macite.tg\/index.php?rest_route=%2Fwp%2Fv2%2Fmedia&parent=30156"}],"wp:term":[{"taxonomy":"category","embeddable":true,"href":"https:\/\/macite.tg\/index.php?rest_route=%2Fwp%2Fv2%2Fcategories&post=30156"},{"taxonomy":"post_tag","embeddable":true,"href":"https:\/\/macite.tg\/index.php?rest_route=%2Fwp%2Fv2%2Ftags&post=30156"}],"curies":[{"name":"wp","href":"https:\/\/api.w.org\/{rel}","templated":true}]}}