{"id":30147,"date":"2026-05-04T10:21:39","date_gmt":"2026-05-04T10:21:39","guid":{"rendered":"https:\/\/macite.tg\/?p=30147"},"modified":"2026-05-04T10:21:48","modified_gmt":"2026-05-04T10:21:48","slug":"lamu-passe-au-numerique-avec-la-carte-a-puce-et-les-services-en-ligne-inam-ce-qui-va-changer-pour-les-usagers","status":"publish","type":"post","link":"https:\/\/macite.tg\/?p=30147","title":{"rendered":"L\u2019AMU PASSE AU NUMERIQUE\u00a0AVEC LA CARTE A PUCE\u00a0ET LES SERVICES EN LIGNE INAM\u00a0: Ce qui va changer pour les usagers"},"content":{"rendered":"\n<p class=\"wp-block-paragraph\"><strong><em>Une nouvelle \u00e8re s&rsquo;ouvre pour la protection sociale au Togo. Le mardi 21 avril 2026, l\u2019Institut National d\u2019Assurance Maladie (INAM) a officiellement lanc\u00e9 ses services digitaux et sa carte \u00e0 puce biom\u00e9trique. Cette \u00e9tape marque un tournant d\u00e9cisif dans l\u2019op\u00e9rationnalisation de l\u2019Assurance Maladie Universelle (AMU).<\/em><\/strong><\/p>\n\n\n\n<p class=\"wp-block-paragraph\"><strong>La digitalisation au service de la sant\u00e9 pour tous<\/strong><\/p>\n\n\n\n<p class=\"wp-block-paragraph\">Apr\u00e8s la CNSS pour le secteur priv\u00e9, c&rsquo;est au tour de l&rsquo;INAM de franchir le cap du num\u00e9rique. Ce lancement s&rsquo;inscrit dans la vision du Pr\u00e9sident du Conseil, Faure Essozimna Gnassingb\u00e9, visant \u00e0 garantir un acc\u00e8s aux soins inclusif, solidaire et moderne pour chaque Togolais.<\/p>\n\n\n\n<p class=\"wp-block-paragraph\">Lors de la c\u00e9r\u00e9monie, le Directeur G\u00e9n\u00e9ral de l\u2019INAM, Justin Tchilabalo Pilante, a soulign\u00e9 que cette modernisation repose sur trois piliers, \u00e0 savoir&nbsp;: l&rsquo;universalit\u00e9 : une couverture pour tous&nbsp;; la solidarit\u00e9 : une mutualisation des risques&nbsp;; et la souverainet\u00e9 des donn\u00e9es : une gouvernance s\u00e9curis\u00e9e de l&rsquo;information sanitaire.<\/p>\n\n\n<div class=\"wp-block-image\">\n<figure class=\"aligncenter size-full\"><img loading=\"lazy\" decoding=\"async\" width=\"526\" height=\"526\" src=\"https:\/\/macite.tg\/wp-content\/uploads\/2026\/05\/image-1.png\" alt=\"\" class=\"wp-image-30139\" srcset=\"https:\/\/macite.tg\/wp-content\/uploads\/2026\/05\/image-1.png 526w, https:\/\/macite.tg\/wp-content\/uploads\/2026\/05\/image-1-300x300.png 300w, https:\/\/macite.tg\/wp-content\/uploads\/2026\/05\/image-1-150x150.png 150w, https:\/\/macite.tg\/wp-content\/uploads\/2026\/05\/image-1-122x122.png 122w\" sizes=\"auto, (max-width: 526px) 100vw, 526px\" \/><\/figure>\n<\/div>\n\n\n<p class=\"wp-block-paragraph\"><strong>Carte \u00e0 puce AMU-INAM, ce qui va changer pour les assur\u00e9s<\/strong><\/p>\n\n\n\n<p class=\"wp-block-paragraph\">L&rsquo;introduction de la carte \u00e0 puce et des services en ligne transforme radicalement le parcours de l&rsquo;usager. D\u00e9sormais, les d\u00e9marches administratives sont simplifi\u00e9es et accessibles du bout des doigts.<\/p>\n\n\n\n<p class=\"wp-block-paragraph\">Les avantages des nouveaux services en ligne sont multiples. D\u2019abord, la demande de carte via smartphone, se fera en ligne. Plus besoin de se d\u00e9placer pour les formalit\u00e9s initiales.<\/p>\n\n\n\n<p class=\"wp-block-paragraph\">Ensuite, il y a une r\u00e9duction des d\u00e9lais. Le traitement en d\u00e9mat\u00e9rialis\u00e9 est plus rapide des dossiers et des prises en charge.<\/p>\n\n\n\n<p class=\"wp-block-paragraph\">Et enfin, l\u2019accessibilit\u00e9 est permanente, 24h\/24. Il existe d\u00e9sormais un portail num\u00e9rique disponible \u00e0 tout moment pour consulter ses droits.<\/p>\n\n\n\n<figure class=\"wp-block-image size-full\"><img loading=\"lazy\" decoding=\"async\" width=\"851\" height=\"315\" src=\"https:\/\/macite.tg\/wp-content\/uploads\/2026\/04\/OTR_Ferer-pour-batir-1.jpg\" alt=\"\" class=\"wp-image-29832\" srcset=\"https:\/\/macite.tg\/wp-content\/uploads\/2026\/04\/OTR_Ferer-pour-batir-1.jpg 851w, https:\/\/macite.tg\/wp-content\/uploads\/2026\/04\/OTR_Ferer-pour-batir-1-300x111.jpg 300w, https:\/\/macite.tg\/wp-content\/uploads\/2026\/04\/OTR_Ferer-pour-batir-1-768x284.jpg 768w\" sizes=\"auto, (max-width: 851px) 100vw, 851px\" \/><\/figure>\n\n\n\n<p class=\"wp-block-paragraph\"><strong>Une synergie forte entre l&rsquo;INAM et la CNSS<\/strong><\/p>\n\n\n\n<p class=\"wp-block-paragraph\">Le succ\u00e8s de cette transition num\u00e9rique repose sur une collaboration \u00e9troite entre les organismes de gestion. Le Directeur G\u00e9n\u00e9ral a salu\u00e9 l&rsquo;appui de la CNSS, sous l&rsquo;impulsion de son Directeur G\u00e9n\u00e9ral, Mme Ingrid Awad\u00e9.<\/p>\n\n\n\n<p class=\"wp-block-paragraph\">Cette convergence des syst\u00e8mes permet \u00e0 l&rsquo;INAM de b\u00e9n\u00e9ficier d&rsquo;une technologie \u00e9prouv\u00e9e, garantissant une efficacit\u00e9 maximale dans la prise en charge des diff\u00e9rentes couches de la population.<\/p>\n\n\n\n<p class=\"wp-block-paragraph\"><strong>\u00ab\u00a0L&rsquo;innovation doit b\u00e9n\u00e9ficier aux populations\u00a0\u00bb<\/strong><\/p>\n\n\n\n<p class=\"wp-block-paragraph\">Lors du lancement officiel de cette nouvelle \u00e9tape, le Ministre de la Sant\u00e9 et de la Couverture Sanitaire Universelle, Jean-Marie Koffi Ewonoule Tessi, a rappel\u00e9 un principe fondamental. <em>\u00ab La transition num\u00e9rique ne prend tout son sens que lorsque les transformations qu\u2019elle induit b\u00e9n\u00e9ficient concr\u00e8tement aux populations. \u00bb, <\/em>a-t-il martel\u00e9<em>.<\/em><\/p>\n\n\n<div class=\"wp-block-image\">\n<figure class=\"aligncenter size-full is-resized\"><img loading=\"lazy\" decoding=\"async\" width=\"500\" height=\"304\" src=\"https:\/\/macite.tg\/wp-content\/uploads\/2026\/04\/OTR_SAM.jpg\" alt=\"\" class=\"wp-image-30044\" style=\"width:666px;height:auto\" srcset=\"https:\/\/macite.tg\/wp-content\/uploads\/2026\/04\/OTR_SAM.jpg 500w, https:\/\/macite.tg\/wp-content\/uploads\/2026\/04\/OTR_SAM-300x182.jpg 300w\" sizes=\"auto, (max-width: 500px) 100vw, 500px\" \/><\/figure>\n<\/div>\n\n\n<p class=\"wp-block-paragraph\">Pour marquer le d\u00e9but effectif de cette \u00e8re technologique, une remise symbolique de cartes \u00e0 puce a \u00e9t\u00e9 effectu\u00e9e. Une vingtaine de membres du gouvernement, ayant r\u00e9alis\u00e9 leurs formalit\u00e9s en ligne, ont re\u00e7u leur pr\u00e9cieux s\u00e9same, prouvant ainsi la fiabilit\u00e9 du nouveau dispositif.<\/p>\n\n\n\n<p class=\"wp-block-paragraph\">Notons qu\u2019avec le d\u00e9ploiement de l\u2019AMU-INAM num\u00e9rique, le Togo confirme sa place de leader r\u00e9gional en mati\u00e8re d&rsquo;innovation sociale. La carte \u00e0 puce n&rsquo;est pas qu&rsquo;un outil technologique ; c&rsquo;est la cl\u00e9 d&rsquo;un syst\u00e8me de sant\u00e9 plus juste, plus rapide et plus proche des citoyens.<\/p>\n\n\n\n<p class=\"wp-block-paragraph\"><strong>La R\u00e9daction<\/strong><\/p>\n\n\n\n<p class=\"wp-block-paragraph\"><a><strong><em>@macite.tg&nbsp;&nbsp;&nbsp;&nbsp;&nbsp;&nbsp;&nbsp;&nbsp;<\/em><\/strong><\/a><\/p>\n\n\n\n<p class=\"wp-block-paragraph\"><strong><em>E-mail&nbsp;: <\/em><\/strong><a href=\"mailto:maciteinfo@gmail.com\"><strong><em>maciteinfo@gmail.com<\/em><\/strong><\/a><strong><em>; <\/em><\/strong><a href=\"mailto:bawela1@gmail.com\"><strong><em>bawela1@gmail.com<\/em><\/strong><\/a><strong><em><\/em><\/strong><\/p>\n\n\n\n<p class=\"wp-block-paragraph\"><strong><em>Pour vos annonces, publi-reportages, etc., joignez-nous au (00228)91515309\/<strong>79872224 <\/strong><strong><\/strong><\/em><\/strong><\/p>\n\n\n\n<p class=\"wp-block-paragraph\"><strong><em>www.macite.tg, L\u2019information, la bonne&nbsp;!<\/em><\/strong><\/p>\n","protected":false},"excerpt":{"rendered":"<p class=\"text-justify mb-2\" >Une nouvelle \u00e8re s&rsquo;ouvre pour la protection sociale au Togo. Le mardi 21 avril 2026, l\u2019Institut National d\u2019Assurance Maladie (INAM) a officiellement lanc\u00e9 ses services digitaux et sa carte \u00e0 puce biom\u00e9trique. Cette \u00e9tape marque un tournant d\u00e9cisif dans l\u2019op\u00e9rationnalisation de l\u2019Assurance Maladie Universelle (AMU). [&hellip;]<\/p>\n","protected":false},"author":2,"featured_media":30150,"comment_status":"open","ping_status":"open","sticky":false,"template":"","format":"standard","meta":{"footnotes":""},"categories":[20,5],"tags":[],"class_list":["post-30147","post","type-post","status-publish","format-standard","has-post-thumbnail","hentry","category-actualite","category-sante"],"yoast_head":"<!-- This site is optimized with the Yoast SEO plugin v28.4 - https:\/\/yoast.com\/product\/yoast-seo-wordpress\/ -->\n<title>L\u2019AMU PASSE AU NUMERIQUE\u00a0AVEC LA CARTE A PUCE\u00a0ET LES SERVICES EN LIGNE INAM\u00a0: Ce qui va changer pour les usagers -<\/title>\n<meta name=\"robots\" content=\"index, follow, max-snippet:-1, max-image-preview:large, max-video-preview:-1\" \/>\n<link rel=\"canonical\" href=\"https:\/\/macite.tg\/?p=30147\" \/>\n<meta property=\"og:locale\" content=\"fr_FR\" \/>\n<meta property=\"og:type\" content=\"article\" \/>\n<meta property=\"og:title\" content=\"L\u2019AMU PASSE AU NUMERIQUE\u00a0AVEC LA CARTE A PUCE\u00a0ET LES SERVICES EN LIGNE INAM\u00a0: Ce qui va changer pour les usagers -\" \/>\n<meta property=\"og:description\" content=\"Une nouvelle \u00e8re s&rsquo;ouvre pour la protection sociale au Togo. Le mardi 21 avril 2026, l\u2019Institut National d\u2019Assurance Maladie (INAM) a officiellement lanc\u00e9 ses services digitaux et sa carte \u00e0 puce biom\u00e9trique. Cette \u00e9tape marque un tournant d\u00e9cisif dans l\u2019op\u00e9rationnalisation de l\u2019Assurance Maladie Universelle (AMU). [&hellip;]\" \/>\n<meta property=\"og:url\" content=\"https:\/\/macite.tg\/?p=30147\" \/>\n<meta property=\"article:published_time\" content=\"2026-05-04T10:21:39+00:00\" \/>\n<meta property=\"article:modified_time\" content=\"2026-05-04T10:21:48+00:00\" \/>\n<meta property=\"og:image\" content=\"https:\/\/macite.tg\/wp-content\/uploads\/2026\/05\/AMU-IDENTIT2-VISUELLE.jpg\" \/>\n\t<meta property=\"og:image:width\" content=\"500\" \/>\n\t<meta property=\"og:image:height\" content=\"333\" \/>\n\t<meta property=\"og:image:type\" content=\"image\/jpeg\" \/>\n<meta name=\"author\" content=\"Jean Pierre BAWELA\" \/>\n<meta name=\"twitter:card\" content=\"summary_large_image\" \/>\n<meta name=\"twitter:label1\" content=\"\u00c9crit par\" \/>\n\t<meta name=\"twitter:data1\" content=\"Jean Pierre BAWELA\" \/>\n\t<meta name=\"twitter:label2\" content=\"Dur\u00e9e de lecture estim\u00e9e\" \/>\n\t<meta name=\"twitter:data2\" content=\"4 minutes\" \/>\n<script type=\"application\/ld+json\" class=\"yoast-schema-graph\">{\"@context\":\"https:\\\/\\\/schema.org\",\"@graph\":[{\"@type\":\"Article\",\"@id\":\"https:\\\/\\\/macite.tg\\\/?p=30147#article\",\"isPartOf\":{\"@id\":\"https:\\\/\\\/macite.tg\\\/?p=30147\"},\"author\":{\"name\":\"Jean Pierre BAWELA\",\"@id\":\"https:\\\/\\\/macite.tg\\\/#\\\/schema\\\/person\\\/e9f2de7e5dbbe7770a9402c7ce82f5c2\"},\"headline\":\"L\u2019AMU PASSE AU NUMERIQUE\u00a0AVEC LA CARTE A PUCE\u00a0ET LES SERVICES EN LIGNE INAM\u00a0: Ce qui va changer pour les usagers\",\"datePublished\":\"2026-05-04T10:21:39+00:00\",\"dateModified\":\"2026-05-04T10:21:48+00:00\",\"mainEntityOfPage\":{\"@id\":\"https:\\\/\\\/macite.tg\\\/?p=30147\"},\"wordCount\":599,\"commentCount\":0,\"image\":{\"@id\":\"https:\\\/\\\/macite.tg\\\/?p=30147#primaryimage\"},\"thumbnailUrl\":\"https:\\\/\\\/macite.tg\\\/wp-content\\\/uploads\\\/2026\\\/05\\\/AMU-IDENTIT2-VISUELLE.jpg\",\"articleSection\":[\"ACTUALITE\",\"SANTE\"],\"inLanguage\":\"fr-FR\",\"potentialAction\":[{\"@type\":\"CommentAction\",\"name\":\"Comment\",\"target\":[\"https:\\\/\\\/macite.tg\\\/?p=30147#respond\"]}]},{\"@type\":\"WebPage\",\"@id\":\"https:\\\/\\\/macite.tg\\\/?p=30147\",\"url\":\"https:\\\/\\\/macite.tg\\\/?p=30147\",\"name\":\"L\u2019AMU PASSE AU NUMERIQUE\u00a0AVEC LA CARTE A PUCE\u00a0ET LES SERVICES EN LIGNE INAM\u00a0: Ce qui va changer pour les usagers -\",\"isPartOf\":{\"@id\":\"https:\\\/\\\/macite.tg\\\/#website\"},\"primaryImageOfPage\":{\"@id\":\"https:\\\/\\\/macite.tg\\\/?p=30147#primaryimage\"},\"image\":{\"@id\":\"https:\\\/\\\/macite.tg\\\/?p=30147#primaryimage\"},\"thumbnailUrl\":\"https:\\\/\\\/macite.tg\\\/wp-content\\\/uploads\\\/2026\\\/05\\\/AMU-IDENTIT2-VISUELLE.jpg\",\"datePublished\":\"2026-05-04T10:21:39+00:00\",\"dateModified\":\"2026-05-04T10:21:48+00:00\",\"author\":{\"@id\":\"https:\\\/\\\/macite.tg\\\/#\\\/schema\\\/person\\\/e9f2de7e5dbbe7770a9402c7ce82f5c2\"},\"breadcrumb\":{\"@id\":\"https:\\\/\\\/macite.tg\\\/?p=30147#breadcrumb\"},\"inLanguage\":\"fr-FR\",\"potentialAction\":[{\"@type\":\"ReadAction\",\"target\":[\"https:\\\/\\\/macite.tg\\\/?p=30147\"]}]},{\"@type\":\"ImageObject\",\"inLanguage\":\"fr-FR\",\"@id\":\"https:\\\/\\\/macite.tg\\\/?p=30147#primaryimage\",\"url\":\"https:\\\/\\\/macite.tg\\\/wp-content\\\/uploads\\\/2026\\\/05\\\/AMU-IDENTIT2-VISUELLE.jpg\",\"contentUrl\":\"https:\\\/\\\/macite.tg\\\/wp-content\\\/uploads\\\/2026\\\/05\\\/AMU-IDENTIT2-VISUELLE.jpg\",\"width\":500,\"height\":333},{\"@type\":\"BreadcrumbList\",\"@id\":\"https:\\\/\\\/macite.tg\\\/?p=30147#breadcrumb\",\"itemListElement\":[{\"@type\":\"ListItem\",\"position\":1,\"name\":\"Accueil\",\"item\":\"https:\\\/\\\/macite.tg\\\/\"},{\"@type\":\"ListItem\",\"position\":2,\"name\":\"L\u2019AMU PASSE AU NUMERIQUE\u00a0AVEC LA CARTE A PUCE\u00a0ET LES SERVICES EN LIGNE INAM\u00a0: Ce qui va changer pour les usagers\"}]},{\"@type\":\"WebSite\",\"@id\":\"https:\\\/\\\/macite.tg\\\/#website\",\"url\":\"https:\\\/\\\/macite.tg\\\/\",\"name\":\"\",\"description\":\"L&#039;information, la bonne!!!\",\"potentialAction\":[{\"@type\":\"SearchAction\",\"target\":{\"@type\":\"EntryPoint\",\"urlTemplate\":\"https:\\\/\\\/macite.tg\\\/?s={search_term_string}\"},\"query-input\":{\"@type\":\"PropertyValueSpecification\",\"valueRequired\":true,\"valueName\":\"search_term_string\"}}],\"inLanguage\":\"fr-FR\"},{\"@type\":\"Person\",\"@id\":\"https:\\\/\\\/macite.tg\\\/#\\\/schema\\\/person\\\/e9f2de7e5dbbe7770a9402c7ce82f5c2\",\"name\":\"Jean Pierre BAWELA\",\"image\":{\"@type\":\"ImageObject\",\"inLanguage\":\"fr-FR\",\"@id\":\"https:\\\/\\\/macite.tg\\\/wp-content\\\/uploads\\\/2023\\\/09\\\/WhatsApp-Image-2023-09-19-at-14.44.41-122x122.jpeg\",\"url\":\"https:\\\/\\\/macite.tg\\\/wp-content\\\/uploads\\\/2023\\\/09\\\/WhatsApp-Image-2023-09-19-at-14.44.41-122x122.jpeg\",\"contentUrl\":\"https:\\\/\\\/macite.tg\\\/wp-content\\\/uploads\\\/2023\\\/09\\\/WhatsApp-Image-2023-09-19-at-14.44.41-122x122.jpeg\",\"caption\":\"Jean Pierre BAWELA\"},\"url\":\"https:\\\/\\\/macite.tg\\\/?author=2\"}]}<\/script>\n<!-- \/ Yoast SEO plugin. -->","yoast_head_json":{"title":"L\u2019AMU PASSE AU NUMERIQUE\u00a0AVEC LA CARTE A PUCE\u00a0ET LES SERVICES EN LIGNE INAM\u00a0: Ce qui va changer pour les usagers -","robots":{"index":"index","follow":"follow","max-snippet":"max-snippet:-1","max-image-preview":"max-image-preview:large","max-video-preview":"max-video-preview:-1"},"canonical":"https:\/\/macite.tg\/?p=30147","og_locale":"fr_FR","og_type":"article","og_title":"L\u2019AMU PASSE AU NUMERIQUE\u00a0AVEC LA CARTE A PUCE\u00a0ET LES SERVICES EN LIGNE INAM\u00a0: Ce qui va changer pour les usagers -","og_description":"Une nouvelle \u00e8re s&rsquo;ouvre pour la protection sociale au Togo. Le mardi 21 avril 2026, l\u2019Institut National d\u2019Assurance Maladie (INAM) a officiellement lanc\u00e9 ses services digitaux et sa carte \u00e0 puce biom\u00e9trique. Cette \u00e9tape marque un tournant d\u00e9cisif dans l\u2019op\u00e9rationnalisation de l\u2019Assurance Maladie Universelle (AMU). [&hellip;]","og_url":"https:\/\/macite.tg\/?p=30147","article_published_time":"2026-05-04T10:21:39+00:00","article_modified_time":"2026-05-04T10:21:48+00:00","og_image":[{"width":500,"height":333,"url":"https:\/\/macite.tg\/wp-content\/uploads\/2026\/05\/AMU-IDENTIT2-VISUELLE.jpg","type":"image\/jpeg"}],"author":"Jean Pierre BAWELA","twitter_card":"summary_large_image","twitter_misc":{"\u00c9crit par":"Jean Pierre BAWELA","Dur\u00e9e de lecture estim\u00e9e":"4 minutes"},"schema":{"@context":"https:\/\/schema.org","@graph":[{"@type":"Article","@id":"https:\/\/macite.tg\/?p=30147#article","isPartOf":{"@id":"https:\/\/macite.tg\/?p=30147"},"author":{"name":"Jean Pierre BAWELA","@id":"https:\/\/macite.tg\/#\/schema\/person\/e9f2de7e5dbbe7770a9402c7ce82f5c2"},"headline":"L\u2019AMU PASSE AU NUMERIQUE\u00a0AVEC LA CARTE A PUCE\u00a0ET LES SERVICES EN LIGNE INAM\u00a0: Ce qui va changer pour les usagers","datePublished":"2026-05-04T10:21:39+00:00","dateModified":"2026-05-04T10:21:48+00:00","mainEntityOfPage":{"@id":"https:\/\/macite.tg\/?p=30147"},"wordCount":599,"commentCount":0,"image":{"@id":"https:\/\/macite.tg\/?p=30147#primaryimage"},"thumbnailUrl":"https:\/\/macite.tg\/wp-content\/uploads\/2026\/05\/AMU-IDENTIT2-VISUELLE.jpg","articleSection":["ACTUALITE","SANTE"],"inLanguage":"fr-FR","potentialAction":[{"@type":"CommentAction","name":"Comment","target":["https:\/\/macite.tg\/?p=30147#respond"]}]},{"@type":"WebPage","@id":"https:\/\/macite.tg\/?p=30147","url":"https:\/\/macite.tg\/?p=30147","name":"L\u2019AMU PASSE AU NUMERIQUE\u00a0AVEC LA CARTE A PUCE\u00a0ET LES SERVICES EN LIGNE INAM\u00a0: Ce qui va changer pour les usagers -","isPartOf":{"@id":"https:\/\/macite.tg\/#website"},"primaryImageOfPage":{"@id":"https:\/\/macite.tg\/?p=30147#primaryimage"},"image":{"@id":"https:\/\/macite.tg\/?p=30147#primaryimage"},"thumbnailUrl":"https:\/\/macite.tg\/wp-content\/uploads\/2026\/05\/AMU-IDENTIT2-VISUELLE.jpg","datePublished":"2026-05-04T10:21:39+00:00","dateModified":"2026-05-04T10:21:48+00:00","author":{"@id":"https:\/\/macite.tg\/#\/schema\/person\/e9f2de7e5dbbe7770a9402c7ce82f5c2"},"breadcrumb":{"@id":"https:\/\/macite.tg\/?p=30147#breadcrumb"},"inLanguage":"fr-FR","potentialAction":[{"@type":"ReadAction","target":["https:\/\/macite.tg\/?p=30147"]}]},{"@type":"ImageObject","inLanguage":"fr-FR","@id":"https:\/\/macite.tg\/?p=30147#primaryimage","url":"https:\/\/macite.tg\/wp-content\/uploads\/2026\/05\/AMU-IDENTIT2-VISUELLE.jpg","contentUrl":"https:\/\/macite.tg\/wp-content\/uploads\/2026\/05\/AMU-IDENTIT2-VISUELLE.jpg","width":500,"height":333},{"@type":"BreadcrumbList","@id":"https:\/\/macite.tg\/?p=30147#breadcrumb","itemListElement":[{"@type":"ListItem","position":1,"name":"Accueil","item":"https:\/\/macite.tg\/"},{"@type":"ListItem","position":2,"name":"L\u2019AMU PASSE AU NUMERIQUE\u00a0AVEC LA CARTE A PUCE\u00a0ET LES SERVICES EN LIGNE INAM\u00a0: Ce qui va changer pour les usagers"}]},{"@type":"WebSite","@id":"https:\/\/macite.tg\/#website","url":"https:\/\/macite.tg\/","name":"","description":"L&#039;information, la bonne!!!","potentialAction":[{"@type":"SearchAction","target":{"@type":"EntryPoint","urlTemplate":"https:\/\/macite.tg\/?s={search_term_string}"},"query-input":{"@type":"PropertyValueSpecification","valueRequired":true,"valueName":"search_term_string"}}],"inLanguage":"fr-FR"},{"@type":"Person","@id":"https:\/\/macite.tg\/#\/schema\/person\/e9f2de7e5dbbe7770a9402c7ce82f5c2","name":"Jean Pierre BAWELA","image":{"@type":"ImageObject","inLanguage":"fr-FR","@id":"https:\/\/macite.tg\/wp-content\/uploads\/2023\/09\/WhatsApp-Image-2023-09-19-at-14.44.41-122x122.jpeg","url":"https:\/\/macite.tg\/wp-content\/uploads\/2023\/09\/WhatsApp-Image-2023-09-19-at-14.44.41-122x122.jpeg","contentUrl":"https:\/\/macite.tg\/wp-content\/uploads\/2023\/09\/WhatsApp-Image-2023-09-19-at-14.44.41-122x122.jpeg","caption":"Jean Pierre BAWELA"},"url":"https:\/\/macite.tg\/?author=2"}]}},"_links":{"self":[{"href":"https:\/\/macite.tg\/index.php?rest_route=\/wp\/v2\/posts\/30147","targetHints":{"allow":["GET"]}}],"collection":[{"href":"https:\/\/macite.tg\/index.php?rest_route=\/wp\/v2\/posts"}],"about":[{"href":"https:\/\/macite.tg\/index.php?rest_route=\/wp\/v2\/types\/post"}],"author":[{"embeddable":true,"href":"https:\/\/macite.tg\/index.php?rest_route=\/wp\/v2\/users\/2"}],"replies":[{"embeddable":true,"href":"https:\/\/macite.tg\/index.php?rest_route=%2Fwp%2Fv2%2Fcomments&post=30147"}],"version-history":[{"count":0,"href":"https:\/\/macite.tg\/index.php?rest_route=\/wp\/v2\/posts\/30147\/revisions"}],"wp:featuredmedia":[{"embeddable":true,"href":"https:\/\/macite.tg\/index.php?rest_route=\/wp\/v2\/media\/30150"}],"wp:attachment":[{"href":"https:\/\/macite.tg\/index.php?rest_route=%2Fwp%2Fv2%2Fmedia&parent=30147"}],"wp:term":[{"taxonomy":"category","embeddable":true,"href":"https:\/\/macite.tg\/index.php?rest_route=%2Fwp%2Fv2%2Fcategories&post=30147"},{"taxonomy":"post_tag","embeddable":true,"href":"https:\/\/macite.tg\/index.php?rest_route=%2Fwp%2Fv2%2Ftags&post=30147"}],"curies":[{"name":"wp","href":"https:\/\/api.w.org\/{rel}","templated":true}]}}