{"id":30146,"date":"2026-05-04T09:48:07","date_gmt":"2026-05-04T09:48:07","guid":{"rendered":"https:\/\/macite.tg\/?p=30146"},"modified":"2026-05-04T11:10:44","modified_gmt":"2026-05-04T11:10:44","slug":"1er-mai-a-la-presidence-du-conseil-honneur-au-m-et-a-lexcellence","status":"publish","type":"post","link":"https:\/\/macite.tg\/?p=30146","title":{"rendered":"1ER MAI A LA PRESIDENCE DU CONSEIL : Honneur au m\u00e9rite et \u00e0 l&rsquo;excellence"},"content":{"rendered":"\n<p class=\"wp-block-paragraph\"><strong><em>La c\u00e9l\u00e9bration de la Journ\u00e9e Internationale du travail \u00e0 la Pr\u00e9sidence du Conseil a pris une dimension exceptionnelle cette ann\u00e9e. Entre hommage aux retrait\u00e9s de 2025 et rappel des ambitions de la V\u00e8me R\u00e9publique, l&rsquo;institution a r\u00e9affirm\u00e9 placer le capital humain au c\u0153ur de la construction nationale.<\/em><\/strong><em><\/em><\/p>\n\n\n\n<p class=\"wp-block-paragraph\">Sous le d\u00f4me de la plus haute institution de la R\u00e9publique, le 1er mai ne s\u2019est pas limit\u00e9 \u00e0 une simple tradition. La c\u00e9r\u00e9monie, empreinte de solennit\u00e9, a c\u00e9l\u00e9br\u00e9 la figure du travailleur comme pilier de l\u2019\u00e9difice national.<\/p>\n\n\n\n<p class=\"wp-block-paragraph\">Le point d&rsquo;orgue de l&rsquo;\u00e9v\u00e9nement a \u00e9t\u00e9 la remise de troph\u00e9es de reconnaissance aux agents qui ont fait valoir leurs droits \u00e0 la retraite au titre de l\u2019ann\u00e9e 2025. Ces distinctions saluent des d\u00e9cennies de <em>\u00ab\u00a0sacerdoce administratif\u00a0\u00bb<\/em> et une fid\u00e9lit\u00e9 sans faille au prestige de l\u2019\u00c9tat.<\/p>\n\n\n<div class=\"wp-block-image\">\n<figure class=\"aligncenter size-full\"><img loading=\"lazy\" decoding=\"async\" width=\"526\" height=\"526\" src=\"https:\/\/macite.tg\/wp-content\/uploads\/2026\/05\/image-1.png\" alt=\"\" class=\"wp-image-30139\" srcset=\"https:\/\/macite.tg\/wp-content\/uploads\/2026\/05\/image-1.png 526w, https:\/\/macite.tg\/wp-content\/uploads\/2026\/05\/image-1-300x300.png 300w, https:\/\/macite.tg\/wp-content\/uploads\/2026\/05\/image-1-150x150.png 150w, https:\/\/macite.tg\/wp-content\/uploads\/2026\/05\/image-1-122x122.png 122w\" sizes=\"auto, (max-width: 526px) 100vw, 526px\" \/><\/figure>\n<\/div>\n\n\n<p class=\"wp-block-paragraph\"><em>\u00ab Servir au sein de la plus haute institution du pays fut une source \u00e9difiante au quotidien. \u00bb<\/em>, a soulign\u00e9 le Porte-parole de la promotion des retrait\u00e9s 2025.<\/p>\n\n\n\n<p class=\"wp-block-paragraph\">Loin d\u2019\u00eatre un adieu, il s\u2019agit l\u00e0 de <em>\u00ab&nbsp;l\u2019ouverture d\u2019un nouveau chapitre pour une retraite paisible, apr\u00e8s de longues ann\u00e9es de d\u00e9vouement et de sacrifices \u00bb<\/em> a pr\u00e9cis\u00e9 Mme Sandra Ablamba Johnson, Ministre &#8211; Secr\u00e9taire G\u00e9n\u00e9rale de la Pr\u00e9sidence du conseil.<\/p>\n\n\n\n<p class=\"wp-block-paragraph\"><strong>Les priorit\u00e9s de la V\u00e8me R\u00e9publique : Prot\u00e9ger, Rassembler, Transformer<\/strong><\/p>\n\n\n\n<p class=\"wp-block-paragraph\">Pr\u00e9sidant l&rsquo;\u00e9v\u00e9nement au nom du Pr\u00e9sident du conseil, Faure Essozimna Gnassingb\u00e9, Mme Sandra Ablamba Johnson a port\u00e9 un message fort, en rappelant que le d\u00e9veloppement du Togo repose sur son capital humain.<\/p>\n\n\n\n<p class=\"wp-block-paragraph\">L&rsquo;action gouvernementale s&rsquo;articule d\u00e9sormais autour du triptyque de la nouvelle R\u00e9publique, \u00e0 savoir&nbsp;: prot\u00e9ger les citoyens et les travailleurs&nbsp;; rassembler toutes les forces vives de la nation&nbsp;; et enfin transformer l&rsquo;\u00e9conomie et l&rsquo;administration pour plus d&rsquo;efficacit\u00e9.<\/p>\n\n\n\n<figure class=\"wp-block-image size-full\"><img loading=\"lazy\" decoding=\"async\" width=\"851\" height=\"315\" src=\"https:\/\/macite.tg\/wp-content\/uploads\/2026\/04\/OTR_Ferer-pour-batir-1.jpg\" alt=\"\" class=\"wp-image-29832\" srcset=\"https:\/\/macite.tg\/wp-content\/uploads\/2026\/04\/OTR_Ferer-pour-batir-1.jpg 851w, https:\/\/macite.tg\/wp-content\/uploads\/2026\/04\/OTR_Ferer-pour-batir-1-300x111.jpg 300w, https:\/\/macite.tg\/wp-content\/uploads\/2026\/04\/OTR_Ferer-pour-batir-1-768x284.jpg 768w\" sizes=\"auto, (max-width: 851px) 100vw, 851px\" \/><\/figure>\n\n\n\n<p class=\"wp-block-paragraph\"><strong>Un appel \u00e0 la responsabilit\u00e9 et au patriotisme<\/strong><\/p>\n\n\n\n<p class=\"wp-block-paragraph\">S&rsquo;adressant au personnel en exercice, Madame le Ministre a insist\u00e9 sur les valeurs cardinales de l&rsquo;administration, qui sont le patriotisme et sens des responsabilit\u00e9s&nbsp;; la ponctualit\u00e9 et assiduit\u00e9 exemplaires&nbsp;; et le d\u00e9vouement au service de la vision pr\u00e9sidentielle.<\/p>\n\n\n\n<p class=\"wp-block-paragraph\"><strong>Vers une am\u00e9lioration constante des conditions sociales<\/strong><\/p>\n\n\n\n<p class=\"wp-block-paragraph\">Le dialogue social a \u00e9galement occup\u00e9 une place centrale lors des \u00e9changes. Le repr\u00e9sentant du personnel a tenu \u00e0 saluer les r\u00e9formes audacieuses d\u00e9j\u00e0 en place, notamment l\u2019Assurance Maladie Universelle (AMU), d\u00e9sormais effective, et les programmes de transferts mon\u00e9taires pour les plus vuln\u00e9rables.<\/p>\n\n\n<div class=\"wp-block-image\">\n<figure class=\"aligncenter size-full is-resized\"><img loading=\"lazy\" decoding=\"async\" width=\"500\" height=\"304\" src=\"https:\/\/macite.tg\/wp-content\/uploads\/2026\/04\/OTR_SAM.jpg\" alt=\"\" class=\"wp-image-30044\" style=\"width:711px;height:auto\" srcset=\"https:\/\/macite.tg\/wp-content\/uploads\/2026\/04\/OTR_SAM.jpg 500w, https:\/\/macite.tg\/wp-content\/uploads\/2026\/04\/OTR_SAM-300x182.jpg 300w\" sizes=\"auto, (max-width: 500px) 100vw, 500px\" \/><\/figure>\n<\/div>\n\n\n<p class=\"wp-block-paragraph\">Tout en r\u00e9it\u00e9rant l&rsquo;engagement des agents \u00e0 rester la \u00ab cheville ouvri\u00e8re \u00bb de l&rsquo;institution, il a exprim\u00e9 le souhait de voir de nouveaux avantages sociaux accompagner les efforts de modernisation du pays.<\/p>\n\n\n\n<p class=\"wp-block-paragraph\">Notons que lac\u00e9r\u00e9monie s\u2019est cl\u00f4tur\u00e9e dans une ambiance de fraternit\u00e9. En honorant ses anciens, la Pr\u00e9sidence du Conseil inspire la nouvelle g\u00e9n\u00e9ration d\u2019agents. Cette c\u00e9l\u00e9bration d\u00e9montre que, dans la dynamique du nouveau Togo, le travail bien fait demeure l\u2019instrument supr\u00eame de la dignit\u00e9 r\u00e9publicaine et de la prosp\u00e9rit\u00e9 nationale.<\/p>\n\n\n\n<p class=\"wp-block-paragraph\"><strong>La R\u00e9daction<\/strong><\/p>\n\n\n\n<p class=\"wp-block-paragraph\"><a><strong><em>@macite.tg&nbsp;&nbsp;&nbsp;&nbsp;&nbsp;&nbsp;&nbsp;&nbsp;<\/em><\/strong><\/a><\/p>\n\n\n\n<p class=\"wp-block-paragraph\"><strong><em>E-mail&nbsp;: <\/em><\/strong><a href=\"mailto:maciteinfo@gmail.com\"><strong><em>maciteinfo@gmail.com<\/em><\/strong><\/a><strong><em>; <\/em><\/strong><a href=\"mailto:bawela1@gmail.com\"><strong><em>bawela1@gmail.com<\/em><\/strong><\/a><strong><em><\/em><\/strong><\/p>\n\n\n\n<p class=\"wp-block-paragraph\"><strong><em>Pour vos annonces, publi-reportages, etc., joignez-nous au (00228)91515309\/<strong>79872224 <\/strong><strong><\/strong><\/em><\/strong><\/p>\n\n\n\n<p class=\"wp-block-paragraph\"><strong><em>www.macite.tg, L\u2019information, la bonne&nbsp;!<\/em><\/strong><\/p>\n","protected":false},"excerpt":{"rendered":"<p class=\"text-justify mb-2\" >La c\u00e9l\u00e9bration de la Journ\u00e9e Internationale du travail \u00e0 la Pr\u00e9sidence du Conseil a pris une dimension exceptionnelle cette ann\u00e9e. Entre hommage aux retrait\u00e9s de 2025 et rappel des ambitions de la V\u00e8me R\u00e9publique, l&rsquo;institution a r\u00e9affirm\u00e9 placer le capital humain au c\u0153ur de la [&hellip;]<\/p>\n","protected":false},"author":2,"featured_media":30148,"comment_status":"open","ping_status":"open","sticky":false,"template":"","format":"standard","meta":{"footnotes":""},"categories":[20,6],"tags":[],"class_list":["post-30146","post","type-post","status-publish","format-standard","has-post-thumbnail","hentry","category-actualite","category-societe"],"yoast_head":"<!-- This site is optimized with the Yoast SEO plugin v28.4 - https:\/\/yoast.com\/product\/yoast-seo-wordpress\/ -->\n<title>1ER MAI A LA PRESIDENCE DU CONSEIL : Honneur au m\u00e9rite et \u00e0 l&#039;excellence -<\/title>\n<meta name=\"robots\" content=\"index, follow, max-snippet:-1, max-image-preview:large, max-video-preview:-1\" \/>\n<link rel=\"canonical\" href=\"https:\/\/macite.tg\/?p=30146\" \/>\n<meta property=\"og:locale\" content=\"fr_FR\" \/>\n<meta property=\"og:type\" content=\"article\" \/>\n<meta property=\"og:title\" content=\"1ER MAI A LA PRESIDENCE DU CONSEIL : Honneur au m\u00e9rite et \u00e0 l&#039;excellence -\" \/>\n<meta property=\"og:description\" content=\"La c\u00e9l\u00e9bration de la Journ\u00e9e Internationale du travail \u00e0 la Pr\u00e9sidence du Conseil a pris une dimension exceptionnelle cette ann\u00e9e. Entre hommage aux retrait\u00e9s de 2025 et rappel des ambitions de la V\u00e8me R\u00e9publique, l&rsquo;institution a r\u00e9affirm\u00e9 placer le capital humain au c\u0153ur de la [&hellip;]\" \/>\n<meta property=\"og:url\" content=\"https:\/\/macite.tg\/?p=30146\" \/>\n<meta property=\"article:published_time\" content=\"2026-05-04T09:48:07+00:00\" \/>\n<meta property=\"article:modified_time\" content=\"2026-05-04T11:10:44+00:00\" \/>\n<meta property=\"og:image\" content=\"https:\/\/macite.tg\/wp-content\/uploads\/2026\/05\/Eau-Adedze.jpg\" \/>\n\t<meta property=\"og:image:width\" content=\"500\" \/>\n\t<meta property=\"og:image:height\" content=\"203\" \/>\n\t<meta property=\"og:image:type\" content=\"image\/jpeg\" \/>\n<meta name=\"author\" content=\"Jean Pierre BAWELA\" \/>\n<meta name=\"twitter:card\" content=\"summary_large_image\" \/>\n<meta name=\"twitter:label1\" content=\"\u00c9crit par\" \/>\n\t<meta name=\"twitter:data1\" content=\"Jean Pierre BAWELA\" \/>\n\t<meta name=\"twitter:label2\" content=\"Dur\u00e9e de lecture estim\u00e9e\" \/>\n\t<meta name=\"twitter:data2\" content=\"4 minutes\" \/>\n<script type=\"application\/ld+json\" class=\"yoast-schema-graph\">{\"@context\":\"https:\\\/\\\/schema.org\",\"@graph\":[{\"@type\":\"Article\",\"@id\":\"https:\\\/\\\/macite.tg\\\/?p=30146#article\",\"isPartOf\":{\"@id\":\"https:\\\/\\\/macite.tg\\\/?p=30146\"},\"author\":{\"name\":\"Jean Pierre BAWELA\",\"@id\":\"https:\\\/\\\/macite.tg\\\/#\\\/schema\\\/person\\\/e9f2de7e5dbbe7770a9402c7ce82f5c2\"},\"headline\":\"1ER MAI A LA PRESIDENCE DU CONSEIL : Honneur au m\u00e9rite et \u00e0 l&rsquo;excellence\",\"datePublished\":\"2026-05-04T09:48:07+00:00\",\"dateModified\":\"2026-05-04T11:10:44+00:00\",\"mainEntityOfPage\":{\"@id\":\"https:\\\/\\\/macite.tg\\\/?p=30146\"},\"wordCount\":588,\"commentCount\":0,\"image\":{\"@id\":\"https:\\\/\\\/macite.tg\\\/?p=30146#primaryimage\"},\"thumbnailUrl\":\"https:\\\/\\\/macite.tg\\\/wp-content\\\/uploads\\\/2026\\\/05\\\/Eau-Adedze.jpg\",\"articleSection\":[\"ACTUALITE\",\"SOCIETE\"],\"inLanguage\":\"fr-FR\",\"potentialAction\":[{\"@type\":\"CommentAction\",\"name\":\"Comment\",\"target\":[\"https:\\\/\\\/macite.tg\\\/?p=30146#respond\"]}]},{\"@type\":\"WebPage\",\"@id\":\"https:\\\/\\\/macite.tg\\\/?p=30146\",\"url\":\"https:\\\/\\\/macite.tg\\\/?p=30146\",\"name\":\"1ER MAI A LA PRESIDENCE DU CONSEIL : Honneur au m\u00e9rite et \u00e0 l'excellence -\",\"isPartOf\":{\"@id\":\"https:\\\/\\\/macite.tg\\\/#website\"},\"primaryImageOfPage\":{\"@id\":\"https:\\\/\\\/macite.tg\\\/?p=30146#primaryimage\"},\"image\":{\"@id\":\"https:\\\/\\\/macite.tg\\\/?p=30146#primaryimage\"},\"thumbnailUrl\":\"https:\\\/\\\/macite.tg\\\/wp-content\\\/uploads\\\/2026\\\/05\\\/Eau-Adedze.jpg\",\"datePublished\":\"2026-05-04T09:48:07+00:00\",\"dateModified\":\"2026-05-04T11:10:44+00:00\",\"author\":{\"@id\":\"https:\\\/\\\/macite.tg\\\/#\\\/schema\\\/person\\\/e9f2de7e5dbbe7770a9402c7ce82f5c2\"},\"breadcrumb\":{\"@id\":\"https:\\\/\\\/macite.tg\\\/?p=30146#breadcrumb\"},\"inLanguage\":\"fr-FR\",\"potentialAction\":[{\"@type\":\"ReadAction\",\"target\":[\"https:\\\/\\\/macite.tg\\\/?p=30146\"]}]},{\"@type\":\"ImageObject\",\"inLanguage\":\"fr-FR\",\"@id\":\"https:\\\/\\\/macite.tg\\\/?p=30146#primaryimage\",\"url\":\"https:\\\/\\\/macite.tg\\\/wp-content\\\/uploads\\\/2026\\\/05\\\/Eau-Adedze.jpg\",\"contentUrl\":\"https:\\\/\\\/macite.tg\\\/wp-content\\\/uploads\\\/2026\\\/05\\\/Eau-Adedze.jpg\",\"width\":500,\"height\":203},{\"@type\":\"BreadcrumbList\",\"@id\":\"https:\\\/\\\/macite.tg\\\/?p=30146#breadcrumb\",\"itemListElement\":[{\"@type\":\"ListItem\",\"position\":1,\"name\":\"Accueil\",\"item\":\"https:\\\/\\\/macite.tg\\\/\"},{\"@type\":\"ListItem\",\"position\":2,\"name\":\"1ER MAI A LA PRESIDENCE DU CONSEIL : Honneur au m\u00e9rite et \u00e0 l&rsquo;excellence\"}]},{\"@type\":\"WebSite\",\"@id\":\"https:\\\/\\\/macite.tg\\\/#website\",\"url\":\"https:\\\/\\\/macite.tg\\\/\",\"name\":\"\",\"description\":\"L&#039;information, la bonne!!!\",\"potentialAction\":[{\"@type\":\"SearchAction\",\"target\":{\"@type\":\"EntryPoint\",\"urlTemplate\":\"https:\\\/\\\/macite.tg\\\/?s={search_term_string}\"},\"query-input\":{\"@type\":\"PropertyValueSpecification\",\"valueRequired\":true,\"valueName\":\"search_term_string\"}}],\"inLanguage\":\"fr-FR\"},{\"@type\":\"Person\",\"@id\":\"https:\\\/\\\/macite.tg\\\/#\\\/schema\\\/person\\\/e9f2de7e5dbbe7770a9402c7ce82f5c2\",\"name\":\"Jean Pierre BAWELA\",\"image\":{\"@type\":\"ImageObject\",\"inLanguage\":\"fr-FR\",\"@id\":\"https:\\\/\\\/macite.tg\\\/wp-content\\\/uploads\\\/2023\\\/09\\\/WhatsApp-Image-2023-09-19-at-14.44.41-122x122.jpeg\",\"url\":\"https:\\\/\\\/macite.tg\\\/wp-content\\\/uploads\\\/2023\\\/09\\\/WhatsApp-Image-2023-09-19-at-14.44.41-122x122.jpeg\",\"contentUrl\":\"https:\\\/\\\/macite.tg\\\/wp-content\\\/uploads\\\/2023\\\/09\\\/WhatsApp-Image-2023-09-19-at-14.44.41-122x122.jpeg\",\"caption\":\"Jean Pierre BAWELA\"},\"url\":\"https:\\\/\\\/macite.tg\\\/?author=2\"}]}<\/script>\n<!-- \/ Yoast SEO plugin. -->","yoast_head_json":{"title":"1ER MAI A LA PRESIDENCE DU CONSEIL : Honneur au m\u00e9rite et \u00e0 l'excellence -","robots":{"index":"index","follow":"follow","max-snippet":"max-snippet:-1","max-image-preview":"max-image-preview:large","max-video-preview":"max-video-preview:-1"},"canonical":"https:\/\/macite.tg\/?p=30146","og_locale":"fr_FR","og_type":"article","og_title":"1ER MAI A LA PRESIDENCE DU CONSEIL : Honneur au m\u00e9rite et \u00e0 l'excellence -","og_description":"La c\u00e9l\u00e9bration de la Journ\u00e9e Internationale du travail \u00e0 la Pr\u00e9sidence du Conseil a pris une dimension exceptionnelle cette ann\u00e9e. Entre hommage aux retrait\u00e9s de 2025 et rappel des ambitions de la V\u00e8me R\u00e9publique, l&rsquo;institution a r\u00e9affirm\u00e9 placer le capital humain au c\u0153ur de la [&hellip;]","og_url":"https:\/\/macite.tg\/?p=30146","article_published_time":"2026-05-04T09:48:07+00:00","article_modified_time":"2026-05-04T11:10:44+00:00","og_image":[{"width":500,"height":203,"url":"https:\/\/macite.tg\/wp-content\/uploads\/2026\/05\/Eau-Adedze.jpg","type":"image\/jpeg"}],"author":"Jean Pierre BAWELA","twitter_card":"summary_large_image","twitter_misc":{"\u00c9crit par":"Jean Pierre BAWELA","Dur\u00e9e de lecture estim\u00e9e":"4 minutes"},"schema":{"@context":"https:\/\/schema.org","@graph":[{"@type":"Article","@id":"https:\/\/macite.tg\/?p=30146#article","isPartOf":{"@id":"https:\/\/macite.tg\/?p=30146"},"author":{"name":"Jean Pierre BAWELA","@id":"https:\/\/macite.tg\/#\/schema\/person\/e9f2de7e5dbbe7770a9402c7ce82f5c2"},"headline":"1ER MAI A LA PRESIDENCE DU CONSEIL : Honneur au m\u00e9rite et \u00e0 l&rsquo;excellence","datePublished":"2026-05-04T09:48:07+00:00","dateModified":"2026-05-04T11:10:44+00:00","mainEntityOfPage":{"@id":"https:\/\/macite.tg\/?p=30146"},"wordCount":588,"commentCount":0,"image":{"@id":"https:\/\/macite.tg\/?p=30146#primaryimage"},"thumbnailUrl":"https:\/\/macite.tg\/wp-content\/uploads\/2026\/05\/Eau-Adedze.jpg","articleSection":["ACTUALITE","SOCIETE"],"inLanguage":"fr-FR","potentialAction":[{"@type":"CommentAction","name":"Comment","target":["https:\/\/macite.tg\/?p=30146#respond"]}]},{"@type":"WebPage","@id":"https:\/\/macite.tg\/?p=30146","url":"https:\/\/macite.tg\/?p=30146","name":"1ER MAI A LA PRESIDENCE DU CONSEIL : Honneur au m\u00e9rite et \u00e0 l'excellence -","isPartOf":{"@id":"https:\/\/macite.tg\/#website"},"primaryImageOfPage":{"@id":"https:\/\/macite.tg\/?p=30146#primaryimage"},"image":{"@id":"https:\/\/macite.tg\/?p=30146#primaryimage"},"thumbnailUrl":"https:\/\/macite.tg\/wp-content\/uploads\/2026\/05\/Eau-Adedze.jpg","datePublished":"2026-05-04T09:48:07+00:00","dateModified":"2026-05-04T11:10:44+00:00","author":{"@id":"https:\/\/macite.tg\/#\/schema\/person\/e9f2de7e5dbbe7770a9402c7ce82f5c2"},"breadcrumb":{"@id":"https:\/\/macite.tg\/?p=30146#breadcrumb"},"inLanguage":"fr-FR","potentialAction":[{"@type":"ReadAction","target":["https:\/\/macite.tg\/?p=30146"]}]},{"@type":"ImageObject","inLanguage":"fr-FR","@id":"https:\/\/macite.tg\/?p=30146#primaryimage","url":"https:\/\/macite.tg\/wp-content\/uploads\/2026\/05\/Eau-Adedze.jpg","contentUrl":"https:\/\/macite.tg\/wp-content\/uploads\/2026\/05\/Eau-Adedze.jpg","width":500,"height":203},{"@type":"BreadcrumbList","@id":"https:\/\/macite.tg\/?p=30146#breadcrumb","itemListElement":[{"@type":"ListItem","position":1,"name":"Accueil","item":"https:\/\/macite.tg\/"},{"@type":"ListItem","position":2,"name":"1ER MAI A LA PRESIDENCE DU CONSEIL : Honneur au m\u00e9rite et \u00e0 l&rsquo;excellence"}]},{"@type":"WebSite","@id":"https:\/\/macite.tg\/#website","url":"https:\/\/macite.tg\/","name":"","description":"L&#039;information, la bonne!!!","potentialAction":[{"@type":"SearchAction","target":{"@type":"EntryPoint","urlTemplate":"https:\/\/macite.tg\/?s={search_term_string}"},"query-input":{"@type":"PropertyValueSpecification","valueRequired":true,"valueName":"search_term_string"}}],"inLanguage":"fr-FR"},{"@type":"Person","@id":"https:\/\/macite.tg\/#\/schema\/person\/e9f2de7e5dbbe7770a9402c7ce82f5c2","name":"Jean Pierre BAWELA","image":{"@type":"ImageObject","inLanguage":"fr-FR","@id":"https:\/\/macite.tg\/wp-content\/uploads\/2023\/09\/WhatsApp-Image-2023-09-19-at-14.44.41-122x122.jpeg","url":"https:\/\/macite.tg\/wp-content\/uploads\/2023\/09\/WhatsApp-Image-2023-09-19-at-14.44.41-122x122.jpeg","contentUrl":"https:\/\/macite.tg\/wp-content\/uploads\/2023\/09\/WhatsApp-Image-2023-09-19-at-14.44.41-122x122.jpeg","caption":"Jean Pierre BAWELA"},"url":"https:\/\/macite.tg\/?author=2"}]}},"_links":{"self":[{"href":"https:\/\/macite.tg\/index.php?rest_route=\/wp\/v2\/posts\/30146","targetHints":{"allow":["GET"]}}],"collection":[{"href":"https:\/\/macite.tg\/index.php?rest_route=\/wp\/v2\/posts"}],"about":[{"href":"https:\/\/macite.tg\/index.php?rest_route=\/wp\/v2\/types\/post"}],"author":[{"embeddable":true,"href":"https:\/\/macite.tg\/index.php?rest_route=\/wp\/v2\/users\/2"}],"replies":[{"embeddable":true,"href":"https:\/\/macite.tg\/index.php?rest_route=%2Fwp%2Fv2%2Fcomments&post=30146"}],"version-history":[{"count":0,"href":"https:\/\/macite.tg\/index.php?rest_route=\/wp\/v2\/posts\/30146\/revisions"}],"wp:featuredmedia":[{"embeddable":true,"href":"https:\/\/macite.tg\/index.php?rest_route=\/wp\/v2\/media\/30148"}],"wp:attachment":[{"href":"https:\/\/macite.tg\/index.php?rest_route=%2Fwp%2Fv2%2Fmedia&parent=30146"}],"wp:term":[{"taxonomy":"category","embeddable":true,"href":"https:\/\/macite.tg\/index.php?rest_route=%2Fwp%2Fv2%2Fcategories&post=30146"},{"taxonomy":"post_tag","embeddable":true,"href":"https:\/\/macite.tg\/index.php?rest_route=%2Fwp%2Fv2%2Ftags&post=30146"}],"curies":[{"name":"wp","href":"https:\/\/api.w.org\/{rel}","templated":true}]}}