{"id":30133,"date":"2026-05-01T14:14:30","date_gmt":"2026-05-01T14:14:30","guid":{"rendered":"https:\/\/macite.tg\/?p=30133"},"modified":"2026-05-01T14:14:53","modified_gmt":"2026-05-01T14:14:53","slug":"fete-du-travail-edition-2026-le-message-dexcellence-de-faure-gnassingbe","status":"publish","type":"post","link":"https:\/\/macite.tg\/?p=30133","title":{"rendered":"FETE DU TRAVAIL, EDITION 2026: Le message d\u2019excellence de Faure Gnassingb\u00e9"},"content":{"rendered":"\n<p class=\"wp-block-paragraph\"><strong><em>\u00c0 l\u2019occasion de la c\u00e9l\u00e9bration du 1er mai 2026, le Pr\u00e9sident du conseil, Faure Essozimna Gnassingb\u00e9, a adress\u00e9 ses v\u0153ux \u00e0 la Nation. Entre hommage au d\u00e9vouement des travailleurs et appel \u00e0 la culture du r\u00e9sultat, le Pr\u00e9sident du conseil d\u00e9finit les priorit\u00e9s de la construction nationale pour l&rsquo;ann\u00e9e \u00e0 venir.<\/em><\/strong><em><\/em><\/p>\n\n\n\n<p class=\"wp-block-paragraph\">Dans son message annuel, \u00e0 l\u2019occasion de la F\u00eate du Travail, le Pr\u00e9sident du conseil a tenu \u00e0 saluer le r\u00f4le central des travailleurs dans le d\u00e9veloppement du pays. Que ce soit au Togo ou au sein de la diaspora, le sacrifice et le d\u00e9vouement de la force laborieuse ont \u00e9t\u00e9 mis en avant comme les piliers essentiels de la <em>\u00ab cit\u00e9 commune \u00bb.<\/em><\/p>\n\n\n\n<p class=\"wp-block-paragraph\"><em>\u00ab Je salue l&rsquo;esprit du sacrifice et du d\u00e9vouement de nos vaillants travailleurs, qui concourent \u00e0 la construction de notre cit\u00e9 commune. \u00bb,<\/em> a \u00e9crit le leader togolais su son compte X.<\/p>\n\n\n<div class=\"wp-block-image\">\n<figure class=\"aligncenter size-full is-resized\"><img loading=\"lazy\" decoding=\"async\" width=\"500\" height=\"304\" src=\"https:\/\/macite.tg\/wp-content\/uploads\/2026\/04\/OTR_SAM.jpg\" alt=\"\" class=\"wp-image-30044\" style=\"width:642px;height:auto\" srcset=\"https:\/\/macite.tg\/wp-content\/uploads\/2026\/04\/OTR_SAM.jpg 500w, https:\/\/macite.tg\/wp-content\/uploads\/2026\/04\/OTR_SAM-300x182.jpg 300w\" sizes=\"auto, (max-width: 500px) 100vw, 500px\" \/><\/figure>\n<\/div>\n\n\n<p class=\"wp-block-paragraph\"><strong>Cap sur la culture de l\u2019excellence et du r\u00e9sultat<\/strong><\/p>\n\n\n\n<p class=\"wp-block-paragraph\">Pour cette \u00e9dition 2026, l&rsquo;accent a \u00e9t\u00e9 mis sur la modernisation du monde professionnel. Au-del\u00e0 de la simple c\u00e9l\u00e9bration, le message pr\u00e9sidentiel appelle \u00e0 un changement de paradigme dans tous les secteurs socioprofessionnels.<\/p>\n\n\n\n<p class=\"wp-block-paragraph\">Les ambitions sont \u00e9videntes, notamment faire de l&rsquo;excellence et de la culture du r\u00e9sultat les nouveaux rep\u00e8res de l&rsquo;administration et du secteur priv\u00e9 togolais. Une vision qui s&rsquo;inscrit dans la continuit\u00e9 des r\u00e9formes actuelles, visant \u00e0 accro\u00eetre la productivit\u00e9 et l&rsquo;attractivit\u00e9 \u00e9conomique du Togo.<\/p>\n\n\n<div class=\"wp-block-image\">\n<figure class=\"aligncenter size-full\"><img loading=\"lazy\" decoding=\"async\" width=\"509\" height=\"720\" src=\"https:\/\/macite.tg\/wp-content\/uploads\/2026\/04\/OTR_Payez-la-TVM-simple-et-pratique.jpg\" alt=\"\" class=\"wp-image-29849\" srcset=\"https:\/\/macite.tg\/wp-content\/uploads\/2026\/04\/OTR_Payez-la-TVM-simple-et-pratique.jpg 509w, https:\/\/macite.tg\/wp-content\/uploads\/2026\/04\/OTR_Payez-la-TVM-simple-et-pratique-212x300.jpg 212w\" sizes=\"auto, (max-width: 509px) 100vw, 509px\" \/><\/figure>\n<\/div>\n\n\n<p class=\"wp-block-paragraph\">Le pan international n\u2019a pas \u00e9t\u00e9 oubli\u00e9. Fid\u00e8le \u00e0 sa vision d&rsquo;un Togo ouvert sur le monde, Faure Gnassingb\u00e9 a \u00e9galement \u00e9tendu ses v\u0153ux aux travailleurs du monde entier, rappelant que les d\u00e9fis du march\u00e9 du travail actuel n\u00e9cessitent une solidarit\u00e9 globale et un engagement sans faille.<\/p>\n\n\n\n<p class=\"wp-block-paragraph\"><strong>La R\u00e9daction<\/strong><\/p>\n\n\n\n<p class=\"wp-block-paragraph\"><a><strong><em>@macite.tg&nbsp;&nbsp;&nbsp;&nbsp;&nbsp;&nbsp;&nbsp;&nbsp;<\/em><\/strong><\/a><\/p>\n\n\n\n<p class=\"wp-block-paragraph\"><strong><em>E-mail&nbsp;: <\/em><\/strong><a href=\"mailto:maciteinfo@gmail.com\"><strong><em>maciteinfo@gmail.com<\/em><\/strong><\/a><strong><em>; <\/em><\/strong><a href=\"mailto:bawela1@gmail.com\"><strong><em>bawela1@gmail.com<\/em><\/strong><\/a><strong><em><\/em><\/strong><\/p>\n\n\n\n<p class=\"wp-block-paragraph\"><strong><em>Pour vos annonces, publi-reportages, etc., joignez-nous au (00228)91515309\/<strong>79872224 <\/strong><strong><\/strong><\/em><\/strong><\/p>\n\n\n\n<p class=\"wp-block-paragraph\"><strong><em>www.macite.tg, L\u2019information, la bonne&nbsp;!<\/em><\/strong><\/p>\n","protected":false},"excerpt":{"rendered":"<p class=\"text-justify mb-2\" >\u00c0 l\u2019occasion de la c\u00e9l\u00e9bration du 1er mai 2026, le Pr\u00e9sident du conseil, Faure Essozimna Gnassingb\u00e9, a adress\u00e9 ses v\u0153ux \u00e0 la Nation. Entre hommage au d\u00e9vouement des travailleurs et appel \u00e0 la culture du r\u00e9sultat, le Pr\u00e9sident du conseil d\u00e9finit les priorit\u00e9s de la [&hellip;]<\/p>\n","protected":false},"author":2,"featured_media":30134,"comment_status":"open","ping_status":"open","sticky":false,"template":"","format":"standard","meta":{"footnotes":""},"categories":[20,6],"tags":[],"class_list":["post-30133","post","type-post","status-publish","format-standard","has-post-thumbnail","hentry","category-actualite","category-societe"],"yoast_head":"<!-- This site is optimized with the Yoast SEO plugin v28.4 - https:\/\/yoast.com\/product\/yoast-seo-wordpress\/ -->\n<title>FETE DU TRAVAIL, EDITION 2026: Le message d\u2019excellence de Faure Gnassingb\u00e9 -<\/title>\n<meta name=\"robots\" content=\"index, follow, max-snippet:-1, max-image-preview:large, max-video-preview:-1\" \/>\n<link rel=\"canonical\" href=\"https:\/\/macite.tg\/?p=30133\" \/>\n<meta property=\"og:locale\" content=\"fr_FR\" \/>\n<meta property=\"og:type\" content=\"article\" \/>\n<meta property=\"og:title\" content=\"FETE DU TRAVAIL, EDITION 2026: Le message d\u2019excellence de Faure Gnassingb\u00e9 -\" \/>\n<meta property=\"og:description\" content=\"\u00c0 l\u2019occasion de la c\u00e9l\u00e9bration du 1er mai 2026, le Pr\u00e9sident du conseil, Faure Essozimna Gnassingb\u00e9, a adress\u00e9 ses v\u0153ux \u00e0 la Nation. Entre hommage au d\u00e9vouement des travailleurs et appel \u00e0 la culture du r\u00e9sultat, le Pr\u00e9sident du conseil d\u00e9finit les priorit\u00e9s de la [&hellip;]\" \/>\n<meta property=\"og:url\" content=\"https:\/\/macite.tg\/?p=30133\" \/>\n<meta property=\"article:published_time\" content=\"2026-05-01T14:14:30+00:00\" \/>\n<meta property=\"article:modified_time\" content=\"2026-05-01T14:14:53+00:00\" \/>\n<meta property=\"og:image\" content=\"https:\/\/macite.tg\/wp-content\/uploads\/2026\/05\/Fete-du-trvail-FEG.jpg\" \/>\n\t<meta property=\"og:image:width\" content=\"500\" \/>\n\t<meta property=\"og:image:height\" content=\"556\" \/>\n\t<meta property=\"og:image:type\" content=\"image\/jpeg\" \/>\n<meta name=\"author\" content=\"Jean Pierre BAWELA\" \/>\n<meta name=\"twitter:card\" content=\"summary_large_image\" \/>\n<meta name=\"twitter:label1\" content=\"\u00c9crit par\" \/>\n\t<meta name=\"twitter:data1\" content=\"Jean Pierre BAWELA\" \/>\n\t<meta name=\"twitter:label2\" content=\"Dur\u00e9e de lecture estim\u00e9e\" \/>\n\t<meta name=\"twitter:data2\" content=\"3 minutes\" \/>\n<script type=\"application\/ld+json\" class=\"yoast-schema-graph\">{\"@context\":\"https:\\\/\\\/schema.org\",\"@graph\":[{\"@type\":\"Article\",\"@id\":\"https:\\\/\\\/macite.tg\\\/?p=30133#article\",\"isPartOf\":{\"@id\":\"https:\\\/\\\/macite.tg\\\/?p=30133\"},\"author\":{\"name\":\"Jean Pierre BAWELA\",\"@id\":\"https:\\\/\\\/macite.tg\\\/#\\\/schema\\\/person\\\/e9f2de7e5dbbe7770a9402c7ce82f5c2\"},\"headline\":\"FETE DU TRAVAIL, EDITION 2026: Le message d\u2019excellence de Faure Gnassingb\u00e9\",\"datePublished\":\"2026-05-01T14:14:30+00:00\",\"dateModified\":\"2026-05-01T14:14:53+00:00\",\"mainEntityOfPage\":{\"@id\":\"https:\\\/\\\/macite.tg\\\/?p=30133\"},\"wordCount\":351,\"commentCount\":0,\"image\":{\"@id\":\"https:\\\/\\\/macite.tg\\\/?p=30133#primaryimage\"},\"thumbnailUrl\":\"https:\\\/\\\/macite.tg\\\/wp-content\\\/uploads\\\/2026\\\/05\\\/Fete-du-trvail-FEG.jpg\",\"articleSection\":[\"ACTUALITE\",\"SOCIETE\"],\"inLanguage\":\"fr-FR\",\"potentialAction\":[{\"@type\":\"CommentAction\",\"name\":\"Comment\",\"target\":[\"https:\\\/\\\/macite.tg\\\/?p=30133#respond\"]}]},{\"@type\":\"WebPage\",\"@id\":\"https:\\\/\\\/macite.tg\\\/?p=30133\",\"url\":\"https:\\\/\\\/macite.tg\\\/?p=30133\",\"name\":\"FETE DU TRAVAIL, EDITION 2026: Le message d\u2019excellence de Faure Gnassingb\u00e9 -\",\"isPartOf\":{\"@id\":\"https:\\\/\\\/macite.tg\\\/#website\"},\"primaryImageOfPage\":{\"@id\":\"https:\\\/\\\/macite.tg\\\/?p=30133#primaryimage\"},\"image\":{\"@id\":\"https:\\\/\\\/macite.tg\\\/?p=30133#primaryimage\"},\"thumbnailUrl\":\"https:\\\/\\\/macite.tg\\\/wp-content\\\/uploads\\\/2026\\\/05\\\/Fete-du-trvail-FEG.jpg\",\"datePublished\":\"2026-05-01T14:14:30+00:00\",\"dateModified\":\"2026-05-01T14:14:53+00:00\",\"author\":{\"@id\":\"https:\\\/\\\/macite.tg\\\/#\\\/schema\\\/person\\\/e9f2de7e5dbbe7770a9402c7ce82f5c2\"},\"breadcrumb\":{\"@id\":\"https:\\\/\\\/macite.tg\\\/?p=30133#breadcrumb\"},\"inLanguage\":\"fr-FR\",\"potentialAction\":[{\"@type\":\"ReadAction\",\"target\":[\"https:\\\/\\\/macite.tg\\\/?p=30133\"]}]},{\"@type\":\"ImageObject\",\"inLanguage\":\"fr-FR\",\"@id\":\"https:\\\/\\\/macite.tg\\\/?p=30133#primaryimage\",\"url\":\"https:\\\/\\\/macite.tg\\\/wp-content\\\/uploads\\\/2026\\\/05\\\/Fete-du-trvail-FEG.jpg\",\"contentUrl\":\"https:\\\/\\\/macite.tg\\\/wp-content\\\/uploads\\\/2026\\\/05\\\/Fete-du-trvail-FEG.jpg\",\"width\":500,\"height\":556},{\"@type\":\"BreadcrumbList\",\"@id\":\"https:\\\/\\\/macite.tg\\\/?p=30133#breadcrumb\",\"itemListElement\":[{\"@type\":\"ListItem\",\"position\":1,\"name\":\"Accueil\",\"item\":\"https:\\\/\\\/macite.tg\\\/\"},{\"@type\":\"ListItem\",\"position\":2,\"name\":\"FETE DU TRAVAIL, EDITION 2026: Le message d\u2019excellence de Faure Gnassingb\u00e9\"}]},{\"@type\":\"WebSite\",\"@id\":\"https:\\\/\\\/macite.tg\\\/#website\",\"url\":\"https:\\\/\\\/macite.tg\\\/\",\"name\":\"\",\"description\":\"L&#039;information, la bonne!!!\",\"potentialAction\":[{\"@type\":\"SearchAction\",\"target\":{\"@type\":\"EntryPoint\",\"urlTemplate\":\"https:\\\/\\\/macite.tg\\\/?s={search_term_string}\"},\"query-input\":{\"@type\":\"PropertyValueSpecification\",\"valueRequired\":true,\"valueName\":\"search_term_string\"}}],\"inLanguage\":\"fr-FR\"},{\"@type\":\"Person\",\"@id\":\"https:\\\/\\\/macite.tg\\\/#\\\/schema\\\/person\\\/e9f2de7e5dbbe7770a9402c7ce82f5c2\",\"name\":\"Jean Pierre BAWELA\",\"image\":{\"@type\":\"ImageObject\",\"inLanguage\":\"fr-FR\",\"@id\":\"https:\\\/\\\/macite.tg\\\/wp-content\\\/uploads\\\/2023\\\/09\\\/WhatsApp-Image-2023-09-19-at-14.44.41-122x122.jpeg\",\"url\":\"https:\\\/\\\/macite.tg\\\/wp-content\\\/uploads\\\/2023\\\/09\\\/WhatsApp-Image-2023-09-19-at-14.44.41-122x122.jpeg\",\"contentUrl\":\"https:\\\/\\\/macite.tg\\\/wp-content\\\/uploads\\\/2023\\\/09\\\/WhatsApp-Image-2023-09-19-at-14.44.41-122x122.jpeg\",\"caption\":\"Jean Pierre BAWELA\"},\"url\":\"https:\\\/\\\/macite.tg\\\/?author=2\"}]}<\/script>\n<!-- \/ Yoast SEO plugin. -->","yoast_head_json":{"title":"FETE DU TRAVAIL, EDITION 2026: Le message d\u2019excellence de Faure Gnassingb\u00e9 -","robots":{"index":"index","follow":"follow","max-snippet":"max-snippet:-1","max-image-preview":"max-image-preview:large","max-video-preview":"max-video-preview:-1"},"canonical":"https:\/\/macite.tg\/?p=30133","og_locale":"fr_FR","og_type":"article","og_title":"FETE DU TRAVAIL, EDITION 2026: Le message d\u2019excellence de Faure Gnassingb\u00e9 -","og_description":"\u00c0 l\u2019occasion de la c\u00e9l\u00e9bration du 1er mai 2026, le Pr\u00e9sident du conseil, Faure Essozimna Gnassingb\u00e9, a adress\u00e9 ses v\u0153ux \u00e0 la Nation. Entre hommage au d\u00e9vouement des travailleurs et appel \u00e0 la culture du r\u00e9sultat, le Pr\u00e9sident du conseil d\u00e9finit les priorit\u00e9s de la [&hellip;]","og_url":"https:\/\/macite.tg\/?p=30133","article_published_time":"2026-05-01T14:14:30+00:00","article_modified_time":"2026-05-01T14:14:53+00:00","og_image":[{"width":500,"height":556,"url":"https:\/\/macite.tg\/wp-content\/uploads\/2026\/05\/Fete-du-trvail-FEG.jpg","type":"image\/jpeg"}],"author":"Jean Pierre BAWELA","twitter_card":"summary_large_image","twitter_misc":{"\u00c9crit par":"Jean Pierre BAWELA","Dur\u00e9e de lecture estim\u00e9e":"3 minutes"},"schema":{"@context":"https:\/\/schema.org","@graph":[{"@type":"Article","@id":"https:\/\/macite.tg\/?p=30133#article","isPartOf":{"@id":"https:\/\/macite.tg\/?p=30133"},"author":{"name":"Jean Pierre BAWELA","@id":"https:\/\/macite.tg\/#\/schema\/person\/e9f2de7e5dbbe7770a9402c7ce82f5c2"},"headline":"FETE DU TRAVAIL, EDITION 2026: Le message d\u2019excellence de Faure Gnassingb\u00e9","datePublished":"2026-05-01T14:14:30+00:00","dateModified":"2026-05-01T14:14:53+00:00","mainEntityOfPage":{"@id":"https:\/\/macite.tg\/?p=30133"},"wordCount":351,"commentCount":0,"image":{"@id":"https:\/\/macite.tg\/?p=30133#primaryimage"},"thumbnailUrl":"https:\/\/macite.tg\/wp-content\/uploads\/2026\/05\/Fete-du-trvail-FEG.jpg","articleSection":["ACTUALITE","SOCIETE"],"inLanguage":"fr-FR","potentialAction":[{"@type":"CommentAction","name":"Comment","target":["https:\/\/macite.tg\/?p=30133#respond"]}]},{"@type":"WebPage","@id":"https:\/\/macite.tg\/?p=30133","url":"https:\/\/macite.tg\/?p=30133","name":"FETE DU TRAVAIL, EDITION 2026: Le message d\u2019excellence de Faure Gnassingb\u00e9 -","isPartOf":{"@id":"https:\/\/macite.tg\/#website"},"primaryImageOfPage":{"@id":"https:\/\/macite.tg\/?p=30133#primaryimage"},"image":{"@id":"https:\/\/macite.tg\/?p=30133#primaryimage"},"thumbnailUrl":"https:\/\/macite.tg\/wp-content\/uploads\/2026\/05\/Fete-du-trvail-FEG.jpg","datePublished":"2026-05-01T14:14:30+00:00","dateModified":"2026-05-01T14:14:53+00:00","author":{"@id":"https:\/\/macite.tg\/#\/schema\/person\/e9f2de7e5dbbe7770a9402c7ce82f5c2"},"breadcrumb":{"@id":"https:\/\/macite.tg\/?p=30133#breadcrumb"},"inLanguage":"fr-FR","potentialAction":[{"@type":"ReadAction","target":["https:\/\/macite.tg\/?p=30133"]}]},{"@type":"ImageObject","inLanguage":"fr-FR","@id":"https:\/\/macite.tg\/?p=30133#primaryimage","url":"https:\/\/macite.tg\/wp-content\/uploads\/2026\/05\/Fete-du-trvail-FEG.jpg","contentUrl":"https:\/\/macite.tg\/wp-content\/uploads\/2026\/05\/Fete-du-trvail-FEG.jpg","width":500,"height":556},{"@type":"BreadcrumbList","@id":"https:\/\/macite.tg\/?p=30133#breadcrumb","itemListElement":[{"@type":"ListItem","position":1,"name":"Accueil","item":"https:\/\/macite.tg\/"},{"@type":"ListItem","position":2,"name":"FETE DU TRAVAIL, EDITION 2026: Le message d\u2019excellence de Faure Gnassingb\u00e9"}]},{"@type":"WebSite","@id":"https:\/\/macite.tg\/#website","url":"https:\/\/macite.tg\/","name":"","description":"L&#039;information, la bonne!!!","potentialAction":[{"@type":"SearchAction","target":{"@type":"EntryPoint","urlTemplate":"https:\/\/macite.tg\/?s={search_term_string}"},"query-input":{"@type":"PropertyValueSpecification","valueRequired":true,"valueName":"search_term_string"}}],"inLanguage":"fr-FR"},{"@type":"Person","@id":"https:\/\/macite.tg\/#\/schema\/person\/e9f2de7e5dbbe7770a9402c7ce82f5c2","name":"Jean Pierre BAWELA","image":{"@type":"ImageObject","inLanguage":"fr-FR","@id":"https:\/\/macite.tg\/wp-content\/uploads\/2023\/09\/WhatsApp-Image-2023-09-19-at-14.44.41-122x122.jpeg","url":"https:\/\/macite.tg\/wp-content\/uploads\/2023\/09\/WhatsApp-Image-2023-09-19-at-14.44.41-122x122.jpeg","contentUrl":"https:\/\/macite.tg\/wp-content\/uploads\/2023\/09\/WhatsApp-Image-2023-09-19-at-14.44.41-122x122.jpeg","caption":"Jean Pierre BAWELA"},"url":"https:\/\/macite.tg\/?author=2"}]}},"_links":{"self":[{"href":"https:\/\/macite.tg\/index.php?rest_route=\/wp\/v2\/posts\/30133","targetHints":{"allow":["GET"]}}],"collection":[{"href":"https:\/\/macite.tg\/index.php?rest_route=\/wp\/v2\/posts"}],"about":[{"href":"https:\/\/macite.tg\/index.php?rest_route=\/wp\/v2\/types\/post"}],"author":[{"embeddable":true,"href":"https:\/\/macite.tg\/index.php?rest_route=\/wp\/v2\/users\/2"}],"replies":[{"embeddable":true,"href":"https:\/\/macite.tg\/index.php?rest_route=%2Fwp%2Fv2%2Fcomments&post=30133"}],"version-history":[{"count":0,"href":"https:\/\/macite.tg\/index.php?rest_route=\/wp\/v2\/posts\/30133\/revisions"}],"wp:featuredmedia":[{"embeddable":true,"href":"https:\/\/macite.tg\/index.php?rest_route=\/wp\/v2\/media\/30134"}],"wp:attachment":[{"href":"https:\/\/macite.tg\/index.php?rest_route=%2Fwp%2Fv2%2Fmedia&parent=30133"}],"wp:term":[{"taxonomy":"category","embeddable":true,"href":"https:\/\/macite.tg\/index.php?rest_route=%2Fwp%2Fv2%2Fcategories&post=30133"},{"taxonomy":"post_tag","embeddable":true,"href":"https:\/\/macite.tg\/index.php?rest_route=%2Fwp%2Fv2%2Ftags&post=30133"}],"curies":[{"name":"wp","href":"https:\/\/api.w.org\/{rel}","templated":true}]}}