{"id":30126,"date":"2026-05-01T13:32:52","date_gmt":"2026-05-01T13:32:52","guid":{"rendered":"https:\/\/macite.tg\/?p=30126"},"modified":"2026-05-01T13:35:39","modified_gmt":"2026-05-01T13:35:39","slug":"en-visite-a-bichkek-faure-gnassingbe-pose-un-acte-memorable","status":"publish","type":"post","link":"https:\/\/macite.tg\/?p=30126","title":{"rendered":"EN VISITE A BICHKEK\u00a0: Faure Gnassingb\u00e9 pose un acte m\u00e9morable"},"content":{"rendered":"\n<p class=\"wp-block-paragraph\"><strong><em>En s\u00e9jour officiel \u00e0 Bichkek, le Pr\u00e9sident du conseil, Faure Gnassingb\u00e9, a rendu un hommage solennel \u00e0 la m\u00e9moire nationale kirghize au complexe Ata-Beyit. Un geste symbolique fort, qui marque le renforcement des liens entre l&rsquo;Afrique et l&rsquo;Asie Centrale.<\/em><\/strong><em><\/em><\/p>\n\n\n\n<p class=\"wp-block-paragraph\"><strong>Un recueillement symbolique au complexe Ata-Beyit<\/strong><\/p>\n\n\n\n<p class=\"wp-block-paragraph\">D\u00e8s le lendemain de son arriv\u00e9e au Kirghizistan, le Pr\u00e9sident du conseil s\u2019est rendu au complexe historique national Ata-Beyit, <em>\u00ab Le lieu o\u00f9 reposent nos p\u00e8res \u00bb<\/em>. Accompagn\u00e9 de hautes personnalit\u00e9s kirghizes, Faure Gnassingb\u00e9 a proc\u00e9d\u00e9 \u00e0 un d\u00e9p\u00f4t de gerbes au m\u00e9morial Urkun.<\/p>\n\n\n\n<p class=\"wp-block-paragraph\">Moment de recueillement, ce geste a permis au leader togolais d&rsquo;honorer la m\u00e9moire des victimes et des figures embl\u00e9matiques ayant fa\u00e7onn\u00e9 l&rsquo;histoire du pays.<\/p>\n\n\n\n<p class=\"wp-block-paragraph\">Pour Lom\u00e9, ce geste d\u00e9passe le simple protocole diplomatique : il incarne l\u2019attachement du Togo aux valeurs de paix, de solidarit\u00e9 et de respect de la souverainet\u00e9 des peuples.<\/p>\n\n\n\n<figure class=\"wp-block-image size-full\"><img loading=\"lazy\" decoding=\"async\" width=\"851\" height=\"315\" src=\"https:\/\/macite.tg\/wp-content\/uploads\/2026\/04\/OTR_Ferer-pour-batir-1.jpg\" alt=\"\" class=\"wp-image-29832\" srcset=\"https:\/\/macite.tg\/wp-content\/uploads\/2026\/04\/OTR_Ferer-pour-batir-1.jpg 851w, https:\/\/macite.tg\/wp-content\/uploads\/2026\/04\/OTR_Ferer-pour-batir-1-300x111.jpg 300w, https:\/\/macite.tg\/wp-content\/uploads\/2026\/04\/OTR_Ferer-pour-batir-1-768x284.jpg 768w\" sizes=\"auto, (max-width: 851px) 100vw, 851px\" \/><\/figure>\n\n\n\n<p class=\"wp-block-paragraph\"><strong>Ata-Beyit : Le sanctuaire de l\u2019identit\u00e9 kirghize<\/strong><\/p>\n\n\n\n<p class=\"wp-block-paragraph\">\u00c9rig\u00e9 en l\u2019an 2.000, le complexe Ata-Beyit est le gardien de la m\u00e9moire collective du Kirghizistan. Son r\u00f4le est crucial est de transmettre l&rsquo;histoire nationale aux jeunes g\u00e9n\u00e9rations.<\/p>\n\n\n\n<p class=\"wp-block-paragraph\">Le m\u00e9morial Urkun, point central de la visite, abrite des archives pr\u00e9cieuses tels que les Documents historiques et photographies d&rsquo;\u00e9poque, les traces de l\u2019\u00e9volution politique des ann\u00e9es 1920 et 1930, et les t\u00e9moignages sur la construction de l\u2019\u00c9tat-nation kirghize.<\/p>\n\n\n\n<p class=\"wp-block-paragraph\"><strong>Une premi\u00e8re historique pour la diplomatie africaine<\/strong><\/p>\n\n\n\n<p class=\"wp-block-paragraph\">Au-del\u00e0 de l&rsquo;aspect comm\u00e9moratif, ce d\u00e9placement rev\u00eat une dimension g\u00e9opolitique majeure. Le Pr\u00e9sident du conseil, Faure Gnassingb\u00e9, est le premier leader africain ayant effectu\u00e9 une visite officielle au Kirghizistan, cet Etat d\u2019Asie centrale.<\/p>\n\n\n<div class=\"wp-block-image\">\n<figure class=\"aligncenter size-full is-resized\"><img loading=\"lazy\" decoding=\"async\" width=\"500\" height=\"304\" src=\"https:\/\/macite.tg\/wp-content\/uploads\/2026\/04\/OTR_SAM.jpg\" alt=\"\" class=\"wp-image-30044\" style=\"aspect-ratio:1.6448005076544776;width:792px;height:auto\" srcset=\"https:\/\/macite.tg\/wp-content\/uploads\/2026\/04\/OTR_SAM.jpg 500w, https:\/\/macite.tg\/wp-content\/uploads\/2026\/04\/OTR_SAM-300x182.jpg 300w\" sizes=\"auto, (max-width: 500px) 100vw, 500px\" \/><\/figure>\n<\/div>\n\n\n<p class=\"wp-block-paragraph\">Ce rapprochement in\u00e9dit entre le Togo et ce pays d\u2019Asie centrale ouvre la voie \u00e0 de nouvelles opportunit\u00e9s de coop\u00e9ration bilat\u00e9rale, prouvant que la diplomatie togolaise continue d&rsquo;\u00e9largir ses horizons bien au-del\u00e0 de ses partenaires traditionnels.<\/p>\n\n\n\n<p class=\"wp-block-paragraph\"><strong>La R\u00e9daction<\/strong><\/p>\n\n\n\n<p class=\"wp-block-paragraph\"><a><strong><em>@macite.tg&nbsp;&nbsp;&nbsp;&nbsp;&nbsp;&nbsp;&nbsp;&nbsp;<\/em><\/strong><\/a><\/p>\n\n\n\n<p class=\"wp-block-paragraph\"><strong><em>E-mail&nbsp;: <\/em><\/strong><a href=\"mailto:maciteinfo@gmail.com\"><strong><em>maciteinfo@gmail.com<\/em><\/strong><\/a><strong><em>; <\/em><\/strong><a href=\"mailto:bawela1@gmail.com\"><strong><em>bawela1@gmail.com<\/em><\/strong><\/a><strong><em><\/em><\/strong><\/p>\n\n\n\n<p class=\"wp-block-paragraph\"><strong><em>Pour vos annonces, publi-reportages, etc., joignez-nous au (00228)91515309\/<strong>79872224 <\/strong><strong><\/strong><\/em><\/strong><\/p>\n\n\n\n<p class=\"wp-block-paragraph\"><strong><em>www.macite.tg, L\u2019information, la bonne&nbsp;!<\/em><\/strong><\/p>\n","protected":false},"excerpt":{"rendered":"<p class=\"text-justify mb-2\" >En s\u00e9jour officiel \u00e0 Bichkek, le Pr\u00e9sident du conseil, Faure Gnassingb\u00e9, a rendu un hommage solennel \u00e0 la m\u00e9moire nationale kirghize au complexe Ata-Beyit. Un geste symbolique fort, qui marque le renforcement des liens entre l&rsquo;Afrique et l&rsquo;Asie Centrale. Un recueillement symbolique au complexe Ata-Beyit [&hellip;]<\/p>\n","protected":false},"author":2,"featured_media":30127,"comment_status":"open","ping_status":"open","sticky":false,"template":"","format":"standard","meta":{"footnotes":""},"categories":[20,8],"tags":[],"class_list":["post-30126","post","type-post","status-publish","format-standard","has-post-thumbnail","hentry","category-actualite","category-diplomatie"],"yoast_head":"<!-- This site is optimized with the Yoast SEO plugin v28.4 - https:\/\/yoast.com\/product\/yoast-seo-wordpress\/ -->\n<title>EN VISITE A BICHKEK\u00a0: Faure Gnassingb\u00e9 pose un acte m\u00e9morable -<\/title>\n<meta name=\"robots\" content=\"index, follow, max-snippet:-1, max-image-preview:large, max-video-preview:-1\" \/>\n<link rel=\"canonical\" href=\"https:\/\/macite.tg\/?p=30126\" \/>\n<meta property=\"og:locale\" content=\"fr_FR\" \/>\n<meta property=\"og:type\" content=\"article\" \/>\n<meta property=\"og:title\" content=\"EN VISITE A BICHKEK\u00a0: Faure Gnassingb\u00e9 pose un acte m\u00e9morable -\" \/>\n<meta property=\"og:description\" content=\"En s\u00e9jour officiel \u00e0 Bichkek, le Pr\u00e9sident du conseil, Faure Gnassingb\u00e9, a rendu un hommage solennel \u00e0 la m\u00e9moire nationale kirghize au complexe Ata-Beyit. Un geste symbolique fort, qui marque le renforcement des liens entre l&rsquo;Afrique et l&rsquo;Asie Centrale. Un recueillement symbolique au complexe Ata-Beyit [&hellip;]\" \/>\n<meta property=\"og:url\" content=\"https:\/\/macite.tg\/?p=30126\" \/>\n<meta property=\"article:published_time\" content=\"2026-05-01T13:32:52+00:00\" \/>\n<meta property=\"article:modified_time\" content=\"2026-05-01T13:35:39+00:00\" \/>\n<meta property=\"og:image\" content=\"https:\/\/macite.tg\/wp-content\/uploads\/2026\/05\/DIPLOM-KIR.jpg\" \/>\n\t<meta property=\"og:image:width\" content=\"500\" \/>\n\t<meta property=\"og:image:height\" content=\"235\" \/>\n\t<meta property=\"og:image:type\" content=\"image\/jpeg\" \/>\n<meta name=\"author\" content=\"Jean Pierre BAWELA\" \/>\n<meta name=\"twitter:card\" content=\"summary_large_image\" \/>\n<meta name=\"twitter:label1\" content=\"\u00c9crit par\" \/>\n\t<meta name=\"twitter:data1\" content=\"Jean Pierre BAWELA\" \/>\n\t<meta name=\"twitter:label2\" content=\"Dur\u00e9e de lecture estim\u00e9e\" \/>\n\t<meta name=\"twitter:data2\" content=\"3 minutes\" \/>\n<script type=\"application\/ld+json\" class=\"yoast-schema-graph\">{\"@context\":\"https:\\\/\\\/schema.org\",\"@graph\":[{\"@type\":\"Article\",\"@id\":\"https:\\\/\\\/macite.tg\\\/?p=30126#article\",\"isPartOf\":{\"@id\":\"https:\\\/\\\/macite.tg\\\/?p=30126\"},\"author\":{\"name\":\"Jean Pierre BAWELA\",\"@id\":\"https:\\\/\\\/macite.tg\\\/#\\\/schema\\\/person\\\/e9f2de7e5dbbe7770a9402c7ce82f5c2\"},\"headline\":\"EN VISITE A BICHKEK\u00a0: Faure Gnassingb\u00e9 pose un acte m\u00e9morable\",\"datePublished\":\"2026-05-01T13:32:52+00:00\",\"dateModified\":\"2026-05-01T13:35:39+00:00\",\"mainEntityOfPage\":{\"@id\":\"https:\\\/\\\/macite.tg\\\/?p=30126\"},\"wordCount\":378,\"commentCount\":0,\"image\":{\"@id\":\"https:\\\/\\\/macite.tg\\\/?p=30126#primaryimage\"},\"thumbnailUrl\":\"https:\\\/\\\/macite.tg\\\/wp-content\\\/uploads\\\/2026\\\/05\\\/DIPLOM-KIR.jpg\",\"articleSection\":[\"ACTUALITE\",\"DIPLOMATIE\"],\"inLanguage\":\"fr-FR\",\"potentialAction\":[{\"@type\":\"CommentAction\",\"name\":\"Comment\",\"target\":[\"https:\\\/\\\/macite.tg\\\/?p=30126#respond\"]}]},{\"@type\":\"WebPage\",\"@id\":\"https:\\\/\\\/macite.tg\\\/?p=30126\",\"url\":\"https:\\\/\\\/macite.tg\\\/?p=30126\",\"name\":\"EN VISITE A BICHKEK\u00a0: Faure Gnassingb\u00e9 pose un acte m\u00e9morable -\",\"isPartOf\":{\"@id\":\"https:\\\/\\\/macite.tg\\\/#website\"},\"primaryImageOfPage\":{\"@id\":\"https:\\\/\\\/macite.tg\\\/?p=30126#primaryimage\"},\"image\":{\"@id\":\"https:\\\/\\\/macite.tg\\\/?p=30126#primaryimage\"},\"thumbnailUrl\":\"https:\\\/\\\/macite.tg\\\/wp-content\\\/uploads\\\/2026\\\/05\\\/DIPLOM-KIR.jpg\",\"datePublished\":\"2026-05-01T13:32:52+00:00\",\"dateModified\":\"2026-05-01T13:35:39+00:00\",\"author\":{\"@id\":\"https:\\\/\\\/macite.tg\\\/#\\\/schema\\\/person\\\/e9f2de7e5dbbe7770a9402c7ce82f5c2\"},\"breadcrumb\":{\"@id\":\"https:\\\/\\\/macite.tg\\\/?p=30126#breadcrumb\"},\"inLanguage\":\"fr-FR\",\"potentialAction\":[{\"@type\":\"ReadAction\",\"target\":[\"https:\\\/\\\/macite.tg\\\/?p=30126\"]}]},{\"@type\":\"ImageObject\",\"inLanguage\":\"fr-FR\",\"@id\":\"https:\\\/\\\/macite.tg\\\/?p=30126#primaryimage\",\"url\":\"https:\\\/\\\/macite.tg\\\/wp-content\\\/uploads\\\/2026\\\/05\\\/DIPLOM-KIR.jpg\",\"contentUrl\":\"https:\\\/\\\/macite.tg\\\/wp-content\\\/uploads\\\/2026\\\/05\\\/DIPLOM-KIR.jpg\",\"width\":500,\"height\":235},{\"@type\":\"BreadcrumbList\",\"@id\":\"https:\\\/\\\/macite.tg\\\/?p=30126#breadcrumb\",\"itemListElement\":[{\"@type\":\"ListItem\",\"position\":1,\"name\":\"Accueil\",\"item\":\"https:\\\/\\\/macite.tg\\\/\"},{\"@type\":\"ListItem\",\"position\":2,\"name\":\"EN VISITE A BICHKEK\u00a0: Faure Gnassingb\u00e9 pose un acte m\u00e9morable\"}]},{\"@type\":\"WebSite\",\"@id\":\"https:\\\/\\\/macite.tg\\\/#website\",\"url\":\"https:\\\/\\\/macite.tg\\\/\",\"name\":\"\",\"description\":\"L&#039;information, la bonne!!!\",\"potentialAction\":[{\"@type\":\"SearchAction\",\"target\":{\"@type\":\"EntryPoint\",\"urlTemplate\":\"https:\\\/\\\/macite.tg\\\/?s={search_term_string}\"},\"query-input\":{\"@type\":\"PropertyValueSpecification\",\"valueRequired\":true,\"valueName\":\"search_term_string\"}}],\"inLanguage\":\"fr-FR\"},{\"@type\":\"Person\",\"@id\":\"https:\\\/\\\/macite.tg\\\/#\\\/schema\\\/person\\\/e9f2de7e5dbbe7770a9402c7ce82f5c2\",\"name\":\"Jean Pierre BAWELA\",\"image\":{\"@type\":\"ImageObject\",\"inLanguage\":\"fr-FR\",\"@id\":\"https:\\\/\\\/macite.tg\\\/wp-content\\\/uploads\\\/2023\\\/09\\\/WhatsApp-Image-2023-09-19-at-14.44.41-122x122.jpeg\",\"url\":\"https:\\\/\\\/macite.tg\\\/wp-content\\\/uploads\\\/2023\\\/09\\\/WhatsApp-Image-2023-09-19-at-14.44.41-122x122.jpeg\",\"contentUrl\":\"https:\\\/\\\/macite.tg\\\/wp-content\\\/uploads\\\/2023\\\/09\\\/WhatsApp-Image-2023-09-19-at-14.44.41-122x122.jpeg\",\"caption\":\"Jean Pierre BAWELA\"},\"url\":\"https:\\\/\\\/macite.tg\\\/?author=2\"}]}<\/script>\n<!-- \/ Yoast SEO plugin. -->","yoast_head_json":{"title":"EN VISITE A BICHKEK\u00a0: Faure Gnassingb\u00e9 pose un acte m\u00e9morable -","robots":{"index":"index","follow":"follow","max-snippet":"max-snippet:-1","max-image-preview":"max-image-preview:large","max-video-preview":"max-video-preview:-1"},"canonical":"https:\/\/macite.tg\/?p=30126","og_locale":"fr_FR","og_type":"article","og_title":"EN VISITE A BICHKEK\u00a0: Faure Gnassingb\u00e9 pose un acte m\u00e9morable -","og_description":"En s\u00e9jour officiel \u00e0 Bichkek, le Pr\u00e9sident du conseil, Faure Gnassingb\u00e9, a rendu un hommage solennel \u00e0 la m\u00e9moire nationale kirghize au complexe Ata-Beyit. Un geste symbolique fort, qui marque le renforcement des liens entre l&rsquo;Afrique et l&rsquo;Asie Centrale. Un recueillement symbolique au complexe Ata-Beyit [&hellip;]","og_url":"https:\/\/macite.tg\/?p=30126","article_published_time":"2026-05-01T13:32:52+00:00","article_modified_time":"2026-05-01T13:35:39+00:00","og_image":[{"width":500,"height":235,"url":"https:\/\/macite.tg\/wp-content\/uploads\/2026\/05\/DIPLOM-KIR.jpg","type":"image\/jpeg"}],"author":"Jean Pierre BAWELA","twitter_card":"summary_large_image","twitter_misc":{"\u00c9crit par":"Jean Pierre BAWELA","Dur\u00e9e de lecture estim\u00e9e":"3 minutes"},"schema":{"@context":"https:\/\/schema.org","@graph":[{"@type":"Article","@id":"https:\/\/macite.tg\/?p=30126#article","isPartOf":{"@id":"https:\/\/macite.tg\/?p=30126"},"author":{"name":"Jean Pierre BAWELA","@id":"https:\/\/macite.tg\/#\/schema\/person\/e9f2de7e5dbbe7770a9402c7ce82f5c2"},"headline":"EN VISITE A BICHKEK\u00a0: Faure Gnassingb\u00e9 pose un acte m\u00e9morable","datePublished":"2026-05-01T13:32:52+00:00","dateModified":"2026-05-01T13:35:39+00:00","mainEntityOfPage":{"@id":"https:\/\/macite.tg\/?p=30126"},"wordCount":378,"commentCount":0,"image":{"@id":"https:\/\/macite.tg\/?p=30126#primaryimage"},"thumbnailUrl":"https:\/\/macite.tg\/wp-content\/uploads\/2026\/05\/DIPLOM-KIR.jpg","articleSection":["ACTUALITE","DIPLOMATIE"],"inLanguage":"fr-FR","potentialAction":[{"@type":"CommentAction","name":"Comment","target":["https:\/\/macite.tg\/?p=30126#respond"]}]},{"@type":"WebPage","@id":"https:\/\/macite.tg\/?p=30126","url":"https:\/\/macite.tg\/?p=30126","name":"EN VISITE A BICHKEK\u00a0: Faure Gnassingb\u00e9 pose un acte m\u00e9morable -","isPartOf":{"@id":"https:\/\/macite.tg\/#website"},"primaryImageOfPage":{"@id":"https:\/\/macite.tg\/?p=30126#primaryimage"},"image":{"@id":"https:\/\/macite.tg\/?p=30126#primaryimage"},"thumbnailUrl":"https:\/\/macite.tg\/wp-content\/uploads\/2026\/05\/DIPLOM-KIR.jpg","datePublished":"2026-05-01T13:32:52+00:00","dateModified":"2026-05-01T13:35:39+00:00","author":{"@id":"https:\/\/macite.tg\/#\/schema\/person\/e9f2de7e5dbbe7770a9402c7ce82f5c2"},"breadcrumb":{"@id":"https:\/\/macite.tg\/?p=30126#breadcrumb"},"inLanguage":"fr-FR","potentialAction":[{"@type":"ReadAction","target":["https:\/\/macite.tg\/?p=30126"]}]},{"@type":"ImageObject","inLanguage":"fr-FR","@id":"https:\/\/macite.tg\/?p=30126#primaryimage","url":"https:\/\/macite.tg\/wp-content\/uploads\/2026\/05\/DIPLOM-KIR.jpg","contentUrl":"https:\/\/macite.tg\/wp-content\/uploads\/2026\/05\/DIPLOM-KIR.jpg","width":500,"height":235},{"@type":"BreadcrumbList","@id":"https:\/\/macite.tg\/?p=30126#breadcrumb","itemListElement":[{"@type":"ListItem","position":1,"name":"Accueil","item":"https:\/\/macite.tg\/"},{"@type":"ListItem","position":2,"name":"EN VISITE A BICHKEK\u00a0: Faure Gnassingb\u00e9 pose un acte m\u00e9morable"}]},{"@type":"WebSite","@id":"https:\/\/macite.tg\/#website","url":"https:\/\/macite.tg\/","name":"","description":"L&#039;information, la bonne!!!","potentialAction":[{"@type":"SearchAction","target":{"@type":"EntryPoint","urlTemplate":"https:\/\/macite.tg\/?s={search_term_string}"},"query-input":{"@type":"PropertyValueSpecification","valueRequired":true,"valueName":"search_term_string"}}],"inLanguage":"fr-FR"},{"@type":"Person","@id":"https:\/\/macite.tg\/#\/schema\/person\/e9f2de7e5dbbe7770a9402c7ce82f5c2","name":"Jean Pierre BAWELA","image":{"@type":"ImageObject","inLanguage":"fr-FR","@id":"https:\/\/macite.tg\/wp-content\/uploads\/2023\/09\/WhatsApp-Image-2023-09-19-at-14.44.41-122x122.jpeg","url":"https:\/\/macite.tg\/wp-content\/uploads\/2023\/09\/WhatsApp-Image-2023-09-19-at-14.44.41-122x122.jpeg","contentUrl":"https:\/\/macite.tg\/wp-content\/uploads\/2023\/09\/WhatsApp-Image-2023-09-19-at-14.44.41-122x122.jpeg","caption":"Jean Pierre BAWELA"},"url":"https:\/\/macite.tg\/?author=2"}]}},"_links":{"self":[{"href":"https:\/\/macite.tg\/index.php?rest_route=\/wp\/v2\/posts\/30126","targetHints":{"allow":["GET"]}}],"collection":[{"href":"https:\/\/macite.tg\/index.php?rest_route=\/wp\/v2\/posts"}],"about":[{"href":"https:\/\/macite.tg\/index.php?rest_route=\/wp\/v2\/types\/post"}],"author":[{"embeddable":true,"href":"https:\/\/macite.tg\/index.php?rest_route=\/wp\/v2\/users\/2"}],"replies":[{"embeddable":true,"href":"https:\/\/macite.tg\/index.php?rest_route=%2Fwp%2Fv2%2Fcomments&post=30126"}],"version-history":[{"count":0,"href":"https:\/\/macite.tg\/index.php?rest_route=\/wp\/v2\/posts\/30126\/revisions"}],"wp:featuredmedia":[{"embeddable":true,"href":"https:\/\/macite.tg\/index.php?rest_route=\/wp\/v2\/media\/30127"}],"wp:attachment":[{"href":"https:\/\/macite.tg\/index.php?rest_route=%2Fwp%2Fv2%2Fmedia&parent=30126"}],"wp:term":[{"taxonomy":"category","embeddable":true,"href":"https:\/\/macite.tg\/index.php?rest_route=%2Fwp%2Fv2%2Fcategories&post=30126"},{"taxonomy":"post_tag","embeddable":true,"href":"https:\/\/macite.tg\/index.php?rest_route=%2Fwp%2Fv2%2Ftags&post=30126"}],"curies":[{"name":"wp","href":"https:\/\/api.w.org\/{rel}","templated":true}]}}