{"id":30125,"date":"2026-05-01T13:39:32","date_gmt":"2026-05-01T13:39:32","guid":{"rendered":"https:\/\/macite.tg\/?p=30125"},"modified":"2026-05-01T13:39:40","modified_gmt":"2026-05-01T13:39:40","slug":"fete-du-travail-le-message-du-ministre-calixte-madjoulba","status":"publish","type":"post","link":"https:\/\/macite.tg\/?p=30125","title":{"rendered":"FETE DU TRAVAIL\u00a0: Le message du ministre Calixte Madjoulba"},"content":{"rendered":"\n<p class=\"wp-block-paragraph\"><strong><em>\u00ab\u00a0\u00c0 l\u2019occasion de ce 1er mai, je tiens \u00e0 saluer avec respect et reconnaissance toutes les femmes et tous les hommes qui, par leur labeur quotidien, participent activement au d\u00e9veloppement de notre pays. Votre pers\u00e9v\u00e9rance et votre sens du devoir constituent le socle de notre avenir commun.<\/em><\/strong><\/p>\n\n\n\n<p class=\"wp-block-paragraph\">Je rends un hommage particulier \u00e0 nos forces de d\u00e9fense, de s\u00e9curit\u00e9 et de protection civile, dont le d\u00e9vouement constant garantit la paix et la tranquillit\u00e9 de nos concitoyens.<\/p>\n\n\n<div class=\"wp-block-image\">\n<figure class=\"aligncenter size-full is-resized\"><img loading=\"lazy\" decoding=\"async\" width=\"500\" height=\"500\" src=\"https:\/\/macite.tg\/wp-content\/uploads\/2026\/04\/1e24ab30-b002-40a5-a71e-15b25582e12d.jpg\" alt=\"\" class=\"wp-image-30114\" style=\"width:749px;height:auto\" srcset=\"https:\/\/macite.tg\/wp-content\/uploads\/2026\/04\/1e24ab30-b002-40a5-a71e-15b25582e12d.jpg 500w, https:\/\/macite.tg\/wp-content\/uploads\/2026\/04\/1e24ab30-b002-40a5-a71e-15b25582e12d-300x300.jpg 300w, https:\/\/macite.tg\/wp-content\/uploads\/2026\/04\/1e24ab30-b002-40a5-a71e-15b25582e12d-150x150.jpg 150w, https:\/\/macite.tg\/wp-content\/uploads\/2026\/04\/1e24ab30-b002-40a5-a71e-15b25582e12d-122x122.jpg 122w\" sizes=\"auto, (max-width: 500px) 100vw, 500px\" \/><\/figure>\n<\/div>\n\n\n<p class=\"wp-block-paragraph\">Continuons, main dans la main, \u00e0 promouvoir une soci\u00e9t\u00e9 fond\u00e9e sur l\u2019\u00e9quit\u00e9, l\u2019effort et la solidarit\u00e9. Ensemble, avec d\u00e9termination et confiance, nous pouvons construire un Togo plus prosp\u00e8re, plus \u00e9quitable et r\u00e9solument uni.<\/p>\n\n\n\n<p class=\"wp-block-paragraph\">Prudence et vigilance dans vos d\u00e9placements.&nbsp;\u00bb<\/p>\n\n\n\n<p class=\"wp-block-paragraph\"><a><strong><em>@macite.tg&nbsp;&nbsp;&nbsp;&nbsp;&nbsp;&nbsp;&nbsp;&nbsp;<\/em><\/strong><\/a><\/p>\n\n\n\n<p class=\"wp-block-paragraph\"><strong><em>E-mail&nbsp;: <\/em><\/strong><a href=\"mailto:maciteinfo@gmail.com\"><strong><em>maciteinfo@gmail.com<\/em><\/strong><\/a><strong><em>; <\/em><\/strong><a href=\"mailto:bawela1@gmail.com\"><strong><em>bawela1@gmail.com<\/em><\/strong><\/a><strong><em><\/em><\/strong><\/p>\n\n\n\n<p class=\"wp-block-paragraph\"><strong><em>Pour vos annonces, publi-reportages, etc., joignez-nous au (00228)91515309\/<strong>79872224 <\/strong><strong><\/strong><\/em><\/strong><\/p>\n\n\n\n<p class=\"wp-block-paragraph\"><strong><em>www.macite.tg, L\u2019information, la bonne&nbsp;!<\/em><\/strong><\/p>\n","protected":false},"excerpt":{"rendered":"<p class=\"text-justify mb-2\" >\u00ab\u00a0\u00c0 l\u2019occasion de ce 1er mai, je tiens \u00e0 saluer avec respect et reconnaissance toutes les femmes et tous les hommes qui, par leur labeur quotidien, participent activement au d\u00e9veloppement de notre pays. Votre pers\u00e9v\u00e9rance et votre sens du devoir constituent le socle de notre [&hellip;]<\/p>\n","protected":false},"author":2,"featured_media":30130,"comment_status":"open","ping_status":"open","sticky":false,"template":"","format":"standard","meta":{"footnotes":""},"categories":[20,6],"tags":[],"class_list":["post-30125","post","type-post","status-publish","format-standard","has-post-thumbnail","hentry","category-actualite","category-societe"],"yoast_head":"<!-- This site is optimized with the Yoast SEO plugin v28.4 - https:\/\/yoast.com\/product\/yoast-seo-wordpress\/ -->\n<title>FETE DU TRAVAIL\u00a0: Le message du ministre Calixte Madjoulba -<\/title>\n<meta name=\"robots\" content=\"index, follow, max-snippet:-1, max-image-preview:large, max-video-preview:-1\" \/>\n<link rel=\"canonical\" href=\"https:\/\/macite.tg\/?p=30125\" \/>\n<meta property=\"og:locale\" content=\"fr_FR\" \/>\n<meta property=\"og:type\" content=\"article\" \/>\n<meta property=\"og:title\" content=\"FETE DU TRAVAIL\u00a0: Le message du ministre Calixte Madjoulba -\" \/>\n<meta property=\"og:description\" content=\"\u00ab\u00a0\u00c0 l\u2019occasion de ce 1er mai, je tiens \u00e0 saluer avec respect et reconnaissance toutes les femmes et tous les hommes qui, par leur labeur quotidien, participent activement au d\u00e9veloppement de notre pays. Votre pers\u00e9v\u00e9rance et votre sens du devoir constituent le socle de notre [&hellip;]\" \/>\n<meta property=\"og:url\" content=\"https:\/\/macite.tg\/?p=30125\" \/>\n<meta property=\"article:published_time\" content=\"2026-05-01T13:39:32+00:00\" \/>\n<meta property=\"article:modified_time\" content=\"2026-05-01T13:39:40+00:00\" \/>\n<meta property=\"og:image\" content=\"https:\/\/macite.tg\/wp-content\/uploads\/2026\/05\/image.png\" \/>\n\t<meta property=\"og:image:width\" content=\"292\" \/>\n\t<meta property=\"og:image:height\" content=\"234\" \/>\n\t<meta property=\"og:image:type\" content=\"image\/png\" \/>\n<meta name=\"author\" content=\"Jean Pierre BAWELA\" \/>\n<meta name=\"twitter:card\" content=\"summary_large_image\" \/>\n<meta name=\"twitter:label1\" content=\"\u00c9crit par\" \/>\n\t<meta name=\"twitter:data1\" content=\"Jean Pierre BAWELA\" \/>\n\t<meta name=\"twitter:label2\" content=\"Dur\u00e9e de lecture estim\u00e9e\" \/>\n\t<meta name=\"twitter:data2\" content=\"2 minutes\" \/>\n<script type=\"application\/ld+json\" class=\"yoast-schema-graph\">{\"@context\":\"https:\\\/\\\/schema.org\",\"@graph\":[{\"@type\":\"Article\",\"@id\":\"https:\\\/\\\/macite.tg\\\/?p=30125#article\",\"isPartOf\":{\"@id\":\"https:\\\/\\\/macite.tg\\\/?p=30125\"},\"author\":{\"name\":\"Jean Pierre BAWELA\",\"@id\":\"https:\\\/\\\/macite.tg\\\/#\\\/schema\\\/person\\\/e9f2de7e5dbbe7770a9402c7ce82f5c2\"},\"headline\":\"FETE DU TRAVAIL\u00a0: Le message du ministre Calixte Madjoulba\",\"datePublished\":\"2026-05-01T13:39:32+00:00\",\"dateModified\":\"2026-05-01T13:39:40+00:00\",\"mainEntityOfPage\":{\"@id\":\"https:\\\/\\\/macite.tg\\\/?p=30125\"},\"wordCount\":169,\"commentCount\":0,\"image\":{\"@id\":\"https:\\\/\\\/macite.tg\\\/?p=30125#primaryimage\"},\"thumbnailUrl\":\"https:\\\/\\\/macite.tg\\\/wp-content\\\/uploads\\\/2026\\\/05\\\/image.png\",\"articleSection\":[\"ACTUALITE\",\"SOCIETE\"],\"inLanguage\":\"fr-FR\",\"potentialAction\":[{\"@type\":\"CommentAction\",\"name\":\"Comment\",\"target\":[\"https:\\\/\\\/macite.tg\\\/?p=30125#respond\"]}]},{\"@type\":\"WebPage\",\"@id\":\"https:\\\/\\\/macite.tg\\\/?p=30125\",\"url\":\"https:\\\/\\\/macite.tg\\\/?p=30125\",\"name\":\"FETE DU TRAVAIL\u00a0: Le message du ministre Calixte Madjoulba -\",\"isPartOf\":{\"@id\":\"https:\\\/\\\/macite.tg\\\/#website\"},\"primaryImageOfPage\":{\"@id\":\"https:\\\/\\\/macite.tg\\\/?p=30125#primaryimage\"},\"image\":{\"@id\":\"https:\\\/\\\/macite.tg\\\/?p=30125#primaryimage\"},\"thumbnailUrl\":\"https:\\\/\\\/macite.tg\\\/wp-content\\\/uploads\\\/2026\\\/05\\\/image.png\",\"datePublished\":\"2026-05-01T13:39:32+00:00\",\"dateModified\":\"2026-05-01T13:39:40+00:00\",\"author\":{\"@id\":\"https:\\\/\\\/macite.tg\\\/#\\\/schema\\\/person\\\/e9f2de7e5dbbe7770a9402c7ce82f5c2\"},\"breadcrumb\":{\"@id\":\"https:\\\/\\\/macite.tg\\\/?p=30125#breadcrumb\"},\"inLanguage\":\"fr-FR\",\"potentialAction\":[{\"@type\":\"ReadAction\",\"target\":[\"https:\\\/\\\/macite.tg\\\/?p=30125\"]}]},{\"@type\":\"ImageObject\",\"inLanguage\":\"fr-FR\",\"@id\":\"https:\\\/\\\/macite.tg\\\/?p=30125#primaryimage\",\"url\":\"https:\\\/\\\/macite.tg\\\/wp-content\\\/uploads\\\/2026\\\/05\\\/image.png\",\"contentUrl\":\"https:\\\/\\\/macite.tg\\\/wp-content\\\/uploads\\\/2026\\\/05\\\/image.png\",\"width\":292,\"height\":234,\"caption\":\"Le ministre Calixte Madjoulba\"},{\"@type\":\"BreadcrumbList\",\"@id\":\"https:\\\/\\\/macite.tg\\\/?p=30125#breadcrumb\",\"itemListElement\":[{\"@type\":\"ListItem\",\"position\":1,\"name\":\"Accueil\",\"item\":\"https:\\\/\\\/macite.tg\\\/\"},{\"@type\":\"ListItem\",\"position\":2,\"name\":\"FETE DU TRAVAIL\u00a0: Le message du ministre Calixte Madjoulba\"}]},{\"@type\":\"WebSite\",\"@id\":\"https:\\\/\\\/macite.tg\\\/#website\",\"url\":\"https:\\\/\\\/macite.tg\\\/\",\"name\":\"\",\"description\":\"L&#039;information, la bonne!!!\",\"potentialAction\":[{\"@type\":\"SearchAction\",\"target\":{\"@type\":\"EntryPoint\",\"urlTemplate\":\"https:\\\/\\\/macite.tg\\\/?s={search_term_string}\"},\"query-input\":{\"@type\":\"PropertyValueSpecification\",\"valueRequired\":true,\"valueName\":\"search_term_string\"}}],\"inLanguage\":\"fr-FR\"},{\"@type\":\"Person\",\"@id\":\"https:\\\/\\\/macite.tg\\\/#\\\/schema\\\/person\\\/e9f2de7e5dbbe7770a9402c7ce82f5c2\",\"name\":\"Jean Pierre BAWELA\",\"image\":{\"@type\":\"ImageObject\",\"inLanguage\":\"fr-FR\",\"@id\":\"https:\\\/\\\/macite.tg\\\/wp-content\\\/uploads\\\/2023\\\/09\\\/WhatsApp-Image-2023-09-19-at-14.44.41-122x122.jpeg\",\"url\":\"https:\\\/\\\/macite.tg\\\/wp-content\\\/uploads\\\/2023\\\/09\\\/WhatsApp-Image-2023-09-19-at-14.44.41-122x122.jpeg\",\"contentUrl\":\"https:\\\/\\\/macite.tg\\\/wp-content\\\/uploads\\\/2023\\\/09\\\/WhatsApp-Image-2023-09-19-at-14.44.41-122x122.jpeg\",\"caption\":\"Jean Pierre BAWELA\"},\"url\":\"https:\\\/\\\/macite.tg\\\/?author=2\"}]}<\/script>\n<!-- \/ Yoast SEO plugin. -->","yoast_head_json":{"title":"FETE DU TRAVAIL\u00a0: Le message du ministre Calixte Madjoulba -","robots":{"index":"index","follow":"follow","max-snippet":"max-snippet:-1","max-image-preview":"max-image-preview:large","max-video-preview":"max-video-preview:-1"},"canonical":"https:\/\/macite.tg\/?p=30125","og_locale":"fr_FR","og_type":"article","og_title":"FETE DU TRAVAIL\u00a0: Le message du ministre Calixte Madjoulba -","og_description":"\u00ab\u00a0\u00c0 l\u2019occasion de ce 1er mai, je tiens \u00e0 saluer avec respect et reconnaissance toutes les femmes et tous les hommes qui, par leur labeur quotidien, participent activement au d\u00e9veloppement de notre pays. Votre pers\u00e9v\u00e9rance et votre sens du devoir constituent le socle de notre [&hellip;]","og_url":"https:\/\/macite.tg\/?p=30125","article_published_time":"2026-05-01T13:39:32+00:00","article_modified_time":"2026-05-01T13:39:40+00:00","og_image":[{"width":292,"height":234,"url":"https:\/\/macite.tg\/wp-content\/uploads\/2026\/05\/image.png","type":"image\/png"}],"author":"Jean Pierre BAWELA","twitter_card":"summary_large_image","twitter_misc":{"\u00c9crit par":"Jean Pierre BAWELA","Dur\u00e9e de lecture estim\u00e9e":"2 minutes"},"schema":{"@context":"https:\/\/schema.org","@graph":[{"@type":"Article","@id":"https:\/\/macite.tg\/?p=30125#article","isPartOf":{"@id":"https:\/\/macite.tg\/?p=30125"},"author":{"name":"Jean Pierre BAWELA","@id":"https:\/\/macite.tg\/#\/schema\/person\/e9f2de7e5dbbe7770a9402c7ce82f5c2"},"headline":"FETE DU TRAVAIL\u00a0: Le message du ministre Calixte Madjoulba","datePublished":"2026-05-01T13:39:32+00:00","dateModified":"2026-05-01T13:39:40+00:00","mainEntityOfPage":{"@id":"https:\/\/macite.tg\/?p=30125"},"wordCount":169,"commentCount":0,"image":{"@id":"https:\/\/macite.tg\/?p=30125#primaryimage"},"thumbnailUrl":"https:\/\/macite.tg\/wp-content\/uploads\/2026\/05\/image.png","articleSection":["ACTUALITE","SOCIETE"],"inLanguage":"fr-FR","potentialAction":[{"@type":"CommentAction","name":"Comment","target":["https:\/\/macite.tg\/?p=30125#respond"]}]},{"@type":"WebPage","@id":"https:\/\/macite.tg\/?p=30125","url":"https:\/\/macite.tg\/?p=30125","name":"FETE DU TRAVAIL\u00a0: Le message du ministre Calixte Madjoulba -","isPartOf":{"@id":"https:\/\/macite.tg\/#website"},"primaryImageOfPage":{"@id":"https:\/\/macite.tg\/?p=30125#primaryimage"},"image":{"@id":"https:\/\/macite.tg\/?p=30125#primaryimage"},"thumbnailUrl":"https:\/\/macite.tg\/wp-content\/uploads\/2026\/05\/image.png","datePublished":"2026-05-01T13:39:32+00:00","dateModified":"2026-05-01T13:39:40+00:00","author":{"@id":"https:\/\/macite.tg\/#\/schema\/person\/e9f2de7e5dbbe7770a9402c7ce82f5c2"},"breadcrumb":{"@id":"https:\/\/macite.tg\/?p=30125#breadcrumb"},"inLanguage":"fr-FR","potentialAction":[{"@type":"ReadAction","target":["https:\/\/macite.tg\/?p=30125"]}]},{"@type":"ImageObject","inLanguage":"fr-FR","@id":"https:\/\/macite.tg\/?p=30125#primaryimage","url":"https:\/\/macite.tg\/wp-content\/uploads\/2026\/05\/image.png","contentUrl":"https:\/\/macite.tg\/wp-content\/uploads\/2026\/05\/image.png","width":292,"height":234,"caption":"Le ministre Calixte Madjoulba"},{"@type":"BreadcrumbList","@id":"https:\/\/macite.tg\/?p=30125#breadcrumb","itemListElement":[{"@type":"ListItem","position":1,"name":"Accueil","item":"https:\/\/macite.tg\/"},{"@type":"ListItem","position":2,"name":"FETE DU TRAVAIL\u00a0: Le message du ministre Calixte Madjoulba"}]},{"@type":"WebSite","@id":"https:\/\/macite.tg\/#website","url":"https:\/\/macite.tg\/","name":"","description":"L&#039;information, la bonne!!!","potentialAction":[{"@type":"SearchAction","target":{"@type":"EntryPoint","urlTemplate":"https:\/\/macite.tg\/?s={search_term_string}"},"query-input":{"@type":"PropertyValueSpecification","valueRequired":true,"valueName":"search_term_string"}}],"inLanguage":"fr-FR"},{"@type":"Person","@id":"https:\/\/macite.tg\/#\/schema\/person\/e9f2de7e5dbbe7770a9402c7ce82f5c2","name":"Jean Pierre BAWELA","image":{"@type":"ImageObject","inLanguage":"fr-FR","@id":"https:\/\/macite.tg\/wp-content\/uploads\/2023\/09\/WhatsApp-Image-2023-09-19-at-14.44.41-122x122.jpeg","url":"https:\/\/macite.tg\/wp-content\/uploads\/2023\/09\/WhatsApp-Image-2023-09-19-at-14.44.41-122x122.jpeg","contentUrl":"https:\/\/macite.tg\/wp-content\/uploads\/2023\/09\/WhatsApp-Image-2023-09-19-at-14.44.41-122x122.jpeg","caption":"Jean Pierre BAWELA"},"url":"https:\/\/macite.tg\/?author=2"}]}},"_links":{"self":[{"href":"https:\/\/macite.tg\/index.php?rest_route=\/wp\/v2\/posts\/30125","targetHints":{"allow":["GET"]}}],"collection":[{"href":"https:\/\/macite.tg\/index.php?rest_route=\/wp\/v2\/posts"}],"about":[{"href":"https:\/\/macite.tg\/index.php?rest_route=\/wp\/v2\/types\/post"}],"author":[{"embeddable":true,"href":"https:\/\/macite.tg\/index.php?rest_route=\/wp\/v2\/users\/2"}],"replies":[{"embeddable":true,"href":"https:\/\/macite.tg\/index.php?rest_route=%2Fwp%2Fv2%2Fcomments&post=30125"}],"version-history":[{"count":0,"href":"https:\/\/macite.tg\/index.php?rest_route=\/wp\/v2\/posts\/30125\/revisions"}],"wp:featuredmedia":[{"embeddable":true,"href":"https:\/\/macite.tg\/index.php?rest_route=\/wp\/v2\/media\/30130"}],"wp:attachment":[{"href":"https:\/\/macite.tg\/index.php?rest_route=%2Fwp%2Fv2%2Fmedia&parent=30125"}],"wp:term":[{"taxonomy":"category","embeddable":true,"href":"https:\/\/macite.tg\/index.php?rest_route=%2Fwp%2Fv2%2Fcategories&post=30125"},{"taxonomy":"post_tag","embeddable":true,"href":"https:\/\/macite.tg\/index.php?rest_route=%2Fwp%2Fv2%2Ftags&post=30125"}],"curies":[{"name":"wp","href":"https:\/\/api.w.org\/{rel}","templated":true}]}}