{"id":30115,"date":"2026-04-30T17:27:17","date_gmt":"2026-04-30T17:27:17","guid":{"rendered":"https:\/\/macite.tg\/?p=30115"},"modified":"2026-04-30T17:28:23","modified_gmt":"2026-04-30T17:28:23","slug":"togo-kirghizistan-le-president-du-conseil-scelle-une-alliance-historique-a-bichkek","status":"publish","type":"post","link":"https:\/\/macite.tg\/?p=30115","title":{"rendered":"TOGO-KIRGHIZISTAN: Le Pr\u00e9sident du conseil scelle une alliance historique \u00e0 Bichkek"},"content":{"rendered":"\n<p class=\"wp-block-paragraph\"><strong><em>La diplomatie togolaise franchit une fronti\u00e8re in\u00e9dite. Le mercredi 29 avril 2026, le Pr\u00e9sident du Conseil, Faure Essozimna Gnassingb\u00e9, a \u00e9t\u00e9 re\u00e7u avec les plus grands honneurs \u00e0 Bichkek, par son homologue kirghize, Sadyr Japarov. Cette visite historique marque un tournant dans la strat\u00e9gie de diversification des partenariats du Togo, sous le concept de \u00ab\u00a0Souverainet\u00e9 Partenariale\u00a0\u00bb.<\/em><\/strong><\/p>\n\n\n\n<p class=\"wp-block-paragraph\">Le caract\u00e8re in\u00e9dit de cette rencontre a \u00e9t\u00e9 d\u2019entr\u00e9e soulign\u00e9 par le Pr\u00e9sident Japarov : Faure Gnassingb\u00e9 est le premier dirigeant africain \u00e0 effectuer une visite officielle au Kirghizistan, pays d\u2019Asie Centrale.<\/p>\n\n\n\n<p class=\"wp-block-paragraph\"><em>\u00ab C\u2019est un \u00e9v\u00e9nement historique important. Le Togo occupe une position strat\u00e9gique en Afrique de l\u2019Ouest et nous le consid\u00e9rons comme un partenaire prometteur \u00bb,<\/em> a d\u00e9clar\u00e9 le dirigeant kirghize.<\/p>\n\n\n\n<p class=\"wp-block-paragraph\">Et pour cette coop\u00e9ration bilat\u00e9rale innovante, plusieurs points cl\u00e9s sont \u00e0 retenir, notamment la reconnaissance de l\u2019influence togolaise salu\u00e9e. Le pr\u00e9sident kirghize a glorifi\u00e9 le r\u00f4le de m\u00e9diateur du Togo dans les crises au Sahel et sa politique de d\u00e9veloppement.<\/p>\n\n\n\n<figure class=\"wp-block-image size-large\"><img loading=\"lazy\" decoding=\"async\" width=\"1024\" height=\"683\" src=\"https:\/\/macite.tg\/wp-content\/uploads\/2026\/04\/164686d2-c3b3-4dc4-b945-067684d93219-1024x683.jpg\" alt=\"\" class=\"wp-image-30120\" srcset=\"https:\/\/macite.tg\/wp-content\/uploads\/2026\/04\/164686d2-c3b3-4dc4-b945-067684d93219-1024x683.jpg 1024w, https:\/\/macite.tg\/wp-content\/uploads\/2026\/04\/164686d2-c3b3-4dc4-b945-067684d93219-300x200.jpg 300w, https:\/\/macite.tg\/wp-content\/uploads\/2026\/04\/164686d2-c3b3-4dc4-b945-067684d93219-768x512.jpg 768w, https:\/\/macite.tg\/wp-content\/uploads\/2026\/04\/164686d2-c3b3-4dc4-b945-067684d93219-650x434.jpg 650w, https:\/\/macite.tg\/wp-content\/uploads\/2026\/04\/164686d2-c3b3-4dc4-b945-067684d93219-730x487.jpg 730w, https:\/\/macite.tg\/wp-content\/uploads\/2026\/04\/164686d2-c3b3-4dc4-b945-067684d93219-112x75.jpg 112w, https:\/\/macite.tg\/wp-content\/uploads\/2026\/04\/164686d2-c3b3-4dc4-b945-067684d93219-425x283.jpg 425w, https:\/\/macite.tg\/wp-content\/uploads\/2026\/04\/164686d2-c3b3-4dc4-b945-067684d93219-430x287.jpg 430w, https:\/\/macite.tg\/wp-content\/uploads\/2026\/04\/164686d2-c3b3-4dc4-b945-067684d93219.jpg 1280w\" sizes=\"auto, (max-width: 1024px) 100vw, 1024px\" \/><\/figure>\n\n\n\n<p class=\"wp-block-paragraph\">L\u2019autre point capital est la solidarit\u00e9 fraternelle dont fait preuve le peuple togolais, qui s\u2019est une fois encore illustr\u00e9e lors de la c\u00e9l\u00e9bration du 66\u00e8mme anniversaire de l\u2019ind\u00e9pendance du Togo.<\/p>\n\n\n\n<p class=\"wp-block-paragraph\">Face \u00e0 l&rsquo;accueil de Bichkek, le Chef du gouvernement togolais a expos\u00e9 sa doctrine. Pour Lom\u00e9, la diversification n&rsquo;est pas un simple effet de mode, mais une <strong>d\u00e9marche structurelle<\/strong> pour l&rsquo;avenir de la nation.<\/p>\n\n\n\n<p class=\"wp-block-paragraph\"><em>\u00ab Dans un monde de plus en plus incertain, il est essentiel de diversifier nos partenariats. Mais il est encore plus important de les construire s\u00e9rieusement \u00bb<\/em>, a martel\u00e9 le Pr\u00e9sident du conseil, Faure Gnassingb\u00e9.<\/p>\n\n\n\n<p class=\"wp-block-paragraph\"><strong>Un triptyque, socle d\u2019une coop\u00e9ration strat\u00e9giques<\/strong><\/p>\n\n\n\n<p class=\"wp-block-paragraph\">D\u2019abord, il est question de la mise en place de m\u00e9canismes de concertation r\u00e9guliers pour transformer l&rsquo;amiti\u00e9 en partenariat op\u00e9rationnel.<\/p>\n\n\n\n<p class=\"wp-block-paragraph\">Ensuite, le point \u00e9conomique qui mise sur la promotion des r\u00e9formes togolaises garantissant la s\u00e9curit\u00e9 juridique pour les investisseurs d&rsquo;Asie Centrale.<\/p>\n\n\n\n<p class=\"wp-block-paragraph\">Et pour couronner le tout, penser \u00e0 un multilat\u00e9ralisme et Sud Global, mieux une coordination des voix au sein de l&rsquo;ONU et du G77 pour porter les revendications des pays \u00e9mergents.<\/p>\n\n\n\n<figure class=\"wp-block-image size-full\"><img loading=\"lazy\" decoding=\"async\" width=\"851\" height=\"315\" src=\"https:\/\/macite.tg\/wp-content\/uploads\/2026\/04\/OTR_Ferer-pour-batir-1.jpg\" alt=\"\" class=\"wp-image-29832\" srcset=\"https:\/\/macite.tg\/wp-content\/uploads\/2026\/04\/OTR_Ferer-pour-batir-1.jpg 851w, https:\/\/macite.tg\/wp-content\/uploads\/2026\/04\/OTR_Ferer-pour-batir-1-300x111.jpg 300w, https:\/\/macite.tg\/wp-content\/uploads\/2026\/04\/OTR_Ferer-pour-batir-1-768x284.jpg 768w\" sizes=\"auto, (max-width: 851px) 100vw, 851px\" \/><\/figure>\n\n\n\n<p class=\"wp-block-paragraph\"><strong>Les avantages d\u2019un rapprochement Lom\u00e9-Bichkek<\/strong><\/p>\n\n\n\n<p class=\"wp-block-paragraph\">Cette visite du Pr\u00e9sident du conseil \u00e0 Bichkek, installe le Togo dans une nouvelle dynamique d&rsquo;influence, qui d\u00e9passe ses zones g\u00e9ographiques traditionnelles. En se tournant vers l&rsquo;Eurasie, le pays remplit trois objectifs \u00e0 savoir&nbsp;; r\u00e9duire la d\u00e9pendance aux blocs d&rsquo;influence classiques&nbsp;; acc\u00e9der \u00e0 de nouvelles expertises techniques et \u00e9conomiques, et enfin affirmer un statut d&rsquo;acteur libre et pragmatique sur la sc\u00e8ne mondiale.<\/p>\n\n\n\n<p class=\"wp-block-paragraph\">Somme toute, \u00e0 Bichkek, le Togo a pos\u00e9 les jalons d&rsquo;une coop\u00e9ration directe et franche, prouvant que la distance g\u00e9ographique n&rsquo;est plus un obstacle \u00e0 une diplomatie de r\u00e9sultats.<\/p>\n\n\n\n<p class=\"wp-block-paragraph\"><strong>La R\u00e9daction<\/strong><\/p>\n\n\n\n<p class=\"wp-block-paragraph\"><a><strong><em>@macite.tg&nbsp;&nbsp;&nbsp;&nbsp;&nbsp;&nbsp;&nbsp;&nbsp;<\/em><\/strong><\/a><\/p>\n\n\n\n<p class=\"wp-block-paragraph\"><strong><em>E-mail&nbsp;: <\/em><\/strong><a href=\"mailto:maciteinfo@gmail.com\"><strong><em>maciteinfo@gmail.com<\/em><\/strong><\/a><strong><em>; <\/em><\/strong><a href=\"mailto:bawela1@gmail.com\"><strong><em>bawela1@gmail.com<\/em><\/strong><\/a><strong><em><\/em><\/strong><\/p>\n\n\n\n<p class=\"wp-block-paragraph\"><strong><em>Pour vos annonces, publi-reportages, etc., joignez-nous au (00228)91515309\/<strong>79872224 <\/strong><strong><\/strong><\/em><\/strong><\/p>\n\n\n\n<p class=\"wp-block-paragraph\"><strong><em>www.macite.tg, L\u2019information, la bonne&nbsp;!<\/em><\/strong><\/p>\n","protected":false},"excerpt":{"rendered":"<p class=\"text-justify mb-2\" >La diplomatie togolaise franchit une fronti\u00e8re in\u00e9dite. Le mercredi 29 avril 2026, le Pr\u00e9sident du Conseil, Faure Essozimna Gnassingb\u00e9, a \u00e9t\u00e9 re\u00e7u avec les plus grands honneurs \u00e0 Bichkek, par son homologue kirghize, Sadyr Japarov. Cette visite historique marque un tournant dans la strat\u00e9gie de [&hellip;]<\/p>\n","protected":false},"author":2,"featured_media":30119,"comment_status":"open","ping_status":"open","sticky":false,"template":"","format":"standard","meta":{"footnotes":""},"categories":[20,8],"tags":[],"class_list":["post-30115","post","type-post","status-publish","format-standard","has-post-thumbnail","hentry","category-actualite","category-diplomatie"],"yoast_head":"<!-- This site is optimized with the Yoast SEO plugin v28.4 - https:\/\/yoast.com\/product\/yoast-seo-wordpress\/ -->\n<title>TOGO-KIRGHIZISTAN: Le Pr\u00e9sident du conseil scelle une alliance historique \u00e0 Bichkek -<\/title>\n<meta name=\"robots\" content=\"index, follow, max-snippet:-1, max-image-preview:large, max-video-preview:-1\" \/>\n<link rel=\"canonical\" href=\"https:\/\/macite.tg\/?p=30115\" \/>\n<meta property=\"og:locale\" content=\"fr_FR\" \/>\n<meta property=\"og:type\" content=\"article\" \/>\n<meta property=\"og:title\" content=\"TOGO-KIRGHIZISTAN: Le Pr\u00e9sident du conseil scelle une alliance historique \u00e0 Bichkek -\" \/>\n<meta property=\"og:description\" content=\"La diplomatie togolaise franchit une fronti\u00e8re in\u00e9dite. Le mercredi 29 avril 2026, le Pr\u00e9sident du Conseil, Faure Essozimna Gnassingb\u00e9, a \u00e9t\u00e9 re\u00e7u avec les plus grands honneurs \u00e0 Bichkek, par son homologue kirghize, Sadyr Japarov. Cette visite historique marque un tournant dans la strat\u00e9gie de [&hellip;]\" \/>\n<meta property=\"og:url\" content=\"https:\/\/macite.tg\/?p=30115\" \/>\n<meta property=\"article:published_time\" content=\"2026-04-30T17:27:17+00:00\" \/>\n<meta property=\"article:modified_time\" content=\"2026-04-30T17:28:23+00:00\" \/>\n<meta property=\"og:image\" content=\"https:\/\/macite.tg\/wp-content\/uploads\/2026\/04\/ABC-1.jpg\" \/>\n\t<meta property=\"og:image:width\" content=\"500\" \/>\n\t<meta property=\"og:image:height\" content=\"400\" \/>\n\t<meta property=\"og:image:type\" content=\"image\/jpeg\" \/>\n<meta name=\"author\" content=\"Jean Pierre BAWELA\" \/>\n<meta name=\"twitter:card\" content=\"summary_large_image\" \/>\n<meta name=\"twitter:label1\" content=\"\u00c9crit par\" \/>\n\t<meta name=\"twitter:data1\" content=\"Jean Pierre BAWELA\" \/>\n\t<meta name=\"twitter:label2\" content=\"Dur\u00e9e de lecture estim\u00e9e\" \/>\n\t<meta name=\"twitter:data2\" content=\"3 minutes\" \/>\n<script type=\"application\/ld+json\" class=\"yoast-schema-graph\">{\"@context\":\"https:\\\/\\\/schema.org\",\"@graph\":[{\"@type\":\"Article\",\"@id\":\"https:\\\/\\\/macite.tg\\\/?p=30115#article\",\"isPartOf\":{\"@id\":\"https:\\\/\\\/macite.tg\\\/?p=30115\"},\"author\":{\"name\":\"Jean Pierre BAWELA\",\"@id\":\"https:\\\/\\\/macite.tg\\\/#\\\/schema\\\/person\\\/e9f2de7e5dbbe7770a9402c7ce82f5c2\"},\"headline\":\"TOGO-KIRGHIZISTAN: Le Pr\u00e9sident du conseil scelle une alliance historique \u00e0 Bichkek\",\"datePublished\":\"2026-04-30T17:27:17+00:00\",\"dateModified\":\"2026-04-30T17:28:23+00:00\",\"mainEntityOfPage\":{\"@id\":\"https:\\\/\\\/macite.tg\\\/?p=30115\"},\"wordCount\":533,\"commentCount\":0,\"image\":{\"@id\":\"https:\\\/\\\/macite.tg\\\/?p=30115#primaryimage\"},\"thumbnailUrl\":\"https:\\\/\\\/macite.tg\\\/wp-content\\\/uploads\\\/2026\\\/04\\\/ABC-1.jpg\",\"articleSection\":[\"ACTUALITE\",\"DIPLOMATIE\"],\"inLanguage\":\"fr-FR\",\"potentialAction\":[{\"@type\":\"CommentAction\",\"name\":\"Comment\",\"target\":[\"https:\\\/\\\/macite.tg\\\/?p=30115#respond\"]}]},{\"@type\":\"WebPage\",\"@id\":\"https:\\\/\\\/macite.tg\\\/?p=30115\",\"url\":\"https:\\\/\\\/macite.tg\\\/?p=30115\",\"name\":\"TOGO-KIRGHIZISTAN: Le Pr\u00e9sident du conseil scelle une alliance historique \u00e0 Bichkek -\",\"isPartOf\":{\"@id\":\"https:\\\/\\\/macite.tg\\\/#website\"},\"primaryImageOfPage\":{\"@id\":\"https:\\\/\\\/macite.tg\\\/?p=30115#primaryimage\"},\"image\":{\"@id\":\"https:\\\/\\\/macite.tg\\\/?p=30115#primaryimage\"},\"thumbnailUrl\":\"https:\\\/\\\/macite.tg\\\/wp-content\\\/uploads\\\/2026\\\/04\\\/ABC-1.jpg\",\"datePublished\":\"2026-04-30T17:27:17+00:00\",\"dateModified\":\"2026-04-30T17:28:23+00:00\",\"author\":{\"@id\":\"https:\\\/\\\/macite.tg\\\/#\\\/schema\\\/person\\\/e9f2de7e5dbbe7770a9402c7ce82f5c2\"},\"breadcrumb\":{\"@id\":\"https:\\\/\\\/macite.tg\\\/?p=30115#breadcrumb\"},\"inLanguage\":\"fr-FR\",\"potentialAction\":[{\"@type\":\"ReadAction\",\"target\":[\"https:\\\/\\\/macite.tg\\\/?p=30115\"]}]},{\"@type\":\"ImageObject\",\"inLanguage\":\"fr-FR\",\"@id\":\"https:\\\/\\\/macite.tg\\\/?p=30115#primaryimage\",\"url\":\"https:\\\/\\\/macite.tg\\\/wp-content\\\/uploads\\\/2026\\\/04\\\/ABC-1.jpg\",\"contentUrl\":\"https:\\\/\\\/macite.tg\\\/wp-content\\\/uploads\\\/2026\\\/04\\\/ABC-1.jpg\",\"width\":500,\"height\":400},{\"@type\":\"BreadcrumbList\",\"@id\":\"https:\\\/\\\/macite.tg\\\/?p=30115#breadcrumb\",\"itemListElement\":[{\"@type\":\"ListItem\",\"position\":1,\"name\":\"Accueil\",\"item\":\"https:\\\/\\\/macite.tg\\\/\"},{\"@type\":\"ListItem\",\"position\":2,\"name\":\"TOGO-KIRGHIZISTAN: Le Pr\u00e9sident du conseil scelle une alliance historique \u00e0 Bichkek\"}]},{\"@type\":\"WebSite\",\"@id\":\"https:\\\/\\\/macite.tg\\\/#website\",\"url\":\"https:\\\/\\\/macite.tg\\\/\",\"name\":\"\",\"description\":\"L&#039;information, la bonne!!!\",\"potentialAction\":[{\"@type\":\"SearchAction\",\"target\":{\"@type\":\"EntryPoint\",\"urlTemplate\":\"https:\\\/\\\/macite.tg\\\/?s={search_term_string}\"},\"query-input\":{\"@type\":\"PropertyValueSpecification\",\"valueRequired\":true,\"valueName\":\"search_term_string\"}}],\"inLanguage\":\"fr-FR\"},{\"@type\":\"Person\",\"@id\":\"https:\\\/\\\/macite.tg\\\/#\\\/schema\\\/person\\\/e9f2de7e5dbbe7770a9402c7ce82f5c2\",\"name\":\"Jean Pierre BAWELA\",\"image\":{\"@type\":\"ImageObject\",\"inLanguage\":\"fr-FR\",\"@id\":\"https:\\\/\\\/macite.tg\\\/wp-content\\\/uploads\\\/2023\\\/09\\\/WhatsApp-Image-2023-09-19-at-14.44.41-122x122.jpeg\",\"url\":\"https:\\\/\\\/macite.tg\\\/wp-content\\\/uploads\\\/2023\\\/09\\\/WhatsApp-Image-2023-09-19-at-14.44.41-122x122.jpeg\",\"contentUrl\":\"https:\\\/\\\/macite.tg\\\/wp-content\\\/uploads\\\/2023\\\/09\\\/WhatsApp-Image-2023-09-19-at-14.44.41-122x122.jpeg\",\"caption\":\"Jean Pierre BAWELA\"},\"url\":\"https:\\\/\\\/macite.tg\\\/?author=2\"}]}<\/script>\n<!-- \/ Yoast SEO plugin. -->","yoast_head_json":{"title":"TOGO-KIRGHIZISTAN: Le Pr\u00e9sident du conseil scelle une alliance historique \u00e0 Bichkek -","robots":{"index":"index","follow":"follow","max-snippet":"max-snippet:-1","max-image-preview":"max-image-preview:large","max-video-preview":"max-video-preview:-1"},"canonical":"https:\/\/macite.tg\/?p=30115","og_locale":"fr_FR","og_type":"article","og_title":"TOGO-KIRGHIZISTAN: Le Pr\u00e9sident du conseil scelle une alliance historique \u00e0 Bichkek -","og_description":"La diplomatie togolaise franchit une fronti\u00e8re in\u00e9dite. Le mercredi 29 avril 2026, le Pr\u00e9sident du Conseil, Faure Essozimna Gnassingb\u00e9, a \u00e9t\u00e9 re\u00e7u avec les plus grands honneurs \u00e0 Bichkek, par son homologue kirghize, Sadyr Japarov. Cette visite historique marque un tournant dans la strat\u00e9gie de [&hellip;]","og_url":"https:\/\/macite.tg\/?p=30115","article_published_time":"2026-04-30T17:27:17+00:00","article_modified_time":"2026-04-30T17:28:23+00:00","og_image":[{"width":500,"height":400,"url":"https:\/\/macite.tg\/wp-content\/uploads\/2026\/04\/ABC-1.jpg","type":"image\/jpeg"}],"author":"Jean Pierre BAWELA","twitter_card":"summary_large_image","twitter_misc":{"\u00c9crit par":"Jean Pierre BAWELA","Dur\u00e9e de lecture estim\u00e9e":"3 minutes"},"schema":{"@context":"https:\/\/schema.org","@graph":[{"@type":"Article","@id":"https:\/\/macite.tg\/?p=30115#article","isPartOf":{"@id":"https:\/\/macite.tg\/?p=30115"},"author":{"name":"Jean Pierre BAWELA","@id":"https:\/\/macite.tg\/#\/schema\/person\/e9f2de7e5dbbe7770a9402c7ce82f5c2"},"headline":"TOGO-KIRGHIZISTAN: Le Pr\u00e9sident du conseil scelle une alliance historique \u00e0 Bichkek","datePublished":"2026-04-30T17:27:17+00:00","dateModified":"2026-04-30T17:28:23+00:00","mainEntityOfPage":{"@id":"https:\/\/macite.tg\/?p=30115"},"wordCount":533,"commentCount":0,"image":{"@id":"https:\/\/macite.tg\/?p=30115#primaryimage"},"thumbnailUrl":"https:\/\/macite.tg\/wp-content\/uploads\/2026\/04\/ABC-1.jpg","articleSection":["ACTUALITE","DIPLOMATIE"],"inLanguage":"fr-FR","potentialAction":[{"@type":"CommentAction","name":"Comment","target":["https:\/\/macite.tg\/?p=30115#respond"]}]},{"@type":"WebPage","@id":"https:\/\/macite.tg\/?p=30115","url":"https:\/\/macite.tg\/?p=30115","name":"TOGO-KIRGHIZISTAN: Le Pr\u00e9sident du conseil scelle une alliance historique \u00e0 Bichkek -","isPartOf":{"@id":"https:\/\/macite.tg\/#website"},"primaryImageOfPage":{"@id":"https:\/\/macite.tg\/?p=30115#primaryimage"},"image":{"@id":"https:\/\/macite.tg\/?p=30115#primaryimage"},"thumbnailUrl":"https:\/\/macite.tg\/wp-content\/uploads\/2026\/04\/ABC-1.jpg","datePublished":"2026-04-30T17:27:17+00:00","dateModified":"2026-04-30T17:28:23+00:00","author":{"@id":"https:\/\/macite.tg\/#\/schema\/person\/e9f2de7e5dbbe7770a9402c7ce82f5c2"},"breadcrumb":{"@id":"https:\/\/macite.tg\/?p=30115#breadcrumb"},"inLanguage":"fr-FR","potentialAction":[{"@type":"ReadAction","target":["https:\/\/macite.tg\/?p=30115"]}]},{"@type":"ImageObject","inLanguage":"fr-FR","@id":"https:\/\/macite.tg\/?p=30115#primaryimage","url":"https:\/\/macite.tg\/wp-content\/uploads\/2026\/04\/ABC-1.jpg","contentUrl":"https:\/\/macite.tg\/wp-content\/uploads\/2026\/04\/ABC-1.jpg","width":500,"height":400},{"@type":"BreadcrumbList","@id":"https:\/\/macite.tg\/?p=30115#breadcrumb","itemListElement":[{"@type":"ListItem","position":1,"name":"Accueil","item":"https:\/\/macite.tg\/"},{"@type":"ListItem","position":2,"name":"TOGO-KIRGHIZISTAN: Le Pr\u00e9sident du conseil scelle une alliance historique \u00e0 Bichkek"}]},{"@type":"WebSite","@id":"https:\/\/macite.tg\/#website","url":"https:\/\/macite.tg\/","name":"","description":"L&#039;information, la bonne!!!","potentialAction":[{"@type":"SearchAction","target":{"@type":"EntryPoint","urlTemplate":"https:\/\/macite.tg\/?s={search_term_string}"},"query-input":{"@type":"PropertyValueSpecification","valueRequired":true,"valueName":"search_term_string"}}],"inLanguage":"fr-FR"},{"@type":"Person","@id":"https:\/\/macite.tg\/#\/schema\/person\/e9f2de7e5dbbe7770a9402c7ce82f5c2","name":"Jean Pierre BAWELA","image":{"@type":"ImageObject","inLanguage":"fr-FR","@id":"https:\/\/macite.tg\/wp-content\/uploads\/2023\/09\/WhatsApp-Image-2023-09-19-at-14.44.41-122x122.jpeg","url":"https:\/\/macite.tg\/wp-content\/uploads\/2023\/09\/WhatsApp-Image-2023-09-19-at-14.44.41-122x122.jpeg","contentUrl":"https:\/\/macite.tg\/wp-content\/uploads\/2023\/09\/WhatsApp-Image-2023-09-19-at-14.44.41-122x122.jpeg","caption":"Jean Pierre BAWELA"},"url":"https:\/\/macite.tg\/?author=2"}]}},"_links":{"self":[{"href":"https:\/\/macite.tg\/index.php?rest_route=\/wp\/v2\/posts\/30115","targetHints":{"allow":["GET"]}}],"collection":[{"href":"https:\/\/macite.tg\/index.php?rest_route=\/wp\/v2\/posts"}],"about":[{"href":"https:\/\/macite.tg\/index.php?rest_route=\/wp\/v2\/types\/post"}],"author":[{"embeddable":true,"href":"https:\/\/macite.tg\/index.php?rest_route=\/wp\/v2\/users\/2"}],"replies":[{"embeddable":true,"href":"https:\/\/macite.tg\/index.php?rest_route=%2Fwp%2Fv2%2Fcomments&post=30115"}],"version-history":[{"count":0,"href":"https:\/\/macite.tg\/index.php?rest_route=\/wp\/v2\/posts\/30115\/revisions"}],"wp:featuredmedia":[{"embeddable":true,"href":"https:\/\/macite.tg\/index.php?rest_route=\/wp\/v2\/media\/30119"}],"wp:attachment":[{"href":"https:\/\/macite.tg\/index.php?rest_route=%2Fwp%2Fv2%2Fmedia&parent=30115"}],"wp:term":[{"taxonomy":"category","embeddable":true,"href":"https:\/\/macite.tg\/index.php?rest_route=%2Fwp%2Fv2%2Fcategories&post=30115"},{"taxonomy":"post_tag","embeddable":true,"href":"https:\/\/macite.tg\/index.php?rest_route=%2Fwp%2Fv2%2Ftags&post=30115"}],"curies":[{"name":"wp","href":"https:\/\/api.w.org\/{rel}","templated":true}]}}