{"id":30096,"date":"2026-04-29T09:44:46","date_gmt":"2026-04-29T09:44:46","guid":{"rendered":"https:\/\/macite.tg\/?p=30096"},"modified":"2026-04-30T11:48:48","modified_gmt":"2026-04-30T11:48:48","slug":"66-ans-dindependance-du-togo-une-celebration-sous-le-signe-de-la-paix-et-de-la-resilience","status":"publish","type":"post","link":"https:\/\/macite.tg\/?p=30096","title":{"rendered":"66 ANS D\u2019INDEPENDANCE DU TOGO\u00a0: Une c\u00e9l\u00e9bration sous le signe de la Paix et de la r\u00e9silience"},"content":{"rendered":"\n<p class=\"wp-block-paragraph\"><strong><em>Le lundi 27 avril, la Nation togolaise a c\u00e9l\u00e9br\u00e9, avec faste, le 66\u00e8me anniversaire de son accession \u00e0 la souverainet\u00e9 internationale. Plac\u00e9e sous le th\u00e8me de l\u2019hospitalit\u00e9 et de la m\u00e9diation, cette c\u00e9l\u00e9bration a r\u00e9affirm\u00e9 le r\u00f4le strat\u00e9gique du pays dans la diplomatie mondiale.<\/em><\/strong><\/p>\n\n\n\n<p class=\"wp-block-paragraph\"><strong>Un d\u00e9fil\u00e9 magistral \u00e0 Lom\u00e9<\/strong><\/p>\n\n\n\n<p class=\"wp-block-paragraph\">Le point d&rsquo;orgue des festivit\u00e9s s&rsquo;est d\u00e9roul\u00e9 dans la capitale, sous l\u2019autorit\u00e9 du Pr\u00e9sident du Conseil, Faure Essozimna Gnassingb\u00e9, Chef du gouvernement et Chef supr\u00eame des arm\u00e9es. Dans une atmosph\u00e8re empreinte de fiert\u00e9 nationale, le public a assist\u00e9 \u00e0 une d\u00e9monstration de force et de discipline.&nbsp;<\/p>\n\n\n\n<p class=\"wp-block-paragraph\">L&rsquo;\u00e9lite militaire a jou\u00e9 les premiers r\u00f4les. Apr\u00e8s un saut spectaculaire des chuteurs du Centre d\u2019entra\u00eenement des troupes a\u00e9roport\u00e9es (CETAP), les diff\u00e9rentes unit\u00e9s (arm\u00e9e de terre, air, marine et gendarmerie) ont parad\u00e9 avec pr\u00e9cision.<\/p>\n\n\n\n<p class=\"wp-block-paragraph\">Les corps paramilitaires n\u2019\u00e9tait pas du reste. La police, les douanes, les eaux et for\u00eats ainsi que l&rsquo;administration p\u00e9nitentiaire ont \u00e9galement d\u00e9fil\u00e9, illustrant la solidit\u00e9 des institutions s\u00e9curitaires.<\/p>\n\n\n<div class=\"wp-block-image\">\n<figure class=\"aligncenter size-full\"><img loading=\"lazy\" decoding=\"async\" width=\"509\" height=\"720\" src=\"https:\/\/macite.tg\/wp-content\/uploads\/2026\/04\/OTR_Payez-la-TVM-simple-et-pratique.jpg\" alt=\"\" class=\"wp-image-29849\" srcset=\"https:\/\/macite.tg\/wp-content\/uploads\/2026\/04\/OTR_Payez-la-TVM-simple-et-pratique.jpg 509w, https:\/\/macite.tg\/wp-content\/uploads\/2026\/04\/OTR_Payez-la-TVM-simple-et-pratique-212x300.jpg 212w\" sizes=\"auto, (max-width: 509px) 100vw, 509px\" \/><\/figure>\n<\/div>\n\n\n<p class=\"wp-block-paragraph\"><strong>L\u2019unit\u00e9 nationale au c\u0153ur du cort\u00e8ge<\/strong><\/p>\n\n\n\n<p class=\"wp-block-paragraph\">Au-del\u00e0 de l&rsquo;aspect militaire, le d\u00e9fil\u00e9 civil a mis en lumi\u00e8re la diversit\u00e9 que regorge le pays. Des d\u00e9l\u00e9gations, venues des cinq r\u00e9gions, ont repr\u00e9sent\u00e9 toutes les couches de la soci\u00e9t\u00e9 togolaise.<\/p>\n\n\n\n<p class=\"wp-block-paragraph\">La pr\u00e9sence remarqu\u00e9e de la communaut\u00e9 chinoise lors de ce d\u00e9fil\u00e9 du 27 avril, a symbolis\u00e9 l&rsquo;ouverture diplomatique du Togo, et plus encore, la vitalit\u00e9 des partenariats internationaux de Lom\u00e9.<\/p>\n\n\n\n<p class=\"wp-block-paragraph\">Et chose int\u00e9ressante \u00e0 retenir, l\u2019esprit de l\u2019ind\u00e9pendance ne s\u2019est pas seulement limit\u00e9 \u00e0 la capitale. Des festivit\u00e9s et des d\u00e9fil\u00e9s officiels ont \u00e9t\u00e9 organis\u00e9s, gr\u00e2ce \u00e0 une approche inclusive, simultan\u00e9ment dans les chefs-lieux de r\u00e9gions, plac\u00e9s sous \u2018\u00e9gide des gouverneurs, et dans les pr\u00e9fectures avec l\u2019autorit\u00e9 des pr\u00e9fets.<\/p>\n\n\n\n<p class=\"wp-block-paragraph\">Comme pour dire que le succ\u00e8s de cette c\u00e9l\u00e9bration t\u00e9moigne de la volont\u00e9 des fils et filles du Togo de conjuguer s\u00e9curit\u00e9, progr\u00e8s socio-\u00e9conomique et rayonnement diplomatique.<\/p>\n\n\n\n<p class=\"wp-block-paragraph\"><strong>La R\u00e9daction<\/strong><\/p>\n\n\n\n<p class=\"wp-block-paragraph\"><a><strong><em>@macite.tg&nbsp;&nbsp;&nbsp;&nbsp;&nbsp;&nbsp;&nbsp;&nbsp;<\/em><\/strong><\/a><\/p>\n\n\n\n<p class=\"wp-block-paragraph\"><strong><em>E-mail&nbsp;: <\/em><\/strong><a href=\"mailto:maciteinfo@gmail.com\"><strong><em>maciteinfo@gmail.com<\/em><\/strong><\/a><strong><em>; <\/em><\/strong><a href=\"mailto:bawela1@gmail.com\"><strong><em>bawela1@gmail.com<\/em><\/strong><\/a><strong><em><\/em><\/strong><\/p>\n\n\n\n<p class=\"wp-block-paragraph\"><strong><em>Pour vos annonces, publi-reportages, etc., joignez-nous au (00228)91515309\/<strong>79872224 <\/strong><strong><\/strong><\/em><\/strong><\/p>\n\n\n\n<p class=\"wp-block-paragraph\"><strong><em>www.macite.tg, L\u2019information, la bonne&nbsp;!<\/em><\/strong><\/p>\n","protected":false},"excerpt":{"rendered":"<p class=\"text-justify mb-2\" >Le lundi 27 avril, la Nation togolaise a c\u00e9l\u00e9br\u00e9, avec faste, le 66\u00e8me anniversaire de son accession \u00e0 la souverainet\u00e9 internationale. Plac\u00e9e sous le th\u00e8me de l\u2019hospitalit\u00e9 et de la m\u00e9diation, cette c\u00e9l\u00e9bration a r\u00e9affirm\u00e9 le r\u00f4le strat\u00e9gique du pays dans la diplomatie mondiale. Un [&hellip;]<\/p>\n","protected":false},"author":2,"featured_media":30100,"comment_status":"open","ping_status":"open","sticky":false,"template":"","format":"standard","meta":{"footnotes":""},"categories":[20,1],"tags":[],"class_list":["post-30096","post","type-post","status-publish","format-standard","has-post-thumbnail","hentry","category-actualite","category-politique"],"yoast_head":"<!-- This site is optimized with the Yoast SEO plugin v28.4 - https:\/\/yoast.com\/product\/yoast-seo-wordpress\/ -->\n<title>66 ANS D\u2019INDEPENDANCE DU TOGO\u00a0: Une c\u00e9l\u00e9bration sous le signe de la Paix et de la r\u00e9silience -<\/title>\n<meta name=\"robots\" content=\"index, follow, max-snippet:-1, max-image-preview:large, max-video-preview:-1\" \/>\n<link rel=\"canonical\" href=\"https:\/\/macite.tg\/?p=30096\" \/>\n<meta property=\"og:locale\" content=\"fr_FR\" \/>\n<meta property=\"og:type\" content=\"article\" \/>\n<meta property=\"og:title\" content=\"66 ANS D\u2019INDEPENDANCE DU TOGO\u00a0: Une c\u00e9l\u00e9bration sous le signe de la Paix et de la r\u00e9silience -\" \/>\n<meta property=\"og:description\" content=\"Le lundi 27 avril, la Nation togolaise a c\u00e9l\u00e9br\u00e9, avec faste, le 66\u00e8me anniversaire de son accession \u00e0 la souverainet\u00e9 internationale. Plac\u00e9e sous le th\u00e8me de l\u2019hospitalit\u00e9 et de la m\u00e9diation, cette c\u00e9l\u00e9bration a r\u00e9affirm\u00e9 le r\u00f4le strat\u00e9gique du pays dans la diplomatie mondiale. Un [&hellip;]\" \/>\n<meta property=\"og:url\" content=\"https:\/\/macite.tg\/?p=30096\" \/>\n<meta property=\"article:published_time\" content=\"2026-04-29T09:44:46+00:00\" \/>\n<meta property=\"article:modified_time\" content=\"2026-04-30T11:48:48+00:00\" \/>\n<meta property=\"og:image\" content=\"https:\/\/macite.tg\/wp-content\/uploads\/2026\/04\/Defile-.jpg\" \/>\n\t<meta property=\"og:image:width\" content=\"500\" \/>\n\t<meta property=\"og:image:height\" content=\"239\" \/>\n\t<meta property=\"og:image:type\" content=\"image\/jpeg\" \/>\n<meta name=\"author\" content=\"Jean Pierre BAWELA\" \/>\n<meta name=\"twitter:card\" content=\"summary_large_image\" \/>\n<meta name=\"twitter:label1\" content=\"\u00c9crit par\" \/>\n\t<meta name=\"twitter:data1\" content=\"Jean Pierre BAWELA\" \/>\n\t<meta name=\"twitter:label2\" content=\"Dur\u00e9e de lecture estim\u00e9e\" \/>\n\t<meta name=\"twitter:data2\" content=\"3 minutes\" \/>\n<script type=\"application\/ld+json\" class=\"yoast-schema-graph\">{\"@context\":\"https:\\\/\\\/schema.org\",\"@graph\":[{\"@type\":\"Article\",\"@id\":\"https:\\\/\\\/macite.tg\\\/?p=30096#article\",\"isPartOf\":{\"@id\":\"https:\\\/\\\/macite.tg\\\/?p=30096\"},\"author\":{\"name\":\"Jean Pierre BAWELA\",\"@id\":\"https:\\\/\\\/macite.tg\\\/#\\\/schema\\\/person\\\/e9f2de7e5dbbe7770a9402c7ce82f5c2\"},\"headline\":\"66 ANS D\u2019INDEPENDANCE DU TOGO\u00a0: Une c\u00e9l\u00e9bration sous le signe de la Paix et de la r\u00e9silience\",\"datePublished\":\"2026-04-29T09:44:46+00:00\",\"dateModified\":\"2026-04-30T11:48:48+00:00\",\"mainEntityOfPage\":{\"@id\":\"https:\\\/\\\/macite.tg\\\/?p=30096\"},\"wordCount\":427,\"commentCount\":0,\"image\":{\"@id\":\"https:\\\/\\\/macite.tg\\\/?p=30096#primaryimage\"},\"thumbnailUrl\":\"https:\\\/\\\/macite.tg\\\/wp-content\\\/uploads\\\/2026\\\/04\\\/Defile-.jpg\",\"articleSection\":[\"ACTUALITE\",\"POLITIQUE\"],\"inLanguage\":\"fr-FR\",\"potentialAction\":[{\"@type\":\"CommentAction\",\"name\":\"Comment\",\"target\":[\"https:\\\/\\\/macite.tg\\\/?p=30096#respond\"]}]},{\"@type\":\"WebPage\",\"@id\":\"https:\\\/\\\/macite.tg\\\/?p=30096\",\"url\":\"https:\\\/\\\/macite.tg\\\/?p=30096\",\"name\":\"66 ANS D\u2019INDEPENDANCE DU TOGO\u00a0: Une c\u00e9l\u00e9bration sous le signe de la Paix et de la r\u00e9silience -\",\"isPartOf\":{\"@id\":\"https:\\\/\\\/macite.tg\\\/#website\"},\"primaryImageOfPage\":{\"@id\":\"https:\\\/\\\/macite.tg\\\/?p=30096#primaryimage\"},\"image\":{\"@id\":\"https:\\\/\\\/macite.tg\\\/?p=30096#primaryimage\"},\"thumbnailUrl\":\"https:\\\/\\\/macite.tg\\\/wp-content\\\/uploads\\\/2026\\\/04\\\/Defile-.jpg\",\"datePublished\":\"2026-04-29T09:44:46+00:00\",\"dateModified\":\"2026-04-30T11:48:48+00:00\",\"author\":{\"@id\":\"https:\\\/\\\/macite.tg\\\/#\\\/schema\\\/person\\\/e9f2de7e5dbbe7770a9402c7ce82f5c2\"},\"breadcrumb\":{\"@id\":\"https:\\\/\\\/macite.tg\\\/?p=30096#breadcrumb\"},\"inLanguage\":\"fr-FR\",\"potentialAction\":[{\"@type\":\"ReadAction\",\"target\":[\"https:\\\/\\\/macite.tg\\\/?p=30096\"]}]},{\"@type\":\"ImageObject\",\"inLanguage\":\"fr-FR\",\"@id\":\"https:\\\/\\\/macite.tg\\\/?p=30096#primaryimage\",\"url\":\"https:\\\/\\\/macite.tg\\\/wp-content\\\/uploads\\\/2026\\\/04\\\/Defile-.jpg\",\"contentUrl\":\"https:\\\/\\\/macite.tg\\\/wp-content\\\/uploads\\\/2026\\\/04\\\/Defile-.jpg\",\"width\":500,\"height\":239},{\"@type\":\"BreadcrumbList\",\"@id\":\"https:\\\/\\\/macite.tg\\\/?p=30096#breadcrumb\",\"itemListElement\":[{\"@type\":\"ListItem\",\"position\":1,\"name\":\"Accueil\",\"item\":\"https:\\\/\\\/macite.tg\\\/\"},{\"@type\":\"ListItem\",\"position\":2,\"name\":\"66 ANS D\u2019INDEPENDANCE DU TOGO\u00a0: Une c\u00e9l\u00e9bration sous le signe de la Paix et de la r\u00e9silience\"}]},{\"@type\":\"WebSite\",\"@id\":\"https:\\\/\\\/macite.tg\\\/#website\",\"url\":\"https:\\\/\\\/macite.tg\\\/\",\"name\":\"\",\"description\":\"L&#039;information, la bonne!!!\",\"potentialAction\":[{\"@type\":\"SearchAction\",\"target\":{\"@type\":\"EntryPoint\",\"urlTemplate\":\"https:\\\/\\\/macite.tg\\\/?s={search_term_string}\"},\"query-input\":{\"@type\":\"PropertyValueSpecification\",\"valueRequired\":true,\"valueName\":\"search_term_string\"}}],\"inLanguage\":\"fr-FR\"},{\"@type\":\"Person\",\"@id\":\"https:\\\/\\\/macite.tg\\\/#\\\/schema\\\/person\\\/e9f2de7e5dbbe7770a9402c7ce82f5c2\",\"name\":\"Jean Pierre BAWELA\",\"image\":{\"@type\":\"ImageObject\",\"inLanguage\":\"fr-FR\",\"@id\":\"https:\\\/\\\/macite.tg\\\/wp-content\\\/uploads\\\/2023\\\/09\\\/WhatsApp-Image-2023-09-19-at-14.44.41-122x122.jpeg\",\"url\":\"https:\\\/\\\/macite.tg\\\/wp-content\\\/uploads\\\/2023\\\/09\\\/WhatsApp-Image-2023-09-19-at-14.44.41-122x122.jpeg\",\"contentUrl\":\"https:\\\/\\\/macite.tg\\\/wp-content\\\/uploads\\\/2023\\\/09\\\/WhatsApp-Image-2023-09-19-at-14.44.41-122x122.jpeg\",\"caption\":\"Jean Pierre BAWELA\"},\"url\":\"https:\\\/\\\/macite.tg\\\/?author=2\"}]}<\/script>\n<!-- \/ Yoast SEO plugin. -->","yoast_head_json":{"title":"66 ANS D\u2019INDEPENDANCE DU TOGO\u00a0: Une c\u00e9l\u00e9bration sous le signe de la Paix et de la r\u00e9silience -","robots":{"index":"index","follow":"follow","max-snippet":"max-snippet:-1","max-image-preview":"max-image-preview:large","max-video-preview":"max-video-preview:-1"},"canonical":"https:\/\/macite.tg\/?p=30096","og_locale":"fr_FR","og_type":"article","og_title":"66 ANS D\u2019INDEPENDANCE DU TOGO\u00a0: Une c\u00e9l\u00e9bration sous le signe de la Paix et de la r\u00e9silience -","og_description":"Le lundi 27 avril, la Nation togolaise a c\u00e9l\u00e9br\u00e9, avec faste, le 66\u00e8me anniversaire de son accession \u00e0 la souverainet\u00e9 internationale. Plac\u00e9e sous le th\u00e8me de l\u2019hospitalit\u00e9 et de la m\u00e9diation, cette c\u00e9l\u00e9bration a r\u00e9affirm\u00e9 le r\u00f4le strat\u00e9gique du pays dans la diplomatie mondiale. Un [&hellip;]","og_url":"https:\/\/macite.tg\/?p=30096","article_published_time":"2026-04-29T09:44:46+00:00","article_modified_time":"2026-04-30T11:48:48+00:00","og_image":[{"width":500,"height":239,"url":"https:\/\/macite.tg\/wp-content\/uploads\/2026\/04\/Defile-.jpg","type":"image\/jpeg"}],"author":"Jean Pierre BAWELA","twitter_card":"summary_large_image","twitter_misc":{"\u00c9crit par":"Jean Pierre BAWELA","Dur\u00e9e de lecture estim\u00e9e":"3 minutes"},"schema":{"@context":"https:\/\/schema.org","@graph":[{"@type":"Article","@id":"https:\/\/macite.tg\/?p=30096#article","isPartOf":{"@id":"https:\/\/macite.tg\/?p=30096"},"author":{"name":"Jean Pierre BAWELA","@id":"https:\/\/macite.tg\/#\/schema\/person\/e9f2de7e5dbbe7770a9402c7ce82f5c2"},"headline":"66 ANS D\u2019INDEPENDANCE DU TOGO\u00a0: Une c\u00e9l\u00e9bration sous le signe de la Paix et de la r\u00e9silience","datePublished":"2026-04-29T09:44:46+00:00","dateModified":"2026-04-30T11:48:48+00:00","mainEntityOfPage":{"@id":"https:\/\/macite.tg\/?p=30096"},"wordCount":427,"commentCount":0,"image":{"@id":"https:\/\/macite.tg\/?p=30096#primaryimage"},"thumbnailUrl":"https:\/\/macite.tg\/wp-content\/uploads\/2026\/04\/Defile-.jpg","articleSection":["ACTUALITE","POLITIQUE"],"inLanguage":"fr-FR","potentialAction":[{"@type":"CommentAction","name":"Comment","target":["https:\/\/macite.tg\/?p=30096#respond"]}]},{"@type":"WebPage","@id":"https:\/\/macite.tg\/?p=30096","url":"https:\/\/macite.tg\/?p=30096","name":"66 ANS D\u2019INDEPENDANCE DU TOGO\u00a0: Une c\u00e9l\u00e9bration sous le signe de la Paix et de la r\u00e9silience -","isPartOf":{"@id":"https:\/\/macite.tg\/#website"},"primaryImageOfPage":{"@id":"https:\/\/macite.tg\/?p=30096#primaryimage"},"image":{"@id":"https:\/\/macite.tg\/?p=30096#primaryimage"},"thumbnailUrl":"https:\/\/macite.tg\/wp-content\/uploads\/2026\/04\/Defile-.jpg","datePublished":"2026-04-29T09:44:46+00:00","dateModified":"2026-04-30T11:48:48+00:00","author":{"@id":"https:\/\/macite.tg\/#\/schema\/person\/e9f2de7e5dbbe7770a9402c7ce82f5c2"},"breadcrumb":{"@id":"https:\/\/macite.tg\/?p=30096#breadcrumb"},"inLanguage":"fr-FR","potentialAction":[{"@type":"ReadAction","target":["https:\/\/macite.tg\/?p=30096"]}]},{"@type":"ImageObject","inLanguage":"fr-FR","@id":"https:\/\/macite.tg\/?p=30096#primaryimage","url":"https:\/\/macite.tg\/wp-content\/uploads\/2026\/04\/Defile-.jpg","contentUrl":"https:\/\/macite.tg\/wp-content\/uploads\/2026\/04\/Defile-.jpg","width":500,"height":239},{"@type":"BreadcrumbList","@id":"https:\/\/macite.tg\/?p=30096#breadcrumb","itemListElement":[{"@type":"ListItem","position":1,"name":"Accueil","item":"https:\/\/macite.tg\/"},{"@type":"ListItem","position":2,"name":"66 ANS D\u2019INDEPENDANCE DU TOGO\u00a0: Une c\u00e9l\u00e9bration sous le signe de la Paix et de la r\u00e9silience"}]},{"@type":"WebSite","@id":"https:\/\/macite.tg\/#website","url":"https:\/\/macite.tg\/","name":"","description":"L&#039;information, la bonne!!!","potentialAction":[{"@type":"SearchAction","target":{"@type":"EntryPoint","urlTemplate":"https:\/\/macite.tg\/?s={search_term_string}"},"query-input":{"@type":"PropertyValueSpecification","valueRequired":true,"valueName":"search_term_string"}}],"inLanguage":"fr-FR"},{"@type":"Person","@id":"https:\/\/macite.tg\/#\/schema\/person\/e9f2de7e5dbbe7770a9402c7ce82f5c2","name":"Jean Pierre BAWELA","image":{"@type":"ImageObject","inLanguage":"fr-FR","@id":"https:\/\/macite.tg\/wp-content\/uploads\/2023\/09\/WhatsApp-Image-2023-09-19-at-14.44.41-122x122.jpeg","url":"https:\/\/macite.tg\/wp-content\/uploads\/2023\/09\/WhatsApp-Image-2023-09-19-at-14.44.41-122x122.jpeg","contentUrl":"https:\/\/macite.tg\/wp-content\/uploads\/2023\/09\/WhatsApp-Image-2023-09-19-at-14.44.41-122x122.jpeg","caption":"Jean Pierre BAWELA"},"url":"https:\/\/macite.tg\/?author=2"}]}},"_links":{"self":[{"href":"https:\/\/macite.tg\/index.php?rest_route=\/wp\/v2\/posts\/30096","targetHints":{"allow":["GET"]}}],"collection":[{"href":"https:\/\/macite.tg\/index.php?rest_route=\/wp\/v2\/posts"}],"about":[{"href":"https:\/\/macite.tg\/index.php?rest_route=\/wp\/v2\/types\/post"}],"author":[{"embeddable":true,"href":"https:\/\/macite.tg\/index.php?rest_route=\/wp\/v2\/users\/2"}],"replies":[{"embeddable":true,"href":"https:\/\/macite.tg\/index.php?rest_route=%2Fwp%2Fv2%2Fcomments&post=30096"}],"version-history":[{"count":0,"href":"https:\/\/macite.tg\/index.php?rest_route=\/wp\/v2\/posts\/30096\/revisions"}],"wp:featuredmedia":[{"embeddable":true,"href":"https:\/\/macite.tg\/index.php?rest_route=\/wp\/v2\/media\/30100"}],"wp:attachment":[{"href":"https:\/\/macite.tg\/index.php?rest_route=%2Fwp%2Fv2%2Fmedia&parent=30096"}],"wp:term":[{"taxonomy":"category","embeddable":true,"href":"https:\/\/macite.tg\/index.php?rest_route=%2Fwp%2Fv2%2Fcategories&post=30096"},{"taxonomy":"post_tag","embeddable":true,"href":"https:\/\/macite.tg\/index.php?rest_route=%2Fwp%2Fv2%2Ftags&post=30096"}],"curies":[{"name":"wp","href":"https:\/\/api.w.org\/{rel}","templated":true}]}}