{"id":30083,"date":"2026-04-29T16:02:03","date_gmt":"2026-04-29T16:02:03","guid":{"rendered":"https:\/\/macite.tg\/?p=30083"},"modified":"2026-04-29T16:02:19","modified_gmt":"2026-04-29T16:02:19","slug":"mondial-2026-lexperience-de-la-can-2025-capitalisee-au-rendez-vous-planetaire","status":"publish","type":"post","link":"https:\/\/macite.tg\/?p=30083","title":{"rendered":"MONDIAL 2026 : L\u2019exp\u00e9rience de la CAN 2025 capitalis\u00e9e au rendez-vous plan\u00e9taire"},"content":{"rendered":"\n<p class=\"wp-block-paragraph\"><strong><em>Toute \u00e9quipe qui provoque l\u2019arr\u00eat d\u00e9finitif d\u2019un match sera d\u00e9clar\u00e9e perdante par forfait (IFAB). \u00c0 l\u2019occasion d\u2019une r\u00e9union extraordinaire tenue \u00e0\u00a0Vancouver, au\u00a0Canada, l\u2019IFAB\u00a0a ainsi tranch\u00e9 que les\u00a0joueurs\u00a0qui quittent le terrain de jeu \u2013 ou les officiels qui les incitent \u00e0 le faire \u2013 en signe de protestation contre une\u00a0d\u00e9cision arbitrale\u00a0pourront \u00eatre exclus.<\/em><\/strong><\/p>\n\n\n\n<p class=\"wp-block-paragraph\">Ces mesures seront mises en \u0153uvre lors de la&nbsp;Coupe du Monde de football 2026, indique un communiqu\u00e9 de la&nbsp;FIFA&nbsp;diffus\u00e9 \u00e0 l\u2019issue de cette r\u00e9union. Le second amendement adopt\u00e9 par l\u2019IFAB porte sur l\u2019exclusion des joueurs se couvrant la bouche lors de situations confrontationnelles avec un adversaire.<\/p>\n\n\n\n<p class=\"wp-block-paragraph\"><strong><em>\u00ab&nbsp;\u00c0 la discr\u00e9tion de l\u2019organisateur de comp\u00e9tition, tout joueur qui se couvre la bouche lors d\u2019une situation confrontationnelle avec un adversaire pourra \u00eatre sanctionn\u00e9 d\u2019un&nbsp;carton rouge&nbsp;\u00bb,<\/em><\/strong> pr\u00e9cise-t-on.<\/p>\n\n\n<div class=\"wp-block-image\">\n<figure class=\"aligncenter size-full\"><img loading=\"lazy\" decoding=\"async\" width=\"511\" height=\"640\" src=\"https:\/\/macite.tg\/wp-content\/uploads\/2026\/04\/web-30-Avril.jpg\" alt=\"\" class=\"wp-image-30076\" srcset=\"https:\/\/macite.tg\/wp-content\/uploads\/2026\/04\/web-30-Avril.jpg 511w, https:\/\/macite.tg\/wp-content\/uploads\/2026\/04\/web-30-Avril-240x300.jpg 240w\" sizes=\"auto, (max-width: 511px) 100vw, 511px\" \/><\/figure>\n<\/div>\n\n\n<p class=\"wp-block-paragraph\">Et d\u2019ajouter que ces d\u00e9cisions r\u00e9sultent de consultations approfondies men\u00e9es par la FIFA aupr\u00e8s de toutes les parties prenantes concern\u00e9es, comme convenu lors de l\u2019assembl\u00e9e g\u00e9n\u00e9rale annuelle de l\u2019IFAB en f\u00e9vrier dernier.<\/p>\n\n\n\n<p class=\"wp-block-paragraph\">Ces amendements seront communiqu\u00e9s aux 48 \u00e9quipes participantes de la&nbsp;Coupe du Monde de la FIFA 2026&nbsp;dans les prochaines semaines, selon la m\u00eame source.<\/p>\n\n\n\n<p class=\"wp-block-paragraph\"><strong>SyndiGate Media Inc.<\/strong><\/p>\n\n\n\n<p class=\"wp-block-paragraph\"><a><strong><em>@macite.tg&nbsp;&nbsp;&nbsp;&nbsp;&nbsp;&nbsp;&nbsp;&nbsp;<\/em><\/strong><\/a><\/p>\n\n\n\n<p class=\"wp-block-paragraph\"><strong><em>E-mail&nbsp;: <\/em><\/strong><a href=\"mailto:maciteinfo@gmail.com\"><strong><em>maciteinfo@gmail.com<\/em><\/strong><\/a><strong><em>; <\/em><\/strong><a href=\"mailto:bawela1@gmail.com\"><strong><em>bawela1@gmail.com<\/em><\/strong><\/a><strong><em><\/em><\/strong><\/p>\n\n\n\n<p class=\"wp-block-paragraph\"><strong><em>Pour vos annonces, publi-reportages, etc., joignez-nous au (00228)91515309\/<strong>79872224 <\/strong><strong><\/strong><\/em><\/strong><\/p>\n\n\n\n<p class=\"wp-block-paragraph\"><strong><em>www.macite.tg, L\u2019information, la bonne&nbsp;!<\/em><\/strong><\/p>\n","protected":false},"excerpt":{"rendered":"<p class=\"text-justify mb-2\" >Toute \u00e9quipe qui provoque l\u2019arr\u00eat d\u00e9finitif d\u2019un match sera d\u00e9clar\u00e9e perdante par forfait (IFAB). \u00c0 l\u2019occasion d\u2019une r\u00e9union extraordinaire tenue \u00e0\u00a0Vancouver, au\u00a0Canada, l\u2019IFAB\u00a0a ainsi tranch\u00e9 que les\u00a0joueurs\u00a0qui quittent le terrain de jeu \u2013 ou les officiels qui les incitent \u00e0 le faire \u2013 en signe [&hellip;]<\/p>\n","protected":false},"author":2,"featured_media":30086,"comment_status":"open","ping_status":"open","sticky":false,"template":"","format":"standard","meta":{"footnotes":""},"categories":[20,63,7],"tags":[],"class_list":["post-30083","post","type-post","status-publish","format-standard","has-post-thumbnail","hentry","category-actualite","category-football","category-sports"],"yoast_head":"<!-- This site is optimized with the Yoast SEO plugin v28.4 - https:\/\/yoast.com\/product\/yoast-seo-wordpress\/ -->\n<title>MONDIAL 2026 : L\u2019exp\u00e9rience de la CAN 2025 capitalis\u00e9e au rendez-vous plan\u00e9taire -<\/title>\n<meta name=\"robots\" content=\"index, follow, max-snippet:-1, max-image-preview:large, max-video-preview:-1\" \/>\n<link rel=\"canonical\" href=\"https:\/\/macite.tg\/?p=30083\" \/>\n<meta property=\"og:locale\" content=\"fr_FR\" \/>\n<meta property=\"og:type\" content=\"article\" \/>\n<meta property=\"og:title\" content=\"MONDIAL 2026 : L\u2019exp\u00e9rience de la CAN 2025 capitalis\u00e9e au rendez-vous plan\u00e9taire -\" \/>\n<meta property=\"og:description\" content=\"Toute \u00e9quipe qui provoque l\u2019arr\u00eat d\u00e9finitif d\u2019un match sera d\u00e9clar\u00e9e perdante par forfait (IFAB). \u00c0 l\u2019occasion d\u2019une r\u00e9union extraordinaire tenue \u00e0\u00a0Vancouver, au\u00a0Canada, l\u2019IFAB\u00a0a ainsi tranch\u00e9 que les\u00a0joueurs\u00a0qui quittent le terrain de jeu \u2013 ou les officiels qui les incitent \u00e0 le faire \u2013 en signe [&hellip;]\" \/>\n<meta property=\"og:url\" content=\"https:\/\/macite.tg\/?p=30083\" \/>\n<meta property=\"article:published_time\" content=\"2026-04-29T16:02:03+00:00\" \/>\n<meta property=\"article:modified_time\" content=\"2026-04-29T16:02:19+00:00\" \/>\n<meta property=\"og:image\" content=\"https:\/\/macite.tg\/wp-content\/uploads\/2026\/04\/image-78.png\" \/>\n\t<meta property=\"og:image:width\" content=\"374\" \/>\n\t<meta property=\"og:image:height\" content=\"234\" \/>\n\t<meta property=\"og:image:type\" content=\"image\/png\" \/>\n<meta name=\"author\" content=\"Jean Pierre BAWELA\" \/>\n<meta name=\"twitter:card\" content=\"summary_large_image\" \/>\n<meta name=\"twitter:label1\" content=\"\u00c9crit par\" \/>\n\t<meta name=\"twitter:data1\" content=\"Jean Pierre BAWELA\" \/>\n\t<meta name=\"twitter:label2\" content=\"Dur\u00e9e de lecture estim\u00e9e\" \/>\n\t<meta name=\"twitter:data2\" content=\"2 minutes\" \/>\n<script type=\"application\/ld+json\" class=\"yoast-schema-graph\">{\"@context\":\"https:\\\/\\\/schema.org\",\"@graph\":[{\"@type\":\"Article\",\"@id\":\"https:\\\/\\\/macite.tg\\\/?p=30083#article\",\"isPartOf\":{\"@id\":\"https:\\\/\\\/macite.tg\\\/?p=30083\"},\"author\":{\"name\":\"Jean Pierre BAWELA\",\"@id\":\"https:\\\/\\\/macite.tg\\\/#\\\/schema\\\/person\\\/e9f2de7e5dbbe7770a9402c7ce82f5c2\"},\"headline\":\"MONDIAL 2026 : L\u2019exp\u00e9rience de la CAN 2025 capitalis\u00e9e au rendez-vous plan\u00e9taire\",\"datePublished\":\"2026-04-29T16:02:03+00:00\",\"dateModified\":\"2026-04-29T16:02:19+00:00\",\"mainEntityOfPage\":{\"@id\":\"https:\\\/\\\/macite.tg\\\/?p=30083\"},\"wordCount\":275,\"commentCount\":0,\"image\":{\"@id\":\"https:\\\/\\\/macite.tg\\\/?p=30083#primaryimage\"},\"thumbnailUrl\":\"https:\\\/\\\/macite.tg\\\/wp-content\\\/uploads\\\/2026\\\/04\\\/image-78.png\",\"articleSection\":[\"ACTUALITE\",\"FOOTBALL\",\"SPORTS\"],\"inLanguage\":\"fr-FR\",\"potentialAction\":[{\"@type\":\"CommentAction\",\"name\":\"Comment\",\"target\":[\"https:\\\/\\\/macite.tg\\\/?p=30083#respond\"]}]},{\"@type\":\"WebPage\",\"@id\":\"https:\\\/\\\/macite.tg\\\/?p=30083\",\"url\":\"https:\\\/\\\/macite.tg\\\/?p=30083\",\"name\":\"MONDIAL 2026 : L\u2019exp\u00e9rience de la CAN 2025 capitalis\u00e9e au rendez-vous plan\u00e9taire -\",\"isPartOf\":{\"@id\":\"https:\\\/\\\/macite.tg\\\/#website\"},\"primaryImageOfPage\":{\"@id\":\"https:\\\/\\\/macite.tg\\\/?p=30083#primaryimage\"},\"image\":{\"@id\":\"https:\\\/\\\/macite.tg\\\/?p=30083#primaryimage\"},\"thumbnailUrl\":\"https:\\\/\\\/macite.tg\\\/wp-content\\\/uploads\\\/2026\\\/04\\\/image-78.png\",\"datePublished\":\"2026-04-29T16:02:03+00:00\",\"dateModified\":\"2026-04-29T16:02:19+00:00\",\"author\":{\"@id\":\"https:\\\/\\\/macite.tg\\\/#\\\/schema\\\/person\\\/e9f2de7e5dbbe7770a9402c7ce82f5c2\"},\"breadcrumb\":{\"@id\":\"https:\\\/\\\/macite.tg\\\/?p=30083#breadcrumb\"},\"inLanguage\":\"fr-FR\",\"potentialAction\":[{\"@type\":\"ReadAction\",\"target\":[\"https:\\\/\\\/macite.tg\\\/?p=30083\"]}]},{\"@type\":\"ImageObject\",\"inLanguage\":\"fr-FR\",\"@id\":\"https:\\\/\\\/macite.tg\\\/?p=30083#primaryimage\",\"url\":\"https:\\\/\\\/macite.tg\\\/wp-content\\\/uploads\\\/2026\\\/04\\\/image-78.png\",\"contentUrl\":\"https:\\\/\\\/macite.tg\\\/wp-content\\\/uploads\\\/2026\\\/04\\\/image-78.png\",\"width\":374,\"height\":234},{\"@type\":\"BreadcrumbList\",\"@id\":\"https:\\\/\\\/macite.tg\\\/?p=30083#breadcrumb\",\"itemListElement\":[{\"@type\":\"ListItem\",\"position\":1,\"name\":\"Accueil\",\"item\":\"https:\\\/\\\/macite.tg\\\/\"},{\"@type\":\"ListItem\",\"position\":2,\"name\":\"MONDIAL 2026 : L\u2019exp\u00e9rience de la CAN 2025 capitalis\u00e9e au rendez-vous plan\u00e9taire\"}]},{\"@type\":\"WebSite\",\"@id\":\"https:\\\/\\\/macite.tg\\\/#website\",\"url\":\"https:\\\/\\\/macite.tg\\\/\",\"name\":\"\",\"description\":\"L&#039;information, la bonne!!!\",\"potentialAction\":[{\"@type\":\"SearchAction\",\"target\":{\"@type\":\"EntryPoint\",\"urlTemplate\":\"https:\\\/\\\/macite.tg\\\/?s={search_term_string}\"},\"query-input\":{\"@type\":\"PropertyValueSpecification\",\"valueRequired\":true,\"valueName\":\"search_term_string\"}}],\"inLanguage\":\"fr-FR\"},{\"@type\":\"Person\",\"@id\":\"https:\\\/\\\/macite.tg\\\/#\\\/schema\\\/person\\\/e9f2de7e5dbbe7770a9402c7ce82f5c2\",\"name\":\"Jean Pierre BAWELA\",\"image\":{\"@type\":\"ImageObject\",\"inLanguage\":\"fr-FR\",\"@id\":\"https:\\\/\\\/macite.tg\\\/wp-content\\\/uploads\\\/2023\\\/09\\\/WhatsApp-Image-2023-09-19-at-14.44.41-122x122.jpeg\",\"url\":\"https:\\\/\\\/macite.tg\\\/wp-content\\\/uploads\\\/2023\\\/09\\\/WhatsApp-Image-2023-09-19-at-14.44.41-122x122.jpeg\",\"contentUrl\":\"https:\\\/\\\/macite.tg\\\/wp-content\\\/uploads\\\/2023\\\/09\\\/WhatsApp-Image-2023-09-19-at-14.44.41-122x122.jpeg\",\"caption\":\"Jean Pierre BAWELA\"},\"url\":\"https:\\\/\\\/macite.tg\\\/?author=2\"}]}<\/script>\n<!-- \/ Yoast SEO plugin. -->","yoast_head_json":{"title":"MONDIAL 2026 : L\u2019exp\u00e9rience de la CAN 2025 capitalis\u00e9e au rendez-vous plan\u00e9taire -","robots":{"index":"index","follow":"follow","max-snippet":"max-snippet:-1","max-image-preview":"max-image-preview:large","max-video-preview":"max-video-preview:-1"},"canonical":"https:\/\/macite.tg\/?p=30083","og_locale":"fr_FR","og_type":"article","og_title":"MONDIAL 2026 : L\u2019exp\u00e9rience de la CAN 2025 capitalis\u00e9e au rendez-vous plan\u00e9taire -","og_description":"Toute \u00e9quipe qui provoque l\u2019arr\u00eat d\u00e9finitif d\u2019un match sera d\u00e9clar\u00e9e perdante par forfait (IFAB). \u00c0 l\u2019occasion d\u2019une r\u00e9union extraordinaire tenue \u00e0\u00a0Vancouver, au\u00a0Canada, l\u2019IFAB\u00a0a ainsi tranch\u00e9 que les\u00a0joueurs\u00a0qui quittent le terrain de jeu \u2013 ou les officiels qui les incitent \u00e0 le faire \u2013 en signe [&hellip;]","og_url":"https:\/\/macite.tg\/?p=30083","article_published_time":"2026-04-29T16:02:03+00:00","article_modified_time":"2026-04-29T16:02:19+00:00","og_image":[{"width":374,"height":234,"url":"https:\/\/macite.tg\/wp-content\/uploads\/2026\/04\/image-78.png","type":"image\/png"}],"author":"Jean Pierre BAWELA","twitter_card":"summary_large_image","twitter_misc":{"\u00c9crit par":"Jean Pierre BAWELA","Dur\u00e9e de lecture estim\u00e9e":"2 minutes"},"schema":{"@context":"https:\/\/schema.org","@graph":[{"@type":"Article","@id":"https:\/\/macite.tg\/?p=30083#article","isPartOf":{"@id":"https:\/\/macite.tg\/?p=30083"},"author":{"name":"Jean Pierre BAWELA","@id":"https:\/\/macite.tg\/#\/schema\/person\/e9f2de7e5dbbe7770a9402c7ce82f5c2"},"headline":"MONDIAL 2026 : L\u2019exp\u00e9rience de la CAN 2025 capitalis\u00e9e au rendez-vous plan\u00e9taire","datePublished":"2026-04-29T16:02:03+00:00","dateModified":"2026-04-29T16:02:19+00:00","mainEntityOfPage":{"@id":"https:\/\/macite.tg\/?p=30083"},"wordCount":275,"commentCount":0,"image":{"@id":"https:\/\/macite.tg\/?p=30083#primaryimage"},"thumbnailUrl":"https:\/\/macite.tg\/wp-content\/uploads\/2026\/04\/image-78.png","articleSection":["ACTUALITE","FOOTBALL","SPORTS"],"inLanguage":"fr-FR","potentialAction":[{"@type":"CommentAction","name":"Comment","target":["https:\/\/macite.tg\/?p=30083#respond"]}]},{"@type":"WebPage","@id":"https:\/\/macite.tg\/?p=30083","url":"https:\/\/macite.tg\/?p=30083","name":"MONDIAL 2026 : L\u2019exp\u00e9rience de la CAN 2025 capitalis\u00e9e au rendez-vous plan\u00e9taire -","isPartOf":{"@id":"https:\/\/macite.tg\/#website"},"primaryImageOfPage":{"@id":"https:\/\/macite.tg\/?p=30083#primaryimage"},"image":{"@id":"https:\/\/macite.tg\/?p=30083#primaryimage"},"thumbnailUrl":"https:\/\/macite.tg\/wp-content\/uploads\/2026\/04\/image-78.png","datePublished":"2026-04-29T16:02:03+00:00","dateModified":"2026-04-29T16:02:19+00:00","author":{"@id":"https:\/\/macite.tg\/#\/schema\/person\/e9f2de7e5dbbe7770a9402c7ce82f5c2"},"breadcrumb":{"@id":"https:\/\/macite.tg\/?p=30083#breadcrumb"},"inLanguage":"fr-FR","potentialAction":[{"@type":"ReadAction","target":["https:\/\/macite.tg\/?p=30083"]}]},{"@type":"ImageObject","inLanguage":"fr-FR","@id":"https:\/\/macite.tg\/?p=30083#primaryimage","url":"https:\/\/macite.tg\/wp-content\/uploads\/2026\/04\/image-78.png","contentUrl":"https:\/\/macite.tg\/wp-content\/uploads\/2026\/04\/image-78.png","width":374,"height":234},{"@type":"BreadcrumbList","@id":"https:\/\/macite.tg\/?p=30083#breadcrumb","itemListElement":[{"@type":"ListItem","position":1,"name":"Accueil","item":"https:\/\/macite.tg\/"},{"@type":"ListItem","position":2,"name":"MONDIAL 2026 : L\u2019exp\u00e9rience de la CAN 2025 capitalis\u00e9e au rendez-vous plan\u00e9taire"}]},{"@type":"WebSite","@id":"https:\/\/macite.tg\/#website","url":"https:\/\/macite.tg\/","name":"","description":"L&#039;information, la bonne!!!","potentialAction":[{"@type":"SearchAction","target":{"@type":"EntryPoint","urlTemplate":"https:\/\/macite.tg\/?s={search_term_string}"},"query-input":{"@type":"PropertyValueSpecification","valueRequired":true,"valueName":"search_term_string"}}],"inLanguage":"fr-FR"},{"@type":"Person","@id":"https:\/\/macite.tg\/#\/schema\/person\/e9f2de7e5dbbe7770a9402c7ce82f5c2","name":"Jean Pierre BAWELA","image":{"@type":"ImageObject","inLanguage":"fr-FR","@id":"https:\/\/macite.tg\/wp-content\/uploads\/2023\/09\/WhatsApp-Image-2023-09-19-at-14.44.41-122x122.jpeg","url":"https:\/\/macite.tg\/wp-content\/uploads\/2023\/09\/WhatsApp-Image-2023-09-19-at-14.44.41-122x122.jpeg","contentUrl":"https:\/\/macite.tg\/wp-content\/uploads\/2023\/09\/WhatsApp-Image-2023-09-19-at-14.44.41-122x122.jpeg","caption":"Jean Pierre BAWELA"},"url":"https:\/\/macite.tg\/?author=2"}]}},"_links":{"self":[{"href":"https:\/\/macite.tg\/index.php?rest_route=\/wp\/v2\/posts\/30083","targetHints":{"allow":["GET"]}}],"collection":[{"href":"https:\/\/macite.tg\/index.php?rest_route=\/wp\/v2\/posts"}],"about":[{"href":"https:\/\/macite.tg\/index.php?rest_route=\/wp\/v2\/types\/post"}],"author":[{"embeddable":true,"href":"https:\/\/macite.tg\/index.php?rest_route=\/wp\/v2\/users\/2"}],"replies":[{"embeddable":true,"href":"https:\/\/macite.tg\/index.php?rest_route=%2Fwp%2Fv2%2Fcomments&post=30083"}],"version-history":[{"count":0,"href":"https:\/\/macite.tg\/index.php?rest_route=\/wp\/v2\/posts\/30083\/revisions"}],"wp:featuredmedia":[{"embeddable":true,"href":"https:\/\/macite.tg\/index.php?rest_route=\/wp\/v2\/media\/30086"}],"wp:attachment":[{"href":"https:\/\/macite.tg\/index.php?rest_route=%2Fwp%2Fv2%2Fmedia&parent=30083"}],"wp:term":[{"taxonomy":"category","embeddable":true,"href":"https:\/\/macite.tg\/index.php?rest_route=%2Fwp%2Fv2%2Fcategories&post=30083"},{"taxonomy":"post_tag","embeddable":true,"href":"https:\/\/macite.tg\/index.php?rest_route=%2Fwp%2Fv2%2Ftags&post=30083"}],"curies":[{"name":"wp","href":"https:\/\/api.w.org\/{rel}","templated":true}]}}