{"id":30073,"date":"2026-04-29T11:11:41","date_gmt":"2026-04-29T11:11:41","guid":{"rendered":"https:\/\/macite.tg\/?p=30073"},"modified":"2026-04-29T12:10:21","modified_gmt":"2026-04-29T12:10:21","slug":"45-min-avec-lotr-rendez-vous-ce-30-juin-pour-mieux-cerner-le-controle-fiscal","status":"publish","type":"post","link":"https:\/\/macite.tg\/?p=30073","title":{"rendered":"\u00ab\u00a045 MIN AVEC L&rsquo;OTR\u00a0\u00bb\u00a0: Rendez-vous ce 30 juin pour mieux cerner le \u2018\u2019contr\u00f4le fiscal\u2019\u2019"},"content":{"rendered":"\n<p class=\"wp-block-paragraph\"><strong><em>Souvent per\u00e7u comme une source de stress pour les chefs d&rsquo;entreprise, le contr\u00f4le fiscal doit \u00eatre une <\/em><\/strong><em>\u00e9tape ma\u00eetris\u00e9e de la vie de votre soci\u00e9t\u00e9. Et la loi est de votre c\u00f4t\u00e9 puisqu\u2019elle pr\u00e9voit <strong>des garanties strictes pour prot\u00e9ger le contribuable. Pour tout comprendre, ne manquez pas le webinaire exclusif de l&rsquo;Office Togolais des Recettes (OTR) ce jeudi 30 avril.<\/strong><\/em><\/p>\n\n\n\n<p class=\"wp-block-paragraph\">L\u2019administration fiscale vous donne rendez-vous, ce jeudi 30 avril 2026, dans l\u2019\u00e9mission <em>\u00ab&nbsp;45 min avec l&rsquo;OTR&nbsp;\u00bb,<\/em> consacr\u00e9e aux questions en lien avec le contr\u00f4le fiscal au Togo. Une belle opportunit\u00e9, pour les chefs d\u2019entreprises, pour mieux comprendre les garanties du contribuable, mieux, comment transformer une v\u00e9rification en un dialogue constructif.<\/p>\n\n\n\n<p class=\"wp-block-paragraph\">Face \u00e0 un inspecteur des imp\u00f4ts, beaucoup de chefs d&rsquo;entreprise ignorent l&rsquo;\u00e9tendue de leurs droits. Cette m\u00e9connaissance peut transformer une proc\u00e9dure de routine en un v\u00e9ritable casse-t\u00eate administratif.<\/p>\n\n\n\n<p class=\"wp-block-paragraph\">Pour instaurer un climat de confiance et de transparence, l\u2019OTR d\u00e9die une session d&rsquo;\u00e9change de 45 minutes aux garanties du contribuable v\u00e9rifi\u00e9.<\/p>\n\n\n<div class=\"wp-block-image\">\n<figure class=\"aligncenter size-full is-resized\"><img loading=\"lazy\" decoding=\"async\" width=\"500\" height=\"304\" src=\"https:\/\/macite.tg\/wp-content\/uploads\/2026\/04\/OTR_SAM.jpg\" alt=\"\" class=\"wp-image-30044\" style=\"width:717px;height:auto\" srcset=\"https:\/\/macite.tg\/wp-content\/uploads\/2026\/04\/OTR_SAM.jpg 500w, https:\/\/macite.tg\/wp-content\/uploads\/2026\/04\/OTR_SAM-300x182.jpg 300w\" sizes=\"auto, (max-width: 500px) 100vw, 500px\" \/><\/figure>\n<\/div>\n\n\n<p class=\"wp-block-paragraph\"><strong>Que gagne-t-on en participant \u00e0 ce webinaire ?<\/strong><\/p>\n\n\n\n<p class=\"wp-block-paragraph\">L&rsquo;objectif de cette rencontre n&rsquo;est pas seulement technique&nbsp;; il est strat\u00e9gique. Ainsi, vous aviez plusieurs avantages en participant, \u00e0 savoir :<\/p>\n\n\n\n<p class=\"wp-block-paragraph\">D\u2019abord<strong>, ma\u00eetriser vos droits :<\/strong> Quelles sont les obligations de l&rsquo;administration fiscale avant, pendant et apr\u00e8s le contr\u00f4le ?<\/p>\n\n\n\n<p class=\"wp-block-paragraph\">Ensuite, vous d\u00e9couvrirez <strong>comment<\/strong> <strong>dialoguer efficacement :<\/strong> Comment transformer une v\u00e9rification comptable en un \u00e9change constructif avec l&rsquo;administration.<\/p>\n\n\n\n<p class=\"wp-block-paragraph\">Et enfin, vos saurez d\u00e9sormais<strong> \u00e9viter les erreurs :<\/strong> Pr\u00e9venir les incompr\u00e9hensions qui m\u00e8nent souvent \u00e0 des redressements \u00e9vitables.<\/p>\n\n\n\n<p class=\"wp-block-paragraph\"><strong>R\u00e9capitulatifs des infos pratiques &amp; Inscription<\/strong><\/p>\n\n\n\n<p class=\"wp-block-paragraph\">R\u00e9servez votre cr\u00e9neau pour ce jeudi 30 avril 2026 et munissez-vous de vos questions !<\/p>\n\n\n\n<ul class=\"wp-block-list\">\n<li><strong>Date :<\/strong> Jeudi 30 avril 2026<\/li>\n\n\n\n<li><strong>Heure :<\/strong> 10h00 (GMT)<\/li>\n\n\n\n<li><strong>Dur\u00e9e :<\/strong> 45 minutes chrono<\/li>\n<\/ul>\n\n\n\n<figure class=\"wp-block-image size-full\"><img loading=\"lazy\" decoding=\"async\" width=\"851\" height=\"315\" src=\"https:\/\/macite.tg\/wp-content\/uploads\/2026\/04\/OTR_Ferer-pour-batir-1.jpg\" alt=\"\" class=\"wp-image-29832\" srcset=\"https:\/\/macite.tg\/wp-content\/uploads\/2026\/04\/OTR_Ferer-pour-batir-1.jpg 851w, https:\/\/macite.tg\/wp-content\/uploads\/2026\/04\/OTR_Ferer-pour-batir-1-300x111.jpg 300w, https:\/\/macite.tg\/wp-content\/uploads\/2026\/04\/OTR_Ferer-pour-batir-1-768x284.jpg 768w\" sizes=\"auto, (max-width: 851px) 100vw, 851px\" \/><\/figure>\n\n\n\n<p class=\"wp-block-paragraph\"><strong>Comment rejoindre la session ?<\/strong><\/p>\n\n\n\n<p class=\"wp-block-paragraph\">C\u2019est tout simple, le webinaire se tiendra en ligne via la plateforme Zoom. Voici les acc\u00e8s directs :<\/p>\n\n\n\n<p class=\"wp-block-paragraph\">&#8211; <strong>Lien de connexion :<\/strong> <a href=\"https:\/\/bit.ly\/OTR45\" target=\"_blank\" rel=\"noreferrer noopener\">Cliquez ici pour rejoindre (bit.ly\/OTR45)<\/a><\/p>\n\n\n\n<p class=\"wp-block-paragraph\">&#8211; <strong>ID de r\u00e9union :<\/strong> 846 6778 0585<\/p>\n\n\n\n<p class=\"wp-block-paragraph\">&#8211; <strong>Code secret :<\/strong> 579210<\/p>\n\n\n\n<p class=\"wp-block-paragraph\">Notons qu\u2019un chef d&rsquo;entreprise averti en vaut deux. Le contr\u00f4le fiscal ne doit plus \u00eatre une fatalit\u00e9, mais une \u00e9tape ma\u00eetris\u00e9e de la vie de votre soci\u00e9t\u00e9. Profitez de ce direct avec les experts de l&rsquo;OTR pour poser vos questions sans tabou et s\u00e9curiser votre activit\u00e9.<\/p>\n\n\n\n<p class=\"wp-block-paragraph\"><strong>La R\u00e9daction<\/strong><\/p>\n\n\n\n<p class=\"wp-block-paragraph\"><a><strong><em>@macite.tg&nbsp;&nbsp;&nbsp;&nbsp;&nbsp;&nbsp;&nbsp;&nbsp;<\/em><\/strong><\/a><\/p>\n\n\n\n<p class=\"wp-block-paragraph\"><strong><em>E-mail&nbsp;: <\/em><\/strong><a href=\"mailto:maciteinfo@gmail.com\"><strong><em>maciteinfo@gmail.com<\/em><\/strong><\/a><strong><em>; <\/em><\/strong><a href=\"mailto:bawela1@gmail.com\"><strong><em>bawela1@gmail.com<\/em><\/strong><\/a><strong><em><\/em><\/strong><\/p>\n\n\n\n<p class=\"wp-block-paragraph\"><strong><em>Pour vos annonces, publi-reportages, etc., joignez-nous au (00228)91515309\/<strong>79872224 <\/strong><strong><\/strong><\/em><\/strong><\/p>\n\n\n\n<p class=\"wp-block-paragraph\"><strong><em>www.macite.tg, L\u2019information, la bonne&nbsp;!<\/em><\/strong><\/p>\n","protected":false},"excerpt":{"rendered":"<p class=\"text-justify mb-2\" >Souvent per\u00e7u comme une source de stress pour les chefs d&rsquo;entreprise, le contr\u00f4le fiscal doit \u00eatre une \u00e9tape ma\u00eetris\u00e9e de la vie de votre soci\u00e9t\u00e9. Et la loi est de votre c\u00f4t\u00e9 puisqu\u2019elle pr\u00e9voit des garanties strictes pour prot\u00e9ger le contribuable. Pour tout comprendre, ne [&hellip;]<\/p>\n","protected":false},"author":2,"featured_media":30076,"comment_status":"open","ping_status":"open","sticky":false,"template":"","format":"standard","meta":{"footnotes":""},"categories":[20,66],"tags":[],"class_list":["post-30073","post","type-post","status-publish","format-standard","has-post-thumbnail","hentry","category-actualite","category-fiscalite"],"yoast_head":"<!-- This site is optimized with the Yoast SEO plugin v28.4 - https:\/\/yoast.com\/product\/yoast-seo-wordpress\/ -->\n<title>\u00ab\u00a045 MIN AVEC L&#039;OTR\u00a0\u00bb\u00a0: Rendez-vous ce 30 juin pour mieux cerner le \u2018\u2019contr\u00f4le fiscal\u2019\u2019 -<\/title>\n<meta name=\"robots\" content=\"index, follow, max-snippet:-1, max-image-preview:large, max-video-preview:-1\" \/>\n<link rel=\"canonical\" href=\"https:\/\/macite.tg\/?p=30073\" \/>\n<meta property=\"og:locale\" content=\"fr_FR\" \/>\n<meta property=\"og:type\" content=\"article\" \/>\n<meta property=\"og:title\" content=\"\u00ab\u00a045 MIN AVEC L&#039;OTR\u00a0\u00bb\u00a0: Rendez-vous ce 30 juin pour mieux cerner le \u2018\u2019contr\u00f4le fiscal\u2019\u2019 -\" \/>\n<meta property=\"og:description\" content=\"Souvent per\u00e7u comme une source de stress pour les chefs d&rsquo;entreprise, le contr\u00f4le fiscal doit \u00eatre une \u00e9tape ma\u00eetris\u00e9e de la vie de votre soci\u00e9t\u00e9. Et la loi est de votre c\u00f4t\u00e9 puisqu\u2019elle pr\u00e9voit des garanties strictes pour prot\u00e9ger le contribuable. Pour tout comprendre, ne [&hellip;]\" \/>\n<meta property=\"og:url\" content=\"https:\/\/macite.tg\/?p=30073\" \/>\n<meta property=\"article:published_time\" content=\"2026-04-29T11:11:41+00:00\" \/>\n<meta property=\"article:modified_time\" content=\"2026-04-29T12:10:21+00:00\" \/>\n<meta property=\"og:image\" content=\"https:\/\/macite.tg\/wp-content\/uploads\/2026\/04\/web-30-Avril.jpg\" \/>\n\t<meta property=\"og:image:width\" content=\"511\" \/>\n\t<meta property=\"og:image:height\" content=\"640\" \/>\n\t<meta property=\"og:image:type\" content=\"image\/jpeg\" \/>\n<meta name=\"author\" content=\"Jean Pierre BAWELA\" \/>\n<meta name=\"twitter:card\" content=\"summary_large_image\" \/>\n<meta name=\"twitter:label1\" content=\"\u00c9crit par\" \/>\n\t<meta name=\"twitter:data1\" content=\"Jean Pierre BAWELA\" \/>\n\t<meta name=\"twitter:label2\" content=\"Dur\u00e9e de lecture estim\u00e9e\" \/>\n\t<meta name=\"twitter:data2\" content=\"3 minutes\" \/>\n<script type=\"application\/ld+json\" class=\"yoast-schema-graph\">{\"@context\":\"https:\\\/\\\/schema.org\",\"@graph\":[{\"@type\":\"Article\",\"@id\":\"https:\\\/\\\/macite.tg\\\/?p=30073#article\",\"isPartOf\":{\"@id\":\"https:\\\/\\\/macite.tg\\\/?p=30073\"},\"author\":{\"name\":\"Jean Pierre BAWELA\",\"@id\":\"https:\\\/\\\/macite.tg\\\/#\\\/schema\\\/person\\\/e9f2de7e5dbbe7770a9402c7ce82f5c2\"},\"headline\":\"\u00ab\u00a045 MIN AVEC L&rsquo;OTR\u00a0\u00bb\u00a0: Rendez-vous ce 30 juin pour mieux cerner le \u2018\u2019contr\u00f4le fiscal\u2019\u2019\",\"datePublished\":\"2026-04-29T11:11:41+00:00\",\"dateModified\":\"2026-04-29T12:10:21+00:00\",\"mainEntityOfPage\":{\"@id\":\"https:\\\/\\\/macite.tg\\\/?p=30073\"},\"wordCount\":454,\"commentCount\":0,\"image\":{\"@id\":\"https:\\\/\\\/macite.tg\\\/?p=30073#primaryimage\"},\"thumbnailUrl\":\"https:\\\/\\\/macite.tg\\\/wp-content\\\/uploads\\\/2026\\\/04\\\/web-30-Avril.jpg\",\"articleSection\":[\"ACTUALITE\",\"FISCALITE\"],\"inLanguage\":\"fr-FR\",\"potentialAction\":[{\"@type\":\"CommentAction\",\"name\":\"Comment\",\"target\":[\"https:\\\/\\\/macite.tg\\\/?p=30073#respond\"]}]},{\"@type\":\"WebPage\",\"@id\":\"https:\\\/\\\/macite.tg\\\/?p=30073\",\"url\":\"https:\\\/\\\/macite.tg\\\/?p=30073\",\"name\":\"\u00ab\u00a045 MIN AVEC L'OTR\u00a0\u00bb\u00a0: Rendez-vous ce 30 juin pour mieux cerner le \u2018\u2019contr\u00f4le fiscal\u2019\u2019 -\",\"isPartOf\":{\"@id\":\"https:\\\/\\\/macite.tg\\\/#website\"},\"primaryImageOfPage\":{\"@id\":\"https:\\\/\\\/macite.tg\\\/?p=30073#primaryimage\"},\"image\":{\"@id\":\"https:\\\/\\\/macite.tg\\\/?p=30073#primaryimage\"},\"thumbnailUrl\":\"https:\\\/\\\/macite.tg\\\/wp-content\\\/uploads\\\/2026\\\/04\\\/web-30-Avril.jpg\",\"datePublished\":\"2026-04-29T11:11:41+00:00\",\"dateModified\":\"2026-04-29T12:10:21+00:00\",\"author\":{\"@id\":\"https:\\\/\\\/macite.tg\\\/#\\\/schema\\\/person\\\/e9f2de7e5dbbe7770a9402c7ce82f5c2\"},\"breadcrumb\":{\"@id\":\"https:\\\/\\\/macite.tg\\\/?p=30073#breadcrumb\"},\"inLanguage\":\"fr-FR\",\"potentialAction\":[{\"@type\":\"ReadAction\",\"target\":[\"https:\\\/\\\/macite.tg\\\/?p=30073\"]}]},{\"@type\":\"ImageObject\",\"inLanguage\":\"fr-FR\",\"@id\":\"https:\\\/\\\/macite.tg\\\/?p=30073#primaryimage\",\"url\":\"https:\\\/\\\/macite.tg\\\/wp-content\\\/uploads\\\/2026\\\/04\\\/web-30-Avril.jpg\",\"contentUrl\":\"https:\\\/\\\/macite.tg\\\/wp-content\\\/uploads\\\/2026\\\/04\\\/web-30-Avril.jpg\",\"width\":511,\"height\":640},{\"@type\":\"BreadcrumbList\",\"@id\":\"https:\\\/\\\/macite.tg\\\/?p=30073#breadcrumb\",\"itemListElement\":[{\"@type\":\"ListItem\",\"position\":1,\"name\":\"Accueil\",\"item\":\"https:\\\/\\\/macite.tg\\\/\"},{\"@type\":\"ListItem\",\"position\":2,\"name\":\"\u00ab\u00a045 MIN AVEC L&rsquo;OTR\u00a0\u00bb\u00a0: Rendez-vous ce 30 juin pour mieux cerner le \u2018\u2019contr\u00f4le fiscal\u2019\u2019\"}]},{\"@type\":\"WebSite\",\"@id\":\"https:\\\/\\\/macite.tg\\\/#website\",\"url\":\"https:\\\/\\\/macite.tg\\\/\",\"name\":\"\",\"description\":\"L&#039;information, la bonne!!!\",\"potentialAction\":[{\"@type\":\"SearchAction\",\"target\":{\"@type\":\"EntryPoint\",\"urlTemplate\":\"https:\\\/\\\/macite.tg\\\/?s={search_term_string}\"},\"query-input\":{\"@type\":\"PropertyValueSpecification\",\"valueRequired\":true,\"valueName\":\"search_term_string\"}}],\"inLanguage\":\"fr-FR\"},{\"@type\":\"Person\",\"@id\":\"https:\\\/\\\/macite.tg\\\/#\\\/schema\\\/person\\\/e9f2de7e5dbbe7770a9402c7ce82f5c2\",\"name\":\"Jean Pierre BAWELA\",\"image\":{\"@type\":\"ImageObject\",\"inLanguage\":\"fr-FR\",\"@id\":\"https:\\\/\\\/macite.tg\\\/wp-content\\\/uploads\\\/2023\\\/09\\\/WhatsApp-Image-2023-09-19-at-14.44.41-122x122.jpeg\",\"url\":\"https:\\\/\\\/macite.tg\\\/wp-content\\\/uploads\\\/2023\\\/09\\\/WhatsApp-Image-2023-09-19-at-14.44.41-122x122.jpeg\",\"contentUrl\":\"https:\\\/\\\/macite.tg\\\/wp-content\\\/uploads\\\/2023\\\/09\\\/WhatsApp-Image-2023-09-19-at-14.44.41-122x122.jpeg\",\"caption\":\"Jean Pierre BAWELA\"},\"url\":\"https:\\\/\\\/macite.tg\\\/?author=2\"}]}<\/script>\n<!-- \/ Yoast SEO plugin. -->","yoast_head_json":{"title":"\u00ab\u00a045 MIN AVEC L'OTR\u00a0\u00bb\u00a0: Rendez-vous ce 30 juin pour mieux cerner le \u2018\u2019contr\u00f4le fiscal\u2019\u2019 -","robots":{"index":"index","follow":"follow","max-snippet":"max-snippet:-1","max-image-preview":"max-image-preview:large","max-video-preview":"max-video-preview:-1"},"canonical":"https:\/\/macite.tg\/?p=30073","og_locale":"fr_FR","og_type":"article","og_title":"\u00ab\u00a045 MIN AVEC L'OTR\u00a0\u00bb\u00a0: Rendez-vous ce 30 juin pour mieux cerner le \u2018\u2019contr\u00f4le fiscal\u2019\u2019 -","og_description":"Souvent per\u00e7u comme une source de stress pour les chefs d&rsquo;entreprise, le contr\u00f4le fiscal doit \u00eatre une \u00e9tape ma\u00eetris\u00e9e de la vie de votre soci\u00e9t\u00e9. Et la loi est de votre c\u00f4t\u00e9 puisqu\u2019elle pr\u00e9voit des garanties strictes pour prot\u00e9ger le contribuable. Pour tout comprendre, ne [&hellip;]","og_url":"https:\/\/macite.tg\/?p=30073","article_published_time":"2026-04-29T11:11:41+00:00","article_modified_time":"2026-04-29T12:10:21+00:00","og_image":[{"width":511,"height":640,"url":"https:\/\/macite.tg\/wp-content\/uploads\/2026\/04\/web-30-Avril.jpg","type":"image\/jpeg"}],"author":"Jean Pierre BAWELA","twitter_card":"summary_large_image","twitter_misc":{"\u00c9crit par":"Jean Pierre BAWELA","Dur\u00e9e de lecture estim\u00e9e":"3 minutes"},"schema":{"@context":"https:\/\/schema.org","@graph":[{"@type":"Article","@id":"https:\/\/macite.tg\/?p=30073#article","isPartOf":{"@id":"https:\/\/macite.tg\/?p=30073"},"author":{"name":"Jean Pierre BAWELA","@id":"https:\/\/macite.tg\/#\/schema\/person\/e9f2de7e5dbbe7770a9402c7ce82f5c2"},"headline":"\u00ab\u00a045 MIN AVEC L&rsquo;OTR\u00a0\u00bb\u00a0: Rendez-vous ce 30 juin pour mieux cerner le \u2018\u2019contr\u00f4le fiscal\u2019\u2019","datePublished":"2026-04-29T11:11:41+00:00","dateModified":"2026-04-29T12:10:21+00:00","mainEntityOfPage":{"@id":"https:\/\/macite.tg\/?p=30073"},"wordCount":454,"commentCount":0,"image":{"@id":"https:\/\/macite.tg\/?p=30073#primaryimage"},"thumbnailUrl":"https:\/\/macite.tg\/wp-content\/uploads\/2026\/04\/web-30-Avril.jpg","articleSection":["ACTUALITE","FISCALITE"],"inLanguage":"fr-FR","potentialAction":[{"@type":"CommentAction","name":"Comment","target":["https:\/\/macite.tg\/?p=30073#respond"]}]},{"@type":"WebPage","@id":"https:\/\/macite.tg\/?p=30073","url":"https:\/\/macite.tg\/?p=30073","name":"\u00ab\u00a045 MIN AVEC L'OTR\u00a0\u00bb\u00a0: Rendez-vous ce 30 juin pour mieux cerner le \u2018\u2019contr\u00f4le fiscal\u2019\u2019 -","isPartOf":{"@id":"https:\/\/macite.tg\/#website"},"primaryImageOfPage":{"@id":"https:\/\/macite.tg\/?p=30073#primaryimage"},"image":{"@id":"https:\/\/macite.tg\/?p=30073#primaryimage"},"thumbnailUrl":"https:\/\/macite.tg\/wp-content\/uploads\/2026\/04\/web-30-Avril.jpg","datePublished":"2026-04-29T11:11:41+00:00","dateModified":"2026-04-29T12:10:21+00:00","author":{"@id":"https:\/\/macite.tg\/#\/schema\/person\/e9f2de7e5dbbe7770a9402c7ce82f5c2"},"breadcrumb":{"@id":"https:\/\/macite.tg\/?p=30073#breadcrumb"},"inLanguage":"fr-FR","potentialAction":[{"@type":"ReadAction","target":["https:\/\/macite.tg\/?p=30073"]}]},{"@type":"ImageObject","inLanguage":"fr-FR","@id":"https:\/\/macite.tg\/?p=30073#primaryimage","url":"https:\/\/macite.tg\/wp-content\/uploads\/2026\/04\/web-30-Avril.jpg","contentUrl":"https:\/\/macite.tg\/wp-content\/uploads\/2026\/04\/web-30-Avril.jpg","width":511,"height":640},{"@type":"BreadcrumbList","@id":"https:\/\/macite.tg\/?p=30073#breadcrumb","itemListElement":[{"@type":"ListItem","position":1,"name":"Accueil","item":"https:\/\/macite.tg\/"},{"@type":"ListItem","position":2,"name":"\u00ab\u00a045 MIN AVEC L&rsquo;OTR\u00a0\u00bb\u00a0: Rendez-vous ce 30 juin pour mieux cerner le \u2018\u2019contr\u00f4le fiscal\u2019\u2019"}]},{"@type":"WebSite","@id":"https:\/\/macite.tg\/#website","url":"https:\/\/macite.tg\/","name":"","description":"L&#039;information, la bonne!!!","potentialAction":[{"@type":"SearchAction","target":{"@type":"EntryPoint","urlTemplate":"https:\/\/macite.tg\/?s={search_term_string}"},"query-input":{"@type":"PropertyValueSpecification","valueRequired":true,"valueName":"search_term_string"}}],"inLanguage":"fr-FR"},{"@type":"Person","@id":"https:\/\/macite.tg\/#\/schema\/person\/e9f2de7e5dbbe7770a9402c7ce82f5c2","name":"Jean Pierre BAWELA","image":{"@type":"ImageObject","inLanguage":"fr-FR","@id":"https:\/\/macite.tg\/wp-content\/uploads\/2023\/09\/WhatsApp-Image-2023-09-19-at-14.44.41-122x122.jpeg","url":"https:\/\/macite.tg\/wp-content\/uploads\/2023\/09\/WhatsApp-Image-2023-09-19-at-14.44.41-122x122.jpeg","contentUrl":"https:\/\/macite.tg\/wp-content\/uploads\/2023\/09\/WhatsApp-Image-2023-09-19-at-14.44.41-122x122.jpeg","caption":"Jean Pierre BAWELA"},"url":"https:\/\/macite.tg\/?author=2"}]}},"_links":{"self":[{"href":"https:\/\/macite.tg\/index.php?rest_route=\/wp\/v2\/posts\/30073","targetHints":{"allow":["GET"]}}],"collection":[{"href":"https:\/\/macite.tg\/index.php?rest_route=\/wp\/v2\/posts"}],"about":[{"href":"https:\/\/macite.tg\/index.php?rest_route=\/wp\/v2\/types\/post"}],"author":[{"embeddable":true,"href":"https:\/\/macite.tg\/index.php?rest_route=\/wp\/v2\/users\/2"}],"replies":[{"embeddable":true,"href":"https:\/\/macite.tg\/index.php?rest_route=%2Fwp%2Fv2%2Fcomments&post=30073"}],"version-history":[{"count":0,"href":"https:\/\/macite.tg\/index.php?rest_route=\/wp\/v2\/posts\/30073\/revisions"}],"wp:featuredmedia":[{"embeddable":true,"href":"https:\/\/macite.tg\/index.php?rest_route=\/wp\/v2\/media\/30076"}],"wp:attachment":[{"href":"https:\/\/macite.tg\/index.php?rest_route=%2Fwp%2Fv2%2Fmedia&parent=30073"}],"wp:term":[{"taxonomy":"category","embeddable":true,"href":"https:\/\/macite.tg\/index.php?rest_route=%2Fwp%2Fv2%2Fcategories&post=30073"},{"taxonomy":"post_tag","embeddable":true,"href":"https:\/\/macite.tg\/index.php?rest_route=%2Fwp%2Fv2%2Ftags&post=30073"}],"curies":[{"name":"wp","href":"https:\/\/api.w.org\/{rel}","templated":true}]}}