{"id":30069,"date":"2026-04-28T21:18:53","date_gmt":"2026-04-28T21:18:53","guid":{"rendered":"https:\/\/macite.tg\/?p=30069"},"modified":"2026-04-28T21:19:01","modified_gmt":"2026-04-28T21:19:01","slug":"diplomatie-visite-historique-du-president-du-conseil-au-kirghizistan","status":"publish","type":"post","link":"https:\/\/macite.tg\/?p=30069","title":{"rendered":"DIPLOMATIE : Visite historique du Pr\u00e9sident du Conseil au Kirghizistan"},"content":{"rendered":"\n<p class=\"wp-block-paragraph\"><strong><em>\u00c0 l&rsquo;invitation de son homologue Sadyr Japarov, le Pr\u00e9sident du Conseil, Faure Essozimna Gnassingb\u00e9, a entam\u00e9 ce mardi une visite officielle de travail et d\u2019amiti\u00e9 au Kirghizistan. Une nouvelle page de la diplomatie togolaise semble s\u2019\u00e9crire en Asie centrale.<\/em><\/strong><\/p>\n\n\n\n<p class=\"wp-block-paragraph\">C&rsquo;est la toute premi\u00e8re fois qu&rsquo;un dirigeant togolais se rend \u00e0 Bichkek. Ce d\u00e9placement marque une \u00e9tape majeure dans la strat\u00e9gie d&rsquo;ouverture du Togo vers de nouveaux horizons \u00e9conomiques et politiques. Bien que les deux nations soient li\u00e9es par des accords diplomatiques depuis 2015, cette rencontre au sommet vise \u00e0 transformer ces liens formels en un partenariat strat\u00e9gique concret.<\/p>\n\n\n\n<figure class=\"wp-block-image size-full\"><img loading=\"lazy\" decoding=\"async\" width=\"851\" height=\"315\" src=\"https:\/\/macite.tg\/wp-content\/uploads\/2026\/04\/OTR_Ferer-pour-batir-1.jpg\" alt=\"\" class=\"wp-image-29832\" srcset=\"https:\/\/macite.tg\/wp-content\/uploads\/2026\/04\/OTR_Ferer-pour-batir-1.jpg 851w, https:\/\/macite.tg\/wp-content\/uploads\/2026\/04\/OTR_Ferer-pour-batir-1-300x111.jpg 300w, https:\/\/macite.tg\/wp-content\/uploads\/2026\/04\/OTR_Ferer-pour-batir-1-768x284.jpg 768w\" sizes=\"auto, (max-width: 851px) 100vw, 851px\" \/><\/figure>\n\n\n\n<p class=\"wp-block-paragraph\"><strong>Les enjeux de la visite : \u00c9conomie et Dialogue<\/strong><\/p>\n\n\n\n<p class=\"wp-block-paragraph\">Le programme du Pr\u00e9sident du Conseil s&rsquo;annonce dense, avec un agenda articul\u00e9 autour de trois axes principaux :<\/p>\n\n\n\n<ul class=\"wp-block-list\">\n<li><strong>Renforcement du dialogue politique :<\/strong> Harmoniser les positions sur les enjeux internationaux.<\/li>\n\n\n\n<li><strong>Dynamisation des \u00e9changes \u00e9conomiques :<\/strong> Explorer des opportunit\u00e9s d&rsquo;investissement mutuel.<\/li>\n\n\n\n<li><strong>Partage d&rsquo;exp\u00e9riences :<\/strong> Des visites de terrain sont pr\u00e9vues pour observer les mod\u00e8les de d\u00e9veloppement locaux.<\/li>\n<\/ul>\n\n\n\n<p class=\"wp-block-paragraph\"><strong>Le Togo, un acteur de plus en plus pr\u00e9sent en Asie centrale<\/strong><\/p>\n\n\n\n<p class=\"wp-block-paragraph\">En s&rsquo;implantant diplomatiquement au Kirghizistan, le Togo consolide sa pr\u00e9sence dans une r\u00e9gion strat\u00e9gique.<\/p>\n\n\n<div class=\"wp-block-image\">\n<figure class=\"aligncenter size-full is-resized\"><img loading=\"lazy\" decoding=\"async\" width=\"500\" height=\"304\" src=\"https:\/\/macite.tg\/wp-content\/uploads\/2026\/04\/OTR_SAM.jpg\" alt=\"\" class=\"wp-image-30044\" style=\"width:644px;height:auto\" srcset=\"https:\/\/macite.tg\/wp-content\/uploads\/2026\/04\/OTR_SAM.jpg 500w, https:\/\/macite.tg\/wp-content\/uploads\/2026\/04\/OTR_SAM-300x182.jpg 300w\" sizes=\"auto, (max-width: 500px) 100vw, 500px\" \/><\/figure>\n<\/div>\n\n\n<p class=\"wp-block-paragraph\">Le pays entretient d\u00e9j\u00e0 des relations solides avec les voisins directs de la R\u00e9publique kirghize, notamment : la Chine (partenaire historique), le Kazakhstan, et l\u2019Ouzb\u00e9kistan.<\/p>\n\n\n\n<p class=\"wp-block-paragraph\">Cette visite s&rsquo;inscrit donc dans une vision globale de diversification des partenariats, visant \u00e0 offrir au Togo de nouveaux leviers de croissance et de coop\u00e9ration technique.<\/p>\n\n\n\n<p class=\"wp-block-paragraph\"><strong>La R\u00e9daction<\/strong><\/p>\n\n\n\n<p class=\"wp-block-paragraph\"><a><strong><em>@macite.tg&nbsp;&nbsp;&nbsp;&nbsp;&nbsp;&nbsp;&nbsp;&nbsp;<\/em><\/strong><\/a><\/p>\n\n\n\n<p class=\"wp-block-paragraph\"><strong><em>E-mail&nbsp;: <\/em><\/strong><a href=\"mailto:maciteinfo@gmail.com\"><strong><em>maciteinfo@gmail.com<\/em><\/strong><\/a><strong><em>; <\/em><\/strong><a href=\"mailto:bawela1@gmail.com\"><strong><em>bawela1@gmail.com<\/em><\/strong><\/a><strong><em><\/em><\/strong><\/p>\n\n\n\n<p class=\"wp-block-paragraph\"><strong><em>Pour vos annonces, publi-reportages, etc., joignez-nous au (00228)91515309\/<strong>79872224 <\/strong><strong><\/strong><\/em><\/strong><\/p>\n\n\n\n<p class=\"wp-block-paragraph\"><strong><em>www.macite.tg, L\u2019information, la bonne&nbsp;!<\/em><\/strong><\/p>\n","protected":false},"excerpt":{"rendered":"<p class=\"text-justify mb-2\" >\u00c0 l&rsquo;invitation de son homologue Sadyr Japarov, le Pr\u00e9sident du Conseil, Faure Essozimna Gnassingb\u00e9, a entam\u00e9 ce mardi une visite officielle de travail et d\u2019amiti\u00e9 au Kirghizistan. Une nouvelle page de la diplomatie togolaise semble s\u2019\u00e9crire en Asie centrale. C&rsquo;est la toute premi\u00e8re fois qu&rsquo;un [&hellip;]<\/p>\n","protected":false},"author":2,"featured_media":30070,"comment_status":"open","ping_status":"open","sticky":false,"template":"","format":"standard","meta":{"footnotes":""},"categories":[20,8],"tags":[],"class_list":["post-30069","post","type-post","status-publish","format-standard","has-post-thumbnail","hentry","category-actualite","category-diplomatie"],"yoast_head":"<!-- This site is optimized with the Yoast SEO plugin v28.4 - https:\/\/yoast.com\/product\/yoast-seo-wordpress\/ -->\n<title>DIPLOMATIE : Visite historique du Pr\u00e9sident du Conseil au Kirghizistan -<\/title>\n<meta name=\"robots\" content=\"index, follow, max-snippet:-1, max-image-preview:large, max-video-preview:-1\" \/>\n<link rel=\"canonical\" href=\"https:\/\/macite.tg\/?p=30069\" \/>\n<meta property=\"og:locale\" content=\"fr_FR\" \/>\n<meta property=\"og:type\" content=\"article\" \/>\n<meta property=\"og:title\" content=\"DIPLOMATIE : Visite historique du Pr\u00e9sident du Conseil au Kirghizistan -\" \/>\n<meta property=\"og:description\" content=\"\u00c0 l&rsquo;invitation de son homologue Sadyr Japarov, le Pr\u00e9sident du Conseil, Faure Essozimna Gnassingb\u00e9, a entam\u00e9 ce mardi une visite officielle de travail et d\u2019amiti\u00e9 au Kirghizistan. Une nouvelle page de la diplomatie togolaise semble s\u2019\u00e9crire en Asie centrale. C&rsquo;est la toute premi\u00e8re fois qu&rsquo;un [&hellip;]\" \/>\n<meta property=\"og:url\" content=\"https:\/\/macite.tg\/?p=30069\" \/>\n<meta property=\"article:published_time\" content=\"2026-04-28T21:18:53+00:00\" \/>\n<meta property=\"article:modified_time\" content=\"2026-04-28T21:19:01+00:00\" \/>\n<meta property=\"og:image\" content=\"https:\/\/macite.tg\/wp-content\/uploads\/2026\/04\/IMG_4308-768x615-1-1.jpg\" \/>\n\t<meta property=\"og:image:width\" content=\"500\" \/>\n\t<meta property=\"og:image:height\" content=\"400\" \/>\n\t<meta property=\"og:image:type\" content=\"image\/jpeg\" \/>\n<meta name=\"author\" content=\"Jean Pierre BAWELA\" \/>\n<meta name=\"twitter:card\" content=\"summary_large_image\" \/>\n<meta name=\"twitter:label1\" content=\"\u00c9crit par\" \/>\n\t<meta name=\"twitter:data1\" content=\"Jean Pierre BAWELA\" \/>\n\t<meta name=\"twitter:label2\" content=\"Dur\u00e9e de lecture estim\u00e9e\" \/>\n\t<meta name=\"twitter:data2\" content=\"2 minutes\" \/>\n<script type=\"application\/ld+json\" class=\"yoast-schema-graph\">{\"@context\":\"https:\\\/\\\/schema.org\",\"@graph\":[{\"@type\":\"Article\",\"@id\":\"https:\\\/\\\/macite.tg\\\/?p=30069#article\",\"isPartOf\":{\"@id\":\"https:\\\/\\\/macite.tg\\\/?p=30069\"},\"author\":{\"name\":\"Jean Pierre BAWELA\",\"@id\":\"https:\\\/\\\/macite.tg\\\/#\\\/schema\\\/person\\\/e9f2de7e5dbbe7770a9402c7ce82f5c2\"},\"headline\":\"DIPLOMATIE : Visite historique du Pr\u00e9sident du Conseil au Kirghizistan\",\"datePublished\":\"2026-04-28T21:18:53+00:00\",\"dateModified\":\"2026-04-28T21:19:01+00:00\",\"mainEntityOfPage\":{\"@id\":\"https:\\\/\\\/macite.tg\\\/?p=30069\"},\"wordCount\":307,\"commentCount\":0,\"image\":{\"@id\":\"https:\\\/\\\/macite.tg\\\/?p=30069#primaryimage\"},\"thumbnailUrl\":\"https:\\\/\\\/macite.tg\\\/wp-content\\\/uploads\\\/2026\\\/04\\\/IMG_4308-768x615-1-1.jpg\",\"articleSection\":[\"ACTUALITE\",\"DIPLOMATIE\"],\"inLanguage\":\"fr-FR\",\"potentialAction\":[{\"@type\":\"CommentAction\",\"name\":\"Comment\",\"target\":[\"https:\\\/\\\/macite.tg\\\/?p=30069#respond\"]}]},{\"@type\":\"WebPage\",\"@id\":\"https:\\\/\\\/macite.tg\\\/?p=30069\",\"url\":\"https:\\\/\\\/macite.tg\\\/?p=30069\",\"name\":\"DIPLOMATIE : Visite historique du Pr\u00e9sident du Conseil au Kirghizistan -\",\"isPartOf\":{\"@id\":\"https:\\\/\\\/macite.tg\\\/#website\"},\"primaryImageOfPage\":{\"@id\":\"https:\\\/\\\/macite.tg\\\/?p=30069#primaryimage\"},\"image\":{\"@id\":\"https:\\\/\\\/macite.tg\\\/?p=30069#primaryimage\"},\"thumbnailUrl\":\"https:\\\/\\\/macite.tg\\\/wp-content\\\/uploads\\\/2026\\\/04\\\/IMG_4308-768x615-1-1.jpg\",\"datePublished\":\"2026-04-28T21:18:53+00:00\",\"dateModified\":\"2026-04-28T21:19:01+00:00\",\"author\":{\"@id\":\"https:\\\/\\\/macite.tg\\\/#\\\/schema\\\/person\\\/e9f2de7e5dbbe7770a9402c7ce82f5c2\"},\"breadcrumb\":{\"@id\":\"https:\\\/\\\/macite.tg\\\/?p=30069#breadcrumb\"},\"inLanguage\":\"fr-FR\",\"potentialAction\":[{\"@type\":\"ReadAction\",\"target\":[\"https:\\\/\\\/macite.tg\\\/?p=30069\"]}]},{\"@type\":\"ImageObject\",\"inLanguage\":\"fr-FR\",\"@id\":\"https:\\\/\\\/macite.tg\\\/?p=30069#primaryimage\",\"url\":\"https:\\\/\\\/macite.tg\\\/wp-content\\\/uploads\\\/2026\\\/04\\\/IMG_4308-768x615-1-1.jpg\",\"contentUrl\":\"https:\\\/\\\/macite.tg\\\/wp-content\\\/uploads\\\/2026\\\/04\\\/IMG_4308-768x615-1-1.jpg\",\"width\":500,\"height\":400},{\"@type\":\"BreadcrumbList\",\"@id\":\"https:\\\/\\\/macite.tg\\\/?p=30069#breadcrumb\",\"itemListElement\":[{\"@type\":\"ListItem\",\"position\":1,\"name\":\"Accueil\",\"item\":\"https:\\\/\\\/macite.tg\\\/\"},{\"@type\":\"ListItem\",\"position\":2,\"name\":\"DIPLOMATIE : Visite historique du Pr\u00e9sident du Conseil au Kirghizistan\"}]},{\"@type\":\"WebSite\",\"@id\":\"https:\\\/\\\/macite.tg\\\/#website\",\"url\":\"https:\\\/\\\/macite.tg\\\/\",\"name\":\"\",\"description\":\"L&#039;information, la bonne!!!\",\"potentialAction\":[{\"@type\":\"SearchAction\",\"target\":{\"@type\":\"EntryPoint\",\"urlTemplate\":\"https:\\\/\\\/macite.tg\\\/?s={search_term_string}\"},\"query-input\":{\"@type\":\"PropertyValueSpecification\",\"valueRequired\":true,\"valueName\":\"search_term_string\"}}],\"inLanguage\":\"fr-FR\"},{\"@type\":\"Person\",\"@id\":\"https:\\\/\\\/macite.tg\\\/#\\\/schema\\\/person\\\/e9f2de7e5dbbe7770a9402c7ce82f5c2\",\"name\":\"Jean Pierre BAWELA\",\"image\":{\"@type\":\"ImageObject\",\"inLanguage\":\"fr-FR\",\"@id\":\"https:\\\/\\\/macite.tg\\\/wp-content\\\/uploads\\\/2023\\\/09\\\/WhatsApp-Image-2023-09-19-at-14.44.41-122x122.jpeg\",\"url\":\"https:\\\/\\\/macite.tg\\\/wp-content\\\/uploads\\\/2023\\\/09\\\/WhatsApp-Image-2023-09-19-at-14.44.41-122x122.jpeg\",\"contentUrl\":\"https:\\\/\\\/macite.tg\\\/wp-content\\\/uploads\\\/2023\\\/09\\\/WhatsApp-Image-2023-09-19-at-14.44.41-122x122.jpeg\",\"caption\":\"Jean Pierre BAWELA\"},\"url\":\"https:\\\/\\\/macite.tg\\\/?author=2\"}]}<\/script>\n<!-- \/ Yoast SEO plugin. -->","yoast_head_json":{"title":"DIPLOMATIE : Visite historique du Pr\u00e9sident du Conseil au Kirghizistan -","robots":{"index":"index","follow":"follow","max-snippet":"max-snippet:-1","max-image-preview":"max-image-preview:large","max-video-preview":"max-video-preview:-1"},"canonical":"https:\/\/macite.tg\/?p=30069","og_locale":"fr_FR","og_type":"article","og_title":"DIPLOMATIE : Visite historique du Pr\u00e9sident du Conseil au Kirghizistan -","og_description":"\u00c0 l&rsquo;invitation de son homologue Sadyr Japarov, le Pr\u00e9sident du Conseil, Faure Essozimna Gnassingb\u00e9, a entam\u00e9 ce mardi une visite officielle de travail et d\u2019amiti\u00e9 au Kirghizistan. Une nouvelle page de la diplomatie togolaise semble s\u2019\u00e9crire en Asie centrale. C&rsquo;est la toute premi\u00e8re fois qu&rsquo;un [&hellip;]","og_url":"https:\/\/macite.tg\/?p=30069","article_published_time":"2026-04-28T21:18:53+00:00","article_modified_time":"2026-04-28T21:19:01+00:00","og_image":[{"width":500,"height":400,"url":"https:\/\/macite.tg\/wp-content\/uploads\/2026\/04\/IMG_4308-768x615-1-1.jpg","type":"image\/jpeg"}],"author":"Jean Pierre BAWELA","twitter_card":"summary_large_image","twitter_misc":{"\u00c9crit par":"Jean Pierre BAWELA","Dur\u00e9e de lecture estim\u00e9e":"2 minutes"},"schema":{"@context":"https:\/\/schema.org","@graph":[{"@type":"Article","@id":"https:\/\/macite.tg\/?p=30069#article","isPartOf":{"@id":"https:\/\/macite.tg\/?p=30069"},"author":{"name":"Jean Pierre BAWELA","@id":"https:\/\/macite.tg\/#\/schema\/person\/e9f2de7e5dbbe7770a9402c7ce82f5c2"},"headline":"DIPLOMATIE : Visite historique du Pr\u00e9sident du Conseil au Kirghizistan","datePublished":"2026-04-28T21:18:53+00:00","dateModified":"2026-04-28T21:19:01+00:00","mainEntityOfPage":{"@id":"https:\/\/macite.tg\/?p=30069"},"wordCount":307,"commentCount":0,"image":{"@id":"https:\/\/macite.tg\/?p=30069#primaryimage"},"thumbnailUrl":"https:\/\/macite.tg\/wp-content\/uploads\/2026\/04\/IMG_4308-768x615-1-1.jpg","articleSection":["ACTUALITE","DIPLOMATIE"],"inLanguage":"fr-FR","potentialAction":[{"@type":"CommentAction","name":"Comment","target":["https:\/\/macite.tg\/?p=30069#respond"]}]},{"@type":"WebPage","@id":"https:\/\/macite.tg\/?p=30069","url":"https:\/\/macite.tg\/?p=30069","name":"DIPLOMATIE : Visite historique du Pr\u00e9sident du Conseil au Kirghizistan -","isPartOf":{"@id":"https:\/\/macite.tg\/#website"},"primaryImageOfPage":{"@id":"https:\/\/macite.tg\/?p=30069#primaryimage"},"image":{"@id":"https:\/\/macite.tg\/?p=30069#primaryimage"},"thumbnailUrl":"https:\/\/macite.tg\/wp-content\/uploads\/2026\/04\/IMG_4308-768x615-1-1.jpg","datePublished":"2026-04-28T21:18:53+00:00","dateModified":"2026-04-28T21:19:01+00:00","author":{"@id":"https:\/\/macite.tg\/#\/schema\/person\/e9f2de7e5dbbe7770a9402c7ce82f5c2"},"breadcrumb":{"@id":"https:\/\/macite.tg\/?p=30069#breadcrumb"},"inLanguage":"fr-FR","potentialAction":[{"@type":"ReadAction","target":["https:\/\/macite.tg\/?p=30069"]}]},{"@type":"ImageObject","inLanguage":"fr-FR","@id":"https:\/\/macite.tg\/?p=30069#primaryimage","url":"https:\/\/macite.tg\/wp-content\/uploads\/2026\/04\/IMG_4308-768x615-1-1.jpg","contentUrl":"https:\/\/macite.tg\/wp-content\/uploads\/2026\/04\/IMG_4308-768x615-1-1.jpg","width":500,"height":400},{"@type":"BreadcrumbList","@id":"https:\/\/macite.tg\/?p=30069#breadcrumb","itemListElement":[{"@type":"ListItem","position":1,"name":"Accueil","item":"https:\/\/macite.tg\/"},{"@type":"ListItem","position":2,"name":"DIPLOMATIE : Visite historique du Pr\u00e9sident du Conseil au Kirghizistan"}]},{"@type":"WebSite","@id":"https:\/\/macite.tg\/#website","url":"https:\/\/macite.tg\/","name":"","description":"L&#039;information, la bonne!!!","potentialAction":[{"@type":"SearchAction","target":{"@type":"EntryPoint","urlTemplate":"https:\/\/macite.tg\/?s={search_term_string}"},"query-input":{"@type":"PropertyValueSpecification","valueRequired":true,"valueName":"search_term_string"}}],"inLanguage":"fr-FR"},{"@type":"Person","@id":"https:\/\/macite.tg\/#\/schema\/person\/e9f2de7e5dbbe7770a9402c7ce82f5c2","name":"Jean Pierre BAWELA","image":{"@type":"ImageObject","inLanguage":"fr-FR","@id":"https:\/\/macite.tg\/wp-content\/uploads\/2023\/09\/WhatsApp-Image-2023-09-19-at-14.44.41-122x122.jpeg","url":"https:\/\/macite.tg\/wp-content\/uploads\/2023\/09\/WhatsApp-Image-2023-09-19-at-14.44.41-122x122.jpeg","contentUrl":"https:\/\/macite.tg\/wp-content\/uploads\/2023\/09\/WhatsApp-Image-2023-09-19-at-14.44.41-122x122.jpeg","caption":"Jean Pierre BAWELA"},"url":"https:\/\/macite.tg\/?author=2"}]}},"_links":{"self":[{"href":"https:\/\/macite.tg\/index.php?rest_route=\/wp\/v2\/posts\/30069","targetHints":{"allow":["GET"]}}],"collection":[{"href":"https:\/\/macite.tg\/index.php?rest_route=\/wp\/v2\/posts"}],"about":[{"href":"https:\/\/macite.tg\/index.php?rest_route=\/wp\/v2\/types\/post"}],"author":[{"embeddable":true,"href":"https:\/\/macite.tg\/index.php?rest_route=\/wp\/v2\/users\/2"}],"replies":[{"embeddable":true,"href":"https:\/\/macite.tg\/index.php?rest_route=%2Fwp%2Fv2%2Fcomments&post=30069"}],"version-history":[{"count":0,"href":"https:\/\/macite.tg\/index.php?rest_route=\/wp\/v2\/posts\/30069\/revisions"}],"wp:featuredmedia":[{"embeddable":true,"href":"https:\/\/macite.tg\/index.php?rest_route=\/wp\/v2\/media\/30070"}],"wp:attachment":[{"href":"https:\/\/macite.tg\/index.php?rest_route=%2Fwp%2Fv2%2Fmedia&parent=30069"}],"wp:term":[{"taxonomy":"category","embeddable":true,"href":"https:\/\/macite.tg\/index.php?rest_route=%2Fwp%2Fv2%2Fcategories&post=30069"},{"taxonomy":"post_tag","embeddable":true,"href":"https:\/\/macite.tg\/index.php?rest_route=%2Fwp%2Fv2%2Ftags&post=30069"}],"curies":[{"name":"wp","href":"https:\/\/api.w.org\/{rel}","templated":true}]}}