{"id":30064,"date":"2026-04-28T13:05:33","date_gmt":"2026-04-28T13:05:33","guid":{"rendered":"https:\/\/macite.tg\/?p=30064"},"modified":"2026-04-28T13:05:48","modified_gmt":"2026-04-28T13:05:48","slug":"discours-a-la-nation-27-avril-apporter-des-reponses-concretes-des-resultats-a-des-promesses-des-actions-visibles-faure-e-gnassingbe","status":"publish","type":"post","link":"https:\/\/macite.tg\/?p=30064","title":{"rendered":"DISCOURS A LA NATION \/ 27 AVRIL\u00a0: \u00ab\u00a0(\u2026) Apporter des r\u00e9ponses concr\u00e8tes, des r\u00e9sultats \u00e0 des promesses, des actions visibles\u00a0\u00bb (Faure E. Gnassingb\u00e9)"},"content":{"rendered":"\n<p class=\"wp-block-paragraph\"><strong><em>Pour cl\u00f4turer les c\u00e9l\u00e9brations de la f\u00eate de l\u2019ind\u00e9pendance de cette ann\u00e9e 2026, le Pr\u00e9sident du Conseil a choisi de s\u2019adresser \u00e0 la nation. Un discours centr\u00e9 sur 5 convictions et port\u00e9 sur l\u2019ind\u00e9pendance, la souverainet\u00e9 pour un Togo prosp\u00e8re o\u00f9 le triptyque \u00ab Prot\u00e9ger, Rassembler, Transformer&nbsp;\u00bb se conjugue au pr\u00e9sent et devient un socle, un \u00e9quilibre, une dynamique.<\/em><\/strong><\/p>\n\n\n\n<p class=\"wp-block-paragraph\">Pour Faure Gnassingb\u00e9, l&rsquo;ind\u00e9pendance ne se r\u00e9sume pas \u00e0 une date, elle ne se r\u00e9sume pas \u00e0 un symbole.&nbsp; Elle est une exigence de tous les jours. \u00catre ind\u00e9pendant aujourd\u2019hui, ce n&rsquo;est pas seulement \u00eatre souverain en droit. C&rsquo;est se donner les moyens d&rsquo;agir. \u00ab&nbsp;<em>Concr\u00e8tement, c&rsquo;est \u00eatre capable de d\u00e9cider par nous-m\u00eames de produire par nous-m\u00eames de prot\u00e9ger notre pays et notre population afin de ma\u00eetriser notre destin collectif l&rsquo;ind\u00e9pendance r\u00e9elle<\/em>&nbsp;\u00bb, a dit le Pr\u00e9sident du Conseil. Il ajout\u00e9 que cette ind\u00e9pendance doit \u00eatre exigeante et responsable. Une ind\u00e9pendance qui ne se proclame pas mais qui se d\u00e9montre tous les jours.<\/p>\n\n\n\n<figure class=\"wp-block-image size-full\"><img loading=\"lazy\" decoding=\"async\" width=\"851\" height=\"315\" src=\"https:\/\/macite.tg\/wp-content\/uploads\/2026\/04\/OTR_Ferer-pour-batir-1.jpg\" alt=\"\" class=\"wp-image-29832\" srcset=\"https:\/\/macite.tg\/wp-content\/uploads\/2026\/04\/OTR_Ferer-pour-batir-1.jpg 851w, https:\/\/macite.tg\/wp-content\/uploads\/2026\/04\/OTR_Ferer-pour-batir-1-300x111.jpg 300w, https:\/\/macite.tg\/wp-content\/uploads\/2026\/04\/OTR_Ferer-pour-batir-1-768x284.jpg 768w\" sizes=\"auto, (max-width: 851px) 100vw, 851px\" \/><\/figure>\n\n\n\n<p class=\"wp-block-paragraph\">La souverainet\u00e9 et la r\u00e9silience, conditions de l\u2019ind\u00e9pendance ont \u00e9t\u00e9 \u00e9voqu\u00e9 dans le discours de Faure Gnassingb\u00e9. Pour lui, le monde a chang\u00e9, il est plus incertain plus fragment\u00e9 et aussi plus dangereux dans notre r\u00e9gion. Les d\u00e9fis s\u00e9curitaires persistent au niveau mondial, les tensions se multiplient, les \u00e9quilibres se fragilisent, les financements deviennent plus rares. \u00ab&nbsp;<em>Dans ce contexte, nous devons \u00eatre lucide. La souverainet\u00e9 n&rsquo;est plus un principe abstrait. Elle est une n\u00e9cessit\u00e9<\/em>&nbsp;\u00bb, a-t-il relev\u00e9.<\/p>\n\n\n\n<p class=\"wp-block-paragraph\">En un Leader avis\u00e9, le Pr\u00e9sident du Conseil a reconnu que les gouvernants devraient r\u00e9pondre aux attentes de la population qui sont l\u00e9gitimes. Emploi pour les jeunes, acc\u00e8s \u00e0 l&rsquo;eau potable, \u00e0 l&rsquo;\u00e9lectricit\u00e9, \u00e0 la sant\u00e9 et l&rsquo;\u00e9ducation. \u00ab&nbsp;<em>Face \u00e0 ces attentes, la responsabilit\u00e9 de l&rsquo;\u00c9tat est claire. Apporter des r\u00e9ponses concr\u00e8tes, des r\u00e9sultats \u00e0 des promesses, des actions visibles<\/em>&nbsp;\u00bb, fait-il savoir, indiquant d\u2019ailleurs que c&rsquo;est tout l&rsquo;enjeu de la nouvelle feuille de route pour les six prochaines ann\u00e9es.&nbsp; \u00ab&nbsp;<em>Cette feuille de route s&rsquo;inscrit dans la continuit\u00e9 de nos efforts. Nous avons engag\u00e9 des r\u00e9formes. Nous avons obtenu des r\u00e9sultats. Nous avons pos\u00e9 les bases<\/em>&nbsp;\u00bb, a-t-il martel\u00e9.<\/p>\n\n\n\n<p class=\"wp-block-paragraph\">Il a rappel\u00e9 que nouvelle \u00e9tape repose sur trois exigences qui s&rsquo;imposent \u00e0 l&rsquo;action du gouvernement&nbsp;: Prot\u00e9ger rassembler transformer. <em>\u00ab&nbsp;Ce ne sont pas juste des mots<\/em>&nbsp;\u00bb, a dit Faure Gnassingb\u00e9. Pour le Pr\u00e9sident du Conseil, ils sont v\u00e9ritablement les principes qui guideront l&rsquo;action du gouvernement dans les ann\u00e9es \u00e0 venir, des principes concrets, op\u00e9rationnels et qui vont se traduire dans la vie quotidienne.<\/p>\n\n\n\n<p class=\"wp-block-paragraph\">&nbsp;Avec force et d\u00e9termination, il est revenu sur le sens de ces mots et en expliqu\u00e9 leur teneur. Prot\u00e9ger, rassembler et transformer, un socle, un \u00e9quilibre, une dynamique. <em>\u00ab&nbsp;Ces trois exigences forment un tout au service de notre population de notre territoire et notre pays&nbsp;\u00bb<\/em>, a conclu Faure Gnassingb\u00e9 qui a annonc\u00e9 l\u2019ouverture prochaine des consultations, une phase d&rsquo;\u00e9change avec les institutions, le secteur priv\u00e9, la soci\u00e9t\u00e9 civile, les partenaires autour de l&rsquo;\u00e9laboration de la nouvelle feuille de route gouvernementale pour la parfaire.<\/p>\n\n\n\n<figure class=\"wp-block-image size-full\"><img loading=\"lazy\" decoding=\"async\" width=\"947\" height=\"202\" src=\"https:\/\/macite.tg\/wp-content\/uploads\/2026\/04\/zio-lodge.jpg\" alt=\"\" class=\"wp-image-29925\" srcset=\"https:\/\/macite.tg\/wp-content\/uploads\/2026\/04\/zio-lodge.jpg 947w, https:\/\/macite.tg\/wp-content\/uploads\/2026\/04\/zio-lodge-300x64.jpg 300w, https:\/\/macite.tg\/wp-content\/uploads\/2026\/04\/zio-lodge-768x164.jpg 768w\" sizes=\"auto, (max-width: 947px) 100vw, 947px\" \/><\/figure>\n\n\n\n<p class=\"wp-block-paragraph\"><strong>Au-del\u00e0 du souvenir et de la c\u00e9l\u00e9bration de la f\u00eate de l\u2019ind\u00e9pendance\u2026<\/strong><\/p>\n\n\n\n<p class=\"wp-block-paragraph\">Selon le Pr\u00e9sident du Conseil, au-del\u00e0 du souvenir et de la c\u00e9l\u00e9bration de ce combat, nous devons aussi nous en inspirer pour regarder devant nous. En ce sens que pour Faure E. Gnassingb\u00e9, <em>\u00ab&nbsp;l\u2019ind\u00e9pendance n\u2019est pas un h\u00e9ritage. C\u2019est une responsabilit\u00e9. Une responsabilit\u00e9 vis-\u00e0-vis de notre histoire. Une responsabilit\u00e9 vis-\u00e0-vis de notre pr\u00e9sent&nbsp;\u00bb.<\/em><\/p>\n\n\n\n<p class=\"wp-block-paragraph\">Mais plus encore une responsabilit\u00e9 vis-\u00e0-vis de notre avenir.<\/p>\n\n\n\n<p class=\"wp-block-paragraph\"><strong>Les cinq pr\u00e9cieux messages de Faure E. Gnassingb\u00e9<\/strong><\/p>\n\n\n\n<p class=\"wp-block-paragraph\"><em>\u00ab&nbsp;Mon premier message est que l\u2019ind\u00e9pendance n\u2019est pas un acquis. C\u2019est une responsabilit\u00e9 permanente. L\u2019ind\u00e9pendance ne se r\u00e9sume pas \u00e0 une date. Elle ne se r\u00e9sume pas \u00e0 un symbole. Elle est une exigence de tous les jours&nbsp;\u00bb,<\/em> a d\u00e9clar\u00e9 le Pr\u00e9sident du Conseil lors de discours \u00e0 la Nation.<\/p>\n\n\n\n<p class=\"wp-block-paragraph\">Le deuxi\u00e8me message fait r\u00e9f\u00e9rence \u00e0 la souverainet\u00e9. <em>\u00ab&nbsp;Dans le monde d\u2019aujourd\u2019hui, la souverainet\u00e9 et la r\u00e9silience sont des conditions de notre ind\u00e9pendance. Le monde a chang\u00e9. Il est plus incertain, plus fragment\u00e9 et aussi plus dangereux&nbsp;\u00bb,<\/em> a relev\u00e9 Faure Gnassingb\u00e9.<\/p>\n\n\n\n<p class=\"wp-block-paragraph\">Faisant ainsi allusion aux d\u00e9fis s\u00e9curitaires persistants dans notre r\u00e9gion sans oublier au niveau mondial o\u00f9 les tensions se multiplient, les \u00e9quilibres se fragilisent, les financements deviennent plus rares. I nous faut donc Togolais de tous les horizons \u00eatre lucides et surtout solides.<\/p>\n\n\n\n<p class=\"wp-block-paragraph\"><em>\u00ab&nbsp;La souverainet\u00e9 n\u2019est plus un principe abstrait. Elle est une n\u00e9cessit\u00e9. Elle signifie r\u00e9duire nos d\u00e9pendances, s\u00e9curiser ce qui est essentiel, \u00eatre en mesure de faire face aux chocs. La souverainet\u00e9 ne signifie pas se fermer. Elle ne signifie pas s\u2019isoler. Au contraire. Elle suppose d\u2019\u00eatre ouverts. Mais d\u2019\u00eatre ouverts avec lucidit\u00e9. Elle suppose des partenariats \u00e9quilibr\u00e9s, une diplomatie active et un engagement r\u00e9gional fort&nbsp;\u00bb, <\/em>a insist\u00e9 le Pr\u00e9sident du Conseil.<\/p>\n\n\n<div class=\"wp-block-image\">\n<figure class=\"aligncenter size-large is-resized\"><img loading=\"lazy\" decoding=\"async\" width=\"819\" height=\"1024\" src=\"https:\/\/macite.tg\/wp-content\/uploads\/2026\/04\/OTR_FAUSSE-ANNONCE-819x1024.jpg\" alt=\"\" class=\"wp-image-29938\" style=\"width:461px;height:auto\" srcset=\"https:\/\/macite.tg\/wp-content\/uploads\/2026\/04\/OTR_FAUSSE-ANNONCE-819x1024.jpg 819w, https:\/\/macite.tg\/wp-content\/uploads\/2026\/04\/OTR_FAUSSE-ANNONCE-240x300.jpg 240w, https:\/\/macite.tg\/wp-content\/uploads\/2026\/04\/OTR_FAUSSE-ANNONCE-768x960.jpg 768w, https:\/\/macite.tg\/wp-content\/uploads\/2026\/04\/OTR_FAUSSE-ANNONCE-1229x1536.jpg 1229w, https:\/\/macite.tg\/wp-content\/uploads\/2026\/04\/OTR_FAUSSE-ANNONCE.jpg 1280w\" sizes=\"auto, (max-width: 819px) 100vw, 819px\" \/><\/figure>\n<\/div>\n\n\n<p class=\"wp-block-paragraph\"><strong>N\u00e9cessit\u00e9 de r\u00e9pondre aux attentes de la population<\/strong><\/p>\n\n\n\n<p class=\"wp-block-paragraph\">&nbsp;Dans son riche discours et plein d\u2019engagements \u00e0 la Nation togolaise, le troisi\u00e8me message de Faure Essozimna Gnassingb\u00e9 est que pour c\u00e9l\u00e9brer l\u2019ind\u00e9pendance, il faut d\u2019abord r\u00e9pondre aux attentes de la population.<\/p>\n\n\n\n<p class=\"wp-block-paragraph\">Pour ce dernier, l\u2019ind\u00e9pendance ne prend tout son sens que si elle am\u00e9liore la vie quotidienne. <em>\u00ab&nbsp;Les attentes de nos concitoyens sont connues. Elles sont l\u00e9gitimes. Elles concernent l\u2019emploi, en particulier pour les jeunes. Elles concernent l\u2019acc\u00e8s \u00e0 l\u2019eau, \u00e0 l\u2019\u00e9lectricit\u00e9, \u00e0 la sant\u00e9, \u00e0 l\u2019\u00e9ducation. Elles concernent aussi les conditions de vie et la dignit\u00e9. Elles concernent aussi l\u2019\u00e9quit\u00e9 entre les territoires et entre les populations&nbsp;\u00bb,<\/em> a-t-il affirm\u00e9.<\/p>\n\n\n\n<p class=\"wp-block-paragraph\"><strong>Consolider notre ind\u00e9pendance\u2026en pr\u00e9parant l\u2019avenir<\/strong><\/p>\n\n\n\n<p class=\"wp-block-paragraph\">Pour consolider notre ind\u00e9pendance, le Pr\u00e9sident du Conseil est convaincu que nous devons pr\u00e9parer l\u2019avenir. Un quatri\u00e8me message plein de sens et qui rappelle tout l\u2019enjeu de la feuille de route gouvernementale pour les 6 prochaines ann\u00e9es.<\/p>\n\n\n\n<p class=\"wp-block-paragraph\"><em>\u00ab&nbsp;Cette feuille de route s\u2019inscrit dans la continuit\u00e9 de nos efforts. Nous avons engag\u00e9 des r\u00e9formes. Nous avons obtenu des r\u00e9sultats. Nous avons pos\u00e9 des bases. Nous devons maintenant aller beaucoup plus loin avec plus de discipline, plus de clart\u00e9 mais plus d\u2019impact. Cette nouvelle \u00e9tape repose sur trois exigences qui s\u2019imposent \u00e0 l\u2019action du Gouvernement&nbsp;\u00bb,<\/em> a poursuivi Faure E. Gnassingb\u00e9.<\/p>\n\n\n\n<p class=\"wp-block-paragraph\"><strong>Prot\u00e9ger, Rassembler, Transformer.<\/strong><\/p>\n\n\n\n<p class=\"wp-block-paragraph\">Ce ne sont pas des slogans. Ce ne sont pas juste des mots. Ce sont v\u00e9ritablement les principes qui guideront l\u2019action du Gouvernement dans les ann\u00e9es \u00e0 venir.<\/p>\n\n\n\n<p class=\"wp-block-paragraph\">Des principes concrets, des principes op\u00e9rationnels, des principes qui vont se traduire dans votre vie quotidienne.<\/p>\n\n\n<div class=\"wp-block-image\">\n<figure class=\"aligncenter size-full\"><img loading=\"lazy\" decoding=\"async\" width=\"509\" height=\"720\" src=\"https:\/\/macite.tg\/wp-content\/uploads\/2026\/04\/OTR_Payez-la-TVM-simple-et-pratique.jpg\" alt=\"\" class=\"wp-image-29849\" srcset=\"https:\/\/macite.tg\/wp-content\/uploads\/2026\/04\/OTR_Payez-la-TVM-simple-et-pratique.jpg 509w, https:\/\/macite.tg\/wp-content\/uploads\/2026\/04\/OTR_Payez-la-TVM-simple-et-pratique-212x300.jpg 212w\" sizes=\"auto, (max-width: 509px) 100vw, 509px\" \/><\/figure>\n<\/div>\n\n\n<p class=\"wp-block-paragraph\"><em>\u00ab&nbsp;Prot\u00e9ger, c\u2019est d\u2019abord s\u00e9curiser les fondations de la R\u00e9publique. Prot\u00e9ger notre territoire, c\u2019est garantir la paix et la s\u00e9curit\u00e9. C\u2019est assurer la pr\u00e9sence de l\u2019\u00c9tat partout, y compris dans les zones les plus expos\u00e9es notamment au Nord de notre pays&nbsp;\u00bb,<\/em> a rappel\u00e9 le Pr\u00e9sident du Conseil.<\/p>\n\n\n\n<p class=\"wp-block-paragraph\"><em>\u00ab&nbsp;Rassembler, c\u2019est assurer notre coh\u00e9sion nationale. C\u2019est rassembler notre territoire et r\u00e9duire les in\u00e9galit\u00e9s entre r\u00e9gions. C\u2019est faire en sorte que le d\u00e9veloppement soit mieux r\u00e9parti. C\u2019est donner aux collectivit\u00e9s les moyens d\u2019agir. Rassembler notre population, c\u2019est ensuite lutter contre la pauvret\u00e9 et contre les in\u00e9galit\u00e9s. C\u2019est permettre \u00e0 chacun de trouver sa place dans la soci\u00e9t\u00e9&nbsp;\u00bb.<\/em><\/p>\n\n\n\n<p class=\"wp-block-paragraph\">Transformer enfin, c\u2019est changer durablement notre \u00e9conomie. C\u2019est transformer notre territoire et moderniser agriculture. Produire mieux, transformer localement et cr\u00e9er plus de valeur ici pour nos concitoyens.<\/p>\n\n\n\n<p class=\"wp-block-paragraph\">Transformer, c\u2019est aussi investir dans les bonnes comp\u00e9tences pour notre population. C\u2019est former nos jeunes aux m\u00e9tiers dont notre \u00e9conomie a besoin et faire grandir les talents. C\u2019est faire en sorte que chaque formation m\u00e8ne \u00e0 un emploi d\u00e9cent et durable dans l\u2019agriculture, dans l\u2019industrie et dans les services.<\/p>\n\n\n\n<p class=\"wp-block-paragraph\">Transformer notre pays enfin, c\u2019est aussi renforcer nos infrastructures logistiques et notre capacit\u00e9 industrielle. Des routes qui relient nos march\u00e9s entre eux, et qui permettent d\u2019acheminer nos productions vers les march\u00e9s de nos voisins. Un port performant qui facilite les \u00e9changes dans l\u2019ensemble de la sous-r\u00e9gion. Des zones industrielles o\u00f9 nos entreprises peuvent investir, produire, se d\u00e9velopper. C\u2019est faire en sorte que davantage de richesses soient produites ici, au Togo.<\/p>\n\n\n<div class=\"wp-block-image\">\n<figure class=\"aligncenter size-full is-resized\"><img loading=\"lazy\" decoding=\"async\" width=\"500\" height=\"304\" src=\"https:\/\/macite.tg\/wp-content\/uploads\/2026\/04\/OTR_SAM.jpg\" alt=\"\" class=\"wp-image-30044\" style=\"width:616px;height:auto\" srcset=\"https:\/\/macite.tg\/wp-content\/uploads\/2026\/04\/OTR_SAM.jpg 500w, https:\/\/macite.tg\/wp-content\/uploads\/2026\/04\/OTR_SAM-300x182.jpg 300w\" sizes=\"auto, (max-width: 500px) 100vw, 500px\" \/><\/figure>\n<\/div>\n\n\n<p class=\"wp-block-paragraph\">&nbsp;L\u2019essentiel \u00e0 retenir de ce discours \u00e0 la Nation du Pr\u00e9sident du Conseil est que l\u2019ind\u00e9pendance n\u2019est pas un souvenir. C\u2019est un projet. Un projet exigeant. Un projet collectif. Un projet pour l\u2019avenir. Un projet qui nous oblige aussi mais surtout qui nous rassemble.<\/p>\n\n\n\n<p class=\"wp-block-paragraph\"><em>\u00ab&nbsp;C\u2019est ensemble que nous devons continuer \u00e0 construire un Togo plus souverain, plus r\u00e9silient, plus juste, et plus prosp\u00e8re&nbsp;\u00bb, <\/em>a conclu Faure Essozimna Gnassingb\u00e9.<\/p>\n\n\n\n<p class=\"wp-block-paragraph\"><strong>Cr\u00e9do TETTEH <\/strong><strong>(In LE MEDIUM n\u00b0700 du 28 Avril au 04 Mai 2026)<\/strong><\/p>\n\n\n\n<p class=\"wp-block-paragraph\"><a><strong><em>@macite.tg&nbsp;&nbsp;&nbsp;&nbsp;&nbsp;&nbsp;&nbsp;&nbsp;<\/em><\/strong><\/a><\/p>\n\n\n\n<p class=\"wp-block-paragraph\"><strong><em>E-mail&nbsp;: <\/em><\/strong><a href=\"mailto:maciteinfo@gmail.com\"><strong><em>maciteinfo@gmail.com<\/em><\/strong><\/a><strong><em>; <\/em><\/strong><a href=\"mailto:bawela1@gmail.com\"><strong><em>bawela1@gmail.com<\/em><\/strong><\/a><strong><em><\/em><\/strong><\/p>\n\n\n\n<p class=\"wp-block-paragraph\"><strong><em>Pour vos annonces, publi-reportages, etc., joignez-nous au (00228)91515309\/<strong>79872224 <\/strong><strong><\/strong><\/em><\/strong><\/p>\n\n\n\n<p class=\"wp-block-paragraph\"><strong><em>www.macite.tg, L\u2019information, la bonne&nbsp;!<\/em><\/strong><\/p>\n","protected":false},"excerpt":{"rendered":"<p class=\"text-justify mb-2\" >Pour cl\u00f4turer les c\u00e9l\u00e9brations de la f\u00eate de l\u2019ind\u00e9pendance de cette ann\u00e9e 2026, le Pr\u00e9sident du Conseil a choisi de s\u2019adresser \u00e0 la nation. Un discours centr\u00e9 sur 5 convictions et port\u00e9 sur l\u2019ind\u00e9pendance, la souverainet\u00e9 pour un Togo prosp\u00e8re o\u00f9 le triptyque \u00ab Prot\u00e9ger, [&hellip;]<\/p>\n","protected":false},"author":2,"featured_media":30043,"comment_status":"open","ping_status":"open","sticky":false,"template":"","format":"standard","meta":{"footnotes":""},"categories":[20,1],"tags":[],"class_list":["post-30064","post","type-post","status-publish","format-standard","has-post-thumbnail","hentry","category-actualite","category-politique"],"yoast_head":"<!-- This site is optimized with the Yoast SEO plugin v28.4 - https:\/\/yoast.com\/product\/yoast-seo-wordpress\/ -->\n<title>DISCOURS A LA NATION \/ 27 AVRIL\u00a0: \u00ab\u00a0(\u2026) Apporter des r\u00e9ponses concr\u00e8tes, des r\u00e9sultats \u00e0 des promesses, des actions visibles\u00a0\u00bb (Faure E. Gnassingb\u00e9) -<\/title>\n<meta name=\"robots\" content=\"index, follow, max-snippet:-1, max-image-preview:large, max-video-preview:-1\" \/>\n<link rel=\"canonical\" href=\"https:\/\/macite.tg\/?p=30064\" \/>\n<meta property=\"og:locale\" content=\"fr_FR\" \/>\n<meta property=\"og:type\" content=\"article\" \/>\n<meta property=\"og:title\" content=\"DISCOURS A LA NATION \/ 27 AVRIL\u00a0: \u00ab\u00a0(\u2026) Apporter des r\u00e9ponses concr\u00e8tes, des r\u00e9sultats \u00e0 des promesses, des actions visibles\u00a0\u00bb (Faure E. Gnassingb\u00e9) -\" \/>\n<meta property=\"og:description\" content=\"Pour cl\u00f4turer les c\u00e9l\u00e9brations de la f\u00eate de l\u2019ind\u00e9pendance de cette ann\u00e9e 2026, le Pr\u00e9sident du Conseil a choisi de s\u2019adresser \u00e0 la nation. Un discours centr\u00e9 sur 5 convictions et port\u00e9 sur l\u2019ind\u00e9pendance, la souverainet\u00e9 pour un Togo prosp\u00e8re o\u00f9 le triptyque \u00ab Prot\u00e9ger, [&hellip;]\" \/>\n<meta property=\"og:url\" content=\"https:\/\/macite.tg\/?p=30064\" \/>\n<meta property=\"article:published_time\" content=\"2026-04-28T13:05:33+00:00\" \/>\n<meta property=\"article:modified_time\" content=\"2026-04-28T13:05:48+00:00\" \/>\n<meta property=\"og:image\" content=\"https:\/\/macite.tg\/wp-content\/uploads\/2026\/04\/PC-FEG.jpg\" \/>\n\t<meta property=\"og:image:width\" content=\"500\" \/>\n\t<meta property=\"og:image:height\" content=\"401\" \/>\n\t<meta property=\"og:image:type\" content=\"image\/jpeg\" \/>\n<meta name=\"author\" content=\"Jean Pierre BAWELA\" \/>\n<meta name=\"twitter:card\" content=\"summary_large_image\" \/>\n<meta name=\"twitter:label1\" content=\"\u00c9crit par\" \/>\n\t<meta name=\"twitter:data1\" content=\"Jean Pierre BAWELA\" \/>\n\t<meta name=\"twitter:label2\" content=\"Dur\u00e9e de lecture estim\u00e9e\" \/>\n\t<meta name=\"twitter:data2\" content=\"9 minutes\" \/>\n<script type=\"application\/ld+json\" class=\"yoast-schema-graph\">{\"@context\":\"https:\\\/\\\/schema.org\",\"@graph\":[{\"@type\":\"Article\",\"@id\":\"https:\\\/\\\/macite.tg\\\/?p=30064#article\",\"isPartOf\":{\"@id\":\"https:\\\/\\\/macite.tg\\\/?p=30064\"},\"author\":{\"name\":\"Jean Pierre BAWELA\",\"@id\":\"https:\\\/\\\/macite.tg\\\/#\\\/schema\\\/person\\\/e9f2de7e5dbbe7770a9402c7ce82f5c2\"},\"headline\":\"DISCOURS A LA NATION \\\/ 27 AVRIL\u00a0: \u00ab\u00a0(\u2026) Apporter des r\u00e9ponses concr\u00e8tes, des r\u00e9sultats \u00e0 des promesses, des actions visibles\u00a0\u00bb (Faure E. Gnassingb\u00e9)\",\"datePublished\":\"2026-04-28T13:05:33+00:00\",\"dateModified\":\"2026-04-28T13:05:48+00:00\",\"mainEntityOfPage\":{\"@id\":\"https:\\\/\\\/macite.tg\\\/?p=30064\"},\"wordCount\":1655,\"commentCount\":0,\"image\":{\"@id\":\"https:\\\/\\\/macite.tg\\\/?p=30064#primaryimage\"},\"thumbnailUrl\":\"https:\\\/\\\/macite.tg\\\/wp-content\\\/uploads\\\/2026\\\/04\\\/PC-FEG.jpg\",\"articleSection\":[\"ACTUALITE\",\"POLITIQUE\"],\"inLanguage\":\"fr-FR\",\"potentialAction\":[{\"@type\":\"CommentAction\",\"name\":\"Comment\",\"target\":[\"https:\\\/\\\/macite.tg\\\/?p=30064#respond\"]}]},{\"@type\":\"WebPage\",\"@id\":\"https:\\\/\\\/macite.tg\\\/?p=30064\",\"url\":\"https:\\\/\\\/macite.tg\\\/?p=30064\",\"name\":\"DISCOURS A LA NATION \\\/ 27 AVRIL\u00a0: \u00ab\u00a0(\u2026) Apporter des r\u00e9ponses concr\u00e8tes, des r\u00e9sultats \u00e0 des promesses, des actions visibles\u00a0\u00bb (Faure E. Gnassingb\u00e9) -\",\"isPartOf\":{\"@id\":\"https:\\\/\\\/macite.tg\\\/#website\"},\"primaryImageOfPage\":{\"@id\":\"https:\\\/\\\/macite.tg\\\/?p=30064#primaryimage\"},\"image\":{\"@id\":\"https:\\\/\\\/macite.tg\\\/?p=30064#primaryimage\"},\"thumbnailUrl\":\"https:\\\/\\\/macite.tg\\\/wp-content\\\/uploads\\\/2026\\\/04\\\/PC-FEG.jpg\",\"datePublished\":\"2026-04-28T13:05:33+00:00\",\"dateModified\":\"2026-04-28T13:05:48+00:00\",\"author\":{\"@id\":\"https:\\\/\\\/macite.tg\\\/#\\\/schema\\\/person\\\/e9f2de7e5dbbe7770a9402c7ce82f5c2\"},\"breadcrumb\":{\"@id\":\"https:\\\/\\\/macite.tg\\\/?p=30064#breadcrumb\"},\"inLanguage\":\"fr-FR\",\"potentialAction\":[{\"@type\":\"ReadAction\",\"target\":[\"https:\\\/\\\/macite.tg\\\/?p=30064\"]}]},{\"@type\":\"ImageObject\",\"inLanguage\":\"fr-FR\",\"@id\":\"https:\\\/\\\/macite.tg\\\/?p=30064#primaryimage\",\"url\":\"https:\\\/\\\/macite.tg\\\/wp-content\\\/uploads\\\/2026\\\/04\\\/PC-FEG.jpg\",\"contentUrl\":\"https:\\\/\\\/macite.tg\\\/wp-content\\\/uploads\\\/2026\\\/04\\\/PC-FEG.jpg\",\"width\":500,\"height\":401},{\"@type\":\"BreadcrumbList\",\"@id\":\"https:\\\/\\\/macite.tg\\\/?p=30064#breadcrumb\",\"itemListElement\":[{\"@type\":\"ListItem\",\"position\":1,\"name\":\"Accueil\",\"item\":\"https:\\\/\\\/macite.tg\\\/\"},{\"@type\":\"ListItem\",\"position\":2,\"name\":\"DISCOURS A LA NATION \\\/ 27 AVRIL\u00a0: \u00ab\u00a0(\u2026) Apporter des r\u00e9ponses concr\u00e8tes, des r\u00e9sultats \u00e0 des promesses, des actions visibles\u00a0\u00bb (Faure E. Gnassingb\u00e9)\"}]},{\"@type\":\"WebSite\",\"@id\":\"https:\\\/\\\/macite.tg\\\/#website\",\"url\":\"https:\\\/\\\/macite.tg\\\/\",\"name\":\"\",\"description\":\"L&#039;information, la bonne!!!\",\"potentialAction\":[{\"@type\":\"SearchAction\",\"target\":{\"@type\":\"EntryPoint\",\"urlTemplate\":\"https:\\\/\\\/macite.tg\\\/?s={search_term_string}\"},\"query-input\":{\"@type\":\"PropertyValueSpecification\",\"valueRequired\":true,\"valueName\":\"search_term_string\"}}],\"inLanguage\":\"fr-FR\"},{\"@type\":\"Person\",\"@id\":\"https:\\\/\\\/macite.tg\\\/#\\\/schema\\\/person\\\/e9f2de7e5dbbe7770a9402c7ce82f5c2\",\"name\":\"Jean Pierre BAWELA\",\"image\":{\"@type\":\"ImageObject\",\"inLanguage\":\"fr-FR\",\"@id\":\"https:\\\/\\\/macite.tg\\\/wp-content\\\/uploads\\\/2023\\\/09\\\/WhatsApp-Image-2023-09-19-at-14.44.41-122x122.jpeg\",\"url\":\"https:\\\/\\\/macite.tg\\\/wp-content\\\/uploads\\\/2023\\\/09\\\/WhatsApp-Image-2023-09-19-at-14.44.41-122x122.jpeg\",\"contentUrl\":\"https:\\\/\\\/macite.tg\\\/wp-content\\\/uploads\\\/2023\\\/09\\\/WhatsApp-Image-2023-09-19-at-14.44.41-122x122.jpeg\",\"caption\":\"Jean Pierre BAWELA\"},\"url\":\"https:\\\/\\\/macite.tg\\\/?author=2\"}]}<\/script>\n<!-- \/ Yoast SEO plugin. -->","yoast_head_json":{"title":"DISCOURS A LA NATION \/ 27 AVRIL\u00a0: \u00ab\u00a0(\u2026) Apporter des r\u00e9ponses concr\u00e8tes, des r\u00e9sultats \u00e0 des promesses, des actions visibles\u00a0\u00bb (Faure E. Gnassingb\u00e9) -","robots":{"index":"index","follow":"follow","max-snippet":"max-snippet:-1","max-image-preview":"max-image-preview:large","max-video-preview":"max-video-preview:-1"},"canonical":"https:\/\/macite.tg\/?p=30064","og_locale":"fr_FR","og_type":"article","og_title":"DISCOURS A LA NATION \/ 27 AVRIL\u00a0: \u00ab\u00a0(\u2026) Apporter des r\u00e9ponses concr\u00e8tes, des r\u00e9sultats \u00e0 des promesses, des actions visibles\u00a0\u00bb (Faure E. Gnassingb\u00e9) -","og_description":"Pour cl\u00f4turer les c\u00e9l\u00e9brations de la f\u00eate de l\u2019ind\u00e9pendance de cette ann\u00e9e 2026, le Pr\u00e9sident du Conseil a choisi de s\u2019adresser \u00e0 la nation. Un discours centr\u00e9 sur 5 convictions et port\u00e9 sur l\u2019ind\u00e9pendance, la souverainet\u00e9 pour un Togo prosp\u00e8re o\u00f9 le triptyque \u00ab Prot\u00e9ger, [&hellip;]","og_url":"https:\/\/macite.tg\/?p=30064","article_published_time":"2026-04-28T13:05:33+00:00","article_modified_time":"2026-04-28T13:05:48+00:00","og_image":[{"width":500,"height":401,"url":"https:\/\/macite.tg\/wp-content\/uploads\/2026\/04\/PC-FEG.jpg","type":"image\/jpeg"}],"author":"Jean Pierre BAWELA","twitter_card":"summary_large_image","twitter_misc":{"\u00c9crit par":"Jean Pierre BAWELA","Dur\u00e9e de lecture estim\u00e9e":"9 minutes"},"schema":{"@context":"https:\/\/schema.org","@graph":[{"@type":"Article","@id":"https:\/\/macite.tg\/?p=30064#article","isPartOf":{"@id":"https:\/\/macite.tg\/?p=30064"},"author":{"name":"Jean Pierre BAWELA","@id":"https:\/\/macite.tg\/#\/schema\/person\/e9f2de7e5dbbe7770a9402c7ce82f5c2"},"headline":"DISCOURS A LA NATION \/ 27 AVRIL\u00a0: \u00ab\u00a0(\u2026) Apporter des r\u00e9ponses concr\u00e8tes, des r\u00e9sultats \u00e0 des promesses, des actions visibles\u00a0\u00bb (Faure E. Gnassingb\u00e9)","datePublished":"2026-04-28T13:05:33+00:00","dateModified":"2026-04-28T13:05:48+00:00","mainEntityOfPage":{"@id":"https:\/\/macite.tg\/?p=30064"},"wordCount":1655,"commentCount":0,"image":{"@id":"https:\/\/macite.tg\/?p=30064#primaryimage"},"thumbnailUrl":"https:\/\/macite.tg\/wp-content\/uploads\/2026\/04\/PC-FEG.jpg","articleSection":["ACTUALITE","POLITIQUE"],"inLanguage":"fr-FR","potentialAction":[{"@type":"CommentAction","name":"Comment","target":["https:\/\/macite.tg\/?p=30064#respond"]}]},{"@type":"WebPage","@id":"https:\/\/macite.tg\/?p=30064","url":"https:\/\/macite.tg\/?p=30064","name":"DISCOURS A LA NATION \/ 27 AVRIL\u00a0: \u00ab\u00a0(\u2026) Apporter des r\u00e9ponses concr\u00e8tes, des r\u00e9sultats \u00e0 des promesses, des actions visibles\u00a0\u00bb (Faure E. Gnassingb\u00e9) -","isPartOf":{"@id":"https:\/\/macite.tg\/#website"},"primaryImageOfPage":{"@id":"https:\/\/macite.tg\/?p=30064#primaryimage"},"image":{"@id":"https:\/\/macite.tg\/?p=30064#primaryimage"},"thumbnailUrl":"https:\/\/macite.tg\/wp-content\/uploads\/2026\/04\/PC-FEG.jpg","datePublished":"2026-04-28T13:05:33+00:00","dateModified":"2026-04-28T13:05:48+00:00","author":{"@id":"https:\/\/macite.tg\/#\/schema\/person\/e9f2de7e5dbbe7770a9402c7ce82f5c2"},"breadcrumb":{"@id":"https:\/\/macite.tg\/?p=30064#breadcrumb"},"inLanguage":"fr-FR","potentialAction":[{"@type":"ReadAction","target":["https:\/\/macite.tg\/?p=30064"]}]},{"@type":"ImageObject","inLanguage":"fr-FR","@id":"https:\/\/macite.tg\/?p=30064#primaryimage","url":"https:\/\/macite.tg\/wp-content\/uploads\/2026\/04\/PC-FEG.jpg","contentUrl":"https:\/\/macite.tg\/wp-content\/uploads\/2026\/04\/PC-FEG.jpg","width":500,"height":401},{"@type":"BreadcrumbList","@id":"https:\/\/macite.tg\/?p=30064#breadcrumb","itemListElement":[{"@type":"ListItem","position":1,"name":"Accueil","item":"https:\/\/macite.tg\/"},{"@type":"ListItem","position":2,"name":"DISCOURS A LA NATION \/ 27 AVRIL\u00a0: \u00ab\u00a0(\u2026) Apporter des r\u00e9ponses concr\u00e8tes, des r\u00e9sultats \u00e0 des promesses, des actions visibles\u00a0\u00bb (Faure E. Gnassingb\u00e9)"}]},{"@type":"WebSite","@id":"https:\/\/macite.tg\/#website","url":"https:\/\/macite.tg\/","name":"","description":"L&#039;information, la bonne!!!","potentialAction":[{"@type":"SearchAction","target":{"@type":"EntryPoint","urlTemplate":"https:\/\/macite.tg\/?s={search_term_string}"},"query-input":{"@type":"PropertyValueSpecification","valueRequired":true,"valueName":"search_term_string"}}],"inLanguage":"fr-FR"},{"@type":"Person","@id":"https:\/\/macite.tg\/#\/schema\/person\/e9f2de7e5dbbe7770a9402c7ce82f5c2","name":"Jean Pierre BAWELA","image":{"@type":"ImageObject","inLanguage":"fr-FR","@id":"https:\/\/macite.tg\/wp-content\/uploads\/2023\/09\/WhatsApp-Image-2023-09-19-at-14.44.41-122x122.jpeg","url":"https:\/\/macite.tg\/wp-content\/uploads\/2023\/09\/WhatsApp-Image-2023-09-19-at-14.44.41-122x122.jpeg","contentUrl":"https:\/\/macite.tg\/wp-content\/uploads\/2023\/09\/WhatsApp-Image-2023-09-19-at-14.44.41-122x122.jpeg","caption":"Jean Pierre BAWELA"},"url":"https:\/\/macite.tg\/?author=2"}]}},"_links":{"self":[{"href":"https:\/\/macite.tg\/index.php?rest_route=\/wp\/v2\/posts\/30064","targetHints":{"allow":["GET"]}}],"collection":[{"href":"https:\/\/macite.tg\/index.php?rest_route=\/wp\/v2\/posts"}],"about":[{"href":"https:\/\/macite.tg\/index.php?rest_route=\/wp\/v2\/types\/post"}],"author":[{"embeddable":true,"href":"https:\/\/macite.tg\/index.php?rest_route=\/wp\/v2\/users\/2"}],"replies":[{"embeddable":true,"href":"https:\/\/macite.tg\/index.php?rest_route=%2Fwp%2Fv2%2Fcomments&post=30064"}],"version-history":[{"count":0,"href":"https:\/\/macite.tg\/index.php?rest_route=\/wp\/v2\/posts\/30064\/revisions"}],"wp:featuredmedia":[{"embeddable":true,"href":"https:\/\/macite.tg\/index.php?rest_route=\/wp\/v2\/media\/30043"}],"wp:attachment":[{"href":"https:\/\/macite.tg\/index.php?rest_route=%2Fwp%2Fv2%2Fmedia&parent=30064"}],"wp:term":[{"taxonomy":"category","embeddable":true,"href":"https:\/\/macite.tg\/index.php?rest_route=%2Fwp%2Fv2%2Fcategories&post=30064"},{"taxonomy":"post_tag","embeddable":true,"href":"https:\/\/macite.tg\/index.php?rest_route=%2Fwp%2Fv2%2Ftags&post=30064"}],"curies":[{"name":"wp","href":"https:\/\/api.w.org\/{rel}","templated":true}]}}