{"id":30032,"date":"2026-04-27T15:40:11","date_gmt":"2026-04-27T15:40:11","guid":{"rendered":"https:\/\/macite.tg\/?p=30032"},"modified":"2026-04-27T15:40:23","modified_gmt":"2026-04-27T15:40:23","slug":"togo-jean-lucien-savi-de-tove-eleve-a-la-dignite-de-grand-croix-de-lordre-du-mono","status":"publish","type":"post","link":"https:\/\/macite.tg\/?p=30032","title":{"rendered":"TOGO : Jean-Lucien Savi de Tov\u00e9 \u00e9lev\u00e9 \u00e0 la Dignit\u00e9 de Grand-Croix de l\u2019Ordre du Mono"},"content":{"rendered":"\n<p class=\"wp-block-paragraph\"><strong><em>Dans une atmosph\u00e8re empreinte de solennit\u00e9 au Palais de la Marina, le Pr\u00e9sident du Conseil, Faure Essozimna Gnassingb\u00e9, a conf\u00e9r\u00e9 Le 26 avril 2026 la plus haute distinction honorifique du pays au Pr\u00e9sident de la R\u00e9publique, Jean-Lucien Kwassi Lanyo Savi de Tov\u00e9.<\/em><\/strong><em><\/em><\/p>\n\n\n\n<p class=\"wp-block-paragraph\">Cette c\u00e9r\u00e9monie, qui s&rsquo;inscrit dans les festivit\u00e9s du 66\u00e8me anniversaire de l&rsquo;ind\u00e9pendance, marque un tournant institutionnel majeur. En \u00e9levant le Chef de l&rsquo;\u00c9tat \u00e0 la Dignit\u00e9 de Grand-Croix de l\u2019Ordre du Mono, le Grand Ma\u00eetre des Ordres Nationaux applique les dispositions de la nouvelle Constitution du 06 mai 2024.<\/p>\n\n\n\n<figure class=\"wp-block-image size-full\"><img loading=\"lazy\" decoding=\"async\" width=\"851\" height=\"315\" src=\"https:\/\/macite.tg\/wp-content\/uploads\/2026\/04\/OTR_Ferer-pour-batir-1.jpg\" alt=\"\" class=\"wp-image-29832\" srcset=\"https:\/\/macite.tg\/wp-content\/uploads\/2026\/04\/OTR_Ferer-pour-batir-1.jpg 851w, https:\/\/macite.tg\/wp-content\/uploads\/2026\/04\/OTR_Ferer-pour-batir-1-300x111.jpg 300w, https:\/\/macite.tg\/wp-content\/uploads\/2026\/04\/OTR_Ferer-pour-batir-1-768x284.jpg 768w\" sizes=\"auto, (max-width: 851px) 100vw, 851px\" \/><\/figure>\n\n\n\n<p class=\"wp-block-paragraph\"><strong>Une distinction au sommet de l\u2019\u00c9tat<\/strong><\/p>\n\n\n\n<p class=\"wp-block-paragraph\">La Dignit\u00e9 de Grand-Croix repr\u00e9sente l\u2019expression supr\u00eame de la reconnaissance de la Nation. R\u00e9serv\u00e9e aux personnalit\u00e9s d&rsquo;exception, elle ne se limite pas \u00e0 un simple hommage honorifique. Elle porte un message politique puissant de coh\u00e9sion et de valorisation des parcours d\u00e9vou\u00e9s \u00e0 l&rsquo;int\u00e9r\u00eat sup\u00e9rieur du Togo.<\/p>\n\n\n\n<p class=\"wp-block-paragraph\"><strong>Un nouveau pouvoir de d\u00e9coration pour le Pr\u00e9sident de la R\u00e9publique<\/strong><\/p>\n\n\n\n<p class=\"wp-block-paragraph\">Cet acte officiel conf\u00e8re d\u00e9sormais au Pr\u00e9sident de la R\u00e9publique une pr\u00e9rogative essentielle : le pouvoir de d\u00e9coration. Jean-Lucien Kwassi Lanyo Savi de Tov\u00e9 est dor\u00e9navant habilit\u00e9 \u00e0 distinguer les citoyens et les personnalit\u00e9s \u00e9trang\u00e8res dont les m\u00e9rites \u00e9minents participent au rayonnement du pays.<\/p>\n\n\n\n<p class=\"wp-block-paragraph\">Cette \u00e9volution t\u00e9moigne de la volont\u00e9 de la R\u00e9publique de s&rsquo;adapter aux r\u00e9alit\u00e9s modernes et de renforcer ses institutions.<\/p>\n\n\n<div class=\"wp-block-image\">\n<figure class=\"aligncenter size-large is-resized\"><img loading=\"lazy\" decoding=\"async\" width=\"819\" height=\"1024\" src=\"https:\/\/macite.tg\/wp-content\/uploads\/2026\/04\/OTR_FAUSSE-ANNONCE-819x1024.jpg\" alt=\"\" class=\"wp-image-29938\" style=\"width:521px;height:auto\" srcset=\"https:\/\/macite.tg\/wp-content\/uploads\/2026\/04\/OTR_FAUSSE-ANNONCE-819x1024.jpg 819w, https:\/\/macite.tg\/wp-content\/uploads\/2026\/04\/OTR_FAUSSE-ANNONCE-240x300.jpg 240w, https:\/\/macite.tg\/wp-content\/uploads\/2026\/04\/OTR_FAUSSE-ANNONCE-768x960.jpg 768w, https:\/\/macite.tg\/wp-content\/uploads\/2026\/04\/OTR_FAUSSE-ANNONCE-1229x1536.jpg 1229w, https:\/\/macite.tg\/wp-content\/uploads\/2026\/04\/OTR_FAUSSE-ANNONCE.jpg 1280w\" sizes=\"auto, (max-width: 819px) 100vw, 819px\" \/><\/figure>\n<\/div>\n\n\n<p class=\"wp-block-paragraph\"><strong>L&rsquo;engagement d&rsquo;un homme au service de l&rsquo;Unit\u00e9<\/strong><\/p>\n\n\n\n<p class=\"wp-block-paragraph\">\u00c9lu \u00e0 la pr\u00e9sidence le 3 mai 2025, Jean-Lucien Kwassi Lanyo Savi de Tov\u00e9 est une figure centrale de la sc\u00e8ne politique togolaise. Sa carri\u00e8re est marqu\u00e9e non seulement par un engagement constant pour le dialogue national, mais aussi et surtout une volont\u00e9 ferme de consolider <strong>l&rsquo;unit\u00e9 du pays,<\/strong> et une contribution active \u00e0 la modernisation de l&rsquo;appareil \u00e9tatique.<\/p>\n\n\n\n<p class=\"wp-block-paragraph\"><em>\u00ab La R\u00e9publique se conjugue ainsi entre hier, aujourd\u2019hui et demain, en s\u2019inscrivant en permanence dans les urgences et le r\u00e9alisme r\u00e9publicains. \u00bb.<\/em><\/p>\n\n\n\n<p class=\"wp-block-paragraph\"><strong>La R\u00e9daction<\/strong><\/p>\n\n\n\n<p class=\"wp-block-paragraph\"><a><strong><em>@macite.tg&nbsp;&nbsp;&nbsp;&nbsp;&nbsp;&nbsp;&nbsp;&nbsp;<\/em><\/strong><\/a><\/p>\n\n\n\n<p class=\"wp-block-paragraph\"><strong><em>E-mail&nbsp;: <\/em><\/strong><a href=\"mailto:maciteinfo@gmail.com\"><strong><em>maciteinfo@gmail.com<\/em><\/strong><\/a><strong><em>; <\/em><\/strong><a href=\"mailto:bawela1@gmail.com\"><strong><em>bawela1@gmail.com<\/em><\/strong><\/a><strong><em><\/em><\/strong><\/p>\n\n\n\n<p class=\"wp-block-paragraph\"><strong><em>Pour vos annonces, publi-reportages, etc., joignez-nous au (00228)91515309\/<strong>79872224 <\/strong><strong><\/strong><\/em><\/strong><\/p>\n\n\n\n<p class=\"wp-block-paragraph\"><strong><em>www.macite.tg, L\u2019information, la bonne&nbsp;!<\/em><\/strong><\/p>\n","protected":false},"excerpt":{"rendered":"<p class=\"text-justify mb-2\" >Dans une atmosph\u00e8re empreinte de solennit\u00e9 au Palais de la Marina, le Pr\u00e9sident du Conseil, Faure Essozimna Gnassingb\u00e9, a conf\u00e9r\u00e9 Le 26 avril 2026 la plus haute distinction honorifique du pays au Pr\u00e9sident de la R\u00e9publique, Jean-Lucien Kwassi Lanyo Savi de Tov\u00e9. Cette c\u00e9r\u00e9monie, qui [&hellip;]<\/p>\n","protected":false},"author":2,"featured_media":30036,"comment_status":"open","ping_status":"open","sticky":false,"template":"","format":"standard","meta":{"footnotes":""},"categories":[20,62],"tags":[],"class_list":["post-30032","post","type-post","status-publish","format-standard","has-post-thumbnail","hentry","category-actualite","category-hommage"],"yoast_head":"<!-- This site is optimized with the Yoast SEO plugin v28.4 - https:\/\/yoast.com\/product\/yoast-seo-wordpress\/ -->\n<title>TOGO : Jean-Lucien Savi de Tov\u00e9 \u00e9lev\u00e9 \u00e0 la Dignit\u00e9 de Grand-Croix de l\u2019Ordre du Mono -<\/title>\n<meta name=\"robots\" content=\"index, follow, max-snippet:-1, max-image-preview:large, max-video-preview:-1\" \/>\n<link rel=\"canonical\" href=\"https:\/\/macite.tg\/?p=30032\" \/>\n<meta property=\"og:locale\" content=\"fr_FR\" \/>\n<meta property=\"og:type\" content=\"article\" \/>\n<meta property=\"og:title\" content=\"TOGO : Jean-Lucien Savi de Tov\u00e9 \u00e9lev\u00e9 \u00e0 la Dignit\u00e9 de Grand-Croix de l\u2019Ordre du Mono -\" \/>\n<meta property=\"og:description\" content=\"Dans une atmosph\u00e8re empreinte de solennit\u00e9 au Palais de la Marina, le Pr\u00e9sident du Conseil, Faure Essozimna Gnassingb\u00e9, a conf\u00e9r\u00e9 Le 26 avril 2026 la plus haute distinction honorifique du pays au Pr\u00e9sident de la R\u00e9publique, Jean-Lucien Kwassi Lanyo Savi de Tov\u00e9. Cette c\u00e9r\u00e9monie, qui [&hellip;]\" \/>\n<meta property=\"og:url\" content=\"https:\/\/macite.tg\/?p=30032\" \/>\n<meta property=\"article:published_time\" content=\"2026-04-27T15:40:11+00:00\" \/>\n<meta property=\"article:modified_time\" content=\"2026-04-27T15:40:23+00:00\" \/>\n<meta property=\"og:image\" content=\"https:\/\/macite.tg\/wp-content\/uploads\/2026\/04\/PDT.jpg\" \/>\n\t<meta property=\"og:image:width\" content=\"500\" \/>\n\t<meta property=\"og:image:height\" content=\"400\" \/>\n\t<meta property=\"og:image:type\" content=\"image\/jpeg\" \/>\n<meta name=\"author\" content=\"Jean Pierre BAWELA\" \/>\n<meta name=\"twitter:card\" content=\"summary_large_image\" \/>\n<meta name=\"twitter:label1\" content=\"\u00c9crit par\" \/>\n\t<meta name=\"twitter:data1\" content=\"Jean Pierre BAWELA\" \/>\n\t<meta name=\"twitter:label2\" content=\"Dur\u00e9e de lecture estim\u00e9e\" \/>\n\t<meta name=\"twitter:data2\" content=\"3 minutes\" \/>\n<script type=\"application\/ld+json\" class=\"yoast-schema-graph\">{\"@context\":\"https:\\\/\\\/schema.org\",\"@graph\":[{\"@type\":\"Article\",\"@id\":\"https:\\\/\\\/macite.tg\\\/?p=30032#article\",\"isPartOf\":{\"@id\":\"https:\\\/\\\/macite.tg\\\/?p=30032\"},\"author\":{\"name\":\"Jean Pierre BAWELA\",\"@id\":\"https:\\\/\\\/macite.tg\\\/#\\\/schema\\\/person\\\/e9f2de7e5dbbe7770a9402c7ce82f5c2\"},\"headline\":\"TOGO : Jean-Lucien Savi de Tov\u00e9 \u00e9lev\u00e9 \u00e0 la Dignit\u00e9 de Grand-Croix de l\u2019Ordre du Mono\",\"datePublished\":\"2026-04-27T15:40:11+00:00\",\"dateModified\":\"2026-04-27T15:40:23+00:00\",\"mainEntityOfPage\":{\"@id\":\"https:\\\/\\\/macite.tg\\\/?p=30032\"},\"wordCount\":403,\"commentCount\":1,\"image\":{\"@id\":\"https:\\\/\\\/macite.tg\\\/?p=30032#primaryimage\"},\"thumbnailUrl\":\"https:\\\/\\\/macite.tg\\\/wp-content\\\/uploads\\\/2026\\\/04\\\/PDT.jpg\",\"articleSection\":[\"ACTUALITE\",\"HOMMAGE\"],\"inLanguage\":\"fr-FR\",\"potentialAction\":[{\"@type\":\"CommentAction\",\"name\":\"Comment\",\"target\":[\"https:\\\/\\\/macite.tg\\\/?p=30032#respond\"]}]},{\"@type\":\"WebPage\",\"@id\":\"https:\\\/\\\/macite.tg\\\/?p=30032\",\"url\":\"https:\\\/\\\/macite.tg\\\/?p=30032\",\"name\":\"TOGO : Jean-Lucien Savi de Tov\u00e9 \u00e9lev\u00e9 \u00e0 la Dignit\u00e9 de Grand-Croix de l\u2019Ordre du Mono -\",\"isPartOf\":{\"@id\":\"https:\\\/\\\/macite.tg\\\/#website\"},\"primaryImageOfPage\":{\"@id\":\"https:\\\/\\\/macite.tg\\\/?p=30032#primaryimage\"},\"image\":{\"@id\":\"https:\\\/\\\/macite.tg\\\/?p=30032#primaryimage\"},\"thumbnailUrl\":\"https:\\\/\\\/macite.tg\\\/wp-content\\\/uploads\\\/2026\\\/04\\\/PDT.jpg\",\"datePublished\":\"2026-04-27T15:40:11+00:00\",\"dateModified\":\"2026-04-27T15:40:23+00:00\",\"author\":{\"@id\":\"https:\\\/\\\/macite.tg\\\/#\\\/schema\\\/person\\\/e9f2de7e5dbbe7770a9402c7ce82f5c2\"},\"breadcrumb\":{\"@id\":\"https:\\\/\\\/macite.tg\\\/?p=30032#breadcrumb\"},\"inLanguage\":\"fr-FR\",\"potentialAction\":[{\"@type\":\"ReadAction\",\"target\":[\"https:\\\/\\\/macite.tg\\\/?p=30032\"]}]},{\"@type\":\"ImageObject\",\"inLanguage\":\"fr-FR\",\"@id\":\"https:\\\/\\\/macite.tg\\\/?p=30032#primaryimage\",\"url\":\"https:\\\/\\\/macite.tg\\\/wp-content\\\/uploads\\\/2026\\\/04\\\/PDT.jpg\",\"contentUrl\":\"https:\\\/\\\/macite.tg\\\/wp-content\\\/uploads\\\/2026\\\/04\\\/PDT.jpg\",\"width\":500,\"height\":400},{\"@type\":\"BreadcrumbList\",\"@id\":\"https:\\\/\\\/macite.tg\\\/?p=30032#breadcrumb\",\"itemListElement\":[{\"@type\":\"ListItem\",\"position\":1,\"name\":\"Accueil\",\"item\":\"https:\\\/\\\/macite.tg\\\/\"},{\"@type\":\"ListItem\",\"position\":2,\"name\":\"TOGO : Jean-Lucien Savi de Tov\u00e9 \u00e9lev\u00e9 \u00e0 la Dignit\u00e9 de Grand-Croix de l\u2019Ordre du Mono\"}]},{\"@type\":\"WebSite\",\"@id\":\"https:\\\/\\\/macite.tg\\\/#website\",\"url\":\"https:\\\/\\\/macite.tg\\\/\",\"name\":\"\",\"description\":\"L&#039;information, la bonne!!!\",\"potentialAction\":[{\"@type\":\"SearchAction\",\"target\":{\"@type\":\"EntryPoint\",\"urlTemplate\":\"https:\\\/\\\/macite.tg\\\/?s={search_term_string}\"},\"query-input\":{\"@type\":\"PropertyValueSpecification\",\"valueRequired\":true,\"valueName\":\"search_term_string\"}}],\"inLanguage\":\"fr-FR\"},{\"@type\":\"Person\",\"@id\":\"https:\\\/\\\/macite.tg\\\/#\\\/schema\\\/person\\\/e9f2de7e5dbbe7770a9402c7ce82f5c2\",\"name\":\"Jean Pierre BAWELA\",\"image\":{\"@type\":\"ImageObject\",\"inLanguage\":\"fr-FR\",\"@id\":\"https:\\\/\\\/macite.tg\\\/wp-content\\\/uploads\\\/2023\\\/09\\\/WhatsApp-Image-2023-09-19-at-14.44.41-122x122.jpeg\",\"url\":\"https:\\\/\\\/macite.tg\\\/wp-content\\\/uploads\\\/2023\\\/09\\\/WhatsApp-Image-2023-09-19-at-14.44.41-122x122.jpeg\",\"contentUrl\":\"https:\\\/\\\/macite.tg\\\/wp-content\\\/uploads\\\/2023\\\/09\\\/WhatsApp-Image-2023-09-19-at-14.44.41-122x122.jpeg\",\"caption\":\"Jean Pierre BAWELA\"},\"url\":\"https:\\\/\\\/macite.tg\\\/?author=2\"}]}<\/script>\n<!-- \/ Yoast SEO plugin. -->","yoast_head_json":{"title":"TOGO : Jean-Lucien Savi de Tov\u00e9 \u00e9lev\u00e9 \u00e0 la Dignit\u00e9 de Grand-Croix de l\u2019Ordre du Mono -","robots":{"index":"index","follow":"follow","max-snippet":"max-snippet:-1","max-image-preview":"max-image-preview:large","max-video-preview":"max-video-preview:-1"},"canonical":"https:\/\/macite.tg\/?p=30032","og_locale":"fr_FR","og_type":"article","og_title":"TOGO : Jean-Lucien Savi de Tov\u00e9 \u00e9lev\u00e9 \u00e0 la Dignit\u00e9 de Grand-Croix de l\u2019Ordre du Mono -","og_description":"Dans une atmosph\u00e8re empreinte de solennit\u00e9 au Palais de la Marina, le Pr\u00e9sident du Conseil, Faure Essozimna Gnassingb\u00e9, a conf\u00e9r\u00e9 Le 26 avril 2026 la plus haute distinction honorifique du pays au Pr\u00e9sident de la R\u00e9publique, Jean-Lucien Kwassi Lanyo Savi de Tov\u00e9. Cette c\u00e9r\u00e9monie, qui [&hellip;]","og_url":"https:\/\/macite.tg\/?p=30032","article_published_time":"2026-04-27T15:40:11+00:00","article_modified_time":"2026-04-27T15:40:23+00:00","og_image":[{"width":500,"height":400,"url":"https:\/\/macite.tg\/wp-content\/uploads\/2026\/04\/PDT.jpg","type":"image\/jpeg"}],"author":"Jean Pierre BAWELA","twitter_card":"summary_large_image","twitter_misc":{"\u00c9crit par":"Jean Pierre BAWELA","Dur\u00e9e de lecture estim\u00e9e":"3 minutes"},"schema":{"@context":"https:\/\/schema.org","@graph":[{"@type":"Article","@id":"https:\/\/macite.tg\/?p=30032#article","isPartOf":{"@id":"https:\/\/macite.tg\/?p=30032"},"author":{"name":"Jean Pierre BAWELA","@id":"https:\/\/macite.tg\/#\/schema\/person\/e9f2de7e5dbbe7770a9402c7ce82f5c2"},"headline":"TOGO : Jean-Lucien Savi de Tov\u00e9 \u00e9lev\u00e9 \u00e0 la Dignit\u00e9 de Grand-Croix de l\u2019Ordre du Mono","datePublished":"2026-04-27T15:40:11+00:00","dateModified":"2026-04-27T15:40:23+00:00","mainEntityOfPage":{"@id":"https:\/\/macite.tg\/?p=30032"},"wordCount":403,"commentCount":1,"image":{"@id":"https:\/\/macite.tg\/?p=30032#primaryimage"},"thumbnailUrl":"https:\/\/macite.tg\/wp-content\/uploads\/2026\/04\/PDT.jpg","articleSection":["ACTUALITE","HOMMAGE"],"inLanguage":"fr-FR","potentialAction":[{"@type":"CommentAction","name":"Comment","target":["https:\/\/macite.tg\/?p=30032#respond"]}]},{"@type":"WebPage","@id":"https:\/\/macite.tg\/?p=30032","url":"https:\/\/macite.tg\/?p=30032","name":"TOGO : Jean-Lucien Savi de Tov\u00e9 \u00e9lev\u00e9 \u00e0 la Dignit\u00e9 de Grand-Croix de l\u2019Ordre du Mono -","isPartOf":{"@id":"https:\/\/macite.tg\/#website"},"primaryImageOfPage":{"@id":"https:\/\/macite.tg\/?p=30032#primaryimage"},"image":{"@id":"https:\/\/macite.tg\/?p=30032#primaryimage"},"thumbnailUrl":"https:\/\/macite.tg\/wp-content\/uploads\/2026\/04\/PDT.jpg","datePublished":"2026-04-27T15:40:11+00:00","dateModified":"2026-04-27T15:40:23+00:00","author":{"@id":"https:\/\/macite.tg\/#\/schema\/person\/e9f2de7e5dbbe7770a9402c7ce82f5c2"},"breadcrumb":{"@id":"https:\/\/macite.tg\/?p=30032#breadcrumb"},"inLanguage":"fr-FR","potentialAction":[{"@type":"ReadAction","target":["https:\/\/macite.tg\/?p=30032"]}]},{"@type":"ImageObject","inLanguage":"fr-FR","@id":"https:\/\/macite.tg\/?p=30032#primaryimage","url":"https:\/\/macite.tg\/wp-content\/uploads\/2026\/04\/PDT.jpg","contentUrl":"https:\/\/macite.tg\/wp-content\/uploads\/2026\/04\/PDT.jpg","width":500,"height":400},{"@type":"BreadcrumbList","@id":"https:\/\/macite.tg\/?p=30032#breadcrumb","itemListElement":[{"@type":"ListItem","position":1,"name":"Accueil","item":"https:\/\/macite.tg\/"},{"@type":"ListItem","position":2,"name":"TOGO : Jean-Lucien Savi de Tov\u00e9 \u00e9lev\u00e9 \u00e0 la Dignit\u00e9 de Grand-Croix de l\u2019Ordre du Mono"}]},{"@type":"WebSite","@id":"https:\/\/macite.tg\/#website","url":"https:\/\/macite.tg\/","name":"","description":"L&#039;information, la bonne!!!","potentialAction":[{"@type":"SearchAction","target":{"@type":"EntryPoint","urlTemplate":"https:\/\/macite.tg\/?s={search_term_string}"},"query-input":{"@type":"PropertyValueSpecification","valueRequired":true,"valueName":"search_term_string"}}],"inLanguage":"fr-FR"},{"@type":"Person","@id":"https:\/\/macite.tg\/#\/schema\/person\/e9f2de7e5dbbe7770a9402c7ce82f5c2","name":"Jean Pierre BAWELA","image":{"@type":"ImageObject","inLanguage":"fr-FR","@id":"https:\/\/macite.tg\/wp-content\/uploads\/2023\/09\/WhatsApp-Image-2023-09-19-at-14.44.41-122x122.jpeg","url":"https:\/\/macite.tg\/wp-content\/uploads\/2023\/09\/WhatsApp-Image-2023-09-19-at-14.44.41-122x122.jpeg","contentUrl":"https:\/\/macite.tg\/wp-content\/uploads\/2023\/09\/WhatsApp-Image-2023-09-19-at-14.44.41-122x122.jpeg","caption":"Jean Pierre BAWELA"},"url":"https:\/\/macite.tg\/?author=2"}]}},"_links":{"self":[{"href":"https:\/\/macite.tg\/index.php?rest_route=\/wp\/v2\/posts\/30032","targetHints":{"allow":["GET"]}}],"collection":[{"href":"https:\/\/macite.tg\/index.php?rest_route=\/wp\/v2\/posts"}],"about":[{"href":"https:\/\/macite.tg\/index.php?rest_route=\/wp\/v2\/types\/post"}],"author":[{"embeddable":true,"href":"https:\/\/macite.tg\/index.php?rest_route=\/wp\/v2\/users\/2"}],"replies":[{"embeddable":true,"href":"https:\/\/macite.tg\/index.php?rest_route=%2Fwp%2Fv2%2Fcomments&post=30032"}],"version-history":[{"count":0,"href":"https:\/\/macite.tg\/index.php?rest_route=\/wp\/v2\/posts\/30032\/revisions"}],"wp:featuredmedia":[{"embeddable":true,"href":"https:\/\/macite.tg\/index.php?rest_route=\/wp\/v2\/media\/30036"}],"wp:attachment":[{"href":"https:\/\/macite.tg\/index.php?rest_route=%2Fwp%2Fv2%2Fmedia&parent=30032"}],"wp:term":[{"taxonomy":"category","embeddable":true,"href":"https:\/\/macite.tg\/index.php?rest_route=%2Fwp%2Fv2%2Fcategories&post=30032"},{"taxonomy":"post_tag","embeddable":true,"href":"https:\/\/macite.tg\/index.php?rest_route=%2Fwp%2Fv2%2Ftags&post=30032"}],"curies":[{"name":"wp","href":"https:\/\/api.w.org\/{rel}","templated":true}]}}