{"id":30031,"date":"2026-04-27T15:30:44","date_gmt":"2026-04-27T15:30:44","guid":{"rendered":"https:\/\/macite.tg\/?p=30031"},"modified":"2026-04-27T15:30:54","modified_gmt":"2026-04-27T15:30:54","slug":"universite-de-kara-un-nouveau-complexe-damphitheatres-pour-booster-la-formation-dexcellence","status":"publish","type":"post","link":"https:\/\/macite.tg\/?p=30031","title":{"rendered":"UNIVERSITE DE KARA : Un nouveau complexe d&rsquo;amphith\u00e9\u00e2tres pour booster la formation d&rsquo;excellence"},"content":{"rendered":"\n<p class=\"wp-block-paragraph\"><strong><em>Le Pr\u00e9sident du conseil Faure Essozimna Gnassingb\u00e9, a officiellement inaugur\u00e9, le vendredi 24 avril dernier, de nouvelles infrastructures p\u00e9dagogiques \u00e0 l&rsquo;Universit\u00e9 de Kara (UK) au nord du pays. Cette extension moderne, vise \u00e0 aligner l&rsquo;enseignement sup\u00e9rieur sur les besoins strat\u00e9giques de l&rsquo;\u00e9conomie togolaise.<\/em><\/strong><em><\/em><\/p>\n\n\n\n<p class=\"wp-block-paragraph\">Le paysage universitaire togolais s&rsquo;enrichit. Ce nouveau complexe d&rsquo;amphith\u00e9\u00e2tres, fruit d&rsquo;une collaboration \u00e9troite entre plusieurs acteurs nationaux et partenaires, marque une \u00e9tape d\u00e9cisive dans l&rsquo;ambition du gouvernement de moderniser le syst\u00e8me \u00e9ducatif.<\/p>\n\n\n\n<figure class=\"wp-block-image size-large\"><img loading=\"lazy\" decoding=\"async\" width=\"1024\" height=\"683\" src=\"https:\/\/macite.tg\/wp-content\/uploads\/2026\/04\/HGsY96XWcAE790A-1024x683.jpg\" alt=\"\" class=\"wp-image-30034\" srcset=\"https:\/\/macite.tg\/wp-content\/uploads\/2026\/04\/HGsY96XWcAE790A-1024x683.jpg 1024w, https:\/\/macite.tg\/wp-content\/uploads\/2026\/04\/HGsY96XWcAE790A-300x200.jpg 300w, https:\/\/macite.tg\/wp-content\/uploads\/2026\/04\/HGsY96XWcAE790A-768x512.jpg 768w, https:\/\/macite.tg\/wp-content\/uploads\/2026\/04\/HGsY96XWcAE790A-650x434.jpg 650w, https:\/\/macite.tg\/wp-content\/uploads\/2026\/04\/HGsY96XWcAE790A-730x487.jpg 730w, https:\/\/macite.tg\/wp-content\/uploads\/2026\/04\/HGsY96XWcAE790A-112x75.jpg 112w, https:\/\/macite.tg\/wp-content\/uploads\/2026\/04\/HGsY96XWcAE790A-425x283.jpg 425w, https:\/\/macite.tg\/wp-content\/uploads\/2026\/04\/HGsY96XWcAE790A-430x287.jpg 430w, https:\/\/macite.tg\/wp-content\/uploads\/2026\/04\/HGsY96XWcAE790A.jpg 1280w\" sizes=\"auto, (max-width: 1024px) 100vw, 1024px\" \/><\/figure>\n\n\n\n<p class=\"wp-block-paragraph\">L\u2019\u00e9rection de cet \u00e9difice s\u2019est impos\u00e9e comme une mat\u00e9rialisation tangible d\u2019une promesse publique tenue, et rel\u00e8ve de la vision d\u2019\u00c9tat patiemment construite et r\u00e9solument tourn\u00e9e vers l\u2019avenir.&nbsp;<\/p>\n\n\n\n<p class=\"wp-block-paragraph\"><strong>Des fili\u00e8res ax\u00e9es sur l&rsquo;avenir : Agriculture, Sant\u00e9 et Tech<\/strong><\/p>\n\n\n\n<p class=\"wp-block-paragraph\">Loin d&rsquo;\u00eatre de simples salles de cours, ces nouvelles infrastructures sont d\u00e9di\u00e9es \u00e0 des secteurs prioritaires pour le d\u00e9veloppement du Togo :<\/p>\n\n\n\n<ul class=\"wp-block-list\">\n<li><strong>L\u2019agriculture :<\/strong> pilier de l&rsquo;\u00e9conomie nationale.<\/li>\n\n\n\n<li><strong>La sant\u00e9 :<\/strong> pour renforcer la r\u00e9silience du syst\u00e8me sanitaire.<\/li>\n\n\n\n<li><strong>L\u2019innovation technologique :<\/strong> pour pr\u00e9parer la jeunesse aux m\u00e9tiers de demain.<\/li>\n<\/ul>\n\n\n\n<p class=\"wp-block-paragraph\">L&rsquo;innovation ne r\u00e9side pas seulement dans les murs, mais aussi dans le contenu. Les curricula ont \u00e9t\u00e9 sp\u00e9cifiquement con\u00e7us sur mesure afin de garantir une parfaite ad\u00e9quation entre la formation universitaire et les attentes r\u00e9elles des recruteurs sur le march\u00e9 de l&#8217;emploi.<\/p>\n\n\n\n<p class=\"wp-block-paragraph\"><strong>Le renforcement du capital humain au c\u0153ur de la vision nationale<\/strong><\/p>\n\n\n\n<p class=\"wp-block-paragraph\">Pour le Pr\u00e9sident du Conseil, cet investissement est une preuve concr\u00e8te de la volont\u00e9 de l&rsquo;\u00c9tat de placer la jeunesse au centre de sa strat\u00e9gie de d\u00e9veloppement.<\/p>\n\n\n\n<figure class=\"wp-block-image size-full\"><img loading=\"lazy\" decoding=\"async\" width=\"851\" height=\"315\" src=\"https:\/\/macite.tg\/wp-content\/uploads\/2026\/04\/OTR_Ferer-pour-batir-1.jpg\" alt=\"\" class=\"wp-image-29832\" srcset=\"https:\/\/macite.tg\/wp-content\/uploads\/2026\/04\/OTR_Ferer-pour-batir-1.jpg 851w, https:\/\/macite.tg\/wp-content\/uploads\/2026\/04\/OTR_Ferer-pour-batir-1-300x111.jpg 300w, https:\/\/macite.tg\/wp-content\/uploads\/2026\/04\/OTR_Ferer-pour-batir-1-768x284.jpg 768w\" sizes=\"auto, (max-width: 851px) 100vw, 851px\" \/><\/figure>\n\n\n\n<p class=\"wp-block-paragraph\"><em>\u00ab Cette extension illustre notre engagement constant \u00e0 offrir \u00e0 la jeunesse togolaise des conditions d\u2019apprentissage \u00e0 la hauteur de ses ambitions \u00bb,<\/em> a soulign\u00e9 le Chef de l&rsquo;\u00c9tat lors de la c\u00e9r\u00e9monie.<\/p>\n\n\n\n<p class=\"wp-block-paragraph\">En transformant le syst\u00e8me universitaire, le Togo se dote d&rsquo;un capital humain comp\u00e9tent, moteur indispensable \u00e0 la croissance \u00e9conomique et \u00e0 la souverainet\u00e9 technologique du pays.<\/p>\n\n\n\n<p class=\"wp-block-paragraph\"><strong>Mab\u00e9 B.<\/strong><\/p>\n\n\n\n<p class=\"wp-block-paragraph\"><a><strong><em>@macite.tg&nbsp;&nbsp;&nbsp;&nbsp;&nbsp;&nbsp;&nbsp;&nbsp;<\/em><\/strong><\/a><\/p>\n\n\n\n<p class=\"wp-block-paragraph\"><strong><em>E-mail&nbsp;: <\/em><\/strong><a href=\"mailto:maciteinfo@gmail.com\"><strong><em>maciteinfo@gmail.com<\/em><\/strong><\/a><strong><em>; <\/em><\/strong><a href=\"mailto:bawela1@gmail.com\"><strong><em>bawela1@gmail.com<\/em><\/strong><\/a><strong><em><\/em><\/strong><\/p>\n\n\n\n<p class=\"wp-block-paragraph\"><strong><em>Pour vos annonces, publi-reportages, etc., joignez-nous au (00228)91515309\/<strong>79872224 <\/strong><strong><\/strong><\/em><\/strong><\/p>\n\n\n\n<p class=\"wp-block-paragraph\"><strong><em>www.macite.tg, L\u2019information, la bonne&nbsp;!<\/em><\/strong><\/p>\n","protected":false},"excerpt":{"rendered":"<p class=\"text-justify mb-2\" >Le Pr\u00e9sident du conseil Faure Essozimna Gnassingb\u00e9, a officiellement inaugur\u00e9, le vendredi 24 avril dernier, de nouvelles infrastructures p\u00e9dagogiques \u00e0 l&rsquo;Universit\u00e9 de Kara (UK) au nord du pays. Cette extension moderne, vise \u00e0 aligner l&rsquo;enseignement sup\u00e9rieur sur les besoins strat\u00e9giques de l&rsquo;\u00e9conomie togolaise. Le paysage [&hellip;]<\/p>\n","protected":false},"author":2,"featured_media":30033,"comment_status":"open","ping_status":"open","sticky":false,"template":"","format":"standard","meta":{"footnotes":""},"categories":[20,4],"tags":[],"class_list":["post-30031","post","type-post","status-publish","format-standard","has-post-thumbnail","hentry","category-actualite","category-education"],"yoast_head":"<!-- This site is optimized with the Yoast SEO plugin v28.4 - https:\/\/yoast.com\/product\/yoast-seo-wordpress\/ -->\n<title>UNIVERSITE DE KARA : Un nouveau complexe d&#039;amphith\u00e9\u00e2tres pour booster la formation d&#039;excellence -<\/title>\n<meta name=\"robots\" content=\"index, follow, max-snippet:-1, max-image-preview:large, max-video-preview:-1\" \/>\n<link rel=\"canonical\" href=\"https:\/\/macite.tg\/?p=30031\" \/>\n<meta property=\"og:locale\" content=\"fr_FR\" \/>\n<meta property=\"og:type\" content=\"article\" \/>\n<meta property=\"og:title\" content=\"UNIVERSITE DE KARA : Un nouveau complexe d&#039;amphith\u00e9\u00e2tres pour booster la formation d&#039;excellence -\" \/>\n<meta property=\"og:description\" content=\"Le Pr\u00e9sident du conseil Faure Essozimna Gnassingb\u00e9, a officiellement inaugur\u00e9, le vendredi 24 avril dernier, de nouvelles infrastructures p\u00e9dagogiques \u00e0 l&rsquo;Universit\u00e9 de Kara (UK) au nord du pays. Cette extension moderne, vise \u00e0 aligner l&rsquo;enseignement sup\u00e9rieur sur les besoins strat\u00e9giques de l&rsquo;\u00e9conomie togolaise. Le paysage [&hellip;]\" \/>\n<meta property=\"og:url\" content=\"https:\/\/macite.tg\/?p=30031\" \/>\n<meta property=\"article:published_time\" content=\"2026-04-27T15:30:44+00:00\" \/>\n<meta property=\"article:modified_time\" content=\"2026-04-27T15:30:54+00:00\" \/>\n<meta property=\"og:image\" content=\"https:\/\/macite.tg\/wp-content\/uploads\/2026\/04\/UK.jpg\" \/>\n\t<meta property=\"og:image:width\" content=\"500\" \/>\n\t<meta property=\"og:image:height\" content=\"183\" \/>\n\t<meta property=\"og:image:type\" content=\"image\/jpeg\" \/>\n<meta name=\"author\" content=\"Jean Pierre BAWELA\" \/>\n<meta name=\"twitter:card\" content=\"summary_large_image\" \/>\n<meta name=\"twitter:label1\" content=\"\u00c9crit par\" \/>\n\t<meta name=\"twitter:data1\" content=\"Jean Pierre BAWELA\" \/>\n\t<meta name=\"twitter:label2\" content=\"Dur\u00e9e de lecture estim\u00e9e\" \/>\n\t<meta name=\"twitter:data2\" content=\"3 minutes\" \/>\n<script type=\"application\/ld+json\" class=\"yoast-schema-graph\">{\"@context\":\"https:\\\/\\\/schema.org\",\"@graph\":[{\"@type\":\"Article\",\"@id\":\"https:\\\/\\\/macite.tg\\\/?p=30031#article\",\"isPartOf\":{\"@id\":\"https:\\\/\\\/macite.tg\\\/?p=30031\"},\"author\":{\"name\":\"Jean Pierre BAWELA\",\"@id\":\"https:\\\/\\\/macite.tg\\\/#\\\/schema\\\/person\\\/e9f2de7e5dbbe7770a9402c7ce82f5c2\"},\"headline\":\"UNIVERSITE DE KARA : Un nouveau complexe d&rsquo;amphith\u00e9\u00e2tres pour booster la formation d&rsquo;excellence\",\"datePublished\":\"2026-04-27T15:30:44+00:00\",\"dateModified\":\"2026-04-27T15:30:54+00:00\",\"mainEntityOfPage\":{\"@id\":\"https:\\\/\\\/macite.tg\\\/?p=30031\"},\"wordCount\":393,\"commentCount\":0,\"image\":{\"@id\":\"https:\\\/\\\/macite.tg\\\/?p=30031#primaryimage\"},\"thumbnailUrl\":\"https:\\\/\\\/macite.tg\\\/wp-content\\\/uploads\\\/2026\\\/04\\\/UK.jpg\",\"articleSection\":[\"ACTUALITE\",\"EDUCATION\"],\"inLanguage\":\"fr-FR\",\"potentialAction\":[{\"@type\":\"CommentAction\",\"name\":\"Comment\",\"target\":[\"https:\\\/\\\/macite.tg\\\/?p=30031#respond\"]}]},{\"@type\":\"WebPage\",\"@id\":\"https:\\\/\\\/macite.tg\\\/?p=30031\",\"url\":\"https:\\\/\\\/macite.tg\\\/?p=30031\",\"name\":\"UNIVERSITE DE KARA : Un nouveau complexe d'amphith\u00e9\u00e2tres pour booster la formation d'excellence -\",\"isPartOf\":{\"@id\":\"https:\\\/\\\/macite.tg\\\/#website\"},\"primaryImageOfPage\":{\"@id\":\"https:\\\/\\\/macite.tg\\\/?p=30031#primaryimage\"},\"image\":{\"@id\":\"https:\\\/\\\/macite.tg\\\/?p=30031#primaryimage\"},\"thumbnailUrl\":\"https:\\\/\\\/macite.tg\\\/wp-content\\\/uploads\\\/2026\\\/04\\\/UK.jpg\",\"datePublished\":\"2026-04-27T15:30:44+00:00\",\"dateModified\":\"2026-04-27T15:30:54+00:00\",\"author\":{\"@id\":\"https:\\\/\\\/macite.tg\\\/#\\\/schema\\\/person\\\/e9f2de7e5dbbe7770a9402c7ce82f5c2\"},\"breadcrumb\":{\"@id\":\"https:\\\/\\\/macite.tg\\\/?p=30031#breadcrumb\"},\"inLanguage\":\"fr-FR\",\"potentialAction\":[{\"@type\":\"ReadAction\",\"target\":[\"https:\\\/\\\/macite.tg\\\/?p=30031\"]}]},{\"@type\":\"ImageObject\",\"inLanguage\":\"fr-FR\",\"@id\":\"https:\\\/\\\/macite.tg\\\/?p=30031#primaryimage\",\"url\":\"https:\\\/\\\/macite.tg\\\/wp-content\\\/uploads\\\/2026\\\/04\\\/UK.jpg\",\"contentUrl\":\"https:\\\/\\\/macite.tg\\\/wp-content\\\/uploads\\\/2026\\\/04\\\/UK.jpg\",\"width\":500,\"height\":183},{\"@type\":\"BreadcrumbList\",\"@id\":\"https:\\\/\\\/macite.tg\\\/?p=30031#breadcrumb\",\"itemListElement\":[{\"@type\":\"ListItem\",\"position\":1,\"name\":\"Accueil\",\"item\":\"https:\\\/\\\/macite.tg\\\/\"},{\"@type\":\"ListItem\",\"position\":2,\"name\":\"UNIVERSITE DE KARA : Un nouveau complexe d&rsquo;amphith\u00e9\u00e2tres pour booster la formation d&rsquo;excellence\"}]},{\"@type\":\"WebSite\",\"@id\":\"https:\\\/\\\/macite.tg\\\/#website\",\"url\":\"https:\\\/\\\/macite.tg\\\/\",\"name\":\"\",\"description\":\"L&#039;information, la bonne!!!\",\"potentialAction\":[{\"@type\":\"SearchAction\",\"target\":{\"@type\":\"EntryPoint\",\"urlTemplate\":\"https:\\\/\\\/macite.tg\\\/?s={search_term_string}\"},\"query-input\":{\"@type\":\"PropertyValueSpecification\",\"valueRequired\":true,\"valueName\":\"search_term_string\"}}],\"inLanguage\":\"fr-FR\"},{\"@type\":\"Person\",\"@id\":\"https:\\\/\\\/macite.tg\\\/#\\\/schema\\\/person\\\/e9f2de7e5dbbe7770a9402c7ce82f5c2\",\"name\":\"Jean Pierre BAWELA\",\"image\":{\"@type\":\"ImageObject\",\"inLanguage\":\"fr-FR\",\"@id\":\"https:\\\/\\\/macite.tg\\\/wp-content\\\/uploads\\\/2023\\\/09\\\/WhatsApp-Image-2023-09-19-at-14.44.41-122x122.jpeg\",\"url\":\"https:\\\/\\\/macite.tg\\\/wp-content\\\/uploads\\\/2023\\\/09\\\/WhatsApp-Image-2023-09-19-at-14.44.41-122x122.jpeg\",\"contentUrl\":\"https:\\\/\\\/macite.tg\\\/wp-content\\\/uploads\\\/2023\\\/09\\\/WhatsApp-Image-2023-09-19-at-14.44.41-122x122.jpeg\",\"caption\":\"Jean Pierre BAWELA\"},\"url\":\"https:\\\/\\\/macite.tg\\\/?author=2\"}]}<\/script>\n<!-- \/ Yoast SEO plugin. -->","yoast_head_json":{"title":"UNIVERSITE DE KARA : Un nouveau complexe d'amphith\u00e9\u00e2tres pour booster la formation d'excellence -","robots":{"index":"index","follow":"follow","max-snippet":"max-snippet:-1","max-image-preview":"max-image-preview:large","max-video-preview":"max-video-preview:-1"},"canonical":"https:\/\/macite.tg\/?p=30031","og_locale":"fr_FR","og_type":"article","og_title":"UNIVERSITE DE KARA : Un nouveau complexe d'amphith\u00e9\u00e2tres pour booster la formation d'excellence -","og_description":"Le Pr\u00e9sident du conseil Faure Essozimna Gnassingb\u00e9, a officiellement inaugur\u00e9, le vendredi 24 avril dernier, de nouvelles infrastructures p\u00e9dagogiques \u00e0 l&rsquo;Universit\u00e9 de Kara (UK) au nord du pays. Cette extension moderne, vise \u00e0 aligner l&rsquo;enseignement sup\u00e9rieur sur les besoins strat\u00e9giques de l&rsquo;\u00e9conomie togolaise. Le paysage [&hellip;]","og_url":"https:\/\/macite.tg\/?p=30031","article_published_time":"2026-04-27T15:30:44+00:00","article_modified_time":"2026-04-27T15:30:54+00:00","og_image":[{"width":500,"height":183,"url":"https:\/\/macite.tg\/wp-content\/uploads\/2026\/04\/UK.jpg","type":"image\/jpeg"}],"author":"Jean Pierre BAWELA","twitter_card":"summary_large_image","twitter_misc":{"\u00c9crit par":"Jean Pierre BAWELA","Dur\u00e9e de lecture estim\u00e9e":"3 minutes"},"schema":{"@context":"https:\/\/schema.org","@graph":[{"@type":"Article","@id":"https:\/\/macite.tg\/?p=30031#article","isPartOf":{"@id":"https:\/\/macite.tg\/?p=30031"},"author":{"name":"Jean Pierre BAWELA","@id":"https:\/\/macite.tg\/#\/schema\/person\/e9f2de7e5dbbe7770a9402c7ce82f5c2"},"headline":"UNIVERSITE DE KARA : Un nouveau complexe d&rsquo;amphith\u00e9\u00e2tres pour booster la formation d&rsquo;excellence","datePublished":"2026-04-27T15:30:44+00:00","dateModified":"2026-04-27T15:30:54+00:00","mainEntityOfPage":{"@id":"https:\/\/macite.tg\/?p=30031"},"wordCount":393,"commentCount":0,"image":{"@id":"https:\/\/macite.tg\/?p=30031#primaryimage"},"thumbnailUrl":"https:\/\/macite.tg\/wp-content\/uploads\/2026\/04\/UK.jpg","articleSection":["ACTUALITE","EDUCATION"],"inLanguage":"fr-FR","potentialAction":[{"@type":"CommentAction","name":"Comment","target":["https:\/\/macite.tg\/?p=30031#respond"]}]},{"@type":"WebPage","@id":"https:\/\/macite.tg\/?p=30031","url":"https:\/\/macite.tg\/?p=30031","name":"UNIVERSITE DE KARA : Un nouveau complexe d'amphith\u00e9\u00e2tres pour booster la formation d'excellence -","isPartOf":{"@id":"https:\/\/macite.tg\/#website"},"primaryImageOfPage":{"@id":"https:\/\/macite.tg\/?p=30031#primaryimage"},"image":{"@id":"https:\/\/macite.tg\/?p=30031#primaryimage"},"thumbnailUrl":"https:\/\/macite.tg\/wp-content\/uploads\/2026\/04\/UK.jpg","datePublished":"2026-04-27T15:30:44+00:00","dateModified":"2026-04-27T15:30:54+00:00","author":{"@id":"https:\/\/macite.tg\/#\/schema\/person\/e9f2de7e5dbbe7770a9402c7ce82f5c2"},"breadcrumb":{"@id":"https:\/\/macite.tg\/?p=30031#breadcrumb"},"inLanguage":"fr-FR","potentialAction":[{"@type":"ReadAction","target":["https:\/\/macite.tg\/?p=30031"]}]},{"@type":"ImageObject","inLanguage":"fr-FR","@id":"https:\/\/macite.tg\/?p=30031#primaryimage","url":"https:\/\/macite.tg\/wp-content\/uploads\/2026\/04\/UK.jpg","contentUrl":"https:\/\/macite.tg\/wp-content\/uploads\/2026\/04\/UK.jpg","width":500,"height":183},{"@type":"BreadcrumbList","@id":"https:\/\/macite.tg\/?p=30031#breadcrumb","itemListElement":[{"@type":"ListItem","position":1,"name":"Accueil","item":"https:\/\/macite.tg\/"},{"@type":"ListItem","position":2,"name":"UNIVERSITE DE KARA : Un nouveau complexe d&rsquo;amphith\u00e9\u00e2tres pour booster la formation d&rsquo;excellence"}]},{"@type":"WebSite","@id":"https:\/\/macite.tg\/#website","url":"https:\/\/macite.tg\/","name":"","description":"L&#039;information, la bonne!!!","potentialAction":[{"@type":"SearchAction","target":{"@type":"EntryPoint","urlTemplate":"https:\/\/macite.tg\/?s={search_term_string}"},"query-input":{"@type":"PropertyValueSpecification","valueRequired":true,"valueName":"search_term_string"}}],"inLanguage":"fr-FR"},{"@type":"Person","@id":"https:\/\/macite.tg\/#\/schema\/person\/e9f2de7e5dbbe7770a9402c7ce82f5c2","name":"Jean Pierre BAWELA","image":{"@type":"ImageObject","inLanguage":"fr-FR","@id":"https:\/\/macite.tg\/wp-content\/uploads\/2023\/09\/WhatsApp-Image-2023-09-19-at-14.44.41-122x122.jpeg","url":"https:\/\/macite.tg\/wp-content\/uploads\/2023\/09\/WhatsApp-Image-2023-09-19-at-14.44.41-122x122.jpeg","contentUrl":"https:\/\/macite.tg\/wp-content\/uploads\/2023\/09\/WhatsApp-Image-2023-09-19-at-14.44.41-122x122.jpeg","caption":"Jean Pierre BAWELA"},"url":"https:\/\/macite.tg\/?author=2"}]}},"_links":{"self":[{"href":"https:\/\/macite.tg\/index.php?rest_route=\/wp\/v2\/posts\/30031","targetHints":{"allow":["GET"]}}],"collection":[{"href":"https:\/\/macite.tg\/index.php?rest_route=\/wp\/v2\/posts"}],"about":[{"href":"https:\/\/macite.tg\/index.php?rest_route=\/wp\/v2\/types\/post"}],"author":[{"embeddable":true,"href":"https:\/\/macite.tg\/index.php?rest_route=\/wp\/v2\/users\/2"}],"replies":[{"embeddable":true,"href":"https:\/\/macite.tg\/index.php?rest_route=%2Fwp%2Fv2%2Fcomments&post=30031"}],"version-history":[{"count":0,"href":"https:\/\/macite.tg\/index.php?rest_route=\/wp\/v2\/posts\/30031\/revisions"}],"wp:featuredmedia":[{"embeddable":true,"href":"https:\/\/macite.tg\/index.php?rest_route=\/wp\/v2\/media\/30033"}],"wp:attachment":[{"href":"https:\/\/macite.tg\/index.php?rest_route=%2Fwp%2Fv2%2Fmedia&parent=30031"}],"wp:term":[{"taxonomy":"category","embeddable":true,"href":"https:\/\/macite.tg\/index.php?rest_route=%2Fwp%2Fv2%2Fcategories&post=30031"},{"taxonomy":"post_tag","embeddable":true,"href":"https:\/\/macite.tg\/index.php?rest_route=%2Fwp%2Fv2%2Ftags&post=30031"}],"curies":[{"name":"wp","href":"https:\/\/api.w.org\/{rel}","templated":true}]}}