{"id":30024,"date":"2026-04-27T14:42:12","date_gmt":"2026-04-27T14:42:12","guid":{"rendered":"https:\/\/macite.tg\/?p=30024"},"modified":"2026-04-27T14:42:24","modified_gmt":"2026-04-27T14:42:24","slug":"celebrations-du-27-avril-les-forces-de-defense-et-de-securite-a-lhonneur","status":"publish","type":"post","link":"https:\/\/macite.tg\/?p=30024","title":{"rendered":"CELEBRATIONS DU 27 AVRIL : Les Forces de D\u00e9fense et de S\u00e9curit\u00e9 \u00e0 l&rsquo;honneur"},"content":{"rendered":"\n<p class=\"wp-block-paragraph\"><strong><em>Dans le cadre du 66\u00e8me anniversaire de l\u2019ind\u00e9pendance du Togo, le Pr\u00e9sident du Conseil, Faure Essozimna Gnassingb\u00e9, a pr\u00e9sid\u00e9, le samedi 25 avril dernier, une c\u00e9r\u00e9monie solennelle de d\u00e9coration au camp G\u00e9n\u00e9ral Gnassingb\u00e9 Eyad\u00e9ma.<\/em><\/strong><em><\/em><\/p>\n\n\n\n<p class=\"wp-block-paragraph\">En sa qualit\u00e9 de Chef supr\u00eame des arm\u00e9es, le Pr\u00e9sident du conseil a tenu \u00e0 saluer l&rsquo;engagement exceptionnel de plusieurs militaires.<\/p>\n\n\n\n<p class=\"wp-block-paragraph\">Ces distinctions viennent r\u00e9compenser leur r\u00f4le d\u00e9terminant dans la consolidation de la paix, la s\u00e9curit\u00e9 du territoire et la stabilit\u00e9 du pays.<\/p>\n\n\n<div class=\"wp-block-image\">\n<figure class=\"aligncenter size-full\"><img loading=\"lazy\" decoding=\"async\" width=\"712\" height=\"475\" src=\"https:\/\/macite.tg\/wp-content\/uploads\/2026\/04\/image-73.png\" alt=\"\" class=\"wp-image-30026\" srcset=\"https:\/\/macite.tg\/wp-content\/uploads\/2026\/04\/image-73.png 712w, https:\/\/macite.tg\/wp-content\/uploads\/2026\/04\/image-73-300x200.png 300w, https:\/\/macite.tg\/wp-content\/uploads\/2026\/04\/image-73-650x434.png 650w, https:\/\/macite.tg\/wp-content\/uploads\/2026\/04\/image-73-112x75.png 112w, https:\/\/macite.tg\/wp-content\/uploads\/2026\/04\/image-73-425x283.png 425w, https:\/\/macite.tg\/wp-content\/uploads\/2026\/04\/image-73-430x287.png 430w\" sizes=\"auto, (max-width: 712px) 100vw, 712px\" \/><\/figure>\n<\/div>\n\n\n<p class=\"wp-block-paragraph\"><strong>Une reconnaissance \u00e0 tous les \u00e9chelons de l&rsquo;Arm\u00e9e<\/strong><\/p>\n\n\n\n<p class=\"wp-block-paragraph\">La c\u00e9r\u00e9monie a mis en lumi\u00e8re la hi\u00e9rarchie militaire dans sa diversit\u00e9. Plusieurs r\u00e9cipiendaires, allant des officiers sup\u00e9rieurs aux soldats de rang, ont \u00e9t\u00e9 distingu\u00e9s au sein des ordres nationaux les plus prestigieux :<\/p>\n\n\n\n<ul class=\"wp-block-list\">\n<li><strong>Ordre du Mono :<\/strong> \u00c9quivalent aux grades de Commandeurs, Officiers et Chevaliers.<\/li>\n\n\n\n<li><strong>Ordre National du M\u00e9rite :<\/strong> \u00c9quivalent aux grades de Commandeurs, Officiers et Chevaliers.<\/li>\n\n\n\n<li><strong>M\u00e9dailles du m\u00e9rite militaire :<\/strong> D\u00e9cern\u00e9es pour acte de bravoure ou services exemplaires.<\/li>\n<\/ul>\n\n\n\n<p class=\"wp-block-paragraph\"><strong>Un hommage \u00e0 la vision s\u00e9curitaire du Pr\u00e9sident du conseil<\/strong><\/p>\n\n\n\n<p class=\"wp-block-paragraph\">Les Forces de D\u00e9fense et de S\u00e9curit\u00e9 (FDS) ont profit\u00e9 de cette tribune pour exprimer leur gratitude envers le Pr\u00e9sident du Conseil. Elles ont notamment salu\u00e9 son engagement ind\u00e9fectible pour la modernisation de l&rsquo;arm\u00e9e et sa volont\u00e9 de b\u00e2tir une force togolaise <em>\u00ab\u00a0forte, moderne et respect\u00e9e\u00a0\u00bb.<\/em><\/p>\n\n\n\n<figure class=\"wp-block-image size-full\"><img loading=\"lazy\" decoding=\"async\" width=\"851\" height=\"315\" src=\"https:\/\/macite.tg\/wp-content\/uploads\/2026\/04\/OTR_Ferer-pour-batir-1.jpg\" alt=\"\" class=\"wp-image-29832\" srcset=\"https:\/\/macite.tg\/wp-content\/uploads\/2026\/04\/OTR_Ferer-pour-batir-1.jpg 851w, https:\/\/macite.tg\/wp-content\/uploads\/2026\/04\/OTR_Ferer-pour-batir-1-300x111.jpg 300w, https:\/\/macite.tg\/wp-content\/uploads\/2026\/04\/OTR_Ferer-pour-batir-1-768x284.jpg 768w\" sizes=\"auto, (max-width: 851px) 100vw, 851px\" \/><\/figure>\n\n\n\n<p class=\"wp-block-paragraph\"><em>\u00ab Nous rendons un hommage appuy\u00e9 au Chef supr\u00eame des Arm\u00e9es pour son r\u00f4le fondamental dans la pr\u00e9servation de la paix et la s\u00e9curit\u00e9 des Togolais. \u00bb<\/em><\/p>\n\n\n\n<p class=\"wp-block-paragraph\"><strong>Discipline et rigueur \u00e0 l&rsquo;honneur<\/strong><\/p>\n\n\n\n<p class=\"wp-block-paragraph\">Pour clore cette c\u00e9l\u00e9bration r\u00e9publicaine, un d\u00e9fil\u00e9 militaire et paramilitaire s&rsquo;est d\u00e9roul\u00e9 au c\u0153ur du camp.<\/p>\n\n\n\n<p class=\"wp-block-paragraph\">Cette parade a permis aux diff\u00e9rentes unit\u00e9s de d\u00e9montrer leur professionnalisme et leur parfaite coordination, symboles d&rsquo;une arm\u00e9e pr\u00eate \u00e0 r\u00e9pondre aux d\u00e9fis s\u00e9curitaires contemporains.<\/p>\n\n\n\n<p class=\"wp-block-paragraph\"><strong>JPB<\/strong><\/p>\n\n\n\n<p class=\"wp-block-paragraph\"><a><strong><em>@macite.tg&nbsp;&nbsp;&nbsp;&nbsp;&nbsp;&nbsp;&nbsp;&nbsp;<\/em><\/strong><\/a><\/p>\n\n\n\n<p class=\"wp-block-paragraph\"><strong><em>E-mail&nbsp;: <\/em><\/strong><a href=\"mailto:maciteinfo@gmail.com\"><strong><em>maciteinfo@gmail.com<\/em><\/strong><\/a><strong><em>; <\/em><\/strong><a href=\"mailto:bawela1@gmail.com\"><strong><em>bawela1@gmail.com<\/em><\/strong><\/a><strong><em><\/em><\/strong><\/p>\n\n\n\n<p class=\"wp-block-paragraph\"><strong><em>Pour vos annonces, publi-reportages, etc., joignez-nous au (00228)91515309\/<strong>79872224 <\/strong><strong><\/strong><\/em><\/strong><\/p>\n\n\n\n<p class=\"wp-block-paragraph\"><strong><em>www.macite.tg, L\u2019information, la bonne&nbsp;!<\/em><\/strong><\/p>\n","protected":false},"excerpt":{"rendered":"<p class=\"text-justify mb-2\" >Dans le cadre du 66\u00e8me anniversaire de l\u2019ind\u00e9pendance du Togo, le Pr\u00e9sident du Conseil, Faure Essozimna Gnassingb\u00e9, a pr\u00e9sid\u00e9, le samedi 25 avril dernier, une c\u00e9r\u00e9monie solennelle de d\u00e9coration au camp G\u00e9n\u00e9ral Gnassingb\u00e9 Eyad\u00e9ma. En sa qualit\u00e9 de Chef supr\u00eame des arm\u00e9es, le Pr\u00e9sident du [&hellip;]<\/p>\n","protected":false},"author":2,"featured_media":30025,"comment_status":"open","ping_status":"open","sticky":false,"template":"","format":"standard","meta":{"footnotes":""},"categories":[20,62],"tags":[],"class_list":["post-30024","post","type-post","status-publish","format-standard","has-post-thumbnail","hentry","category-actualite","category-hommage"],"yoast_head":"<!-- This site is optimized with the Yoast SEO plugin v28.4 - https:\/\/yoast.com\/product\/yoast-seo-wordpress\/ -->\n<title>CELEBRATIONS DU 27 AVRIL : Les Forces de D\u00e9fense et de S\u00e9curit\u00e9 \u00e0 l&#039;honneur -<\/title>\n<meta name=\"robots\" content=\"index, follow, max-snippet:-1, max-image-preview:large, max-video-preview:-1\" \/>\n<link rel=\"canonical\" href=\"https:\/\/macite.tg\/?p=30024\" \/>\n<meta property=\"og:locale\" content=\"fr_FR\" \/>\n<meta property=\"og:type\" content=\"article\" \/>\n<meta property=\"og:title\" content=\"CELEBRATIONS DU 27 AVRIL : Les Forces de D\u00e9fense et de S\u00e9curit\u00e9 \u00e0 l&#039;honneur -\" \/>\n<meta property=\"og:description\" content=\"Dans le cadre du 66\u00e8me anniversaire de l\u2019ind\u00e9pendance du Togo, le Pr\u00e9sident du Conseil, Faure Essozimna Gnassingb\u00e9, a pr\u00e9sid\u00e9, le samedi 25 avril dernier, une c\u00e9r\u00e9monie solennelle de d\u00e9coration au camp G\u00e9n\u00e9ral Gnassingb\u00e9 Eyad\u00e9ma. En sa qualit\u00e9 de Chef supr\u00eame des arm\u00e9es, le Pr\u00e9sident du [&hellip;]\" \/>\n<meta property=\"og:url\" content=\"https:\/\/macite.tg\/?p=30024\" \/>\n<meta property=\"article:published_time\" content=\"2026-04-27T14:42:12+00:00\" \/>\n<meta property=\"article:modified_time\" content=\"2026-04-27T14:42:24+00:00\" \/>\n<meta property=\"og:image\" content=\"https:\/\/macite.tg\/wp-content\/uploads\/2026\/04\/FDS-HONNEUR.jpg\" \/>\n\t<meta property=\"og:image:width\" content=\"500\" \/>\n\t<meta property=\"og:image:height\" content=\"428\" \/>\n\t<meta property=\"og:image:type\" content=\"image\/jpeg\" \/>\n<meta name=\"author\" content=\"Jean Pierre BAWELA\" \/>\n<meta name=\"twitter:card\" content=\"summary_large_image\" \/>\n<meta name=\"twitter:label1\" content=\"\u00c9crit par\" \/>\n\t<meta name=\"twitter:data1\" content=\"Jean Pierre BAWELA\" \/>\n\t<meta name=\"twitter:label2\" content=\"Dur\u00e9e de lecture estim\u00e9e\" \/>\n\t<meta name=\"twitter:data2\" content=\"3 minutes\" \/>\n<script type=\"application\/ld+json\" class=\"yoast-schema-graph\">{\"@context\":\"https:\\\/\\\/schema.org\",\"@graph\":[{\"@type\":\"Article\",\"@id\":\"https:\\\/\\\/macite.tg\\\/?p=30024#article\",\"isPartOf\":{\"@id\":\"https:\\\/\\\/macite.tg\\\/?p=30024\"},\"author\":{\"name\":\"Jean Pierre BAWELA\",\"@id\":\"https:\\\/\\\/macite.tg\\\/#\\\/schema\\\/person\\\/e9f2de7e5dbbe7770a9402c7ce82f5c2\"},\"headline\":\"CELEBRATIONS DU 27 AVRIL : Les Forces de D\u00e9fense et de S\u00e9curit\u00e9 \u00e0 l&rsquo;honneur\",\"datePublished\":\"2026-04-27T14:42:12+00:00\",\"dateModified\":\"2026-04-27T14:42:24+00:00\",\"mainEntityOfPage\":{\"@id\":\"https:\\\/\\\/macite.tg\\\/?p=30024\"},\"wordCount\":386,\"commentCount\":0,\"image\":{\"@id\":\"https:\\\/\\\/macite.tg\\\/?p=30024#primaryimage\"},\"thumbnailUrl\":\"https:\\\/\\\/macite.tg\\\/wp-content\\\/uploads\\\/2026\\\/04\\\/FDS-HONNEUR.jpg\",\"articleSection\":[\"ACTUALITE\",\"HOMMAGE\"],\"inLanguage\":\"fr-FR\",\"potentialAction\":[{\"@type\":\"CommentAction\",\"name\":\"Comment\",\"target\":[\"https:\\\/\\\/macite.tg\\\/?p=30024#respond\"]}]},{\"@type\":\"WebPage\",\"@id\":\"https:\\\/\\\/macite.tg\\\/?p=30024\",\"url\":\"https:\\\/\\\/macite.tg\\\/?p=30024\",\"name\":\"CELEBRATIONS DU 27 AVRIL : Les Forces de D\u00e9fense et de S\u00e9curit\u00e9 \u00e0 l'honneur -\",\"isPartOf\":{\"@id\":\"https:\\\/\\\/macite.tg\\\/#website\"},\"primaryImageOfPage\":{\"@id\":\"https:\\\/\\\/macite.tg\\\/?p=30024#primaryimage\"},\"image\":{\"@id\":\"https:\\\/\\\/macite.tg\\\/?p=30024#primaryimage\"},\"thumbnailUrl\":\"https:\\\/\\\/macite.tg\\\/wp-content\\\/uploads\\\/2026\\\/04\\\/FDS-HONNEUR.jpg\",\"datePublished\":\"2026-04-27T14:42:12+00:00\",\"dateModified\":\"2026-04-27T14:42:24+00:00\",\"author\":{\"@id\":\"https:\\\/\\\/macite.tg\\\/#\\\/schema\\\/person\\\/e9f2de7e5dbbe7770a9402c7ce82f5c2\"},\"breadcrumb\":{\"@id\":\"https:\\\/\\\/macite.tg\\\/?p=30024#breadcrumb\"},\"inLanguage\":\"fr-FR\",\"potentialAction\":[{\"@type\":\"ReadAction\",\"target\":[\"https:\\\/\\\/macite.tg\\\/?p=30024\"]}]},{\"@type\":\"ImageObject\",\"inLanguage\":\"fr-FR\",\"@id\":\"https:\\\/\\\/macite.tg\\\/?p=30024#primaryimage\",\"url\":\"https:\\\/\\\/macite.tg\\\/wp-content\\\/uploads\\\/2026\\\/04\\\/FDS-HONNEUR.jpg\",\"contentUrl\":\"https:\\\/\\\/macite.tg\\\/wp-content\\\/uploads\\\/2026\\\/04\\\/FDS-HONNEUR.jpg\",\"width\":500,\"height\":428},{\"@type\":\"BreadcrumbList\",\"@id\":\"https:\\\/\\\/macite.tg\\\/?p=30024#breadcrumb\",\"itemListElement\":[{\"@type\":\"ListItem\",\"position\":1,\"name\":\"Accueil\",\"item\":\"https:\\\/\\\/macite.tg\\\/\"},{\"@type\":\"ListItem\",\"position\":2,\"name\":\"CELEBRATIONS DU 27 AVRIL : Les Forces de D\u00e9fense et de S\u00e9curit\u00e9 \u00e0 l&rsquo;honneur\"}]},{\"@type\":\"WebSite\",\"@id\":\"https:\\\/\\\/macite.tg\\\/#website\",\"url\":\"https:\\\/\\\/macite.tg\\\/\",\"name\":\"\",\"description\":\"L&#039;information, la bonne!!!\",\"potentialAction\":[{\"@type\":\"SearchAction\",\"target\":{\"@type\":\"EntryPoint\",\"urlTemplate\":\"https:\\\/\\\/macite.tg\\\/?s={search_term_string}\"},\"query-input\":{\"@type\":\"PropertyValueSpecification\",\"valueRequired\":true,\"valueName\":\"search_term_string\"}}],\"inLanguage\":\"fr-FR\"},{\"@type\":\"Person\",\"@id\":\"https:\\\/\\\/macite.tg\\\/#\\\/schema\\\/person\\\/e9f2de7e5dbbe7770a9402c7ce82f5c2\",\"name\":\"Jean Pierre BAWELA\",\"image\":{\"@type\":\"ImageObject\",\"inLanguage\":\"fr-FR\",\"@id\":\"https:\\\/\\\/macite.tg\\\/wp-content\\\/uploads\\\/2023\\\/09\\\/WhatsApp-Image-2023-09-19-at-14.44.41-122x122.jpeg\",\"url\":\"https:\\\/\\\/macite.tg\\\/wp-content\\\/uploads\\\/2023\\\/09\\\/WhatsApp-Image-2023-09-19-at-14.44.41-122x122.jpeg\",\"contentUrl\":\"https:\\\/\\\/macite.tg\\\/wp-content\\\/uploads\\\/2023\\\/09\\\/WhatsApp-Image-2023-09-19-at-14.44.41-122x122.jpeg\",\"caption\":\"Jean Pierre BAWELA\"},\"url\":\"https:\\\/\\\/macite.tg\\\/?author=2\"}]}<\/script>\n<!-- \/ Yoast SEO plugin. -->","yoast_head_json":{"title":"CELEBRATIONS DU 27 AVRIL : Les Forces de D\u00e9fense et de S\u00e9curit\u00e9 \u00e0 l'honneur -","robots":{"index":"index","follow":"follow","max-snippet":"max-snippet:-1","max-image-preview":"max-image-preview:large","max-video-preview":"max-video-preview:-1"},"canonical":"https:\/\/macite.tg\/?p=30024","og_locale":"fr_FR","og_type":"article","og_title":"CELEBRATIONS DU 27 AVRIL : Les Forces de D\u00e9fense et de S\u00e9curit\u00e9 \u00e0 l'honneur -","og_description":"Dans le cadre du 66\u00e8me anniversaire de l\u2019ind\u00e9pendance du Togo, le Pr\u00e9sident du Conseil, Faure Essozimna Gnassingb\u00e9, a pr\u00e9sid\u00e9, le samedi 25 avril dernier, une c\u00e9r\u00e9monie solennelle de d\u00e9coration au camp G\u00e9n\u00e9ral Gnassingb\u00e9 Eyad\u00e9ma. En sa qualit\u00e9 de Chef supr\u00eame des arm\u00e9es, le Pr\u00e9sident du [&hellip;]","og_url":"https:\/\/macite.tg\/?p=30024","article_published_time":"2026-04-27T14:42:12+00:00","article_modified_time":"2026-04-27T14:42:24+00:00","og_image":[{"width":500,"height":428,"url":"https:\/\/macite.tg\/wp-content\/uploads\/2026\/04\/FDS-HONNEUR.jpg","type":"image\/jpeg"}],"author":"Jean Pierre BAWELA","twitter_card":"summary_large_image","twitter_misc":{"\u00c9crit par":"Jean Pierre BAWELA","Dur\u00e9e de lecture estim\u00e9e":"3 minutes"},"schema":{"@context":"https:\/\/schema.org","@graph":[{"@type":"Article","@id":"https:\/\/macite.tg\/?p=30024#article","isPartOf":{"@id":"https:\/\/macite.tg\/?p=30024"},"author":{"name":"Jean Pierre BAWELA","@id":"https:\/\/macite.tg\/#\/schema\/person\/e9f2de7e5dbbe7770a9402c7ce82f5c2"},"headline":"CELEBRATIONS DU 27 AVRIL : Les Forces de D\u00e9fense et de S\u00e9curit\u00e9 \u00e0 l&rsquo;honneur","datePublished":"2026-04-27T14:42:12+00:00","dateModified":"2026-04-27T14:42:24+00:00","mainEntityOfPage":{"@id":"https:\/\/macite.tg\/?p=30024"},"wordCount":386,"commentCount":0,"image":{"@id":"https:\/\/macite.tg\/?p=30024#primaryimage"},"thumbnailUrl":"https:\/\/macite.tg\/wp-content\/uploads\/2026\/04\/FDS-HONNEUR.jpg","articleSection":["ACTUALITE","HOMMAGE"],"inLanguage":"fr-FR","potentialAction":[{"@type":"CommentAction","name":"Comment","target":["https:\/\/macite.tg\/?p=30024#respond"]}]},{"@type":"WebPage","@id":"https:\/\/macite.tg\/?p=30024","url":"https:\/\/macite.tg\/?p=30024","name":"CELEBRATIONS DU 27 AVRIL : Les Forces de D\u00e9fense et de S\u00e9curit\u00e9 \u00e0 l'honneur -","isPartOf":{"@id":"https:\/\/macite.tg\/#website"},"primaryImageOfPage":{"@id":"https:\/\/macite.tg\/?p=30024#primaryimage"},"image":{"@id":"https:\/\/macite.tg\/?p=30024#primaryimage"},"thumbnailUrl":"https:\/\/macite.tg\/wp-content\/uploads\/2026\/04\/FDS-HONNEUR.jpg","datePublished":"2026-04-27T14:42:12+00:00","dateModified":"2026-04-27T14:42:24+00:00","author":{"@id":"https:\/\/macite.tg\/#\/schema\/person\/e9f2de7e5dbbe7770a9402c7ce82f5c2"},"breadcrumb":{"@id":"https:\/\/macite.tg\/?p=30024#breadcrumb"},"inLanguage":"fr-FR","potentialAction":[{"@type":"ReadAction","target":["https:\/\/macite.tg\/?p=30024"]}]},{"@type":"ImageObject","inLanguage":"fr-FR","@id":"https:\/\/macite.tg\/?p=30024#primaryimage","url":"https:\/\/macite.tg\/wp-content\/uploads\/2026\/04\/FDS-HONNEUR.jpg","contentUrl":"https:\/\/macite.tg\/wp-content\/uploads\/2026\/04\/FDS-HONNEUR.jpg","width":500,"height":428},{"@type":"BreadcrumbList","@id":"https:\/\/macite.tg\/?p=30024#breadcrumb","itemListElement":[{"@type":"ListItem","position":1,"name":"Accueil","item":"https:\/\/macite.tg\/"},{"@type":"ListItem","position":2,"name":"CELEBRATIONS DU 27 AVRIL : Les Forces de D\u00e9fense et de S\u00e9curit\u00e9 \u00e0 l&rsquo;honneur"}]},{"@type":"WebSite","@id":"https:\/\/macite.tg\/#website","url":"https:\/\/macite.tg\/","name":"","description":"L&#039;information, la bonne!!!","potentialAction":[{"@type":"SearchAction","target":{"@type":"EntryPoint","urlTemplate":"https:\/\/macite.tg\/?s={search_term_string}"},"query-input":{"@type":"PropertyValueSpecification","valueRequired":true,"valueName":"search_term_string"}}],"inLanguage":"fr-FR"},{"@type":"Person","@id":"https:\/\/macite.tg\/#\/schema\/person\/e9f2de7e5dbbe7770a9402c7ce82f5c2","name":"Jean Pierre BAWELA","image":{"@type":"ImageObject","inLanguage":"fr-FR","@id":"https:\/\/macite.tg\/wp-content\/uploads\/2023\/09\/WhatsApp-Image-2023-09-19-at-14.44.41-122x122.jpeg","url":"https:\/\/macite.tg\/wp-content\/uploads\/2023\/09\/WhatsApp-Image-2023-09-19-at-14.44.41-122x122.jpeg","contentUrl":"https:\/\/macite.tg\/wp-content\/uploads\/2023\/09\/WhatsApp-Image-2023-09-19-at-14.44.41-122x122.jpeg","caption":"Jean Pierre BAWELA"},"url":"https:\/\/macite.tg\/?author=2"}]}},"_links":{"self":[{"href":"https:\/\/macite.tg\/index.php?rest_route=\/wp\/v2\/posts\/30024","targetHints":{"allow":["GET"]}}],"collection":[{"href":"https:\/\/macite.tg\/index.php?rest_route=\/wp\/v2\/posts"}],"about":[{"href":"https:\/\/macite.tg\/index.php?rest_route=\/wp\/v2\/types\/post"}],"author":[{"embeddable":true,"href":"https:\/\/macite.tg\/index.php?rest_route=\/wp\/v2\/users\/2"}],"replies":[{"embeddable":true,"href":"https:\/\/macite.tg\/index.php?rest_route=%2Fwp%2Fv2%2Fcomments&post=30024"}],"version-history":[{"count":0,"href":"https:\/\/macite.tg\/index.php?rest_route=\/wp\/v2\/posts\/30024\/revisions"}],"wp:featuredmedia":[{"embeddable":true,"href":"https:\/\/macite.tg\/index.php?rest_route=\/wp\/v2\/media\/30025"}],"wp:attachment":[{"href":"https:\/\/macite.tg\/index.php?rest_route=%2Fwp%2Fv2%2Fmedia&parent=30024"}],"wp:term":[{"taxonomy":"category","embeddable":true,"href":"https:\/\/macite.tg\/index.php?rest_route=%2Fwp%2Fv2%2Fcategories&post=30024"},{"taxonomy":"post_tag","embeddable":true,"href":"https:\/\/macite.tg\/index.php?rest_route=%2Fwp%2Fv2%2Ftags&post=30024"}],"curies":[{"name":"wp","href":"https:\/\/api.w.org\/{rel}","templated":true}]}}