{"id":30018,"date":"2026-04-27T14:32:03","date_gmt":"2026-04-27T14:32:03","guid":{"rendered":"https:\/\/macite.tg\/?p=30018"},"modified":"2026-06-19T17:30:41","modified_gmt":"2026-06-19T17:30:41","slug":"66e-anniversaire-de-lindependance-du-togo-un-culte-daction-de-grace-celebre-en-presence-du-president-de-lassemblee-nationale-representant-le-president-du-conseil","status":"publish","type":"post","link":"https:\/\/macite.tg\/?p=30018","title":{"rendered":"66E ANNIVERSAIRE DE L\u2019INDEPENDANCE DU TOGO : Un culte d\u2019action de gr\u00e2ce c\u00e9l\u00e9br\u00e9 en pr\u00e9sence du Pr\u00e9sident de l\u2019Assembl\u00e9e nationale, repr\u00e9sentant le Pr\u00e9sident du Conseil"},"content":{"rendered":"\n<p class=\"wp-block-paragraph\"><em><strong>Le Pr\u00e9sident de l\u2019Assembl\u00e9e nationale, le Professeur Komi Selom Klassou, a pris part, le dimanche 26 avril 2026, au nom du Pr\u00e9sident du Conseil, Faure Essozimna Gnassingb\u00e9, au culte d\u2019action de gr\u00e2ce organis\u00e9 dans le cadre de la c\u00e9l\u00e9bration du 66e anniversaire de l\u2019ind\u00e9pendance du Togo.&nbsp;<\/strong><\/em><\/p>\n\n\n\n<p class=\"wp-block-paragraph\">Le culte s\u2019est d\u00e9roul\u00e9 \u00e0 l\u2019\u00c9glise \u00e9vang\u00e9lique presbyt\u00e9rienne du Togo (EEPT), situ\u00e9e dans la commune d\u2019Ago\u00e8-Nyiv\u00e9 1, en pr\u00e9sence de plusieurs autres personnalit\u00e9s politiques, administratives, militaires et communales.<\/p>\n\n\n\n<figure class=\"wp-block-image size-large\"><img loading=\"lazy\" decoding=\"async\" width=\"1024\" height=\"655\" src=\"https:\/\/macite.tg\/wp-content\/uploads\/2026\/04\/91d26bb8-644c-4c97-bf27-b78062e4a1ee-1024x655.jpg\" alt=\"\" class=\"wp-image-30022\" srcset=\"https:\/\/macite.tg\/wp-content\/uploads\/2026\/04\/91d26bb8-644c-4c97-bf27-b78062e4a1ee-1024x655.jpg 1024w, https:\/\/macite.tg\/wp-content\/uploads\/2026\/04\/91d26bb8-644c-4c97-bf27-b78062e4a1ee-300x192.jpg 300w, https:\/\/macite.tg\/wp-content\/uploads\/2026\/04\/91d26bb8-644c-4c97-bf27-b78062e4a1ee-768x491.jpg 768w, https:\/\/macite.tg\/wp-content\/uploads\/2026\/04\/91d26bb8-644c-4c97-bf27-b78062e4a1ee-625x400.jpg 625w, https:\/\/macite.tg\/wp-content\/uploads\/2026\/04\/91d26bb8-644c-4c97-bf27-b78062e4a1ee.jpg 1280w\" sizes=\"auto, (max-width: 1024px) 100vw, 1024px\" \/><\/figure>\n\n\n\n<p class=\"wp-block-paragraph\">Plac\u00e9e sous le th\u00e8me <em>\u00ab Reviens au bon berger et participe \u00e0 la vie communautaire \u00bb,<\/em> cette c\u00e9l\u00e9bration a \u00e9t\u00e9 un moment de recueillement, de reconnaissance et de pri\u00e8re pour la nation togolaise. Fid\u00e8les, responsables religieux et personnalit\u00e9s publiques se sont r\u00e9unis pour rendre gr\u00e2ce \u00e0 Dieu pour les acquis du pays depuis son accession \u00e0 la souverainet\u00e9 internationale. L\u2019office religieux a \u00e9t\u00e9 dirig\u00e9 par le R\u00e9v\u00e9rend pasteur J\u00e9sus Amavi Dogb\u00e9, qui a \u00e9lev\u00e9 des pri\u00e8res en faveur du Togo, de ses dirigeants et de l\u2019ensemble des citoyens.<\/p>\n\n\n\n<p class=\"wp-block-paragraph\">Dans sa pr\u00e9dication, il a exprim\u00e9 sa gratitude pour la protection divine accord\u00e9e au pays depuis 66 ans.<\/p>\n\n\n\n<p class=\"wp-block-paragraph\"><em>\u00ab Nous te prions pour notre pays, le Togo. Il t\u2019a plu d\u2019accorder \u00e0 notre cher pays l\u2019accession \u00e0 la souverainet\u00e9 nationale il y a 66 ans. En ce jour anniversaire, nous nous sommes r\u00e9unis en grand nombre pour t\u00e9moigner notre gratitude pour ta protection, ta mis\u00e9ricorde, le soin et l\u2019amour dont nous avons \u00e9t\u00e9 l\u2019objet jusqu\u2019\u00e0 ce jour \u00bb,<\/em> a d\u00e9clar\u00e9 le R\u00e9v\u00e9rend pasteur.<\/p>\n\n\n\n<p class=\"wp-block-paragraph\">Le responsable religieux a \u00e9galement implor\u00e9 la paix, la s\u00e9curit\u00e9 et le progr\u00e8s pour le pays, tout en priant pour les autorit\u00e9s nationales.<\/p>\n\n\n\n<figure class=\"wp-block-image size-full\"><img loading=\"lazy\" decoding=\"async\" width=\"851\" height=\"315\" src=\"https:\/\/macite.tg\/wp-content\/uploads\/2026\/04\/OTR_Ferer-pour-batir-1.jpg\" alt=\"\" class=\"wp-image-29832\" srcset=\"https:\/\/macite.tg\/wp-content\/uploads\/2026\/04\/OTR_Ferer-pour-batir-1.jpg 851w, https:\/\/macite.tg\/wp-content\/uploads\/2026\/04\/OTR_Ferer-pour-batir-1-300x111.jpg 300w, https:\/\/macite.tg\/wp-content\/uploads\/2026\/04\/OTR_Ferer-pour-batir-1-768x284.jpg 768w\" sizes=\"auto, (max-width: 851px) 100vw, 851px\" \/><\/figure>\n\n\n\n<p class=\"wp-block-paragraph\"><em>\u00ab Seigneur, nous prions afin que tu puisses nous donner la paix, la s\u00e9curit\u00e9, ainsi que le progr\u00e8s \u00e9conomique, social et politique. Seigneur, en ce jour, nous \u00e9levons vers toi le Pr\u00e9sident du Conseil ainsi que tous les membres du gouvernement. Accorde-leur la sagesse, le discernement et la force n\u00e9cessaires pour accomplir leur mission au service de la nation \u00bb,<\/em> a-t-il pri\u00e9.<\/p>\n\n\n\n<p class=\"wp-block-paragraph\">Le R\u00e9v\u00e9rend pasteur J\u00e9sus Amavi Dogb\u00e9 a aussi eu une pens\u00e9e pour les populations vuln\u00e9rables, les personnes \u00e9prouv\u00e9es et les veuves et les orphelins. Il a implor\u00e9 la gr\u00e2ce divine pour une soci\u00e9t\u00e9 marqu\u00e9e par la solidarit\u00e9, la s\u00e9r\u00e9nit\u00e9 et le vivre-ensemble.<\/p>\n\n\n\n<p class=\"wp-block-paragraph\"><strong>AN<\/strong><\/p>\n\n\n\n<p class=\"wp-block-paragraph\"><a><strong><em>@macite.tg&nbsp;&nbsp;&nbsp;&nbsp;&nbsp;&nbsp;&nbsp;&nbsp;<\/em><\/strong><\/a><\/p>\n\n\n\n<p class=\"wp-block-paragraph\"><strong><em>E-mail&nbsp;: <\/em><\/strong><a href=\"mailto:maciteinfo@gmail.com\"><strong><em>maciteinfo@gmail.com<\/em><\/strong><\/a><strong><em>; <\/em><\/strong><a href=\"mailto:bawela1@gmail.com\"><strong><em>bawela1@gmail.com<\/em><\/strong><\/a><strong><em><\/em><\/strong><\/p>\n\n\n\n<p class=\"wp-block-paragraph\"><strong><em>Pour vos annonces, publi-reportages, etc., joignez-nous au (00228)91515309\/<strong>79872224 <\/strong><strong><\/strong><\/em><\/strong><\/p>\n\n\n\n<p class=\"wp-block-paragraph\"><strong><em>www.macite.tg, L\u2019information, la bonne&nbsp;!<\/em><\/strong><\/p>\n\n\n\n<p class=\"wp-block-paragraph\"><\/p>\n","protected":false},"excerpt":{"rendered":"<p class=\"text-justify mb-2\" >Le Pr\u00e9sident de l\u2019Assembl\u00e9e nationale, le Professeur Komi Selom Klassou, a pris part, le dimanche 26 avril 2026, au nom du Pr\u00e9sident du Conseil, Faure Essozimna Gnassingb\u00e9, au culte d\u2019action de gr\u00e2ce organis\u00e9 dans le cadre de la c\u00e9l\u00e9bration du 66e anniversaire de l\u2019ind\u00e9pendance du [&hellip;]<\/p>\n","protected":false},"author":2,"featured_media":30021,"comment_status":"open","ping_status":"open","sticky":false,"template":"","format":"standard","meta":{"footnotes":""},"categories":[20,62],"tags":[],"class_list":["post-30018","post","type-post","status-publish","format-standard","has-post-thumbnail","hentry","category-actualite","category-hommage"],"yoast_head":"<!-- This site is optimized with the Yoast SEO plugin v28.4 - https:\/\/yoast.com\/product\/yoast-seo-wordpress\/ -->\n<title>66E ANNIVERSAIRE DE L\u2019INDEPENDANCE DU TOGO : Un culte d\u2019action de gr\u00e2ce c\u00e9l\u00e9br\u00e9 en pr\u00e9sence du Pr\u00e9sident de l\u2019Assembl\u00e9e nationale, repr\u00e9sentant le Pr\u00e9sident du Conseil -<\/title>\n<meta name=\"robots\" content=\"index, follow, max-snippet:-1, max-image-preview:large, max-video-preview:-1\" \/>\n<link rel=\"canonical\" href=\"https:\/\/macite.tg\/?p=30018\" \/>\n<meta property=\"og:locale\" content=\"fr_FR\" \/>\n<meta property=\"og:type\" content=\"article\" \/>\n<meta property=\"og:title\" content=\"66E ANNIVERSAIRE DE L\u2019INDEPENDANCE DU TOGO : Un culte d\u2019action de gr\u00e2ce c\u00e9l\u00e9br\u00e9 en pr\u00e9sence du Pr\u00e9sident de l\u2019Assembl\u00e9e nationale, repr\u00e9sentant le Pr\u00e9sident du Conseil -\" \/>\n<meta property=\"og:description\" content=\"Le Pr\u00e9sident de l\u2019Assembl\u00e9e nationale, le Professeur Komi Selom Klassou, a pris part, le dimanche 26 avril 2026, au nom du Pr\u00e9sident du Conseil, Faure Essozimna Gnassingb\u00e9, au culte d\u2019action de gr\u00e2ce organis\u00e9 dans le cadre de la c\u00e9l\u00e9bration du 66e anniversaire de l\u2019ind\u00e9pendance du [&hellip;]\" \/>\n<meta property=\"og:url\" content=\"https:\/\/macite.tg\/?p=30018\" \/>\n<meta property=\"article:published_time\" content=\"2026-04-27T14:32:03+00:00\" \/>\n<meta property=\"article:modified_time\" content=\"2026-06-19T17:30:41+00:00\" \/>\n<meta property=\"og:image\" content=\"https:\/\/macite.tg\/wp-content\/uploads\/2026\/04\/0a8b6eba-b5c1-4e4b-8501-bb24d62a75a8.jpg\" \/>\n\t<meta property=\"og:image:width\" content=\"500\" \/>\n\t<meta property=\"og:image:height\" content=\"333\" \/>\n\t<meta property=\"og:image:type\" content=\"image\/jpeg\" \/>\n<meta name=\"author\" content=\"Jean Pierre BAWELA\" \/>\n<meta name=\"twitter:card\" content=\"summary_large_image\" \/>\n<meta name=\"twitter:label1\" content=\"\u00c9crit par\" \/>\n\t<meta name=\"twitter:data1\" content=\"Jean Pierre BAWELA\" \/>\n\t<meta name=\"twitter:label2\" content=\"Dur\u00e9e de lecture estim\u00e9e\" \/>\n\t<meta name=\"twitter:data2\" content=\"3 minutes\" \/>\n<script type=\"application\/ld+json\" class=\"yoast-schema-graph\">{\"@context\":\"https:\\\/\\\/schema.org\",\"@graph\":[{\"@type\":\"Article\",\"@id\":\"https:\\\/\\\/macite.tg\\\/?p=30018#article\",\"isPartOf\":{\"@id\":\"https:\\\/\\\/macite.tg\\\/?p=30018\"},\"author\":{\"name\":\"Jean Pierre BAWELA\",\"@id\":\"https:\\\/\\\/macite.tg\\\/#\\\/schema\\\/person\\\/e9f2de7e5dbbe7770a9402c7ce82f5c2\"},\"headline\":\"66E ANNIVERSAIRE DE L\u2019INDEPENDANCE DU TOGO : Un culte d\u2019action de gr\u00e2ce c\u00e9l\u00e9br\u00e9 en pr\u00e9sence du Pr\u00e9sident de l\u2019Assembl\u00e9e nationale, repr\u00e9sentant le Pr\u00e9sident du Conseil\",\"datePublished\":\"2026-04-27T14:32:03+00:00\",\"dateModified\":\"2026-06-19T17:30:41+00:00\",\"mainEntityOfPage\":{\"@id\":\"https:\\\/\\\/macite.tg\\\/?p=30018\"},\"wordCount\":491,\"commentCount\":0,\"image\":{\"@id\":\"https:\\\/\\\/macite.tg\\\/?p=30018#primaryimage\"},\"thumbnailUrl\":\"https:\\\/\\\/macite.tg\\\/wp-content\\\/uploads\\\/2026\\\/04\\\/0a8b6eba-b5c1-4e4b-8501-bb24d62a75a8.jpg\",\"articleSection\":[\"ACTUALITE\",\"HOMMAGE\"],\"inLanguage\":\"fr-FR\",\"potentialAction\":[{\"@type\":\"CommentAction\",\"name\":\"Comment\",\"target\":[\"https:\\\/\\\/macite.tg\\\/?p=30018#respond\"]}]},{\"@type\":\"WebPage\",\"@id\":\"https:\\\/\\\/macite.tg\\\/?p=30018\",\"url\":\"https:\\\/\\\/macite.tg\\\/?p=30018\",\"name\":\"66E ANNIVERSAIRE DE L\u2019INDEPENDANCE DU TOGO : Un culte d\u2019action de gr\u00e2ce c\u00e9l\u00e9br\u00e9 en pr\u00e9sence du Pr\u00e9sident de l\u2019Assembl\u00e9e nationale, repr\u00e9sentant le Pr\u00e9sident du Conseil -\",\"isPartOf\":{\"@id\":\"https:\\\/\\\/macite.tg\\\/#website\"},\"primaryImageOfPage\":{\"@id\":\"https:\\\/\\\/macite.tg\\\/?p=30018#primaryimage\"},\"image\":{\"@id\":\"https:\\\/\\\/macite.tg\\\/?p=30018#primaryimage\"},\"thumbnailUrl\":\"https:\\\/\\\/macite.tg\\\/wp-content\\\/uploads\\\/2026\\\/04\\\/0a8b6eba-b5c1-4e4b-8501-bb24d62a75a8.jpg\",\"datePublished\":\"2026-04-27T14:32:03+00:00\",\"dateModified\":\"2026-06-19T17:30:41+00:00\",\"author\":{\"@id\":\"https:\\\/\\\/macite.tg\\\/#\\\/schema\\\/person\\\/e9f2de7e5dbbe7770a9402c7ce82f5c2\"},\"breadcrumb\":{\"@id\":\"https:\\\/\\\/macite.tg\\\/?p=30018#breadcrumb\"},\"inLanguage\":\"fr-FR\",\"potentialAction\":[{\"@type\":\"ReadAction\",\"target\":[\"https:\\\/\\\/macite.tg\\\/?p=30018\"]}]},{\"@type\":\"ImageObject\",\"inLanguage\":\"fr-FR\",\"@id\":\"https:\\\/\\\/macite.tg\\\/?p=30018#primaryimage\",\"url\":\"https:\\\/\\\/macite.tg\\\/wp-content\\\/uploads\\\/2026\\\/04\\\/0a8b6eba-b5c1-4e4b-8501-bb24d62a75a8.jpg\",\"contentUrl\":\"https:\\\/\\\/macite.tg\\\/wp-content\\\/uploads\\\/2026\\\/04\\\/0a8b6eba-b5c1-4e4b-8501-bb24d62a75a8.jpg\",\"width\":500,\"height\":333},{\"@type\":\"BreadcrumbList\",\"@id\":\"https:\\\/\\\/macite.tg\\\/?p=30018#breadcrumb\",\"itemListElement\":[{\"@type\":\"ListItem\",\"position\":1,\"name\":\"Accueil\",\"item\":\"https:\\\/\\\/macite.tg\\\/\"},{\"@type\":\"ListItem\",\"position\":2,\"name\":\"66E ANNIVERSAIRE DE L\u2019INDEPENDANCE DU TOGO : Un culte d\u2019action de gr\u00e2ce c\u00e9l\u00e9br\u00e9 en pr\u00e9sence du Pr\u00e9sident de l\u2019Assembl\u00e9e nationale, repr\u00e9sentant le Pr\u00e9sident du Conseil\"}]},{\"@type\":\"WebSite\",\"@id\":\"https:\\\/\\\/macite.tg\\\/#website\",\"url\":\"https:\\\/\\\/macite.tg\\\/\",\"name\":\"\",\"description\":\"L&#039;information, la bonne!!!\",\"potentialAction\":[{\"@type\":\"SearchAction\",\"target\":{\"@type\":\"EntryPoint\",\"urlTemplate\":\"https:\\\/\\\/macite.tg\\\/?s={search_term_string}\"},\"query-input\":{\"@type\":\"PropertyValueSpecification\",\"valueRequired\":true,\"valueName\":\"search_term_string\"}}],\"inLanguage\":\"fr-FR\"},{\"@type\":\"Person\",\"@id\":\"https:\\\/\\\/macite.tg\\\/#\\\/schema\\\/person\\\/e9f2de7e5dbbe7770a9402c7ce82f5c2\",\"name\":\"Jean Pierre BAWELA\",\"image\":{\"@type\":\"ImageObject\",\"inLanguage\":\"fr-FR\",\"@id\":\"https:\\\/\\\/macite.tg\\\/wp-content\\\/uploads\\\/2023\\\/09\\\/WhatsApp-Image-2023-09-19-at-14.44.41-122x122.jpeg\",\"url\":\"https:\\\/\\\/macite.tg\\\/wp-content\\\/uploads\\\/2023\\\/09\\\/WhatsApp-Image-2023-09-19-at-14.44.41-122x122.jpeg\",\"contentUrl\":\"https:\\\/\\\/macite.tg\\\/wp-content\\\/uploads\\\/2023\\\/09\\\/WhatsApp-Image-2023-09-19-at-14.44.41-122x122.jpeg\",\"caption\":\"Jean Pierre BAWELA\"},\"url\":\"https:\\\/\\\/macite.tg\\\/?author=2\"}]}<\/script>\n<!-- \/ Yoast SEO plugin. -->","yoast_head_json":{"title":"66E ANNIVERSAIRE DE L\u2019INDEPENDANCE DU TOGO : Un culte d\u2019action de gr\u00e2ce c\u00e9l\u00e9br\u00e9 en pr\u00e9sence du Pr\u00e9sident de l\u2019Assembl\u00e9e nationale, repr\u00e9sentant le Pr\u00e9sident du Conseil -","robots":{"index":"index","follow":"follow","max-snippet":"max-snippet:-1","max-image-preview":"max-image-preview:large","max-video-preview":"max-video-preview:-1"},"canonical":"https:\/\/macite.tg\/?p=30018","og_locale":"fr_FR","og_type":"article","og_title":"66E ANNIVERSAIRE DE L\u2019INDEPENDANCE DU TOGO : Un culte d\u2019action de gr\u00e2ce c\u00e9l\u00e9br\u00e9 en pr\u00e9sence du Pr\u00e9sident de l\u2019Assembl\u00e9e nationale, repr\u00e9sentant le Pr\u00e9sident du Conseil -","og_description":"Le Pr\u00e9sident de l\u2019Assembl\u00e9e nationale, le Professeur Komi Selom Klassou, a pris part, le dimanche 26 avril 2026, au nom du Pr\u00e9sident du Conseil, Faure Essozimna Gnassingb\u00e9, au culte d\u2019action de gr\u00e2ce organis\u00e9 dans le cadre de la c\u00e9l\u00e9bration du 66e anniversaire de l\u2019ind\u00e9pendance du [&hellip;]","og_url":"https:\/\/macite.tg\/?p=30018","article_published_time":"2026-04-27T14:32:03+00:00","article_modified_time":"2026-06-19T17:30:41+00:00","og_image":[{"width":500,"height":333,"url":"https:\/\/macite.tg\/wp-content\/uploads\/2026\/04\/0a8b6eba-b5c1-4e4b-8501-bb24d62a75a8.jpg","type":"image\/jpeg"}],"author":"Jean Pierre BAWELA","twitter_card":"summary_large_image","twitter_misc":{"\u00c9crit par":"Jean Pierre BAWELA","Dur\u00e9e de lecture estim\u00e9e":"3 minutes"},"schema":{"@context":"https:\/\/schema.org","@graph":[{"@type":"Article","@id":"https:\/\/macite.tg\/?p=30018#article","isPartOf":{"@id":"https:\/\/macite.tg\/?p=30018"},"author":{"name":"Jean Pierre BAWELA","@id":"https:\/\/macite.tg\/#\/schema\/person\/e9f2de7e5dbbe7770a9402c7ce82f5c2"},"headline":"66E ANNIVERSAIRE DE L\u2019INDEPENDANCE DU TOGO : Un culte d\u2019action de gr\u00e2ce c\u00e9l\u00e9br\u00e9 en pr\u00e9sence du Pr\u00e9sident de l\u2019Assembl\u00e9e nationale, repr\u00e9sentant le Pr\u00e9sident du Conseil","datePublished":"2026-04-27T14:32:03+00:00","dateModified":"2026-06-19T17:30:41+00:00","mainEntityOfPage":{"@id":"https:\/\/macite.tg\/?p=30018"},"wordCount":491,"commentCount":0,"image":{"@id":"https:\/\/macite.tg\/?p=30018#primaryimage"},"thumbnailUrl":"https:\/\/macite.tg\/wp-content\/uploads\/2026\/04\/0a8b6eba-b5c1-4e4b-8501-bb24d62a75a8.jpg","articleSection":["ACTUALITE","HOMMAGE"],"inLanguage":"fr-FR","potentialAction":[{"@type":"CommentAction","name":"Comment","target":["https:\/\/macite.tg\/?p=30018#respond"]}]},{"@type":"WebPage","@id":"https:\/\/macite.tg\/?p=30018","url":"https:\/\/macite.tg\/?p=30018","name":"66E ANNIVERSAIRE DE L\u2019INDEPENDANCE DU TOGO : Un culte d\u2019action de gr\u00e2ce c\u00e9l\u00e9br\u00e9 en pr\u00e9sence du Pr\u00e9sident de l\u2019Assembl\u00e9e nationale, repr\u00e9sentant le Pr\u00e9sident du Conseil -","isPartOf":{"@id":"https:\/\/macite.tg\/#website"},"primaryImageOfPage":{"@id":"https:\/\/macite.tg\/?p=30018#primaryimage"},"image":{"@id":"https:\/\/macite.tg\/?p=30018#primaryimage"},"thumbnailUrl":"https:\/\/macite.tg\/wp-content\/uploads\/2026\/04\/0a8b6eba-b5c1-4e4b-8501-bb24d62a75a8.jpg","datePublished":"2026-04-27T14:32:03+00:00","dateModified":"2026-06-19T17:30:41+00:00","author":{"@id":"https:\/\/macite.tg\/#\/schema\/person\/e9f2de7e5dbbe7770a9402c7ce82f5c2"},"breadcrumb":{"@id":"https:\/\/macite.tg\/?p=30018#breadcrumb"},"inLanguage":"fr-FR","potentialAction":[{"@type":"ReadAction","target":["https:\/\/macite.tg\/?p=30018"]}]},{"@type":"ImageObject","inLanguage":"fr-FR","@id":"https:\/\/macite.tg\/?p=30018#primaryimage","url":"https:\/\/macite.tg\/wp-content\/uploads\/2026\/04\/0a8b6eba-b5c1-4e4b-8501-bb24d62a75a8.jpg","contentUrl":"https:\/\/macite.tg\/wp-content\/uploads\/2026\/04\/0a8b6eba-b5c1-4e4b-8501-bb24d62a75a8.jpg","width":500,"height":333},{"@type":"BreadcrumbList","@id":"https:\/\/macite.tg\/?p=30018#breadcrumb","itemListElement":[{"@type":"ListItem","position":1,"name":"Accueil","item":"https:\/\/macite.tg\/"},{"@type":"ListItem","position":2,"name":"66E ANNIVERSAIRE DE L\u2019INDEPENDANCE DU TOGO : Un culte d\u2019action de gr\u00e2ce c\u00e9l\u00e9br\u00e9 en pr\u00e9sence du Pr\u00e9sident de l\u2019Assembl\u00e9e nationale, repr\u00e9sentant le Pr\u00e9sident du Conseil"}]},{"@type":"WebSite","@id":"https:\/\/macite.tg\/#website","url":"https:\/\/macite.tg\/","name":"","description":"L&#039;information, la bonne!!!","potentialAction":[{"@type":"SearchAction","target":{"@type":"EntryPoint","urlTemplate":"https:\/\/macite.tg\/?s={search_term_string}"},"query-input":{"@type":"PropertyValueSpecification","valueRequired":true,"valueName":"search_term_string"}}],"inLanguage":"fr-FR"},{"@type":"Person","@id":"https:\/\/macite.tg\/#\/schema\/person\/e9f2de7e5dbbe7770a9402c7ce82f5c2","name":"Jean Pierre BAWELA","image":{"@type":"ImageObject","inLanguage":"fr-FR","@id":"https:\/\/macite.tg\/wp-content\/uploads\/2023\/09\/WhatsApp-Image-2023-09-19-at-14.44.41-122x122.jpeg","url":"https:\/\/macite.tg\/wp-content\/uploads\/2023\/09\/WhatsApp-Image-2023-09-19-at-14.44.41-122x122.jpeg","contentUrl":"https:\/\/macite.tg\/wp-content\/uploads\/2023\/09\/WhatsApp-Image-2023-09-19-at-14.44.41-122x122.jpeg","caption":"Jean Pierre BAWELA"},"url":"https:\/\/macite.tg\/?author=2"}]}},"_links":{"self":[{"href":"https:\/\/macite.tg\/index.php?rest_route=\/wp\/v2\/posts\/30018","targetHints":{"allow":["GET"]}}],"collection":[{"href":"https:\/\/macite.tg\/index.php?rest_route=\/wp\/v2\/posts"}],"about":[{"href":"https:\/\/macite.tg\/index.php?rest_route=\/wp\/v2\/types\/post"}],"author":[{"embeddable":true,"href":"https:\/\/macite.tg\/index.php?rest_route=\/wp\/v2\/users\/2"}],"replies":[{"embeddable":true,"href":"https:\/\/macite.tg\/index.php?rest_route=%2Fwp%2Fv2%2Fcomments&post=30018"}],"version-history":[{"count":0,"href":"https:\/\/macite.tg\/index.php?rest_route=\/wp\/v2\/posts\/30018\/revisions"}],"wp:featuredmedia":[{"embeddable":true,"href":"https:\/\/macite.tg\/index.php?rest_route=\/wp\/v2\/media\/30021"}],"wp:attachment":[{"href":"https:\/\/macite.tg\/index.php?rest_route=%2Fwp%2Fv2%2Fmedia&parent=30018"}],"wp:term":[{"taxonomy":"category","embeddable":true,"href":"https:\/\/macite.tg\/index.php?rest_route=%2Fwp%2Fv2%2Fcategories&post=30018"},{"taxonomy":"post_tag","embeddable":true,"href":"https:\/\/macite.tg\/index.php?rest_route=%2Fwp%2Fv2%2Ftags&post=30018"}],"curies":[{"name":"wp","href":"https:\/\/api.w.org\/{rel}","templated":true}]}}