{"id":30017,"date":"2026-04-27T14:27:55","date_gmt":"2026-04-27T14:27:55","guid":{"rendered":"https:\/\/macite.tg\/?p=30017"},"modified":"2026-04-27T14:28:01","modified_gmt":"2026-04-27T14:28:01","slug":"commemoration-des-66-ans-dindependance-du-togo-le-president-faure-a-ravive-la-flamme-le-26-avril","status":"publish","type":"post","link":"https:\/\/macite.tg\/?p=30017","title":{"rendered":"COMMEMORATION DES 66 ANS D\u2019INDEPENDANCE DU TOGO : Le Pr\u00e9sident Faure a raviv\u00e9 la flamme le 26 avril"},"content":{"rendered":"\n<p class=\"wp-block-paragraph\"><strong><em>Comme de coutume, le Pr\u00e9sident du Conseil, Faure Essozimna Gnassingb\u00e9 a proc\u00e9d\u00e9, le dimanche 26 avril \u00e0 Lom\u00e9, au traditionnel rallumage de la flamme de l\u2019ind\u00e9pendance.&nbsp;Un c\u00e9r\u00e9monial symbolique organis\u00e9 chaque veille de la f\u00eate nationale.<\/em><\/strong><\/p>\n\n\n\n<p class=\"wp-block-paragraph\">C\u2019est devenu un rituel, qui marque le d\u00e9but des festivit\u00e9s nationales entrant dans le cadre de la comm\u00e9moration de l\u2019accession du Togo \u00e0 la souverainet\u00e9 internationale. Sous le regard des repr\u00e9sentants des institutions de la R\u00e9publique, du corps diplomatique et d&rsquo;une foule de citoyens r\u00e9unis \u00e0 la Place de l\u2019Ind\u00e9pendance, le Pr\u00e9sident du conseil a raviv\u00e9 le flambeau de la nation.<\/p>\n\n\n\n<figure class=\"wp-block-image size-full\"><img loading=\"lazy\" decoding=\"async\" width=\"851\" height=\"315\" src=\"https:\/\/macite.tg\/wp-content\/uploads\/2026\/04\/OTR_Ferer-pour-batir-1.jpg\" alt=\"\" class=\"wp-image-29832\" srcset=\"https:\/\/macite.tg\/wp-content\/uploads\/2026\/04\/OTR_Ferer-pour-batir-1.jpg 851w, https:\/\/macite.tg\/wp-content\/uploads\/2026\/04\/OTR_Ferer-pour-batir-1-300x111.jpg 300w, https:\/\/macite.tg\/wp-content\/uploads\/2026\/04\/OTR_Ferer-pour-batir-1-768x284.jpg 768w\" sizes=\"auto, (max-width: 851px) 100vw, 851px\" \/><\/figure>\n\n\n\n<p class=\"wp-block-paragraph\"><strong>Un hommage m\u00e9moriel aux h\u00e9ros de la nation<\/strong><\/p>\n\n\n\n<p class=\"wp-block-paragraph\">Au-del\u00e0 du protocole r\u00e9publicain, ce geste se veut un <em>devoir de m\u00e9moire collective<\/em>. Il s\u2019agit d\u2019honorer le sacrifice des p\u00e8res de l\u2019ind\u00e9pendance et de tous les acteurs de l\u2019histoire togolaise qui ont \u0153uvr\u00e9 pour la libert\u00e9 du pays.<\/p>\n\n\n\n<p class=\"wp-block-paragraph\">Cette c\u00e9r\u00e9monie solennelle rappelle, chaque ann\u00e9e, l&rsquo;importance de l&rsquo;unit\u00e9 et de la pr\u00e9servation de la souverainet\u00e9 nationale.<\/p>\n\n\n\n<p class=\"wp-block-paragraph\"><strong>Une jeunesse mobilis\u00e9e dans les rues de Lom\u00e9<\/strong><\/p>\n\n\n\n<p class=\"wp-block-paragraph\">Le patriotisme s&rsquo;est ensuite prolong\u00e9 jusque tard dans la soir\u00e9e. Quelques heures apr\u00e8s la c\u00e9r\u00e9monie officielle, la capitale a vibr\u00e9 au rythme de la retraite aux flambeaux.<\/p>\n\n\n<div class=\"wp-block-image\">\n<figure class=\"aligncenter size-large is-resized\"><img loading=\"lazy\" decoding=\"async\" width=\"819\" height=\"1024\" src=\"https:\/\/macite.tg\/wp-content\/uploads\/2026\/04\/OTR_FAUSSE-ANNONCE-819x1024.jpg\" alt=\"\" class=\"wp-image-29938\" style=\"width:541px;height:auto\" srcset=\"https:\/\/macite.tg\/wp-content\/uploads\/2026\/04\/OTR_FAUSSE-ANNONCE-819x1024.jpg 819w, https:\/\/macite.tg\/wp-content\/uploads\/2026\/04\/OTR_FAUSSE-ANNONCE-240x300.jpg 240w, https:\/\/macite.tg\/wp-content\/uploads\/2026\/04\/OTR_FAUSSE-ANNONCE-768x960.jpg 768w, https:\/\/macite.tg\/wp-content\/uploads\/2026\/04\/OTR_FAUSSE-ANNONCE-1229x1536.jpg 1229w, https:\/\/macite.tg\/wp-content\/uploads\/2026\/04\/OTR_FAUSSE-ANNONCE.jpg 1280w\" sizes=\"auto, (max-width: 819px) 100vw, 819px\" \/><\/figure>\n<\/div>\n\n\n<p class=\"wp-block-paragraph\">Des milliers de jeunes Togolais ont sillonn\u00e9 les grandes art\u00e8res de Lom\u00e9, transformant l&rsquo;\u00e9v\u00e9nement en un moment de communion populaire.<\/p>\n\n\n\n<p class=\"wp-block-paragraph\">Cette mobilisation nocturne t\u00e9moigne de l&rsquo;attachement des nouvelles g\u00e9n\u00e9rations \u00e0 l&rsquo;h\u00e9ritage historique du 27 avril 1960.<\/p>\n\n\n\n<p class=\"wp-block-paragraph\"><strong>JPB<\/strong><\/p>\n\n\n\n<p class=\"wp-block-paragraph\"><a><strong><em>@macite.tg&nbsp;&nbsp;&nbsp;&nbsp;&nbsp;&nbsp;&nbsp;&nbsp;<\/em><\/strong><\/a><\/p>\n\n\n\n<p class=\"wp-block-paragraph\"><strong><em>E-mail&nbsp;: <\/em><\/strong><a href=\"mailto:maciteinfo@gmail.com\"><strong><em>maciteinfo@gmail.com<\/em><\/strong><\/a><strong><em>; <\/em><\/strong><a href=\"mailto:bawela1@gmail.com\"><strong><em>bawela1@gmail.com<\/em><\/strong><\/a><strong><em><\/em><\/strong><\/p>\n\n\n\n<p class=\"wp-block-paragraph\"><strong><em>Pour vos annonces, publi-reportages, etc., joignez-nous au (00228)91515309\/<strong>79872224 <\/strong><strong><\/strong><\/em><\/strong><\/p>\n\n\n\n<p class=\"wp-block-paragraph\"><strong><em>www.macite.tg, L\u2019information, la bonne&nbsp;!<\/em><\/strong><\/p>\n","protected":false},"excerpt":{"rendered":"<p class=\"text-justify mb-2\" >Comme de coutume, le Pr\u00e9sident du Conseil, Faure Essozimna Gnassingb\u00e9 a proc\u00e9d\u00e9, le dimanche 26 avril \u00e0 Lom\u00e9, au traditionnel rallumage de la flamme de l\u2019ind\u00e9pendance.&nbsp;Un c\u00e9r\u00e9monial symbolique organis\u00e9 chaque veille de la f\u00eate nationale. C\u2019est devenu un rituel, qui marque le d\u00e9but des festivit\u00e9s [&hellip;]<\/p>\n","protected":false},"author":2,"featured_media":30019,"comment_status":"open","ping_status":"open","sticky":false,"template":"","format":"standard","meta":{"footnotes":""},"categories":[20,1],"tags":[],"class_list":["post-30017","post","type-post","status-publish","format-standard","has-post-thumbnail","hentry","category-actualite","category-politique"],"yoast_head":"<!-- This site is optimized with the Yoast SEO plugin v28.4 - https:\/\/yoast.com\/product\/yoast-seo-wordpress\/ -->\n<title>COMMEMORATION DES 66 ANS D\u2019INDEPENDANCE DU TOGO : Le Pr\u00e9sident Faure a raviv\u00e9 la flamme le 26 avril -<\/title>\n<meta name=\"robots\" content=\"index, follow, max-snippet:-1, max-image-preview:large, max-video-preview:-1\" \/>\n<link rel=\"canonical\" href=\"https:\/\/macite.tg\/?p=30017\" \/>\n<meta property=\"og:locale\" content=\"fr_FR\" \/>\n<meta property=\"og:type\" content=\"article\" \/>\n<meta property=\"og:title\" content=\"COMMEMORATION DES 66 ANS D\u2019INDEPENDANCE DU TOGO : Le Pr\u00e9sident Faure a raviv\u00e9 la flamme le 26 avril -\" \/>\n<meta property=\"og:description\" content=\"Comme de coutume, le Pr\u00e9sident du Conseil, Faure Essozimna Gnassingb\u00e9 a proc\u00e9d\u00e9, le dimanche 26 avril \u00e0 Lom\u00e9, au traditionnel rallumage de la flamme de l\u2019ind\u00e9pendance.&nbsp;Un c\u00e9r\u00e9monial symbolique organis\u00e9 chaque veille de la f\u00eate nationale. C\u2019est devenu un rituel, qui marque le d\u00e9but des festivit\u00e9s [&hellip;]\" \/>\n<meta property=\"og:url\" content=\"https:\/\/macite.tg\/?p=30017\" \/>\n<meta property=\"article:published_time\" content=\"2026-04-27T14:27:55+00:00\" \/>\n<meta property=\"article:modified_time\" content=\"2026-04-27T14:28:01+00:00\" \/>\n<meta property=\"og:image\" content=\"https:\/\/macite.tg\/wp-content\/uploads\/2026\/04\/27avril.jpg\" \/>\n\t<meta property=\"og:image:width\" content=\"500\" \/>\n\t<meta property=\"og:image:height\" content=\"449\" \/>\n\t<meta property=\"og:image:type\" content=\"image\/jpeg\" \/>\n<meta name=\"author\" content=\"Jean Pierre BAWELA\" \/>\n<meta name=\"twitter:card\" content=\"summary_large_image\" \/>\n<meta name=\"twitter:label1\" content=\"\u00c9crit par\" \/>\n\t<meta name=\"twitter:data1\" content=\"Jean Pierre BAWELA\" \/>\n\t<meta name=\"twitter:label2\" content=\"Dur\u00e9e de lecture estim\u00e9e\" \/>\n\t<meta name=\"twitter:data2\" content=\"2 minutes\" \/>\n<script type=\"application\/ld+json\" class=\"yoast-schema-graph\">{\"@context\":\"https:\\\/\\\/schema.org\",\"@graph\":[{\"@type\":\"Article\",\"@id\":\"https:\\\/\\\/macite.tg\\\/?p=30017#article\",\"isPartOf\":{\"@id\":\"https:\\\/\\\/macite.tg\\\/?p=30017\"},\"author\":{\"name\":\"Jean Pierre BAWELA\",\"@id\":\"https:\\\/\\\/macite.tg\\\/#\\\/schema\\\/person\\\/e9f2de7e5dbbe7770a9402c7ce82f5c2\"},\"headline\":\"COMMEMORATION DES 66 ANS D\u2019INDEPENDANCE DU TOGO : Le Pr\u00e9sident Faure a raviv\u00e9 la flamme le 26 avril\",\"datePublished\":\"2026-04-27T14:27:55+00:00\",\"dateModified\":\"2026-04-27T14:28:01+00:00\",\"mainEntityOfPage\":{\"@id\":\"https:\\\/\\\/macite.tg\\\/?p=30017\"},\"wordCount\":326,\"commentCount\":0,\"image\":{\"@id\":\"https:\\\/\\\/macite.tg\\\/?p=30017#primaryimage\"},\"thumbnailUrl\":\"https:\\\/\\\/macite.tg\\\/wp-content\\\/uploads\\\/2026\\\/04\\\/27avril.jpg\",\"articleSection\":[\"ACTUALITE\",\"POLITIQUE\"],\"inLanguage\":\"fr-FR\",\"potentialAction\":[{\"@type\":\"CommentAction\",\"name\":\"Comment\",\"target\":[\"https:\\\/\\\/macite.tg\\\/?p=30017#respond\"]}]},{\"@type\":\"WebPage\",\"@id\":\"https:\\\/\\\/macite.tg\\\/?p=30017\",\"url\":\"https:\\\/\\\/macite.tg\\\/?p=30017\",\"name\":\"COMMEMORATION DES 66 ANS D\u2019INDEPENDANCE DU TOGO : Le Pr\u00e9sident Faure a raviv\u00e9 la flamme le 26 avril -\",\"isPartOf\":{\"@id\":\"https:\\\/\\\/macite.tg\\\/#website\"},\"primaryImageOfPage\":{\"@id\":\"https:\\\/\\\/macite.tg\\\/?p=30017#primaryimage\"},\"image\":{\"@id\":\"https:\\\/\\\/macite.tg\\\/?p=30017#primaryimage\"},\"thumbnailUrl\":\"https:\\\/\\\/macite.tg\\\/wp-content\\\/uploads\\\/2026\\\/04\\\/27avril.jpg\",\"datePublished\":\"2026-04-27T14:27:55+00:00\",\"dateModified\":\"2026-04-27T14:28:01+00:00\",\"author\":{\"@id\":\"https:\\\/\\\/macite.tg\\\/#\\\/schema\\\/person\\\/e9f2de7e5dbbe7770a9402c7ce82f5c2\"},\"breadcrumb\":{\"@id\":\"https:\\\/\\\/macite.tg\\\/?p=30017#breadcrumb\"},\"inLanguage\":\"fr-FR\",\"potentialAction\":[{\"@type\":\"ReadAction\",\"target\":[\"https:\\\/\\\/macite.tg\\\/?p=30017\"]}]},{\"@type\":\"ImageObject\",\"inLanguage\":\"fr-FR\",\"@id\":\"https:\\\/\\\/macite.tg\\\/?p=30017#primaryimage\",\"url\":\"https:\\\/\\\/macite.tg\\\/wp-content\\\/uploads\\\/2026\\\/04\\\/27avril.jpg\",\"contentUrl\":\"https:\\\/\\\/macite.tg\\\/wp-content\\\/uploads\\\/2026\\\/04\\\/27avril.jpg\",\"width\":500,\"height\":449},{\"@type\":\"BreadcrumbList\",\"@id\":\"https:\\\/\\\/macite.tg\\\/?p=30017#breadcrumb\",\"itemListElement\":[{\"@type\":\"ListItem\",\"position\":1,\"name\":\"Accueil\",\"item\":\"https:\\\/\\\/macite.tg\\\/\"},{\"@type\":\"ListItem\",\"position\":2,\"name\":\"COMMEMORATION DES 66 ANS D\u2019INDEPENDANCE DU TOGO : Le Pr\u00e9sident Faure a raviv\u00e9 la flamme le 26 avril\"}]},{\"@type\":\"WebSite\",\"@id\":\"https:\\\/\\\/macite.tg\\\/#website\",\"url\":\"https:\\\/\\\/macite.tg\\\/\",\"name\":\"\",\"description\":\"L&#039;information, la bonne!!!\",\"potentialAction\":[{\"@type\":\"SearchAction\",\"target\":{\"@type\":\"EntryPoint\",\"urlTemplate\":\"https:\\\/\\\/macite.tg\\\/?s={search_term_string}\"},\"query-input\":{\"@type\":\"PropertyValueSpecification\",\"valueRequired\":true,\"valueName\":\"search_term_string\"}}],\"inLanguage\":\"fr-FR\"},{\"@type\":\"Person\",\"@id\":\"https:\\\/\\\/macite.tg\\\/#\\\/schema\\\/person\\\/e9f2de7e5dbbe7770a9402c7ce82f5c2\",\"name\":\"Jean Pierre BAWELA\",\"image\":{\"@type\":\"ImageObject\",\"inLanguage\":\"fr-FR\",\"@id\":\"https:\\\/\\\/macite.tg\\\/wp-content\\\/uploads\\\/2023\\\/09\\\/WhatsApp-Image-2023-09-19-at-14.44.41-122x122.jpeg\",\"url\":\"https:\\\/\\\/macite.tg\\\/wp-content\\\/uploads\\\/2023\\\/09\\\/WhatsApp-Image-2023-09-19-at-14.44.41-122x122.jpeg\",\"contentUrl\":\"https:\\\/\\\/macite.tg\\\/wp-content\\\/uploads\\\/2023\\\/09\\\/WhatsApp-Image-2023-09-19-at-14.44.41-122x122.jpeg\",\"caption\":\"Jean Pierre BAWELA\"},\"url\":\"https:\\\/\\\/macite.tg\\\/?author=2\"}]}<\/script>\n<!-- \/ Yoast SEO plugin. -->","yoast_head_json":{"title":"COMMEMORATION DES 66 ANS D\u2019INDEPENDANCE DU TOGO : Le Pr\u00e9sident Faure a raviv\u00e9 la flamme le 26 avril -","robots":{"index":"index","follow":"follow","max-snippet":"max-snippet:-1","max-image-preview":"max-image-preview:large","max-video-preview":"max-video-preview:-1"},"canonical":"https:\/\/macite.tg\/?p=30017","og_locale":"fr_FR","og_type":"article","og_title":"COMMEMORATION DES 66 ANS D\u2019INDEPENDANCE DU TOGO : Le Pr\u00e9sident Faure a raviv\u00e9 la flamme le 26 avril -","og_description":"Comme de coutume, le Pr\u00e9sident du Conseil, Faure Essozimna Gnassingb\u00e9 a proc\u00e9d\u00e9, le dimanche 26 avril \u00e0 Lom\u00e9, au traditionnel rallumage de la flamme de l\u2019ind\u00e9pendance.&nbsp;Un c\u00e9r\u00e9monial symbolique organis\u00e9 chaque veille de la f\u00eate nationale. C\u2019est devenu un rituel, qui marque le d\u00e9but des festivit\u00e9s [&hellip;]","og_url":"https:\/\/macite.tg\/?p=30017","article_published_time":"2026-04-27T14:27:55+00:00","article_modified_time":"2026-04-27T14:28:01+00:00","og_image":[{"width":500,"height":449,"url":"https:\/\/macite.tg\/wp-content\/uploads\/2026\/04\/27avril.jpg","type":"image\/jpeg"}],"author":"Jean Pierre BAWELA","twitter_card":"summary_large_image","twitter_misc":{"\u00c9crit par":"Jean Pierre BAWELA","Dur\u00e9e de lecture estim\u00e9e":"2 minutes"},"schema":{"@context":"https:\/\/schema.org","@graph":[{"@type":"Article","@id":"https:\/\/macite.tg\/?p=30017#article","isPartOf":{"@id":"https:\/\/macite.tg\/?p=30017"},"author":{"name":"Jean Pierre BAWELA","@id":"https:\/\/macite.tg\/#\/schema\/person\/e9f2de7e5dbbe7770a9402c7ce82f5c2"},"headline":"COMMEMORATION DES 66 ANS D\u2019INDEPENDANCE DU TOGO : Le Pr\u00e9sident Faure a raviv\u00e9 la flamme le 26 avril","datePublished":"2026-04-27T14:27:55+00:00","dateModified":"2026-04-27T14:28:01+00:00","mainEntityOfPage":{"@id":"https:\/\/macite.tg\/?p=30017"},"wordCount":326,"commentCount":0,"image":{"@id":"https:\/\/macite.tg\/?p=30017#primaryimage"},"thumbnailUrl":"https:\/\/macite.tg\/wp-content\/uploads\/2026\/04\/27avril.jpg","articleSection":["ACTUALITE","POLITIQUE"],"inLanguage":"fr-FR","potentialAction":[{"@type":"CommentAction","name":"Comment","target":["https:\/\/macite.tg\/?p=30017#respond"]}]},{"@type":"WebPage","@id":"https:\/\/macite.tg\/?p=30017","url":"https:\/\/macite.tg\/?p=30017","name":"COMMEMORATION DES 66 ANS D\u2019INDEPENDANCE DU TOGO : Le Pr\u00e9sident Faure a raviv\u00e9 la flamme le 26 avril -","isPartOf":{"@id":"https:\/\/macite.tg\/#website"},"primaryImageOfPage":{"@id":"https:\/\/macite.tg\/?p=30017#primaryimage"},"image":{"@id":"https:\/\/macite.tg\/?p=30017#primaryimage"},"thumbnailUrl":"https:\/\/macite.tg\/wp-content\/uploads\/2026\/04\/27avril.jpg","datePublished":"2026-04-27T14:27:55+00:00","dateModified":"2026-04-27T14:28:01+00:00","author":{"@id":"https:\/\/macite.tg\/#\/schema\/person\/e9f2de7e5dbbe7770a9402c7ce82f5c2"},"breadcrumb":{"@id":"https:\/\/macite.tg\/?p=30017#breadcrumb"},"inLanguage":"fr-FR","potentialAction":[{"@type":"ReadAction","target":["https:\/\/macite.tg\/?p=30017"]}]},{"@type":"ImageObject","inLanguage":"fr-FR","@id":"https:\/\/macite.tg\/?p=30017#primaryimage","url":"https:\/\/macite.tg\/wp-content\/uploads\/2026\/04\/27avril.jpg","contentUrl":"https:\/\/macite.tg\/wp-content\/uploads\/2026\/04\/27avril.jpg","width":500,"height":449},{"@type":"BreadcrumbList","@id":"https:\/\/macite.tg\/?p=30017#breadcrumb","itemListElement":[{"@type":"ListItem","position":1,"name":"Accueil","item":"https:\/\/macite.tg\/"},{"@type":"ListItem","position":2,"name":"COMMEMORATION DES 66 ANS D\u2019INDEPENDANCE DU TOGO : Le Pr\u00e9sident Faure a raviv\u00e9 la flamme le 26 avril"}]},{"@type":"WebSite","@id":"https:\/\/macite.tg\/#website","url":"https:\/\/macite.tg\/","name":"","description":"L&#039;information, la bonne!!!","potentialAction":[{"@type":"SearchAction","target":{"@type":"EntryPoint","urlTemplate":"https:\/\/macite.tg\/?s={search_term_string}"},"query-input":{"@type":"PropertyValueSpecification","valueRequired":true,"valueName":"search_term_string"}}],"inLanguage":"fr-FR"},{"@type":"Person","@id":"https:\/\/macite.tg\/#\/schema\/person\/e9f2de7e5dbbe7770a9402c7ce82f5c2","name":"Jean Pierre BAWELA","image":{"@type":"ImageObject","inLanguage":"fr-FR","@id":"https:\/\/macite.tg\/wp-content\/uploads\/2023\/09\/WhatsApp-Image-2023-09-19-at-14.44.41-122x122.jpeg","url":"https:\/\/macite.tg\/wp-content\/uploads\/2023\/09\/WhatsApp-Image-2023-09-19-at-14.44.41-122x122.jpeg","contentUrl":"https:\/\/macite.tg\/wp-content\/uploads\/2023\/09\/WhatsApp-Image-2023-09-19-at-14.44.41-122x122.jpeg","caption":"Jean Pierre BAWELA"},"url":"https:\/\/macite.tg\/?author=2"}]}},"_links":{"self":[{"href":"https:\/\/macite.tg\/index.php?rest_route=\/wp\/v2\/posts\/30017","targetHints":{"allow":["GET"]}}],"collection":[{"href":"https:\/\/macite.tg\/index.php?rest_route=\/wp\/v2\/posts"}],"about":[{"href":"https:\/\/macite.tg\/index.php?rest_route=\/wp\/v2\/types\/post"}],"author":[{"embeddable":true,"href":"https:\/\/macite.tg\/index.php?rest_route=\/wp\/v2\/users\/2"}],"replies":[{"embeddable":true,"href":"https:\/\/macite.tg\/index.php?rest_route=%2Fwp%2Fv2%2Fcomments&post=30017"}],"version-history":[{"count":0,"href":"https:\/\/macite.tg\/index.php?rest_route=\/wp\/v2\/posts\/30017\/revisions"}],"wp:featuredmedia":[{"embeddable":true,"href":"https:\/\/macite.tg\/index.php?rest_route=\/wp\/v2\/media\/30019"}],"wp:attachment":[{"href":"https:\/\/macite.tg\/index.php?rest_route=%2Fwp%2Fv2%2Fmedia&parent=30017"}],"wp:term":[{"taxonomy":"category","embeddable":true,"href":"https:\/\/macite.tg\/index.php?rest_route=%2Fwp%2Fv2%2Fcategories&post=30017"},{"taxonomy":"post_tag","embeddable":true,"href":"https:\/\/macite.tg\/index.php?rest_route=%2Fwp%2Fv2%2Ftags&post=30017"}],"curies":[{"name":"wp","href":"https:\/\/api.w.org\/{rel}","templated":true}]}}