{"id":29914,"date":"2026-04-20T00:14:00","date_gmt":"2026-04-20T00:14:00","guid":{"rendered":"https:\/\/macite.tg\/?p=29914"},"modified":"2026-06-19T19:18:55","modified_gmt":"2026-06-19T19:18:55","slug":"consommation-en-evolution-trimestrielle-hausse-de-22-du-niveau-general-des-prix-en-mars-2026","status":"publish","type":"post","link":"https:\/\/macite.tg\/?p=29914","title":{"rendered":"CONSOMMATION\u00a0: En \u00e9volution trimestrielle, hausse de 2,2% du niveau g\u00e9n\u00e9ral des prix en Mars 2026"},"content":{"rendered":"\n<p class=\"wp-block-paragraph\"><strong><em>En mars 2026, l\u2019IHPC au Togo s\u2019est \u00e9tabli \u00e0 104,5. Ce niveau d\u2019indice, compar\u00e9 \u00e0 la situation de mars 2025 (glissement annuel) a progress\u00e9 de 1,6%. Selon Institut National de la Statistique et des \u00c9tudes \u00c9conomiques et D\u00e9mographiques (INSEED), cette \u00e9volution s\u2019explique par l\u2019effet de la hausse observ\u00e9e au niveau de l\u2019indice des divisions de consommation \u00abLogement, eau, \u00e9lectricit\u00e9, gaz et autres combustibles\u00bb (+8,0%) ; \u00abRestaurants et services d&rsquo;h\u00e9bergement\u00bb (+4,0%) ; \u00abProduits alimentaires et boissons non alcoolis\u00e9es\u00bb (+0,6%) ; \u00abSant\u00e9\u00bb (+1,7%) ; \u00abSoins personnels, protection sociale et biens divers\u00bb (+0,9%) et \u00abTransport\u00bb (+0,3%).<\/em><\/strong><\/p>\n\n\n\n<p class=\"wp-block-paragraph\">La hausse a \u00e9t\u00e9 amortie par la baisse de l\u2019indice des divisions de consommation \u00abInformation et communication\u00bb (-1,3%) et \u00ab Enseignement \u00bb (-0,8%). Du point de vue des nomenclatures secondaires et par rapport \u00e0 l\u2019\u00e9tat des produits, la hausse du niveau g\u00e9n\u00e9ral des prix en glissement annuel est \u00e0 mettre \u00e0 l&rsquo;actif de l\u2019augmentation des prix des produits \u00ab Hors Energie et produits frais\u00bb (+1,2%) et des produits de l\u2019\u00abEnergie\u00bb (+7,9%).<\/p>\n\n\n\n<p class=\"wp-block-paragraph\">Au regard de la provenance, cette variation annuelle s\u2019explique essentiellement par l\u2019augmentation de prix des produits \u00ablocaux\u00bb (+2,2%). La progression de prix des produits du secteur \u00abTertiaire\u00bb (+2,0%) ; \u00ab Primaire \u00bb (+2,9%) et \u00abSecondaire\u00bb (+0,7%) a contribu\u00e9 \u00e0 la hausse annuelle du niveau g\u00e9n\u00e9ral des prix.<\/p>\n\n\n\n<figure class=\"wp-block-image size-full\"><img loading=\"lazy\" decoding=\"async\" width=\"851\" height=\"315\" src=\"https:\/\/macite.tg\/wp-content\/uploads\/2026\/04\/OTR_Ferer-pour-batir-1.jpg\" alt=\"\" class=\"wp-image-29832\" srcset=\"https:\/\/macite.tg\/wp-content\/uploads\/2026\/04\/OTR_Ferer-pour-batir-1.jpg 851w, https:\/\/macite.tg\/wp-content\/uploads\/2026\/04\/OTR_Ferer-pour-batir-1-300x111.jpg 300w, https:\/\/macite.tg\/wp-content\/uploads\/2026\/04\/OTR_Ferer-pour-batir-1-768x284.jpg 768w\" sizes=\"auto, (max-width: 851px) 100vw, 851px\" \/><\/figure>\n\n\n\n<p class=\"wp-block-paragraph\">Du point de vue de la durabilit\u00e9, la hausse du niveau g\u00e9n\u00e9ral des prix en \u00e9volution annuelle est principalement induite par la progression du niveau des prix des \u00abServices \u00bb (+2,0%) et des produits \u00ab Non durables \u00bb (+1,6%). Par rapport \u00e0 l\u2019origine, la progression annuelle s\u2019explique par la hausse des prix des produits d\u2019\u00ab Origine UEMOA \u00bb (+2,4%) ralentie par la baisse des prix des produits d\u2019Origine hors UEMOA (-0,4%).<\/p>\n\n\n\n<p class=\"wp-block-paragraph\"><strong>En \u00e9volution trimestrielle<\/strong><\/p>\n\n\n\n<p class=\"wp-block-paragraph\">&nbsp;Comparativement \u00e0 la situation de d\u00e9cembre 2025, le niveau g\u00e9n\u00e9ral des prix en mars 2026 a connu une hausse de 2,2%. Cette augmentation est principalement due \u00e0 la progression des indices des divisions de consommation \u00abProduits alimentaires et boissons non alcoolis\u00e9es\u00bb (+6,8%) ; \u00abLogement, eau, \u00e9lectricit\u00e9, gaz et autres combustibles\u00bb (+2,0%) ; \u00abRestaurants et services d&rsquo;h\u00e9bergement\u00bb (+0,4%) ; \u00abSoins personnels, protection sociale et biens divers\u00bb (+0,7%) et \u00abTransport\u00bb (+0,3%).<\/p>\n\n\n\n<p class=\"wp-block-paragraph\">Au regard des nomenclatures secondaires et par rapport \u00e0 l\u2019\u00e9tat des produits, la hausse du niveau g\u00e9n\u00e9ral des prix en variation trimestrielle est \u00e0 mettre \u00e0 l&rsquo;actif de l\u2019augmentation de prix des produits des \u00ab Produits frais \u00bb (+7,3%) et des produits \u00ab Hors Energie et produits frais \u00bb (+0,4%). S\u2019agissant de la provenance, cette variation trimestrielle s\u2019explique par l\u2019augmentation de prix des produits \u00abLocaux\u00bb (+2,7%) et \u00abimport\u00e9\u00bb (+0,9%).<\/p>\n\n\n\n<p class=\"wp-block-paragraph\">La progression de prix des produits du secteur \u00abPrimaire\u00bb (+13,3%) a principalement contribu\u00e9 \u00e0 la hausse trimestrielle du niveau g\u00e9n\u00e9ral des prix. Du point de vue de la durabilit\u00e9, la hausse du niveau g\u00e9n\u00e9ral des prix en \u00e9volution trimestrielle est principalement induite par la progression du niveau des prix des produits \u00abNon durables\u00bb (+4,6%). Par rapport \u00e0 l\u2019origine, la progression trimestrielle s\u2019explique par la hausse des prix des produits d\u2019\u00abOrigine UEMOA\u00bb (+3,0%).<\/p>\n\n\n\n<p class=\"wp-block-paragraph\">Pour ce mois de mars 2026, le taux d\u2019inflation, calcul\u00e9 sur la base des indices moyens des douze derniers mois au niveau national, s\u2019est maintenu \u00e0 0,1% tout comme le mois pr\u00e9c\u00e9dent. Cet indicateur de convergence au sein des pays de l\u2019UEMOA est obtenu en faisant le rapport de la moyenne des indices des douze derniers mois sur la moyenne des indices des douze mois qui les pr\u00e9c\u00e8dent. Il r\u00e9sulte de 24 mois d\u2019observation des prix \u00e0 la consommation.<\/p>\n\n\n\n<p class=\"wp-block-paragraph\"><strong>Sur le mois<\/strong><\/p>\n\n\n\n<p class=\"wp-block-paragraph\">Comparativement \u00e0 la situation de f\u00e9vrier 2026, le niveau g\u00e9n\u00e9ral des prix conna\u00eet une augmentation de 0,9%. Cette hausse est essentiellement due \u00e0 la mont\u00e9e du niveau des indices des divisions de consommation \u00abProduits alimentaires et boissons non alcoolis\u00e9es\u00bb (+1,5%) ; \u00abRestaurants et services d&rsquo;h\u00e9bergement\u00bb (+1,9%) ; \u00abLogement, eau, \u00e9lectricit\u00e9, gaz et autres combustibles\u00bb (+0,5%) ; \u00abTransport\u00bb (+0,3%) et \u00abSoins personnels, protection sociale et biens divers\u00bb (+0,5%).<\/p>\n\n\n\n<p class=\"wp-block-paragraph\">La croissance du niveau des indices observ\u00e9e en mars 2026 est imputable au rench\u00e9rissement des produits suivants : \u00abPiment vert (gboy\u00e9bess\u00e9)\u00bb (+96,7%) ; \u00abGingembre frais\u00bb (+16,7%) ; \u00abMangues ordinaires\u00bb (+31,1%) ; \u00abOranges ordinaires\u00bb (+8,0%) ; \u00abTomates ovales locales\u00bb (+45,2%) ; \u00abIgname pour foufou (karachi)\u00bb (+6,4%) ; \u00abIgname\u00bb (+3,0%) ; \u00abPlat de riz-haricot (ayimolou)\u00bb (+5,2%) ; \u00abBouillie de c\u00e9r\u00e9ale sucr\u00e9e\u00bb (+4,0%) ; \u00abRiz + sauce viande\u00bb (+4,0%) ; \u00abPlat de haricot + gari\u00bb (+3,9%) ; \u00abRiz + sauce poisson\u00bb (+3,8%) ; \u00abPlat de fufu + sauce viande\u00bb (+3,2%) ; \u00abPlat de hokoum\u00e9 + sauce poisson (1 plat)\u00bb (+3,9%) ; \u00abPlat de fufu + sauce poisson\u00bb (+2,1%) ; \u00abBois de chauffe\u00bb (+7,6%) ; \u00abEssence super de rue\u00bb (+1,5%) ; \u00abVernis \u00e0 ongles\u00bb (+8,6%).<\/p>\n\n\n\n<p class=\"wp-block-paragraph\">Calcul\u00e9 hors produits alimentaires, le niveau g\u00e9n\u00e9ral des prix a connu une hausse de 0,6% sur le plan national. L&rsquo;inflation sous-jacente (variation mensuelle de l&rsquo;indice hors \u00e9nergie, hors produits frais) a \u00e9galement connu une hausse de 0,6%. L\u2019indice de prix des \u00abProduits frais\u00bb a connu une augmentation de 1,7%. Au regard de la provenance, les prix des produits \u00abLocaux\u00bb ont connu une hausse de 1,1%.<\/p>\n\n\n\n<p class=\"wp-block-paragraph\">Du point de vue de la classification sectorielle, la hausse du niveau g\u00e9n\u00e9ral des prix est due \u00e0 celle des prix des produits du secteur \u00ab Primaire \u00bb (+4,0%) et du secteur \u00ab Tertiaire \u00bb (+0,8%). Pour ce qui est de la durabilit\u00e9, la hausse observ\u00e9e provient essentiellement de l\u2019accroissement des prix des produits \u00abNon durables\u00bb (+1,1%) et des \u00ab Services \u00bb (+0,8%). Par rapport \u00e0 l\u2019origine, la progression mensuelle s\u2019explique par la hausse des prix des produits d\u2019\u00abOrigine UEMOA\u00bb (+1,1%).<\/p>\n\n\n\n<p class=\"wp-block-paragraph\"><strong>(In LE MEDIUM n\u00b0698 du 13 au 20 Avril 2026)<\/strong><\/p>\n\n\n\n<p class=\"wp-block-paragraph\"><strong><em>@macite.tg&nbsp;&nbsp;&nbsp;&nbsp;&nbsp;&nbsp;&nbsp;&nbsp;<\/em><\/strong><\/p>\n\n\n\n<p class=\"wp-block-paragraph\"><strong><em>E-mail&nbsp;: <\/em><\/strong><a href=\"mailto:maciteinfo@gmail.com\"><strong><em>maciteinfo@gmail.com<\/em><\/strong><\/a><strong><em>; <\/em><\/strong><a href=\"mailto:bawela1@gmail.com\"><strong><em>bawela1@gmail.com<\/em><\/strong><\/a><strong><em><\/em><\/strong><\/p>\n\n\n\n<p class=\"wp-block-paragraph\"><strong><em>Pour vos annonces, publi-reportages, etc., joignez-nous au (00228)91515309\/<strong>79872224 <\/strong><strong><\/strong><\/em><\/strong><\/p>\n\n\n\n<p class=\"wp-block-paragraph\"><strong><em>www.macite.tg, L\u2019information, la bonne&nbsp;!<\/em><\/strong><\/p>\n","protected":false},"excerpt":{"rendered":"<p class=\"text-justify mb-2\" >En mars 2026, l\u2019IHPC au Togo s\u2019est \u00e9tabli \u00e0 104,5. Ce niveau d\u2019indice, compar\u00e9 \u00e0 la situation de mars 2025 (glissement annuel) a progress\u00e9 de 1,6%. Selon Institut National de la Statistique et des \u00c9tudes \u00c9conomiques et D\u00e9mographiques (INSEED), cette \u00e9volution s\u2019explique par l\u2019effet de [&hellip;]<\/p>\n","protected":false},"author":2,"featured_media":29915,"comment_status":"open","ping_status":"open","sticky":false,"template":"","format":"standard","meta":{"footnotes":""},"categories":[20,12],"tags":[],"class_list":["post-29914","post","type-post","status-publish","format-standard","has-post-thumbnail","hentry","category-actualite","category-consommation"],"yoast_head":"<!-- This site is optimized with the Yoast SEO plugin v28.4 - https:\/\/yoast.com\/product\/yoast-seo-wordpress\/ -->\n<title>CONSOMMATION\u00a0: En \u00e9volution trimestrielle, hausse de 2,2% du niveau g\u00e9n\u00e9ral des prix en Mars 2026 -<\/title>\n<meta name=\"robots\" content=\"index, follow, max-snippet:-1, max-image-preview:large, max-video-preview:-1\" \/>\n<link rel=\"canonical\" href=\"https:\/\/macite.tg\/?p=29914\" \/>\n<meta property=\"og:locale\" content=\"fr_FR\" \/>\n<meta property=\"og:type\" content=\"article\" \/>\n<meta property=\"og:title\" content=\"CONSOMMATION\u00a0: En \u00e9volution trimestrielle, hausse de 2,2% du niveau g\u00e9n\u00e9ral des prix en Mars 2026 -\" \/>\n<meta property=\"og:description\" content=\"En mars 2026, l\u2019IHPC au Togo s\u2019est \u00e9tabli \u00e0 104,5. Ce niveau d\u2019indice, compar\u00e9 \u00e0 la situation de mars 2025 (glissement annuel) a progress\u00e9 de 1,6%. Selon Institut National de la Statistique et des \u00c9tudes \u00c9conomiques et D\u00e9mographiques (INSEED), cette \u00e9volution s\u2019explique par l\u2019effet de [&hellip;]\" \/>\n<meta property=\"og:url\" content=\"https:\/\/macite.tg\/?p=29914\" \/>\n<meta property=\"article:published_time\" content=\"2026-04-20T00:14:00+00:00\" \/>\n<meta property=\"article:modified_time\" content=\"2026-06-19T19:18:55+00:00\" \/>\n<meta property=\"og:image\" content=\"https:\/\/macite.tg\/wp-content\/uploads\/2026\/04\/image-63.png\" \/>\n\t<meta property=\"og:image:width\" content=\"397\" \/>\n\t<meta property=\"og:image:height\" content=\"234\" \/>\n\t<meta property=\"og:image:type\" content=\"image\/png\" \/>\n<meta name=\"author\" content=\"Jean Pierre BAWELA\" \/>\n<meta name=\"twitter:card\" content=\"summary_large_image\" \/>\n<meta name=\"twitter:label1\" content=\"\u00c9crit par\" \/>\n\t<meta name=\"twitter:data1\" content=\"Jean Pierre BAWELA\" \/>\n\t<meta name=\"twitter:label2\" content=\"Dur\u00e9e de lecture estim\u00e9e\" \/>\n\t<meta name=\"twitter:data2\" content=\"5 minutes\" \/>\n<script type=\"application\/ld+json\" class=\"yoast-schema-graph\">{\"@context\":\"https:\\\/\\\/schema.org\",\"@graph\":[{\"@type\":\"Article\",\"@id\":\"https:\\\/\\\/macite.tg\\\/?p=29914#article\",\"isPartOf\":{\"@id\":\"https:\\\/\\\/macite.tg\\\/?p=29914\"},\"author\":{\"name\":\"Jean Pierre BAWELA\",\"@id\":\"https:\\\/\\\/macite.tg\\\/#\\\/schema\\\/person\\\/e9f2de7e5dbbe7770a9402c7ce82f5c2\"},\"headline\":\"CONSOMMATION\u00a0: En \u00e9volution trimestrielle, hausse de 2,2% du niveau g\u00e9n\u00e9ral des prix en Mars 2026\",\"datePublished\":\"2026-04-20T00:14:00+00:00\",\"dateModified\":\"2026-06-19T19:18:55+00:00\",\"mainEntityOfPage\":{\"@id\":\"https:\\\/\\\/macite.tg\\\/?p=29914\"},\"wordCount\":902,\"commentCount\":0,\"image\":{\"@id\":\"https:\\\/\\\/macite.tg\\\/?p=29914#primaryimage\"},\"thumbnailUrl\":\"https:\\\/\\\/macite.tg\\\/wp-content\\\/uploads\\\/2026\\\/04\\\/image-63.png\",\"articleSection\":[\"ACTUALITE\",\"CONSOMMATION\"],\"inLanguage\":\"fr-FR\",\"potentialAction\":[{\"@type\":\"CommentAction\",\"name\":\"Comment\",\"target\":[\"https:\\\/\\\/macite.tg\\\/?p=29914#respond\"]}]},{\"@type\":\"WebPage\",\"@id\":\"https:\\\/\\\/macite.tg\\\/?p=29914\",\"url\":\"https:\\\/\\\/macite.tg\\\/?p=29914\",\"name\":\"CONSOMMATION\u00a0: En \u00e9volution trimestrielle, hausse de 2,2% du niveau g\u00e9n\u00e9ral des prix en Mars 2026 -\",\"isPartOf\":{\"@id\":\"https:\\\/\\\/macite.tg\\\/#website\"},\"primaryImageOfPage\":{\"@id\":\"https:\\\/\\\/macite.tg\\\/?p=29914#primaryimage\"},\"image\":{\"@id\":\"https:\\\/\\\/macite.tg\\\/?p=29914#primaryimage\"},\"thumbnailUrl\":\"https:\\\/\\\/macite.tg\\\/wp-content\\\/uploads\\\/2026\\\/04\\\/image-63.png\",\"datePublished\":\"2026-04-20T00:14:00+00:00\",\"dateModified\":\"2026-06-19T19:18:55+00:00\",\"author\":{\"@id\":\"https:\\\/\\\/macite.tg\\\/#\\\/schema\\\/person\\\/e9f2de7e5dbbe7770a9402c7ce82f5c2\"},\"breadcrumb\":{\"@id\":\"https:\\\/\\\/macite.tg\\\/?p=29914#breadcrumb\"},\"inLanguage\":\"fr-FR\",\"potentialAction\":[{\"@type\":\"ReadAction\",\"target\":[\"https:\\\/\\\/macite.tg\\\/?p=29914\"]}]},{\"@type\":\"ImageObject\",\"inLanguage\":\"fr-FR\",\"@id\":\"https:\\\/\\\/macite.tg\\\/?p=29914#primaryimage\",\"url\":\"https:\\\/\\\/macite.tg\\\/wp-content\\\/uploads\\\/2026\\\/04\\\/image-63.png\",\"contentUrl\":\"https:\\\/\\\/macite.tg\\\/wp-content\\\/uploads\\\/2026\\\/04\\\/image-63.png\",\"width\":397,\"height\":234},{\"@type\":\"BreadcrumbList\",\"@id\":\"https:\\\/\\\/macite.tg\\\/?p=29914#breadcrumb\",\"itemListElement\":[{\"@type\":\"ListItem\",\"position\":1,\"name\":\"Accueil\",\"item\":\"https:\\\/\\\/macite.tg\\\/\"},{\"@type\":\"ListItem\",\"position\":2,\"name\":\"CONSOMMATION\u00a0: En \u00e9volution trimestrielle, hausse de 2,2% du niveau g\u00e9n\u00e9ral des prix en Mars 2026\"}]},{\"@type\":\"WebSite\",\"@id\":\"https:\\\/\\\/macite.tg\\\/#website\",\"url\":\"https:\\\/\\\/macite.tg\\\/\",\"name\":\"\",\"description\":\"L&#039;information, la bonne!!!\",\"potentialAction\":[{\"@type\":\"SearchAction\",\"target\":{\"@type\":\"EntryPoint\",\"urlTemplate\":\"https:\\\/\\\/macite.tg\\\/?s={search_term_string}\"},\"query-input\":{\"@type\":\"PropertyValueSpecification\",\"valueRequired\":true,\"valueName\":\"search_term_string\"}}],\"inLanguage\":\"fr-FR\"},{\"@type\":\"Person\",\"@id\":\"https:\\\/\\\/macite.tg\\\/#\\\/schema\\\/person\\\/e9f2de7e5dbbe7770a9402c7ce82f5c2\",\"name\":\"Jean Pierre BAWELA\",\"image\":{\"@type\":\"ImageObject\",\"inLanguage\":\"fr-FR\",\"@id\":\"https:\\\/\\\/macite.tg\\\/wp-content\\\/uploads\\\/2023\\\/09\\\/WhatsApp-Image-2023-09-19-at-14.44.41-122x122.jpeg\",\"url\":\"https:\\\/\\\/macite.tg\\\/wp-content\\\/uploads\\\/2023\\\/09\\\/WhatsApp-Image-2023-09-19-at-14.44.41-122x122.jpeg\",\"contentUrl\":\"https:\\\/\\\/macite.tg\\\/wp-content\\\/uploads\\\/2023\\\/09\\\/WhatsApp-Image-2023-09-19-at-14.44.41-122x122.jpeg\",\"caption\":\"Jean Pierre BAWELA\"},\"url\":\"https:\\\/\\\/macite.tg\\\/?author=2\"}]}<\/script>\n<!-- \/ Yoast SEO plugin. -->","yoast_head_json":{"title":"CONSOMMATION\u00a0: En \u00e9volution trimestrielle, hausse de 2,2% du niveau g\u00e9n\u00e9ral des prix en Mars 2026 -","robots":{"index":"index","follow":"follow","max-snippet":"max-snippet:-1","max-image-preview":"max-image-preview:large","max-video-preview":"max-video-preview:-1"},"canonical":"https:\/\/macite.tg\/?p=29914","og_locale":"fr_FR","og_type":"article","og_title":"CONSOMMATION\u00a0: En \u00e9volution trimestrielle, hausse de 2,2% du niveau g\u00e9n\u00e9ral des prix en Mars 2026 -","og_description":"En mars 2026, l\u2019IHPC au Togo s\u2019est \u00e9tabli \u00e0 104,5. Ce niveau d\u2019indice, compar\u00e9 \u00e0 la situation de mars 2025 (glissement annuel) a progress\u00e9 de 1,6%. Selon Institut National de la Statistique et des \u00c9tudes \u00c9conomiques et D\u00e9mographiques (INSEED), cette \u00e9volution s\u2019explique par l\u2019effet de [&hellip;]","og_url":"https:\/\/macite.tg\/?p=29914","article_published_time":"2026-04-20T00:14:00+00:00","article_modified_time":"2026-06-19T19:18:55+00:00","og_image":[{"width":397,"height":234,"url":"https:\/\/macite.tg\/wp-content\/uploads\/2026\/04\/image-63.png","type":"image\/png"}],"author":"Jean Pierre BAWELA","twitter_card":"summary_large_image","twitter_misc":{"\u00c9crit par":"Jean Pierre BAWELA","Dur\u00e9e de lecture estim\u00e9e":"5 minutes"},"schema":{"@context":"https:\/\/schema.org","@graph":[{"@type":"Article","@id":"https:\/\/macite.tg\/?p=29914#article","isPartOf":{"@id":"https:\/\/macite.tg\/?p=29914"},"author":{"name":"Jean Pierre BAWELA","@id":"https:\/\/macite.tg\/#\/schema\/person\/e9f2de7e5dbbe7770a9402c7ce82f5c2"},"headline":"CONSOMMATION\u00a0: En \u00e9volution trimestrielle, hausse de 2,2% du niveau g\u00e9n\u00e9ral des prix en Mars 2026","datePublished":"2026-04-20T00:14:00+00:00","dateModified":"2026-06-19T19:18:55+00:00","mainEntityOfPage":{"@id":"https:\/\/macite.tg\/?p=29914"},"wordCount":902,"commentCount":0,"image":{"@id":"https:\/\/macite.tg\/?p=29914#primaryimage"},"thumbnailUrl":"https:\/\/macite.tg\/wp-content\/uploads\/2026\/04\/image-63.png","articleSection":["ACTUALITE","CONSOMMATION"],"inLanguage":"fr-FR","potentialAction":[{"@type":"CommentAction","name":"Comment","target":["https:\/\/macite.tg\/?p=29914#respond"]}]},{"@type":"WebPage","@id":"https:\/\/macite.tg\/?p=29914","url":"https:\/\/macite.tg\/?p=29914","name":"CONSOMMATION\u00a0: En \u00e9volution trimestrielle, hausse de 2,2% du niveau g\u00e9n\u00e9ral des prix en Mars 2026 -","isPartOf":{"@id":"https:\/\/macite.tg\/#website"},"primaryImageOfPage":{"@id":"https:\/\/macite.tg\/?p=29914#primaryimage"},"image":{"@id":"https:\/\/macite.tg\/?p=29914#primaryimage"},"thumbnailUrl":"https:\/\/macite.tg\/wp-content\/uploads\/2026\/04\/image-63.png","datePublished":"2026-04-20T00:14:00+00:00","dateModified":"2026-06-19T19:18:55+00:00","author":{"@id":"https:\/\/macite.tg\/#\/schema\/person\/e9f2de7e5dbbe7770a9402c7ce82f5c2"},"breadcrumb":{"@id":"https:\/\/macite.tg\/?p=29914#breadcrumb"},"inLanguage":"fr-FR","potentialAction":[{"@type":"ReadAction","target":["https:\/\/macite.tg\/?p=29914"]}]},{"@type":"ImageObject","inLanguage":"fr-FR","@id":"https:\/\/macite.tg\/?p=29914#primaryimage","url":"https:\/\/macite.tg\/wp-content\/uploads\/2026\/04\/image-63.png","contentUrl":"https:\/\/macite.tg\/wp-content\/uploads\/2026\/04\/image-63.png","width":397,"height":234},{"@type":"BreadcrumbList","@id":"https:\/\/macite.tg\/?p=29914#breadcrumb","itemListElement":[{"@type":"ListItem","position":1,"name":"Accueil","item":"https:\/\/macite.tg\/"},{"@type":"ListItem","position":2,"name":"CONSOMMATION\u00a0: En \u00e9volution trimestrielle, hausse de 2,2% du niveau g\u00e9n\u00e9ral des prix en Mars 2026"}]},{"@type":"WebSite","@id":"https:\/\/macite.tg\/#website","url":"https:\/\/macite.tg\/","name":"","description":"L&#039;information, la bonne!!!","potentialAction":[{"@type":"SearchAction","target":{"@type":"EntryPoint","urlTemplate":"https:\/\/macite.tg\/?s={search_term_string}"},"query-input":{"@type":"PropertyValueSpecification","valueRequired":true,"valueName":"search_term_string"}}],"inLanguage":"fr-FR"},{"@type":"Person","@id":"https:\/\/macite.tg\/#\/schema\/person\/e9f2de7e5dbbe7770a9402c7ce82f5c2","name":"Jean Pierre BAWELA","image":{"@type":"ImageObject","inLanguage":"fr-FR","@id":"https:\/\/macite.tg\/wp-content\/uploads\/2023\/09\/WhatsApp-Image-2023-09-19-at-14.44.41-122x122.jpeg","url":"https:\/\/macite.tg\/wp-content\/uploads\/2023\/09\/WhatsApp-Image-2023-09-19-at-14.44.41-122x122.jpeg","contentUrl":"https:\/\/macite.tg\/wp-content\/uploads\/2023\/09\/WhatsApp-Image-2023-09-19-at-14.44.41-122x122.jpeg","caption":"Jean Pierre BAWELA"},"url":"https:\/\/macite.tg\/?author=2"}]}},"_links":{"self":[{"href":"https:\/\/macite.tg\/index.php?rest_route=\/wp\/v2\/posts\/29914","targetHints":{"allow":["GET"]}}],"collection":[{"href":"https:\/\/macite.tg\/index.php?rest_route=\/wp\/v2\/posts"}],"about":[{"href":"https:\/\/macite.tg\/index.php?rest_route=\/wp\/v2\/types\/post"}],"author":[{"embeddable":true,"href":"https:\/\/macite.tg\/index.php?rest_route=\/wp\/v2\/users\/2"}],"replies":[{"embeddable":true,"href":"https:\/\/macite.tg\/index.php?rest_route=%2Fwp%2Fv2%2Fcomments&post=29914"}],"version-history":[{"count":0,"href":"https:\/\/macite.tg\/index.php?rest_route=\/wp\/v2\/posts\/29914\/revisions"}],"wp:featuredmedia":[{"embeddable":true,"href":"https:\/\/macite.tg\/index.php?rest_route=\/wp\/v2\/media\/29915"}],"wp:attachment":[{"href":"https:\/\/macite.tg\/index.php?rest_route=%2Fwp%2Fv2%2Fmedia&parent=29914"}],"wp:term":[{"taxonomy":"category","embeddable":true,"href":"https:\/\/macite.tg\/index.php?rest_route=%2Fwp%2Fv2%2Fcategories&post=29914"},{"taxonomy":"post_tag","embeddable":true,"href":"https:\/\/macite.tg\/index.php?rest_route=%2Fwp%2Fv2%2Ftags&post=29914"}],"curies":[{"name":"wp","href":"https:\/\/api.w.org\/{rel}","templated":true}]}}