{"id":29830,"date":"2026-04-20T10:17:33","date_gmt":"2026-04-20T10:17:33","guid":{"rendered":"https:\/\/macite.tg\/?p=29830"},"modified":"2026-04-20T10:17:47","modified_gmt":"2026-04-20T10:17:47","slug":"diplomatie-lome-et-bruxelles-pour-un-partenariat-strategique","status":"publish","type":"post","link":"https:\/\/macite.tg\/?p=29830","title":{"rendered":"DIPLOMATIE\u00a0: Lom\u00e9 et Bruxelles pour un partenariat strat\u00e9gique"},"content":{"rendered":"\n<p class=\"wp-block-paragraph\"><strong><em>Le Repr\u00e9sentant sp\u00e9cial de l\u2019Union europ\u00e9enne (UE) pour le Sahel, Jo\u00e3o Gomes Cravinho, en s\u00e9jour \u00e0 Lom\u00e9 dans le cadre de la R\u00e9union de Haut Niveau sur la Nouvelle Strat\u00e9gie du Togo pour le Sahel (2026\u20132028), a \u00e9t\u00e9 re\u00e7u le samedi 18 avril 2026, par le Pr\u00e9sident du conseil, Faure Essozimna Gnassingb\u00e9.<\/em><\/strong><\/p>\n\n\n\n<p class=\"wp-block-paragraph\">Au menu des \u00e9changes entre les deux personnalit\u00e9s, des questions d\u2019ordre r\u00e9gional et multilat\u00e9ral.<\/p>\n\n\n\n<p class=\"wp-block-paragraph\">Tout en f\u00e9licitant le Pr\u00e9sident Faure Gnassingb\u00e9 pour la port\u00e9e diplomatique de cette rencontre, Jo\u00e3o Gomes Cravinho a salu\u00e9 l\u2019esprit de dialogue constructif et la convergence de vues qui ont caract\u00e9ris\u00e9 les travaux.<\/p>\n\n\n\n<figure class=\"wp-block-image size-full\"><img loading=\"lazy\" decoding=\"async\" width=\"851\" height=\"315\" src=\"https:\/\/macite.tg\/wp-content\/uploads\/2026\/04\/OTR_Ferer-pour-batir-1.jpg\" alt=\"\" class=\"wp-image-29832\" srcset=\"https:\/\/macite.tg\/wp-content\/uploads\/2026\/04\/OTR_Ferer-pour-batir-1.jpg 851w, https:\/\/macite.tg\/wp-content\/uploads\/2026\/04\/OTR_Ferer-pour-batir-1-300x111.jpg 300w, https:\/\/macite.tg\/wp-content\/uploads\/2026\/04\/OTR_Ferer-pour-batir-1-768x284.jpg 768w\" sizes=\"auto, (max-width: 851px) 100vw, 851px\" \/><\/figure>\n\n\n\n<p class=\"wp-block-paragraph\">L\u2019officiel s\u2019est \u00e9galement r\u00e9joui de la vitalit\u00e9 du dialogue entre Lom\u00e9 et Bruxelles et de l\u2019approche concert\u00e9e des deux parties sur les questions de d\u00e9veloppement et de coop\u00e9ration r\u00e9gionale.<\/p>\n\n\n\n<p class=\"wp-block-paragraph\"><em>\u00ab&nbsp;J\u2019ai eu l\u2019opportunit\u00e9 de f\u00e9liciter le Pr\u00e9sident du Conseil pour le succ\u00e8s de la r\u00e9union de Lom\u00e9 qui a c\u00e9l\u00e9br\u00e9 la nouvelle strat\u00e9gie du Togo pour le Sahel. C\u2019\u00e9tait un moment de rassemblement, d\u2019unit\u00e9 et d\u2019\u00e9changes qui a favoris\u00e9 la convergence de vues entre les diff\u00e9rents interlocuteurs, notamment des ministres des pays de l\u2019Alliance des \u00c9tats du Sahel ainsi que des repr\u00e9sentants de plusieurs pays africains. Je suis optimiste et je pense que le Togo a rendu un service important \u00e0 la r\u00e9gion et \u00e0 la communaut\u00e9 internationale&nbsp;\u00bb, <\/em>a-t-il soulign\u00e9<em>.<\/em><\/p>\n\n\n\n<p class=\"wp-block-paragraph\">Au sujet du partenariat entre le Togo et l\u2019Ue, Jo\u00e3o Gomes Cravinho s\u2019est r\u00e9joui de la qualit\u00e9 de cette coop\u00e9ration avant d\u2019exprimer la volont\u00e9 de l\u2019instance europ\u00e9enne de soutenir le Togo dans sa politique de d\u00e9veloppement. Les domaines des \u00e9nergies renouvelables, de l\u2019\u00e9conomie num\u00e9rique et de la s\u00e9curit\u00e9 sont particuli\u00e8rement cibl\u00e9s.<\/p>\n\n\n<div class=\"wp-block-image\">\n<figure class=\"aligncenter size-full\"><img loading=\"lazy\" decoding=\"async\" width=\"500\" height=\"709\" src=\"https:\/\/macite.tg\/wp-content\/uploads\/2026\/04\/NAGODE-COM.jpg\" alt=\"\" class=\"wp-image-29833\" srcset=\"https:\/\/macite.tg\/wp-content\/uploads\/2026\/04\/NAGODE-COM.jpg 500w, https:\/\/macite.tg\/wp-content\/uploads\/2026\/04\/NAGODE-COM-212x300.jpg 212w\" sizes=\"auto, (max-width: 500px) 100vw, 500px\" \/><\/figure>\n<\/div>\n\n\n<p class=\"wp-block-paragraph\"><em>\u00ab&nbsp;Nous sommes en train de b\u00e2tir de nouvelles possibilit\u00e9s de partenariat tr\u00e8s int\u00e9ressantes. Je fais particuli\u00e8rement r\u00e9f\u00e9rence aux actions engag\u00e9es en mati\u00e8re d\u2019\u00e9nergies renouvelables, ce qui est tr\u00e8s important, surtout dans le contexte actuel de crise \u00e9nerg\u00e9tique li\u00e9e aux tensions internationales. Nous avons \u00e9galement \u00e9chang\u00e9 sur les opportunit\u00e9s dans l\u2019agrobusiness, le digital ainsi que sur les questions relatives aux r\u00e9formes s\u00e9curitaires. Plusieurs projets sont \u00e0 l\u2019horizon dans ces diff\u00e9rents secteurs. C\u2019est vraiment une relation qui s\u2019intensifie et qui est tr\u00e8s prometteuse&nbsp;\u00bb<\/em>, a-t-il soutenu.<\/p>\n\n\n\n<p class=\"wp-block-paragraph\"><strong>JPB<\/strong><\/p>\n\n\n\n<p class=\"wp-block-paragraph\"><a><strong><em>@macite.tg&nbsp;&nbsp;&nbsp;&nbsp;&nbsp;&nbsp;&nbsp;&nbsp;<\/em><\/strong><\/a><\/p>\n\n\n\n<p class=\"wp-block-paragraph\"><strong><em>E-mail&nbsp;: <\/em><\/strong><a href=\"mailto:maciteinfo@gmail.com\"><strong><em>maciteinfo@gmail.com<\/em><\/strong><\/a><strong><em>; <\/em><\/strong><a href=\"mailto:bawela1@gmail.com\"><strong><em>bawela1@gmail.com<\/em><\/strong><\/a><strong><em><\/em><\/strong><\/p>\n\n\n\n<p class=\"wp-block-paragraph\"><strong><em>Pour vos annonces, (publi)reportages, etc., joignez-nous au (00228)91515309\/<strong>79872224 <\/strong><strong><\/strong><\/em><\/strong><\/p>\n\n\n\n<p class=\"wp-block-paragraph\"><strong><em>www.macite.tg, L\u2019information, la bonne&nbsp;!<\/em><\/strong><\/p>\n","protected":false},"excerpt":{"rendered":"<p class=\"text-justify mb-2\" >Le Repr\u00e9sentant sp\u00e9cial de l\u2019Union europ\u00e9enne (UE) pour le Sahel, Jo\u00e3o Gomes Cravinho, en s\u00e9jour \u00e0 Lom\u00e9 dans le cadre de la R\u00e9union de Haut Niveau sur la Nouvelle Strat\u00e9gie du Togo pour le Sahel (2026\u20132028), a \u00e9t\u00e9 re\u00e7u le samedi 18 avril 2026, par [&hellip;]<\/p>\n","protected":false},"author":2,"featured_media":29831,"comment_status":"open","ping_status":"open","sticky":false,"template":"","format":"standard","meta":{"footnotes":""},"categories":[20,8],"tags":[],"class_list":["post-29830","post","type-post","status-publish","format-standard","has-post-thumbnail","hentry","category-actualite","category-diplomatie"],"yoast_head":"<!-- This site is optimized with the Yoast SEO plugin v28.4 - https:\/\/yoast.com\/product\/yoast-seo-wordpress\/ -->\n<title>DIPLOMATIE\u00a0: Lom\u00e9 et Bruxelles pour un partenariat strat\u00e9gique -<\/title>\n<meta name=\"robots\" content=\"index, follow, max-snippet:-1, max-image-preview:large, max-video-preview:-1\" \/>\n<link rel=\"canonical\" href=\"https:\/\/macite.tg\/?p=29830\" \/>\n<meta property=\"og:locale\" content=\"fr_FR\" \/>\n<meta property=\"og:type\" content=\"article\" \/>\n<meta property=\"og:title\" content=\"DIPLOMATIE\u00a0: Lom\u00e9 et Bruxelles pour un partenariat strat\u00e9gique -\" \/>\n<meta property=\"og:description\" content=\"Le Repr\u00e9sentant sp\u00e9cial de l\u2019Union europ\u00e9enne (UE) pour le Sahel, Jo\u00e3o Gomes Cravinho, en s\u00e9jour \u00e0 Lom\u00e9 dans le cadre de la R\u00e9union de Haut Niveau sur la Nouvelle Strat\u00e9gie du Togo pour le Sahel (2026\u20132028), a \u00e9t\u00e9 re\u00e7u le samedi 18 avril 2026, par [&hellip;]\" \/>\n<meta property=\"og:url\" content=\"https:\/\/macite.tg\/?p=29830\" \/>\n<meta property=\"article:published_time\" content=\"2026-04-20T10:17:33+00:00\" \/>\n<meta property=\"article:modified_time\" content=\"2026-04-20T10:17:47+00:00\" \/>\n<meta property=\"og:image\" content=\"https:\/\/macite.tg\/wp-content\/uploads\/2026\/04\/DIPLOM.jpg\" \/>\n\t<meta property=\"og:image:width\" content=\"500\" \/>\n\t<meta property=\"og:image:height\" content=\"333\" \/>\n\t<meta property=\"og:image:type\" content=\"image\/jpeg\" \/>\n<meta name=\"author\" content=\"Jean Pierre BAWELA\" \/>\n<meta name=\"twitter:card\" content=\"summary_large_image\" \/>\n<meta name=\"twitter:label1\" content=\"\u00c9crit par\" \/>\n\t<meta name=\"twitter:data1\" content=\"Jean Pierre BAWELA\" \/>\n\t<meta name=\"twitter:label2\" content=\"Dur\u00e9e de lecture estim\u00e9e\" \/>\n\t<meta name=\"twitter:data2\" content=\"3 minutes\" \/>\n<script type=\"application\/ld+json\" class=\"yoast-schema-graph\">{\"@context\":\"https:\\\/\\\/schema.org\",\"@graph\":[{\"@type\":\"Article\",\"@id\":\"https:\\\/\\\/macite.tg\\\/?p=29830#article\",\"isPartOf\":{\"@id\":\"https:\\\/\\\/macite.tg\\\/?p=29830\"},\"author\":{\"name\":\"Jean Pierre BAWELA\",\"@id\":\"https:\\\/\\\/macite.tg\\\/#\\\/schema\\\/person\\\/e9f2de7e5dbbe7770a9402c7ce82f5c2\"},\"headline\":\"DIPLOMATIE\u00a0: Lom\u00e9 et Bruxelles pour un partenariat strat\u00e9gique\",\"datePublished\":\"2026-04-20T10:17:33+00:00\",\"dateModified\":\"2026-04-20T10:17:47+00:00\",\"mainEntityOfPage\":{\"@id\":\"https:\\\/\\\/macite.tg\\\/?p=29830\"},\"wordCount\":473,\"commentCount\":0,\"image\":{\"@id\":\"https:\\\/\\\/macite.tg\\\/?p=29830#primaryimage\"},\"thumbnailUrl\":\"https:\\\/\\\/macite.tg\\\/wp-content\\\/uploads\\\/2026\\\/04\\\/DIPLOM.jpg\",\"articleSection\":[\"ACTUALITE\",\"DIPLOMATIE\"],\"inLanguage\":\"fr-FR\",\"potentialAction\":[{\"@type\":\"CommentAction\",\"name\":\"Comment\",\"target\":[\"https:\\\/\\\/macite.tg\\\/?p=29830#respond\"]}]},{\"@type\":\"WebPage\",\"@id\":\"https:\\\/\\\/macite.tg\\\/?p=29830\",\"url\":\"https:\\\/\\\/macite.tg\\\/?p=29830\",\"name\":\"DIPLOMATIE\u00a0: Lom\u00e9 et Bruxelles pour un partenariat strat\u00e9gique -\",\"isPartOf\":{\"@id\":\"https:\\\/\\\/macite.tg\\\/#website\"},\"primaryImageOfPage\":{\"@id\":\"https:\\\/\\\/macite.tg\\\/?p=29830#primaryimage\"},\"image\":{\"@id\":\"https:\\\/\\\/macite.tg\\\/?p=29830#primaryimage\"},\"thumbnailUrl\":\"https:\\\/\\\/macite.tg\\\/wp-content\\\/uploads\\\/2026\\\/04\\\/DIPLOM.jpg\",\"datePublished\":\"2026-04-20T10:17:33+00:00\",\"dateModified\":\"2026-04-20T10:17:47+00:00\",\"author\":{\"@id\":\"https:\\\/\\\/macite.tg\\\/#\\\/schema\\\/person\\\/e9f2de7e5dbbe7770a9402c7ce82f5c2\"},\"breadcrumb\":{\"@id\":\"https:\\\/\\\/macite.tg\\\/?p=29830#breadcrumb\"},\"inLanguage\":\"fr-FR\",\"potentialAction\":[{\"@type\":\"ReadAction\",\"target\":[\"https:\\\/\\\/macite.tg\\\/?p=29830\"]}]},{\"@type\":\"ImageObject\",\"inLanguage\":\"fr-FR\",\"@id\":\"https:\\\/\\\/macite.tg\\\/?p=29830#primaryimage\",\"url\":\"https:\\\/\\\/macite.tg\\\/wp-content\\\/uploads\\\/2026\\\/04\\\/DIPLOM.jpg\",\"contentUrl\":\"https:\\\/\\\/macite.tg\\\/wp-content\\\/uploads\\\/2026\\\/04\\\/DIPLOM.jpg\",\"width\":500,\"height\":333},{\"@type\":\"BreadcrumbList\",\"@id\":\"https:\\\/\\\/macite.tg\\\/?p=29830#breadcrumb\",\"itemListElement\":[{\"@type\":\"ListItem\",\"position\":1,\"name\":\"Accueil\",\"item\":\"https:\\\/\\\/macite.tg\\\/\"},{\"@type\":\"ListItem\",\"position\":2,\"name\":\"DIPLOMATIE\u00a0: Lom\u00e9 et Bruxelles pour un partenariat strat\u00e9gique\"}]},{\"@type\":\"WebSite\",\"@id\":\"https:\\\/\\\/macite.tg\\\/#website\",\"url\":\"https:\\\/\\\/macite.tg\\\/\",\"name\":\"\",\"description\":\"L&#039;information, la bonne!!!\",\"potentialAction\":[{\"@type\":\"SearchAction\",\"target\":{\"@type\":\"EntryPoint\",\"urlTemplate\":\"https:\\\/\\\/macite.tg\\\/?s={search_term_string}\"},\"query-input\":{\"@type\":\"PropertyValueSpecification\",\"valueRequired\":true,\"valueName\":\"search_term_string\"}}],\"inLanguage\":\"fr-FR\"},{\"@type\":\"Person\",\"@id\":\"https:\\\/\\\/macite.tg\\\/#\\\/schema\\\/person\\\/e9f2de7e5dbbe7770a9402c7ce82f5c2\",\"name\":\"Jean Pierre BAWELA\",\"image\":{\"@type\":\"ImageObject\",\"inLanguage\":\"fr-FR\",\"@id\":\"https:\\\/\\\/macite.tg\\\/wp-content\\\/uploads\\\/2023\\\/09\\\/WhatsApp-Image-2023-09-19-at-14.44.41-122x122.jpeg\",\"url\":\"https:\\\/\\\/macite.tg\\\/wp-content\\\/uploads\\\/2023\\\/09\\\/WhatsApp-Image-2023-09-19-at-14.44.41-122x122.jpeg\",\"contentUrl\":\"https:\\\/\\\/macite.tg\\\/wp-content\\\/uploads\\\/2023\\\/09\\\/WhatsApp-Image-2023-09-19-at-14.44.41-122x122.jpeg\",\"caption\":\"Jean Pierre BAWELA\"},\"url\":\"https:\\\/\\\/macite.tg\\\/?author=2\"}]}<\/script>\n<!-- \/ Yoast SEO plugin. -->","yoast_head_json":{"title":"DIPLOMATIE\u00a0: Lom\u00e9 et Bruxelles pour un partenariat strat\u00e9gique -","robots":{"index":"index","follow":"follow","max-snippet":"max-snippet:-1","max-image-preview":"max-image-preview:large","max-video-preview":"max-video-preview:-1"},"canonical":"https:\/\/macite.tg\/?p=29830","og_locale":"fr_FR","og_type":"article","og_title":"DIPLOMATIE\u00a0: Lom\u00e9 et Bruxelles pour un partenariat strat\u00e9gique -","og_description":"Le Repr\u00e9sentant sp\u00e9cial de l\u2019Union europ\u00e9enne (UE) pour le Sahel, Jo\u00e3o Gomes Cravinho, en s\u00e9jour \u00e0 Lom\u00e9 dans le cadre de la R\u00e9union de Haut Niveau sur la Nouvelle Strat\u00e9gie du Togo pour le Sahel (2026\u20132028), a \u00e9t\u00e9 re\u00e7u le samedi 18 avril 2026, par [&hellip;]","og_url":"https:\/\/macite.tg\/?p=29830","article_published_time":"2026-04-20T10:17:33+00:00","article_modified_time":"2026-04-20T10:17:47+00:00","og_image":[{"width":500,"height":333,"url":"https:\/\/macite.tg\/wp-content\/uploads\/2026\/04\/DIPLOM.jpg","type":"image\/jpeg"}],"author":"Jean Pierre BAWELA","twitter_card":"summary_large_image","twitter_misc":{"\u00c9crit par":"Jean Pierre BAWELA","Dur\u00e9e de lecture estim\u00e9e":"3 minutes"},"schema":{"@context":"https:\/\/schema.org","@graph":[{"@type":"Article","@id":"https:\/\/macite.tg\/?p=29830#article","isPartOf":{"@id":"https:\/\/macite.tg\/?p=29830"},"author":{"name":"Jean Pierre BAWELA","@id":"https:\/\/macite.tg\/#\/schema\/person\/e9f2de7e5dbbe7770a9402c7ce82f5c2"},"headline":"DIPLOMATIE\u00a0: Lom\u00e9 et Bruxelles pour un partenariat strat\u00e9gique","datePublished":"2026-04-20T10:17:33+00:00","dateModified":"2026-04-20T10:17:47+00:00","mainEntityOfPage":{"@id":"https:\/\/macite.tg\/?p=29830"},"wordCount":473,"commentCount":0,"image":{"@id":"https:\/\/macite.tg\/?p=29830#primaryimage"},"thumbnailUrl":"https:\/\/macite.tg\/wp-content\/uploads\/2026\/04\/DIPLOM.jpg","articleSection":["ACTUALITE","DIPLOMATIE"],"inLanguage":"fr-FR","potentialAction":[{"@type":"CommentAction","name":"Comment","target":["https:\/\/macite.tg\/?p=29830#respond"]}]},{"@type":"WebPage","@id":"https:\/\/macite.tg\/?p=29830","url":"https:\/\/macite.tg\/?p=29830","name":"DIPLOMATIE\u00a0: Lom\u00e9 et Bruxelles pour un partenariat strat\u00e9gique -","isPartOf":{"@id":"https:\/\/macite.tg\/#website"},"primaryImageOfPage":{"@id":"https:\/\/macite.tg\/?p=29830#primaryimage"},"image":{"@id":"https:\/\/macite.tg\/?p=29830#primaryimage"},"thumbnailUrl":"https:\/\/macite.tg\/wp-content\/uploads\/2026\/04\/DIPLOM.jpg","datePublished":"2026-04-20T10:17:33+00:00","dateModified":"2026-04-20T10:17:47+00:00","author":{"@id":"https:\/\/macite.tg\/#\/schema\/person\/e9f2de7e5dbbe7770a9402c7ce82f5c2"},"breadcrumb":{"@id":"https:\/\/macite.tg\/?p=29830#breadcrumb"},"inLanguage":"fr-FR","potentialAction":[{"@type":"ReadAction","target":["https:\/\/macite.tg\/?p=29830"]}]},{"@type":"ImageObject","inLanguage":"fr-FR","@id":"https:\/\/macite.tg\/?p=29830#primaryimage","url":"https:\/\/macite.tg\/wp-content\/uploads\/2026\/04\/DIPLOM.jpg","contentUrl":"https:\/\/macite.tg\/wp-content\/uploads\/2026\/04\/DIPLOM.jpg","width":500,"height":333},{"@type":"BreadcrumbList","@id":"https:\/\/macite.tg\/?p=29830#breadcrumb","itemListElement":[{"@type":"ListItem","position":1,"name":"Accueil","item":"https:\/\/macite.tg\/"},{"@type":"ListItem","position":2,"name":"DIPLOMATIE\u00a0: Lom\u00e9 et Bruxelles pour un partenariat strat\u00e9gique"}]},{"@type":"WebSite","@id":"https:\/\/macite.tg\/#website","url":"https:\/\/macite.tg\/","name":"","description":"L&#039;information, la bonne!!!","potentialAction":[{"@type":"SearchAction","target":{"@type":"EntryPoint","urlTemplate":"https:\/\/macite.tg\/?s={search_term_string}"},"query-input":{"@type":"PropertyValueSpecification","valueRequired":true,"valueName":"search_term_string"}}],"inLanguage":"fr-FR"},{"@type":"Person","@id":"https:\/\/macite.tg\/#\/schema\/person\/e9f2de7e5dbbe7770a9402c7ce82f5c2","name":"Jean Pierre BAWELA","image":{"@type":"ImageObject","inLanguage":"fr-FR","@id":"https:\/\/macite.tg\/wp-content\/uploads\/2023\/09\/WhatsApp-Image-2023-09-19-at-14.44.41-122x122.jpeg","url":"https:\/\/macite.tg\/wp-content\/uploads\/2023\/09\/WhatsApp-Image-2023-09-19-at-14.44.41-122x122.jpeg","contentUrl":"https:\/\/macite.tg\/wp-content\/uploads\/2023\/09\/WhatsApp-Image-2023-09-19-at-14.44.41-122x122.jpeg","caption":"Jean Pierre BAWELA"},"url":"https:\/\/macite.tg\/?author=2"}]}},"_links":{"self":[{"href":"https:\/\/macite.tg\/index.php?rest_route=\/wp\/v2\/posts\/29830","targetHints":{"allow":["GET"]}}],"collection":[{"href":"https:\/\/macite.tg\/index.php?rest_route=\/wp\/v2\/posts"}],"about":[{"href":"https:\/\/macite.tg\/index.php?rest_route=\/wp\/v2\/types\/post"}],"author":[{"embeddable":true,"href":"https:\/\/macite.tg\/index.php?rest_route=\/wp\/v2\/users\/2"}],"replies":[{"embeddable":true,"href":"https:\/\/macite.tg\/index.php?rest_route=%2Fwp%2Fv2%2Fcomments&post=29830"}],"version-history":[{"count":0,"href":"https:\/\/macite.tg\/index.php?rest_route=\/wp\/v2\/posts\/29830\/revisions"}],"wp:featuredmedia":[{"embeddable":true,"href":"https:\/\/macite.tg\/index.php?rest_route=\/wp\/v2\/media\/29831"}],"wp:attachment":[{"href":"https:\/\/macite.tg\/index.php?rest_route=%2Fwp%2Fv2%2Fmedia&parent=29830"}],"wp:term":[{"taxonomy":"category","embeddable":true,"href":"https:\/\/macite.tg\/index.php?rest_route=%2Fwp%2Fv2%2Fcategories&post=29830"},{"taxonomy":"post_tag","embeddable":true,"href":"https:\/\/macite.tg\/index.php?rest_route=%2Fwp%2Fv2%2Ftags&post=29830"}],"curies":[{"name":"wp","href":"https:\/\/api.w.org\/{rel}","templated":true}]}}